{"id":237,"date":"2008-01-22T13:54:26","date_gmt":"2008-01-22T18:54:26","guid":{"rendered":"http:\/\/www.visit-ulcinj.com\/blog\/2008\/01\/22\/organizata-turistike-e-ulqinit\/"},"modified":"2008-02-12T19:33:12","modified_gmt":"2008-02-13T00:33:12","slug":"organizata-turistike-e-ulqinit","status":"publish","type":"post","link":"https:\/\/www.visit-ulcinj.com\/blog\/2008\/01\/22\/organizata-turistike-e-ulqinit\/","title":{"rendered":"Organizata turistike e Ulqinit"},"content":{"rendered":"<p><a href=\"http:\/\/www.visit-ulcinj.com\/blog\/2008\/01\/22\/organizata-turistike-e-ulqinit\/forca-e-re-demokratike-ulqin\/\" rel=\"attachment wp-att-238\" title=\"Forca e re demokratike ulqin\"><img loading=\"lazy\" src=\"http:\/\/www.visit-ulcinj.com\/blog\/wp-content\/uploads\/2008\/01\/forca.jpg\" alt=\"Forca e re demokratike ulqin\" align=\"left\" height=\"169\" hspace=\"2\" vspace=\"2\" width=\"228\" \/><\/a>Forca e re demokratike, ka jap kontribut t\u00eb madh p\u00ebr themelimin e organizat\u00ebs lokale Turistike dhe n\u00eb m\u00ebnyre aktive \u00ebsht\u00eb ky\u00e7ur n\u00eb diskutimin publik ashtu q\u00eb teksti i k\u00ebtij vendim t\u00eb jet\u00eb i p\u00ebrmir\u00ebsuar, duke inkuadruar n\u00eb vendim disa pjes\u00eb n\u00eb baz\u00eb t\u00eb Ligjit mbi organizata Turistik dhe duke p\u00ebrdorur praktik\u00ebn e Komunave tjera p\u00ebr ti<!--more--> tejkaluar v\u00ebshtir\u00ebsit\u00eb n\u00eb implementimin e Vendimit.<br \/>\nPjes\u00ebrisht e kemi p\u00ebrmir\u00ebsuar propozim tekstin e Vendimit p\u00ebr ti shmangur centralizmin e plot\u00eb e cila ne propozim ishte drastike dhe Kryetarit t\u00eb komun\u00ebs q\u00eb p\u00ebrpos Kryetarit t\u00eb Organizat\u00ebs Turistike i jepte edhe funksionin e kryetarit t\u00eb k\u00ebshillit drejtues dhe disa ingjerenca tjera t\u00eb Drejtorit ekzekutiv.<br \/>\nKy vendim do t\u00eb mbes\u00eb vet\u00ebm let\u00ebr, nj\u00eb koh\u00eb t\u00eb gjat\u00eb,  p\u00ebr arsye q\u00eb nuk do t\u00eb formohet s\u00eb shpejti as  Kuvendi i Organizat\u00ebs Turistike sepse parametrat e p\u00ebrcaktuara n\u00eb Vendim e v\u00ebshtir\u00ebsojn\u00eb zgjedhjen e an\u00ebtar\u00ebve t\u00eb kuvendit t\u00eb Organizat\u00ebs Turistike p\u00ebr t\u00eb cil\u00ebn FORCA ka t\u00ebrheq\u00eb v\u00ebrejtjen dhe ka propozuar nj\u00eb sistem m\u00eb t\u00eb thjesht\u00eb. Me taksat e parapara q\u00eb jan\u00eb inkuadruar me propozimin e FORC\u00cbS, krijohet nj\u00eb baz\u00eb e mir\u00eb p\u00ebr fillimin e pun\u00ebs t\u00eb k\u00ebsaj organizate ashtu q\u00eb me taks\u00ebn e ekskursioneve dhe taks\u00ebn turistike, gjegj\u00ebsisht taksen e sht\u00ebpive p\u00ebr vikend,  mund t\u00eb priten t\u00eb ardhura mbi 500,000\u20ac, por n\u00ebse n\u00eb kohe fillon implementimi. N\u00eb baz\u00eb t\u00eb praktik\u00ebs s\u00eb deritashme si edhe duke njohur baz\u00ebn e t\u00eb dh\u00ebnave q\u00eb ka komuna e Ulqinit,  t\u00eb ardhurat nga k\u00ebto taksa  do te jen\u00eb minimale n\u00eb vitin 2008.<br \/>\nAt\u00eb \u00e7ka k\u00ebshilltar\u00ebt e FORC\u00cbS dhe t\u00eb tjer\u00ebt i ka detyruar q\u00eb t\u00eb jen\u00eb t\u00eb p\u00ebrmbajtur p\u00ebr votimin e k\u00ebtij vendimi \u00ebsht\u00eb fakti se koalicioni \u201cP\u00ebr Ulqinin Evropian\u201d Sekretarit p\u00ebr ekonomi ja ndali mund\u00ebsin p\u00ebr t\u00eb dh\u00ebne shpjegime p\u00ebr amendamentet e propozuara, gj\u00eb q\u00eb nuk \u00ebsht\u00eb praktik demokratike. Pra vendimi u miratua pa ja dhan\u00eb fjal\u00ebn p\u00ebrfundimtare Sekretarit p\u00ebr ekonomi.<br \/>\nP\u00ebr arsye t\u00eb centralizimit t\u00eb pushtetit n\u00eb Komun\u00ebn s\u00eb Ulqinit, dhe p\u00ebr shkak t\u00eb p\u00ebrdorimit t\u00eb mjeteve t\u00eb Organizat\u00ebs Turistike p\u00ebr nevoja t\u00eb buxhetit t\u00eb Komun\u00ebs, vler\u00ebsojm\u00eb q\u00eb kjo organizat\u00eb nuk do t\u00eb kryej detyr\u00ebn e vet dhe shprehim dyshim q\u00eb n\u00eb krye t\u00eb saj do t\u00eb em\u00ebrohet dikush q\u00eb do ti p\u00ebrmbush nevojat dhe k\u00ebrkesat e saja.<\/p>\n<p>Sh\u00ebrbimi Informativ i Forc\u00ebs<\/p>\n","protected":false},"excerpt":{"rendered":"<p><img loading=\"lazy\" src=\"http:\/\/www.visit-ulcinj.com\/blog\/wp-content\/uploads\/2008\/01\/forca.jpg\" alt=\"Forca e re demokratike ulqin\" height=\"140\" width=\"140\" \/><\/p>\n","protected":false},"author":1,"featured_media":0,"comment_status":"open","ping_status":"closed","sticky":false,"template":"","format":"standard","meta":{"spay_email":"","jetpack_publicize_message":"","jetpack_is_tweetstorm":false,"jetpack_publicize_feature_enabled":true},"categories":[15],"tags":[1220,672,297,318,118,671],"jetpack_publicize_connections":[],"yoast_head":"<!-- This site is optimized with the Yoast SEO plugin v19.1 - https:\/\/yoast.com\/wordpress\/plugins\/seo\/ -->\n<title>Organizata turistike e Ulqinit - Lajme nga Ulqini<\/title>\n<meta name=\"robots\" content=\"index, follow, max-snippet:-1, max-image-preview:large, max-video-preview:-1\" \/>\n<link rel=\"canonical\" href=\"https:\/\/www.visit-ulcinj.com\/blog\/2008\/01\/22\/organizata-turistike-e-ulqinit\/\" \/>\n<meta property=\"og:locale\" content=\"en_US\" \/>\n<meta property=\"og:type\" content=\"article\" \/>\n<meta property=\"og:title\" content=\"Organizata turistike e Ulqinit - Lajme nga Ulqini\" \/>\n<meta property=\"og:url\" content=\"https:\/\/www.visit-ulcinj.com\/blog\/2008\/01\/22\/organizata-turistike-e-ulqinit\/\" \/>\n<meta property=\"og:site_name\" content=\"Lajme nga Ulqini\" \/>\n<meta property=\"article:published_time\" content=\"2008-01-22T18:54:26+00:00\" \/>\n<meta property=\"article:modified_time\" content=\"2008-02-13T00:33:12+00:00\" \/>\n<meta property=\"og:image\" content=\"http:\/\/www.visit-ulcinj.com\/blog\/wp-content\/uploads\/2008\/01\/forca.jpg\" \/>\n<meta name=\"twitter:label1\" content=\"Written by\" \/>\n\t<meta name=\"twitter:data1\" content=\"ulqini\" \/>\n\t<meta name=\"twitter:label2\" content=\"Est. reading time\" \/>\n\t<meta name=\"twitter:data2\" content=\"2 minutes\" \/>\n<script type=\"application\/ld+json\" class=\"yoast-schema-graph\">{\"@context\":\"https:\/\/schema.org\",\"@graph\":[{\"@type\":\"WebSite\",\"@id\":\"https:\/\/www.visit-ulcinj.com\/blog\/#website\",\"url\":\"https:\/\/www.visit-ulcinj.com\/blog\/\",\"name\":\"Lajme nga Ulqini\",\"description\":\"Lajme,Vijesti,Ulqini,Ulqin,Crna Gora,Mali i Zi\",\"potentialAction\":[{\"@type\":\"SearchAction\",\"target\":{\"@type\":\"EntryPoint\",\"urlTemplate\":\"https:\/\/www.visit-ulcinj.com\/blog\/?s={search_term_string}\"},\"query-input\":\"required name=search_term_string\"}],\"inLanguage\":\"en-US\"},{\"@type\":\"ImageObject\",\"inLanguage\":\"en-US\",\"@id\":\"https:\/\/www.visit-ulcinj.com\/blog\/2008\/01\/22\/organizata-turistike-e-ulqinit\/#primaryimage\",\"url\":\"http:\/\/www.visit-ulcinj.com\/blog\/wp-content\/uploads\/2008\/01\/forca.jpg\",\"contentUrl\":\"http:\/\/www.visit-ulcinj.com\/blog\/wp-content\/uploads\/2008\/01\/forca.jpg\"},{\"@type\":\"WebPage\",\"@id\":\"https:\/\/www.visit-ulcinj.com\/blog\/2008\/01\/22\/organizata-turistike-e-ulqinit\/#webpage\",\"url\":\"https:\/\/www.visit-ulcinj.com\/blog\/2008\/01\/22\/organizata-turistike-e-ulqinit\/\",\"name\":\"Organizata turistike e Ulqinit - Lajme nga Ulqini\",\"isPartOf\":{\"@id\":\"https:\/\/www.visit-ulcinj.com\/blog\/#website\"},\"primaryImageOfPage\":{\"@id\":\"https:\/\/www.visit-ulcinj.com\/blog\/2008\/01\/22\/organizata-turistike-e-ulqinit\/#primaryimage\"},\"datePublished\":\"2008-01-22T18:54:26+00:00\",\"dateModified\":\"2008-02-13T00:33:12+00:00\",\"author\":{\"@id\":\"https:\/\/www.visit-ulcinj.com\/blog\/#\/schema\/person\/dcab619c614d3038751c63bc2aadc06d\"},\"breadcrumb\":{\"@id\":\"https:\/\/www.visit-ulcinj.com\/blog\/2008\/01\/22\/organizata-turistike-e-ulqinit\/#breadcrumb\"},\"inLanguage\":\"en-US\",\"potentialAction\":[{\"@type\":\"ReadAction\",\"target\":[\"https:\/\/www.visit-ulcinj.com\/blog\/2008\/01\/22\/organizata-turistike-e-ulqinit\/\"]}]},{\"@type\":\"BreadcrumbList\",\"@id\":\"https:\/\/www.visit-ulcinj.com\/blog\/2008\/01\/22\/organizata-turistike-e-ulqinit\/#breadcrumb\",\"itemListElement\":[{\"@type\":\"ListItem\",\"position\":1,\"name\":\"Organizata turistike e Ulqinit\"}]},{\"@type\":\"Person\",\"@id\":\"https:\/\/www.visit-ulcinj.com\/blog\/#\/schema\/person\/dcab619c614d3038751c63bc2aadc06d\",\"name\":\"ulqini\",\"sameAs\":[\"http:\/\/www.visit-ulcinj.com\"],\"url\":\"https:\/\/www.visit-ulcinj.com\/blog\/author\/admin\/\"}]}<\/script>\n<!-- \/ Yoast SEO plugin. -->","yoast_head_json":{"title":"Organizata turistike e Ulqinit - Lajme nga Ulqini","robots":{"index":"index","follow":"follow","max-snippet":"max-snippet:-1","max-image-preview":"max-image-preview:large","max-video-preview":"max-video-preview:-1"},"canonical":"https:\/\/www.visit-ulcinj.com\/blog\/2008\/01\/22\/organizata-turistike-e-ulqinit\/","og_locale":"en_US","og_type":"article","og_title":"Organizata turistike e Ulqinit - Lajme nga Ulqini","og_url":"https:\/\/www.visit-ulcinj.com\/blog\/2008\/01\/22\/organizata-turistike-e-ulqinit\/","og_site_name":"Lajme nga Ulqini","article_published_time":"2008-01-22T18:54:26+00:00","article_modified_time":"2008-02-13T00:33:12+00:00","og_image":[{"url":"http:\/\/www.visit-ulcinj.com\/blog\/wp-content\/uploads\/2008\/01\/forca.jpg"}],"twitter_misc":{"Written by":"ulqini","Est. reading time":"2 minutes"},"schema":{"@context":"https:\/\/schema.org","@graph":[{"@type":"WebSite","@id":"https:\/\/www.visit-ulcinj.com\/blog\/#website","url":"https:\/\/www.visit-ulcinj.com\/blog\/","name":"Lajme nga Ulqini","description":"Lajme,Vijesti,Ulqini,Ulqin,Crna Gora,Mali i Zi","potentialAction":[{"@type":"SearchAction","target":{"@type":"EntryPoint","urlTemplate":"https:\/\/www.visit-ulcinj.com\/blog\/?s={search_term_string}"},"query-input":"required name=search_term_string"}],"inLanguage":"en-US"},{"@type":"ImageObject","inLanguage":"en-US","@id":"https:\/\/www.visit-ulcinj.com\/blog\/2008\/01\/22\/organizata-turistike-e-ulqinit\/#primaryimage","url":"http:\/\/www.visit-ulcinj.com\/blog\/wp-content\/uploads\/2008\/01\/forca.jpg","contentUrl":"http:\/\/www.visit-ulcinj.com\/blog\/wp-content\/uploads\/2008\/01\/forca.jpg"},{"@type":"WebPage","@id":"https:\/\/www.visit-ulcinj.com\/blog\/2008\/01\/22\/organizata-turistike-e-ulqinit\/#webpage","url":"https:\/\/www.visit-ulcinj.com\/blog\/2008\/01\/22\/organizata-turistike-e-ulqinit\/","name":"Organizata turistike e Ulqinit - Lajme nga Ulqini","isPartOf":{"@id":"https:\/\/www.visit-ulcinj.com\/blog\/#website"},"primaryImageOfPage":{"@id":"https:\/\/www.visit-ulcinj.com\/blog\/2008\/01\/22\/organizata-turistike-e-ulqinit\/#primaryimage"},"datePublished":"2008-01-22T18:54:26+00:00","dateModified":"2008-02-13T00:33:12+00:00","author":{"@id":"https:\/\/www.visit-ulcinj.com\/blog\/#\/schema\/person\/dcab619c614d3038751c63bc2aadc06d"},"breadcrumb":{"@id":"https:\/\/www.visit-ulcinj.com\/blog\/2008\/01\/22\/organizata-turistike-e-ulqinit\/#breadcrumb"},"inLanguage":"en-US","potentialAction":[{"@type":"ReadAction","target":["https:\/\/www.visit-ulcinj.com\/blog\/2008\/01\/22\/organizata-turistike-e-ulqinit\/"]}]},{"@type":"BreadcrumbList","@id":"https:\/\/www.visit-ulcinj.com\/blog\/2008\/01\/22\/organizata-turistike-e-ulqinit\/#breadcrumb","itemListElement":[{"@type":"ListItem","position":1,"name":"Organizata turistike e Ulqinit"}]},{"@type":"Person","@id":"https:\/\/www.visit-ulcinj.com\/blog\/#\/schema\/person\/dcab619c614d3038751c63bc2aadc06d","name":"ulqini","sameAs":["http:\/\/www.visit-ulcinj.com"],"url":"https:\/\/www.visit-ulcinj.com\/blog\/author\/admin\/"}]}},"jetpack_featured_media_url":"","jetpack_sharing_enabled":true,"jetpack_shortlink":"https:\/\/wp.me\/pe6lTn-3P","_links":{"self":[{"href":"https:\/\/www.visit-ulcinj.com\/blog\/wp-json\/wp\/v2\/posts\/237"}],"collection":[{"href":"https:\/\/www.visit-ulcinj.com\/blog\/wp-json\/wp\/v2\/posts"}],"about":[{"href":"https:\/\/www.visit-ulcinj.com\/blog\/wp-json\/wp\/v2\/types\/post"}],"author":[{"embeddable":true,"href":"https:\/\/www.visit-ulcinj.com\/blog\/wp-json\/wp\/v2\/users\/1"}],"replies":[{"embeddable":true,"href":"https:\/\/www.visit-ulcinj.com\/blog\/wp-json\/wp\/v2\/comments?post=237"}],"version-history":[{"count":0,"href":"https:\/\/www.visit-ulcinj.com\/blog\/wp-json\/wp\/v2\/posts\/237\/revisions"}],"wp:attachment":[{"href":"https:\/\/www.visit-ulcinj.com\/blog\/wp-json\/wp\/v2\/media?parent=237"}],"wp:term":[{"taxonomy":"category","embeddable":true,"href":"https:\/\/www.visit-ulcinj.com\/blog\/wp-json\/wp\/v2\/categories?post=237"},{"taxonomy":"post_tag","embeddable":true,"href":"https:\/\/www.visit-ulcinj.com\/blog\/wp-json\/wp\/v2\/tags?post=237"}],"curies":[{"name":"wp","href":"https:\/\/api.w.org\/{rel}","templated":true}]}}