{"id":2370,"date":"2008-08-12T14:05:19","date_gmt":"2008-08-12T19:05:19","guid":{"rendered":"http:\/\/www.visit-ulcinj.com\/blog\/?p=2370"},"modified":"2008-08-12T14:06:20","modified_gmt":"2008-08-12T19:06:20","slug":"prijava-protiv-rukovodilaca-doma-zdravlja-u-ulcinju","status":"publish","type":"post","link":"https:\/\/www.visit-ulcinj.com\/blog\/2008\/08\/12\/prijava-protiv-rukovodilaca-doma-zdravlja-u-ulcinju\/","title":{"rendered":"Prijava protiv rukovodilaca doma zdravlja u ulcinju"},"content":{"rendered":"<p><a href=\"http:\/\/www.visit-ulcinj.com\/blog\/wp-content\/uploads\/2008\/08\/karamanaga-2.jpg\"><img loading=\"lazy\" class=\"size-medium wp-image-2371 alignleft\" title=\"Dr.Gani Karamanaga\" src=\"http:\/\/www.visit-ulcinj.com\/blog\/wp-content\/uploads\/2008\/08\/karamanaga-2-300x295.jpg\" alt=\"Dr.Gani Karamanaga\" width=\"300\" height=\"295\" srcset=\"https:\/\/www.visit-ulcinj.com\/blog\/wp-content\/uploads\/2008\/08\/karamanaga-2-300x295.jpg 300w, https:\/\/www.visit-ulcinj.com\/blog\/wp-content\/uploads\/2008\/08\/karamanaga-2.jpg 360w\" sizes=\"(max-width: 300px) 100vw, 300px\" \/><\/a><\/p>\n<p><strong>Sumnjiva nabavka opreme<\/strong><br \/>\nUlcinj &#8211; Slu\u017ebenici ulcinjske policije podnijeli su osnovnom dr\u017eavnom tu\u017eiocu u toj op\u0161tini krivi?nu prijavu protiv direktora JZU Dom zdravlja Ganija Karamanage i \u0161efa ra?unovodstava te ustanove Ljana Sefovi?a, zbog sumnje da su zloupotrijebili slu\u017ebeni polo\u017eaj.<br \/>\nIz Uprave policije ju?e je saop\u0161teno da je prijava podnijeta prije tri dana, nakon sprovedenih operativnih i drugih aktivnosti, a u sadejstvu sa Odsjekom za suzbijanje privrednog kriminaliteta.<br \/>\n&#8211; Sumnja se da su Karamanaga i Sefovi?, prekora?enjem i neizvr\u0161avanjem slu\u017ebene du\u017enosti, u periodu od 2004. do 2007. godine, vr\u0161ili nabavku materijala, opreme i usluga za potrebe Doma zdravlja, u iznosu od 512.000 eura, protivno Zakonu o javnim nabavkama Crne Gore i Uredbi Vlade Crne Gore o utvr?ivanju i rokovima &#8211; navodi se u saop\u0161tenju.<br \/>\nNa taj na?in su, kako je obja\u0161njeno, dobavlja?ima ovih usluga, pribavili protivpravnu imovinsku korist, ?iji se ta?an iznos utvr?uje.<br \/>\n&#8211; Tako?e, sumnja se da su Karamanaga i Sefovi?, omogu?ili A.S. iz Ulcinja sticanje protivpravne imovinske koristi, tako \u0161to su mu, dok je bio na odslu\u017eenju civilnog vojnog roka, upla?ivali platu i druga primanja iz radnog odnosa, u iznosu od ukupno 2.300 eura &#8211; zaklju?uju u policiji.<br \/>\nDirektor ulcinjskog Doma zdravlja Gani Karamanaga negirao je ju?e za \u201cVijesti\u201d da je u bilo kom dijelu svog mandata ili dugogodi\u0161njeg doktorskog sta\u017ea zloupotrijebio slu\u017ebeni polo\u017eaj. On je kazao da je prijava protiv njega rezultat istrage zbog anonimnog pisma dostavljenog policiji po?etkom januara \u201co tome kako su u Domu zdravlja u periodu 2003-2007, kada je bio direktor u prvom mandatu, u toj ustanovi izvo?eni nezakoniti poslovi\u201d.<\/p>\n<div id=\"attachment_2372\" style=\"width: 310px\" class=\"wp-caption alignright\"><a href=\"http:\/\/www.visit-ulcinj.com\/blog\/wp-content\/uploads\/2008\/08\/1544997066_70d2f0c324.jpg\"><img aria-describedby=\"caption-attachment-2372\" loading=\"lazy\" class=\"size-medium wp-image-2372\" title=\"Dr.Gani Karamanaga\" src=\"http:\/\/www.visit-ulcinj.com\/blog\/wp-content\/uploads\/2008\/08\/1544997066_70d2f0c324-300x207.jpg\" alt=\"Dr.Gani Karamanaga\" width=\"300\" height=\"207\" srcset=\"https:\/\/www.visit-ulcinj.com\/blog\/wp-content\/uploads\/2008\/08\/1544997066_70d2f0c324-300x207.jpg 300w, https:\/\/www.visit-ulcinj.com\/blog\/wp-content\/uploads\/2008\/08\/1544997066_70d2f0c324.jpg 500w\" sizes=\"(max-width: 300px) 100vw, 300px\" \/><\/a><p id=\"caption-attachment-2372\" class=\"wp-caption-text\">Dr.Gani Karamanaga<\/p><\/div>\n<p>&#8211; To su neistine i kategori?ki tvrdim da je namjera ove farse da se diskredituje moja li?nost i funkcija koju obavljam. Tako?e, tvrdim da niko od na\u0161ih dobavlja?a ni ?lanova menad\u017ementa na ?elu sa mnom, nije imao ni centa protivpravne dobiti i demantujem da je u periodu mog mandata bilo ikakvih nedozvoljenih poslova. To ?u i dokazati &#8211; kazao je ju?e Karamanaga.<br \/>\nOn je rekao da nije znao da se njihovom voza?u Artanu Sefovi?u, dok je bio na civilnom odslu\u017eenju vojnog roka, nijesu mogle ispla?ivati plate i druga primanja iz radnog odnosa.<br \/>\n&#8211; Niko nas nije obavijestio da se licima koja se nalaze na odslu\u017eenju vojnog roka, ne upla?uju li?ni dohoci. Sa tim zaista nijesam bio upoznat &#8211; kazao je Karamanaga. On je naglasio da je njegova najve?a korist, koju je stekao od kada je na ?elu Doma zdravlja, to \u0161to je ta ustanova u cjelosti napredovala i prerarasla u ozbiljni i moderni zdravstveni centar.<br \/>\n<strong>J.M.-S.A<br \/>\nIzvor \/ Vijesti<\/strong><\/p>\n","protected":false},"excerpt":{"rendered":"<p><img loading=\"lazy\" class=\"size-medium wp-image-2371 alignleft\" title=\"Dr.Gani Karamanaga\" src=\"http:\/\/www.visit-ulcinj.com\/blog\/wp-content\/uploads\/2008\/08\/karamanaga-2-300x295.jpg\" alt=\"Dr.Gani Karamanaga\" width=\"140\" height=\"140\" \/><\/p>\n","protected":false},"author":1,"featured_media":0,"comment_status":"open","ping_status":"closed","sticky":false,"template":"","format":"standard","meta":{"spay_email":"","jetpack_publicize_message":"","jetpack_is_tweetstorm":false,"jetpack_publicize_feature_enabled":true},"categories":[1,12],"tags":[20,4283,4312,19],"jetpack_publicize_connections":[],"yoast_head":"<!-- This site is optimized with the Yoast SEO plugin v19.1 - https:\/\/yoast.com\/wordpress\/plugins\/seo\/ -->\n<title>Prijava protiv rukovodilaca doma zdravlja u ulcinju - Lajme nga Ulqini<\/title>\n<meta name=\"robots\" content=\"index, follow, max-snippet:-1, max-image-preview:large, max-video-preview:-1\" \/>\n<link rel=\"canonical\" href=\"https:\/\/www.visit-ulcinj.com\/blog\/2008\/08\/12\/prijava-protiv-rukovodilaca-doma-zdravlja-u-ulcinju\/\" \/>\n<meta property=\"og:locale\" content=\"en_US\" \/>\n<meta property=\"og:type\" content=\"article\" \/>\n<meta property=\"og:title\" content=\"Prijava protiv rukovodilaca doma zdravlja u ulcinju - Lajme nga Ulqini\" \/>\n<meta property=\"og:url\" content=\"https:\/\/www.visit-ulcinj.com\/blog\/2008\/08\/12\/prijava-protiv-rukovodilaca-doma-zdravlja-u-ulcinju\/\" \/>\n<meta property=\"og:site_name\" content=\"Lajme nga Ulqini\" \/>\n<meta property=\"article:published_time\" content=\"2008-08-12T19:05:19+00:00\" \/>\n<meta property=\"article:modified_time\" content=\"2008-08-12T19:06:20+00:00\" \/>\n<meta property=\"og:image\" content=\"http:\/\/www.visit-ulcinj.com\/blog\/wp-content\/uploads\/2008\/08\/karamanaga-2-300x295.jpg\" \/>\n<meta name=\"twitter:label1\" content=\"Written by\" \/>\n\t<meta name=\"twitter:data1\" content=\"ulqini\" \/>\n\t<meta name=\"twitter:label2\" content=\"Est. reading time\" \/>\n\t<meta name=\"twitter:data2\" content=\"2 minutes\" \/>\n<script type=\"application\/ld+json\" class=\"yoast-schema-graph\">{\"@context\":\"https:\/\/schema.org\",\"@graph\":[{\"@type\":\"WebSite\",\"@id\":\"https:\/\/www.visit-ulcinj.com\/blog\/#website\",\"url\":\"https:\/\/www.visit-ulcinj.com\/blog\/\",\"name\":\"Lajme nga Ulqini\",\"description\":\"Lajme,Vijesti,Ulqini,Ulqin,Crna Gora,Mali i Zi\",\"potentialAction\":[{\"@type\":\"SearchAction\",\"target\":{\"@type\":\"EntryPoint\",\"urlTemplate\":\"https:\/\/www.visit-ulcinj.com\/blog\/?s={search_term_string}\"},\"query-input\":\"required name=search_term_string\"}],\"inLanguage\":\"en-US\"},{\"@type\":\"ImageObject\",\"inLanguage\":\"en-US\",\"@id\":\"https:\/\/www.visit-ulcinj.com\/blog\/2008\/08\/12\/prijava-protiv-rukovodilaca-doma-zdravlja-u-ulcinju\/#primaryimage\",\"url\":\"http:\/\/www.visit-ulcinj.com\/blog\/wp-content\/uploads\/2008\/08\/karamanaga-2-300x295.jpg\",\"contentUrl\":\"http:\/\/www.visit-ulcinj.com\/blog\/wp-content\/uploads\/2008\/08\/karamanaga-2-300x295.jpg\"},{\"@type\":\"WebPage\",\"@id\":\"https:\/\/www.visit-ulcinj.com\/blog\/2008\/08\/12\/prijava-protiv-rukovodilaca-doma-zdravlja-u-ulcinju\/#webpage\",\"url\":\"https:\/\/www.visit-ulcinj.com\/blog\/2008\/08\/12\/prijava-protiv-rukovodilaca-doma-zdravlja-u-ulcinju\/\",\"name\":\"Prijava protiv rukovodilaca doma zdravlja u ulcinju - Lajme nga Ulqini\",\"isPartOf\":{\"@id\":\"https:\/\/www.visit-ulcinj.com\/blog\/#website\"},\"primaryImageOfPage\":{\"@id\":\"https:\/\/www.visit-ulcinj.com\/blog\/2008\/08\/12\/prijava-protiv-rukovodilaca-doma-zdravlja-u-ulcinju\/#primaryimage\"},\"datePublished\":\"2008-08-12T19:05:19+00:00\",\"dateModified\":\"2008-08-12T19:06:20+00:00\",\"author\":{\"@id\":\"https:\/\/www.visit-ulcinj.com\/blog\/#\/schema\/person\/dcab619c614d3038751c63bc2aadc06d\"},\"breadcrumb\":{\"@id\":\"https:\/\/www.visit-ulcinj.com\/blog\/2008\/08\/12\/prijava-protiv-rukovodilaca-doma-zdravlja-u-ulcinju\/#breadcrumb\"},\"inLanguage\":\"en-US\",\"potentialAction\":[{\"@type\":\"ReadAction\",\"target\":[\"https:\/\/www.visit-ulcinj.com\/blog\/2008\/08\/12\/prijava-protiv-rukovodilaca-doma-zdravlja-u-ulcinju\/\"]}]},{\"@type\":\"BreadcrumbList\",\"@id\":\"https:\/\/www.visit-ulcinj.com\/blog\/2008\/08\/12\/prijava-protiv-rukovodilaca-doma-zdravlja-u-ulcinju\/#breadcrumb\",\"itemListElement\":[{\"@type\":\"ListItem\",\"position\":1,\"name\":\"Prijava protiv rukovodilaca doma zdravlja u ulcinju\"}]},{\"@type\":\"Person\",\"@id\":\"https:\/\/www.visit-ulcinj.com\/blog\/#\/schema\/person\/dcab619c614d3038751c63bc2aadc06d\",\"name\":\"ulqini\",\"sameAs\":[\"http:\/\/www.visit-ulcinj.com\"],\"url\":\"https:\/\/www.visit-ulcinj.com\/blog\/author\/admin\/\"}]}<\/script>\n<!-- \/ Yoast SEO plugin. -->","yoast_head_json":{"title":"Prijava protiv rukovodilaca doma zdravlja u ulcinju - Lajme nga Ulqini","robots":{"index":"index","follow":"follow","max-snippet":"max-snippet:-1","max-image-preview":"max-image-preview:large","max-video-preview":"max-video-preview:-1"},"canonical":"https:\/\/www.visit-ulcinj.com\/blog\/2008\/08\/12\/prijava-protiv-rukovodilaca-doma-zdravlja-u-ulcinju\/","og_locale":"en_US","og_type":"article","og_title":"Prijava protiv rukovodilaca doma zdravlja u ulcinju - Lajme nga Ulqini","og_url":"https:\/\/www.visit-ulcinj.com\/blog\/2008\/08\/12\/prijava-protiv-rukovodilaca-doma-zdravlja-u-ulcinju\/","og_site_name":"Lajme nga Ulqini","article_published_time":"2008-08-12T19:05:19+00:00","article_modified_time":"2008-08-12T19:06:20+00:00","og_image":[{"url":"http:\/\/www.visit-ulcinj.com\/blog\/wp-content\/uploads\/2008\/08\/karamanaga-2-300x295.jpg"}],"twitter_misc":{"Written by":"ulqini","Est. reading time":"2 minutes"},"schema":{"@context":"https:\/\/schema.org","@graph":[{"@type":"WebSite","@id":"https:\/\/www.visit-ulcinj.com\/blog\/#website","url":"https:\/\/www.visit-ulcinj.com\/blog\/","name":"Lajme nga Ulqini","description":"Lajme,Vijesti,Ulqini,Ulqin,Crna Gora,Mali i Zi","potentialAction":[{"@type":"SearchAction","target":{"@type":"EntryPoint","urlTemplate":"https:\/\/www.visit-ulcinj.com\/blog\/?s={search_term_string}"},"query-input":"required name=search_term_string"}],"inLanguage":"en-US"},{"@type":"ImageObject","inLanguage":"en-US","@id":"https:\/\/www.visit-ulcinj.com\/blog\/2008\/08\/12\/prijava-protiv-rukovodilaca-doma-zdravlja-u-ulcinju\/#primaryimage","url":"http:\/\/www.visit-ulcinj.com\/blog\/wp-content\/uploads\/2008\/08\/karamanaga-2-300x295.jpg","contentUrl":"http:\/\/www.visit-ulcinj.com\/blog\/wp-content\/uploads\/2008\/08\/karamanaga-2-300x295.jpg"},{"@type":"WebPage","@id":"https:\/\/www.visit-ulcinj.com\/blog\/2008\/08\/12\/prijava-protiv-rukovodilaca-doma-zdravlja-u-ulcinju\/#webpage","url":"https:\/\/www.visit-ulcinj.com\/blog\/2008\/08\/12\/prijava-protiv-rukovodilaca-doma-zdravlja-u-ulcinju\/","name":"Prijava protiv rukovodilaca doma zdravlja u ulcinju - Lajme nga Ulqini","isPartOf":{"@id":"https:\/\/www.visit-ulcinj.com\/blog\/#website"},"primaryImageOfPage":{"@id":"https:\/\/www.visit-ulcinj.com\/blog\/2008\/08\/12\/prijava-protiv-rukovodilaca-doma-zdravlja-u-ulcinju\/#primaryimage"},"datePublished":"2008-08-12T19:05:19+00:00","dateModified":"2008-08-12T19:06:20+00:00","author":{"@id":"https:\/\/www.visit-ulcinj.com\/blog\/#\/schema\/person\/dcab619c614d3038751c63bc2aadc06d"},"breadcrumb":{"@id":"https:\/\/www.visit-ulcinj.com\/blog\/2008\/08\/12\/prijava-protiv-rukovodilaca-doma-zdravlja-u-ulcinju\/#breadcrumb"},"inLanguage":"en-US","potentialAction":[{"@type":"ReadAction","target":["https:\/\/www.visit-ulcinj.com\/blog\/2008\/08\/12\/prijava-protiv-rukovodilaca-doma-zdravlja-u-ulcinju\/"]}]},{"@type":"BreadcrumbList","@id":"https:\/\/www.visit-ulcinj.com\/blog\/2008\/08\/12\/prijava-protiv-rukovodilaca-doma-zdravlja-u-ulcinju\/#breadcrumb","itemListElement":[{"@type":"ListItem","position":1,"name":"Prijava protiv rukovodilaca doma zdravlja u ulcinju"}]},{"@type":"Person","@id":"https:\/\/www.visit-ulcinj.com\/blog\/#\/schema\/person\/dcab619c614d3038751c63bc2aadc06d","name":"ulqini","sameAs":["http:\/\/www.visit-ulcinj.com"],"url":"https:\/\/www.visit-ulcinj.com\/blog\/author\/admin\/"}]}},"jetpack_featured_media_url":"","jetpack_sharing_enabled":true,"jetpack_shortlink":"https:\/\/wp.me\/pe6lTn-Ce","_links":{"self":[{"href":"https:\/\/www.visit-ulcinj.com\/blog\/wp-json\/wp\/v2\/posts\/2370"}],"collection":[{"href":"https:\/\/www.visit-ulcinj.com\/blog\/wp-json\/wp\/v2\/posts"}],"about":[{"href":"https:\/\/www.visit-ulcinj.com\/blog\/wp-json\/wp\/v2\/types\/post"}],"author":[{"embeddable":true,"href":"https:\/\/www.visit-ulcinj.com\/blog\/wp-json\/wp\/v2\/users\/1"}],"replies":[{"embeddable":true,"href":"https:\/\/www.visit-ulcinj.com\/blog\/wp-json\/wp\/v2\/comments?post=2370"}],"version-history":[{"count":0,"href":"https:\/\/www.visit-ulcinj.com\/blog\/wp-json\/wp\/v2\/posts\/2370\/revisions"}],"wp:attachment":[{"href":"https:\/\/www.visit-ulcinj.com\/blog\/wp-json\/wp\/v2\/media?parent=2370"}],"wp:term":[{"taxonomy":"category","embeddable":true,"href":"https:\/\/www.visit-ulcinj.com\/blog\/wp-json\/wp\/v2\/categories?post=2370"},{"taxonomy":"post_tag","embeddable":true,"href":"https:\/\/www.visit-ulcinj.com\/blog\/wp-json\/wp\/v2\/tags?post=2370"}],"curies":[{"name":"wp","href":"https:\/\/api.w.org\/{rel}","templated":true}]}}