{"id":23720,"date":"2009-07-04T17:22:33","date_gmt":"2009-07-04T15:22:33","guid":{"rendered":"http:\/\/www.visit-ulcinj.com\/blog\/?p=23720"},"modified":"2009-07-04T17:22:33","modified_gmt":"2009-07-04T15:22:33","slug":"bardhi-nece-pored-hajdinage-i-nimanija","status":"publish","type":"post","link":"https:\/\/www.visit-ulcinj.com\/blog\/2009\/07\/04\/bardhi-nece-pored-hajdinage-i-nimanija\/","title":{"rendered":"Bardhi ne?e pored Hajdinage i Nimanija"},"content":{"rendered":"<p><strong><a href=\"http:\/\/www.visit-ulcinj.com\/blog\/wp-content\/uploads\/2009\/07\/Bardhi-ne?e-pored-Hajdinage-i-Nimanija_ulcinj.jpg\"><img loading=\"lazy\" class=\"alignleft size-full wp-image-23721\" title=\"Bardhi ne?e pored Hajdinage i Nimanija_ulcinj\" src=\"http:\/\/www.visit-ulcinj.com\/blog\/wp-content\/uploads\/2009\/07\/Bardhi-ne?e-pored-Hajdinage-i-Nimanija_ulcinj.jpg\" alt=\"Bardhi ne?e pored Hajdinage i Nimanija_ulcinj\" width=\"590\" height=\"390\" \/><\/a>Predsjednika DS nema u postavci fotografija ?elnika ulcinja od po?etka pro\u0161log vijeka do danas<\/strong><br \/>\nUlcinj &#8211; U postavci uramljenih fotografija svih ?elnika Ulcinja s po?etka pro\u0161log vijeka do danas, koja krasi zid posljednjeg sprata zgrade Op\u0161tine, ispred rezidencije aktuelnog gradona?elnika Gzima Hajdinage, nema poslanika Mehmeta Bardhija.<br \/>\nLider Demokratskog saveza prvi ?ovjek Ulcinja bio je od 1990. do 1998, kada ga je naslijedio Osman Red\u017ea. Nakon Red\u017ee do\u0161li su donedavni ministar manjina Fuad Nimani, a prije tri godine i Hajdinaga, obojica iz DUA, ljutog politi?kog protivnika Bardhijevog DS.<br \/>\nBardhijevo gotovo dvadesetogodi\u0161nje prisustvo u lokalnom parlamentu, u?inilo ga je jednim od naprepoznatljivijih politi?ara i poslanika. Frizura kao brend i nezaobilazni \u0161al, u?inkovito su djelovali na upe?atljivost njegove vizuelne pojave. No, to \u0161to ga svi poznaju, nije razlog \u0161to Bardhija nema u postavci uramljenih fotografija.<br \/>\n\u201cTo je rezultat mog odnosa i neslaganja sa aktuelnom lokalnom vla\u0161?u i svemu onome \u0161to ona danas radi\u201d, kazao je Bardhi.<br \/>\n\u201cOsim toga, ne znam za\u0161to su fotografije u crnini. Sve mi to li?i na kopiju iz Skup\u0161tine Crne Gore\u201d, tvrdi on.<br \/>\nPrije nego \u0161to je prenijeta u zgradu Op\u0161tine, postavka je bila izlo\u017eena u Domu kulture.<br \/>\nFotografije nekoliko predsjednika s po?etka pro\u0161log vijeka, kako je kazao predsjednik komisije koja je radila na postavci Fadilj Kroma, \u201cnijesu mogli na?i, a neki nijesu htjeli da je daju\u201d.<br \/>\n\u201cTo je istorija, a ne politika\u201d, prokomentarisao je Hajdinaga.<br \/>\n<strong>S.A.<br \/>\n<a href=\"http:\/\/www.vijesti.cg.yu\/index.php?id_pre=309315&amp;godina=2009\" target=\"_blank\">Vijesti<\/a><\/strong><\/p>\n<p><strong><!--YouTube Error: bad URL entered--><br \/>\n<\/strong><\/p>\n","protected":false},"excerpt":{"rendered":"<p>Predsjednika DS nema u postavci fotografija ?elnika ulcinja od po?etka pro\u0161log vijeka do danas Ulcinj &#8211; U postavci uramljenih fotografija svih ?elnika Ulcinja s po?etka pro\u0161log vijeka do danas, koja krasi zid posljednjeg sprata zgrade Op\u0161tine, ispred rezidencije aktuelnog gradona?elnika Gzima Hajdinage, nema poslanika Mehmeta Bardhija. Lider Demokratskog saveza prvi ?ovjek Ulcinja bio je od [&hellip;]<\/p>\n","protected":false},"author":1,"featured_media":0,"comment_status":"open","ping_status":"closed","sticky":false,"template":"","format":"standard","meta":{"spay_email":"","jetpack_publicize_message":"","jetpack_is_tweetstorm":false,"jetpack_publicize_feature_enabled":true},"categories":[8337],"tags":[11739,140,5758,347,11738,264],"jetpack_publicize_connections":[],"yoast_head":"<!-- This site is optimized with the Yoast SEO plugin v19.1 - https:\/\/yoast.com\/wordpress\/plugins\/seo\/ -->\n<title>Bardhi ne?e pored Hajdinage i Nimanija - Lajme nga Ulqini<\/title>\n<meta name=\"description\" content=\"Predsjednika DS nema u postavci fotografija ?elnika ulcinja od po?etka pro\u0161log vijeka do danas Ulcinj - U postavci uramljenih fotografija svih ?elnika\" \/>\n<meta name=\"robots\" content=\"index, follow, max-snippet:-1, max-image-preview:large, max-video-preview:-1\" \/>\n<link rel=\"canonical\" href=\"https:\/\/www.visit-ulcinj.com\/blog\/2009\/07\/04\/bardhi-nece-pored-hajdinage-i-nimanija\/\" \/>\n<meta property=\"og:locale\" content=\"en_US\" \/>\n<meta property=\"og:type\" content=\"article\" \/>\n<meta property=\"og:title\" content=\"Bardhi ne?e pored Hajdinage i Nimanija - Lajme nga Ulqini\" \/>\n<meta property=\"og:description\" content=\"Predsjednika DS nema u postavci fotografija ?elnika ulcinja od po?etka pro\u0161log vijeka do danas Ulcinj - U postavci uramljenih fotografija svih ?elnika\" \/>\n<meta property=\"og:url\" content=\"https:\/\/www.visit-ulcinj.com\/blog\/2009\/07\/04\/bardhi-nece-pored-hajdinage-i-nimanija\/\" \/>\n<meta property=\"og:site_name\" content=\"Lajme nga Ulqini\" \/>\n<meta property=\"article:published_time\" content=\"2009-07-04T15:22:33+00:00\" \/>\n<meta property=\"og:image\" content=\"http:\/\/www.visit-ulcinj.com\/blog\/wp-content\/uploads\/2009\/07\/Bardhi-ne?e-pored-Hajdinage-i-Nimanija_ulcinj.jpg\" \/>\n<meta name=\"twitter:label1\" content=\"Written by\" \/>\n\t<meta name=\"twitter:data1\" content=\"ulqini\" \/>\n\t<meta name=\"twitter:label2\" content=\"Est. reading time\" \/>\n\t<meta name=\"twitter:data2\" content=\"1 minute\" \/>\n<script type=\"application\/ld+json\" class=\"yoast-schema-graph\">{\"@context\":\"https:\/\/schema.org\",\"@graph\":[{\"@type\":\"WebSite\",\"@id\":\"https:\/\/www.visit-ulcinj.com\/blog\/#website\",\"url\":\"https:\/\/www.visit-ulcinj.com\/blog\/\",\"name\":\"Lajme nga Ulqini\",\"description\":\"Lajme,Vijesti,Ulqini,Ulqin,Crna Gora,Mali i Zi\",\"potentialAction\":[{\"@type\":\"SearchAction\",\"target\":{\"@type\":\"EntryPoint\",\"urlTemplate\":\"https:\/\/www.visit-ulcinj.com\/blog\/?s={search_term_string}\"},\"query-input\":\"required name=search_term_string\"}],\"inLanguage\":\"en-US\"},{\"@type\":\"ImageObject\",\"inLanguage\":\"en-US\",\"@id\":\"https:\/\/www.visit-ulcinj.com\/blog\/2009\/07\/04\/bardhi-nece-pored-hajdinage-i-nimanija\/#primaryimage\",\"url\":\"http:\/\/www.visit-ulcinj.com\/blog\/wp-content\/uploads\/2009\/07\/Bardhi-ne?e-pored-Hajdinage-i-Nimanija_ulcinj.jpg\",\"contentUrl\":\"http:\/\/www.visit-ulcinj.com\/blog\/wp-content\/uploads\/2009\/07\/Bardhi-ne?e-pored-Hajdinage-i-Nimanija_ulcinj.jpg\"},{\"@type\":\"WebPage\",\"@id\":\"https:\/\/www.visit-ulcinj.com\/blog\/2009\/07\/04\/bardhi-nece-pored-hajdinage-i-nimanija\/#webpage\",\"url\":\"https:\/\/www.visit-ulcinj.com\/blog\/2009\/07\/04\/bardhi-nece-pored-hajdinage-i-nimanija\/\",\"name\":\"Bardhi ne?e pored Hajdinage i Nimanija - Lajme nga Ulqini\",\"isPartOf\":{\"@id\":\"https:\/\/www.visit-ulcinj.com\/blog\/#website\"},\"primaryImageOfPage\":{\"@id\":\"https:\/\/www.visit-ulcinj.com\/blog\/2009\/07\/04\/bardhi-nece-pored-hajdinage-i-nimanija\/#primaryimage\"},\"datePublished\":\"2009-07-04T15:22:33+00:00\",\"dateModified\":\"2009-07-04T15:22:33+00:00\",\"author\":{\"@id\":\"https:\/\/www.visit-ulcinj.com\/blog\/#\/schema\/person\/dcab619c614d3038751c63bc2aadc06d\"},\"description\":\"Predsjednika DS nema u postavci fotografija ?elnika ulcinja od po?etka pro\u0161log vijeka do danas Ulcinj - U postavci uramljenih fotografija svih ?elnika\",\"breadcrumb\":{\"@id\":\"https:\/\/www.visit-ulcinj.com\/blog\/2009\/07\/04\/bardhi-nece-pored-hajdinage-i-nimanija\/#breadcrumb\"},\"inLanguage\":\"en-US\",\"potentialAction\":[{\"@type\":\"ReadAction\",\"target\":[\"https:\/\/www.visit-ulcinj.com\/blog\/2009\/07\/04\/bardhi-nece-pored-hajdinage-i-nimanija\/\"]}]},{\"@type\":\"BreadcrumbList\",\"@id\":\"https:\/\/www.visit-ulcinj.com\/blog\/2009\/07\/04\/bardhi-nece-pored-hajdinage-i-nimanija\/#breadcrumb\",\"itemListElement\":[{\"@type\":\"ListItem\",\"position\":1,\"name\":\"Bardhi ne?e pored Hajdinage i Nimanija\"}]},{\"@type\":\"Person\",\"@id\":\"https:\/\/www.visit-ulcinj.com\/blog\/#\/schema\/person\/dcab619c614d3038751c63bc2aadc06d\",\"name\":\"ulqini\",\"sameAs\":[\"http:\/\/www.visit-ulcinj.com\"],\"url\":\"https:\/\/www.visit-ulcinj.com\/blog\/author\/admin\/\"}]}<\/script>\n<!-- \/ Yoast SEO plugin. -->","yoast_head_json":{"title":"Bardhi ne?e pored Hajdinage i Nimanija - Lajme nga Ulqini","description":"Predsjednika DS nema u postavci fotografija ?elnika ulcinja od po?etka pro\u0161log vijeka do danas Ulcinj - U postavci uramljenih fotografija svih ?elnika","robots":{"index":"index","follow":"follow","max-snippet":"max-snippet:-1","max-image-preview":"max-image-preview:large","max-video-preview":"max-video-preview:-1"},"canonical":"https:\/\/www.visit-ulcinj.com\/blog\/2009\/07\/04\/bardhi-nece-pored-hajdinage-i-nimanija\/","og_locale":"en_US","og_type":"article","og_title":"Bardhi ne?e pored Hajdinage i Nimanija - Lajme nga Ulqini","og_description":"Predsjednika DS nema u postavci fotografija ?elnika ulcinja od po?etka pro\u0161log vijeka do danas Ulcinj - U postavci uramljenih fotografija svih ?elnika","og_url":"https:\/\/www.visit-ulcinj.com\/blog\/2009\/07\/04\/bardhi-nece-pored-hajdinage-i-nimanija\/","og_site_name":"Lajme nga Ulqini","article_published_time":"2009-07-04T15:22:33+00:00","og_image":[{"url":"http:\/\/www.visit-ulcinj.com\/blog\/wp-content\/uploads\/2009\/07\/Bardhi-ne?e-pored-Hajdinage-i-Nimanija_ulcinj.jpg"}],"twitter_misc":{"Written by":"ulqini","Est. reading time":"1 minute"},"schema":{"@context":"https:\/\/schema.org","@graph":[{"@type":"WebSite","@id":"https:\/\/www.visit-ulcinj.com\/blog\/#website","url":"https:\/\/www.visit-ulcinj.com\/blog\/","name":"Lajme nga Ulqini","description":"Lajme,Vijesti,Ulqini,Ulqin,Crna Gora,Mali i Zi","potentialAction":[{"@type":"SearchAction","target":{"@type":"EntryPoint","urlTemplate":"https:\/\/www.visit-ulcinj.com\/blog\/?s={search_term_string}"},"query-input":"required name=search_term_string"}],"inLanguage":"en-US"},{"@type":"ImageObject","inLanguage":"en-US","@id":"https:\/\/www.visit-ulcinj.com\/blog\/2009\/07\/04\/bardhi-nece-pored-hajdinage-i-nimanija\/#primaryimage","url":"http:\/\/www.visit-ulcinj.com\/blog\/wp-content\/uploads\/2009\/07\/Bardhi-ne?e-pored-Hajdinage-i-Nimanija_ulcinj.jpg","contentUrl":"http:\/\/www.visit-ulcinj.com\/blog\/wp-content\/uploads\/2009\/07\/Bardhi-ne?e-pored-Hajdinage-i-Nimanija_ulcinj.jpg"},{"@type":"WebPage","@id":"https:\/\/www.visit-ulcinj.com\/blog\/2009\/07\/04\/bardhi-nece-pored-hajdinage-i-nimanija\/#webpage","url":"https:\/\/www.visit-ulcinj.com\/blog\/2009\/07\/04\/bardhi-nece-pored-hajdinage-i-nimanija\/","name":"Bardhi ne?e pored Hajdinage i Nimanija - Lajme nga Ulqini","isPartOf":{"@id":"https:\/\/www.visit-ulcinj.com\/blog\/#website"},"primaryImageOfPage":{"@id":"https:\/\/www.visit-ulcinj.com\/blog\/2009\/07\/04\/bardhi-nece-pored-hajdinage-i-nimanija\/#primaryimage"},"datePublished":"2009-07-04T15:22:33+00:00","dateModified":"2009-07-04T15:22:33+00:00","author":{"@id":"https:\/\/www.visit-ulcinj.com\/blog\/#\/schema\/person\/dcab619c614d3038751c63bc2aadc06d"},"description":"Predsjednika DS nema u postavci fotografija ?elnika ulcinja od po?etka pro\u0161log vijeka do danas Ulcinj - U postavci uramljenih fotografija svih ?elnika","breadcrumb":{"@id":"https:\/\/www.visit-ulcinj.com\/blog\/2009\/07\/04\/bardhi-nece-pored-hajdinage-i-nimanija\/#breadcrumb"},"inLanguage":"en-US","potentialAction":[{"@type":"ReadAction","target":["https:\/\/www.visit-ulcinj.com\/blog\/2009\/07\/04\/bardhi-nece-pored-hajdinage-i-nimanija\/"]}]},{"@type":"BreadcrumbList","@id":"https:\/\/www.visit-ulcinj.com\/blog\/2009\/07\/04\/bardhi-nece-pored-hajdinage-i-nimanija\/#breadcrumb","itemListElement":[{"@type":"ListItem","position":1,"name":"Bardhi ne?e pored Hajdinage i Nimanija"}]},{"@type":"Person","@id":"https:\/\/www.visit-ulcinj.com\/blog\/#\/schema\/person\/dcab619c614d3038751c63bc2aadc06d","name":"ulqini","sameAs":["http:\/\/www.visit-ulcinj.com"],"url":"https:\/\/www.visit-ulcinj.com\/blog\/author\/admin\/"}]}},"jetpack_featured_media_url":"","jetpack_sharing_enabled":true,"jetpack_shortlink":"https:\/\/wp.me\/pe6lTn-6aA","_links":{"self":[{"href":"https:\/\/www.visit-ulcinj.com\/blog\/wp-json\/wp\/v2\/posts\/23720"}],"collection":[{"href":"https:\/\/www.visit-ulcinj.com\/blog\/wp-json\/wp\/v2\/posts"}],"about":[{"href":"https:\/\/www.visit-ulcinj.com\/blog\/wp-json\/wp\/v2\/types\/post"}],"author":[{"embeddable":true,"href":"https:\/\/www.visit-ulcinj.com\/blog\/wp-json\/wp\/v2\/users\/1"}],"replies":[{"embeddable":true,"href":"https:\/\/www.visit-ulcinj.com\/blog\/wp-json\/wp\/v2\/comments?post=23720"}],"version-history":[{"count":0,"href":"https:\/\/www.visit-ulcinj.com\/blog\/wp-json\/wp\/v2\/posts\/23720\/revisions"}],"wp:attachment":[{"href":"https:\/\/www.visit-ulcinj.com\/blog\/wp-json\/wp\/v2\/media?parent=23720"}],"wp:term":[{"taxonomy":"category","embeddable":true,"href":"https:\/\/www.visit-ulcinj.com\/blog\/wp-json\/wp\/v2\/categories?post=23720"},{"taxonomy":"post_tag","embeddable":true,"href":"https:\/\/www.visit-ulcinj.com\/blog\/wp-json\/wp\/v2\/tags?post=23720"}],"curies":[{"name":"wp","href":"https:\/\/api.w.org\/{rel}","templated":true}]}}