{"id":23724,"date":"2009-07-04T17:38:24","date_gmt":"2009-07-04T15:38:24","guid":{"rendered":"http:\/\/www.visit-ulcinj.com\/blog\/?p=23724"},"modified":"2009-07-04T17:39:37","modified_gmt":"2009-07-04T15:39:37","slug":"hajdinagapitanje-valdanosa-jeste-vazno-ali-je-na-zalost-ispolitizovano","status":"publish","type":"post","link":"https:\/\/www.visit-ulcinj.com\/blog\/2009\/07\/04\/hajdinagapitanje-valdanosa-jeste-vazno-ali-je-na-zalost-ispolitizovano\/","title":{"rendered":"Hajdinaga:Pitanje Valdanosa jeste va\u017eno, ali je na \u017ealost ispolitizovano"},"content":{"rendered":"<p><strong><a href=\"http:\/\/www.visit-ulcinj.com\/blog\/wp-content\/uploads\/2009\/07\/gzim-hajdinaga_ULCINJ.jpg\"><img loading=\"lazy\" class=\"alignleft size-full wp-image-23725\" title=\"gzim hajdinaga_ULCINJ\" src=\"http:\/\/www.visit-ulcinj.com\/blog\/wp-content\/uploads\/2009\/07\/gzim-hajdinaga_ULCINJ.jpg\" alt=\"gzim hajdinaga_ULCINJ\" width=\"298\" height=\"354\" \/><\/a>Previ\u0161e je politike<br \/>\nUlcinjska skup\u0161tina raspravljala o izvje\u0161taju o radu op\u0161tinskih slu\u017ebi i Valdanosu<\/strong><br \/>\nUlcinj &#8211; Odbornici u ulcinjskom parlamentu raspravljali su ju?e o izvje\u0161taju o radu organa lokalne samouprave, ali do kraja radnog vremena nijesu uspjeli da se izjasne o njemu, jer je vrijeme potro\u0161eno na neke druge diskusije i brojne replike. Gradona?elnik Ulcinja Gzim Hajdinaga koji je podnio izvje\u0161taj govorio je o va\u017enosti turisti?ke valorizacije Valdanosa, Velike pla\u017ee i Ade i apostrofirao dobru saradnju sa turisti?kim poslenicima grada, Vladom, te univerzitetima Crne Gore, Albanije i Kosova.<br \/>\n\u201cPitanje Valdanosa jeste va\u017eno, ali je na \u017ealost ispolitizovano. U tenderskoj komisiji ?iji sam ?lan borim se do posljednjeg daha da taj lokalitet bude valorizovan na pravi na?in. Vjerujem da smo postigli cilj jer smo za\u0161titili masline dok sudski procesi o povra?aju imovine ne donesu pravedne presude. Do tada ?emo otvoriti kapije za valorizaciju jer ne \u017eelimo da odustanemo od razvoja na\u0161eg grada i prava na\u0161e omladine na kvalitetan posao\u201d, kazao je Hajdinaga u skup\u0161tinskoj sali u kojoj dok je izlagao nije bilo predstavnika opozicije. Isti?u?i da je poljoprivreda zna?ajan segment razvoja op\u0161tine, Hajdinaga je naveo da je na godi\u0161njem nivou lani oko 600 doma?instava dobilo milion eura pomo?i iz agro bud\u017eeta Vlade. On je govorio i o socijalnoj politici, kulturi, sportu i razvojnim projekcijama.<br \/>\nVladaju?a koalicija podr\u017eala je izvje\u0161taj Hajdinage dok je opozicija slo\u017eno bila protiv.<br \/>\n\u201cIzvje\u0161taj vi\u0161e li?i na dezinformaciju nego na informaciju\u201d, ustvrdio je odbornik Force Genci Nimanbegu.<br \/>\nNjegov partijski kolega D\u017eaudet Cakuli kazao je da je izvje\u0161taj neprihvatljiv, jer u njemu nema ni rije?i o broju zaposlenih u proizvodnji, u ugostiteljstvu i trgovini, uticaju globalne krize, Bratici i Port Mileni.<br \/>\nNakon jednosatne pauze koju je predsjednik SO Muhamet Nika dao na njegov zahtjev odbornik DPS Ljui? \u0160krelja obru\u0161io se na opoziciju, isti?u?i da je \u201cpoliti?ki primitivizam biti u holu i ne slu\u0161ati prvog ?ovjeka grada, a potom u?i u salu i u?estvovati u raspravi\u201d.<br \/>\n<strong>S.A.<br \/>\n<a href=\"http:\/\/www.vijesti.cg.yu\/index.php?id_pre=309314&amp;godina=2009\" target=\"_blank\">Vijesti<\/a><\/strong><\/p>\n<div><object classid=\"clsid:d27cdb6e-ae6d-11cf-96b8-444553540000\" width=\"580\" height=\"417\" codebase=\"http:\/\/download.macromedia.com\/pub\/shockwave\/cabs\/flash\/swflash.cab#version=6,0,40,0\"><param name=\"allowFullScreen\" value=\"true\" \/><param name=\"allowScriptAccess\" value=\"always\" \/><param name=\"src\" value=\"http:\/\/www.dailymotion.com\/swf\/x9j59c_folklore-i-ulqinit_music&amp;colors=special:EDBA15;&amp;autoPlay=1&amp;related=1\" \/><param name=\"allowfullscreen\" value=\"true\" \/><\/object><\/div>\n","protected":false},"excerpt":{"rendered":"<p>Previ\u0161e je politike Ulcinjska skup\u0161tina raspravljala o izvje\u0161taju o radu op\u0161tinskih slu\u017ebi i Valdanosu Ulcinj &#8211; Odbornici u ulcinjskom parlamentu raspravljali su ju?e o izvje\u0161taju o radu organa lokalne samouprave, ali do kraja radnog vremena nijesu uspjeli da se izjasne o njemu, jer je vrijeme potro\u0161eno na neke druge diskusije i brojne replike. Gradona?elnik Ulcinja [&hellip;]<\/p>\n","protected":false},"author":1,"featured_media":0,"comment_status":"open","ping_status":"closed","sticky":false,"template":"","format":"standard","meta":{"spay_email":"","jetpack_publicize_message":"","jetpack_is_tweetstorm":false,"jetpack_publicize_feature_enabled":true},"categories":[8337],"tags":[2788,90,700,1073,2417,49,11740,942,698,11741,10818],"jetpack_publicize_connections":[],"yoast_head":"<!-- This site is optimized with the Yoast SEO plugin v19.1 - https:\/\/yoast.com\/wordpress\/plugins\/seo\/ -->\n<title>Hajdinaga:Pitanje Valdanosa jeste va\u017eno, ali je na \u017ealost ispolitizovano - Lajme nga Ulqini<\/title>\n<meta name=\"description\" content=\"Previ\u0161e je politike Ulcinjska skup\u0161tina raspravljala o izvje\u0161taju o radu op\u0161tinskih slu\u017ebi i Valdanosu Ulcinj - Odbornici u ulcinjskom parlamentu\" \/>\n<meta name=\"robots\" content=\"index, follow, max-snippet:-1, max-image-preview:large, max-video-preview:-1\" \/>\n<link rel=\"canonical\" href=\"https:\/\/www.visit-ulcinj.com\/blog\/2009\/07\/04\/hajdinagapitanje-valdanosa-jeste-vazno-ali-je-na-zalost-ispolitizovano\/\" \/>\n<meta property=\"og:locale\" content=\"en_US\" \/>\n<meta property=\"og:type\" content=\"article\" \/>\n<meta property=\"og:title\" content=\"Hajdinaga:Pitanje Valdanosa jeste va\u017eno, ali je na \u017ealost ispolitizovano - Lajme nga Ulqini\" \/>\n<meta property=\"og:description\" content=\"Previ\u0161e je politike Ulcinjska skup\u0161tina raspravljala o izvje\u0161taju o radu op\u0161tinskih slu\u017ebi i Valdanosu Ulcinj - Odbornici u ulcinjskom parlamentu\" \/>\n<meta property=\"og:url\" content=\"https:\/\/www.visit-ulcinj.com\/blog\/2009\/07\/04\/hajdinagapitanje-valdanosa-jeste-vazno-ali-je-na-zalost-ispolitizovano\/\" \/>\n<meta property=\"og:site_name\" content=\"Lajme nga Ulqini\" \/>\n<meta property=\"article:published_time\" content=\"2009-07-04T15:38:24+00:00\" \/>\n<meta property=\"article:modified_time\" content=\"2009-07-04T15:39:37+00:00\" \/>\n<meta property=\"og:image\" content=\"http:\/\/www.visit-ulcinj.com\/blog\/wp-content\/uploads\/2009\/07\/gzim-hajdinaga_ULCINJ.jpg\" \/>\n<meta name=\"twitter:label1\" content=\"Written by\" \/>\n\t<meta name=\"twitter:data1\" content=\"ulqini\" \/>\n\t<meta name=\"twitter:label2\" content=\"Est. reading time\" \/>\n\t<meta name=\"twitter:data2\" content=\"2 minutes\" \/>\n<script type=\"application\/ld+json\" class=\"yoast-schema-graph\">{\"@context\":\"https:\/\/schema.org\",\"@graph\":[{\"@type\":\"WebSite\",\"@id\":\"https:\/\/www.visit-ulcinj.com\/blog\/#website\",\"url\":\"https:\/\/www.visit-ulcinj.com\/blog\/\",\"name\":\"Lajme nga Ulqini\",\"description\":\"Lajme,Vijesti,Ulqini,Ulqin,Crna Gora,Mali i Zi\",\"potentialAction\":[{\"@type\":\"SearchAction\",\"target\":{\"@type\":\"EntryPoint\",\"urlTemplate\":\"https:\/\/www.visit-ulcinj.com\/blog\/?s={search_term_string}\"},\"query-input\":\"required name=search_term_string\"}],\"inLanguage\":\"en-US\"},{\"@type\":\"ImageObject\",\"inLanguage\":\"en-US\",\"@id\":\"https:\/\/www.visit-ulcinj.com\/blog\/2009\/07\/04\/hajdinagapitanje-valdanosa-jeste-vazno-ali-je-na-zalost-ispolitizovano\/#primaryimage\",\"url\":\"https:\/\/www.visit-ulcinj.com\/blog\/wp-content\/uploads\/2009\/07\/gzim-hajdinaga_ULCINJ.jpg\",\"contentUrl\":\"https:\/\/www.visit-ulcinj.com\/blog\/wp-content\/uploads\/2009\/07\/gzim-hajdinaga_ULCINJ.jpg\",\"width\":\"240\",\"height\":\"285\"},{\"@type\":\"WebPage\",\"@id\":\"https:\/\/www.visit-ulcinj.com\/blog\/2009\/07\/04\/hajdinagapitanje-valdanosa-jeste-vazno-ali-je-na-zalost-ispolitizovano\/#webpage\",\"url\":\"https:\/\/www.visit-ulcinj.com\/blog\/2009\/07\/04\/hajdinagapitanje-valdanosa-jeste-vazno-ali-je-na-zalost-ispolitizovano\/\",\"name\":\"Hajdinaga:Pitanje Valdanosa jeste va\u017eno, ali je na \u017ealost ispolitizovano - Lajme nga Ulqini\",\"isPartOf\":{\"@id\":\"https:\/\/www.visit-ulcinj.com\/blog\/#website\"},\"primaryImageOfPage\":{\"@id\":\"https:\/\/www.visit-ulcinj.com\/blog\/2009\/07\/04\/hajdinagapitanje-valdanosa-jeste-vazno-ali-je-na-zalost-ispolitizovano\/#primaryimage\"},\"datePublished\":\"2009-07-04T15:38:24+00:00\",\"dateModified\":\"2009-07-04T15:39:37+00:00\",\"author\":{\"@id\":\"https:\/\/www.visit-ulcinj.com\/blog\/#\/schema\/person\/dcab619c614d3038751c63bc2aadc06d\"},\"description\":\"Previ\u0161e je politike Ulcinjska skup\u0161tina raspravljala o izvje\u0161taju o radu op\u0161tinskih slu\u017ebi i Valdanosu Ulcinj - Odbornici u ulcinjskom parlamentu\",\"breadcrumb\":{\"@id\":\"https:\/\/www.visit-ulcinj.com\/blog\/2009\/07\/04\/hajdinagapitanje-valdanosa-jeste-vazno-ali-je-na-zalost-ispolitizovano\/#breadcrumb\"},\"inLanguage\":\"en-US\",\"potentialAction\":[{\"@type\":\"ReadAction\",\"target\":[\"https:\/\/www.visit-ulcinj.com\/blog\/2009\/07\/04\/hajdinagapitanje-valdanosa-jeste-vazno-ali-je-na-zalost-ispolitizovano\/\"]}]},{\"@type\":\"BreadcrumbList\",\"@id\":\"https:\/\/www.visit-ulcinj.com\/blog\/2009\/07\/04\/hajdinagapitanje-valdanosa-jeste-vazno-ali-je-na-zalost-ispolitizovano\/#breadcrumb\",\"itemListElement\":[{\"@type\":\"ListItem\",\"position\":1,\"name\":\"Hajdinaga:Pitanje Valdanosa jeste va\u017eno, ali je na \u017ealost ispolitizovano\"}]},{\"@type\":\"Person\",\"@id\":\"https:\/\/www.visit-ulcinj.com\/blog\/#\/schema\/person\/dcab619c614d3038751c63bc2aadc06d\",\"name\":\"ulqini\",\"sameAs\":[\"http:\/\/www.visit-ulcinj.com\"],\"url\":\"https:\/\/www.visit-ulcinj.com\/blog\/author\/admin\/\"}]}<\/script>\n<!-- \/ Yoast SEO plugin. -->","yoast_head_json":{"title":"Hajdinaga:Pitanje Valdanosa jeste va\u017eno, ali je na \u017ealost ispolitizovano - Lajme nga Ulqini","description":"Previ\u0161e je politike Ulcinjska skup\u0161tina raspravljala o izvje\u0161taju o radu op\u0161tinskih slu\u017ebi i Valdanosu Ulcinj - Odbornici u ulcinjskom parlamentu","robots":{"index":"index","follow":"follow","max-snippet":"max-snippet:-1","max-image-preview":"max-image-preview:large","max-video-preview":"max-video-preview:-1"},"canonical":"https:\/\/www.visit-ulcinj.com\/blog\/2009\/07\/04\/hajdinagapitanje-valdanosa-jeste-vazno-ali-je-na-zalost-ispolitizovano\/","og_locale":"en_US","og_type":"article","og_title":"Hajdinaga:Pitanje Valdanosa jeste va\u017eno, ali je na \u017ealost ispolitizovano - Lajme nga Ulqini","og_description":"Previ\u0161e je politike Ulcinjska skup\u0161tina raspravljala o izvje\u0161taju o radu op\u0161tinskih slu\u017ebi i Valdanosu Ulcinj - Odbornici u ulcinjskom parlamentu","og_url":"https:\/\/www.visit-ulcinj.com\/blog\/2009\/07\/04\/hajdinagapitanje-valdanosa-jeste-vazno-ali-je-na-zalost-ispolitizovano\/","og_site_name":"Lajme nga Ulqini","article_published_time":"2009-07-04T15:38:24+00:00","article_modified_time":"2009-07-04T15:39:37+00:00","og_image":[{"url":"http:\/\/www.visit-ulcinj.com\/blog\/wp-content\/uploads\/2009\/07\/gzim-hajdinaga_ULCINJ.jpg"}],"twitter_misc":{"Written by":"ulqini","Est. reading time":"2 minutes"},"schema":{"@context":"https:\/\/schema.org","@graph":[{"@type":"WebSite","@id":"https:\/\/www.visit-ulcinj.com\/blog\/#website","url":"https:\/\/www.visit-ulcinj.com\/blog\/","name":"Lajme nga Ulqini","description":"Lajme,Vijesti,Ulqini,Ulqin,Crna Gora,Mali i Zi","potentialAction":[{"@type":"SearchAction","target":{"@type":"EntryPoint","urlTemplate":"https:\/\/www.visit-ulcinj.com\/blog\/?s={search_term_string}"},"query-input":"required name=search_term_string"}],"inLanguage":"en-US"},{"@type":"ImageObject","inLanguage":"en-US","@id":"https:\/\/www.visit-ulcinj.com\/blog\/2009\/07\/04\/hajdinagapitanje-valdanosa-jeste-vazno-ali-je-na-zalost-ispolitizovano\/#primaryimage","url":"https:\/\/www.visit-ulcinj.com\/blog\/wp-content\/uploads\/2009\/07\/gzim-hajdinaga_ULCINJ.jpg","contentUrl":"https:\/\/www.visit-ulcinj.com\/blog\/wp-content\/uploads\/2009\/07\/gzim-hajdinaga_ULCINJ.jpg","width":"240","height":"285"},{"@type":"WebPage","@id":"https:\/\/www.visit-ulcinj.com\/blog\/2009\/07\/04\/hajdinagapitanje-valdanosa-jeste-vazno-ali-je-na-zalost-ispolitizovano\/#webpage","url":"https:\/\/www.visit-ulcinj.com\/blog\/2009\/07\/04\/hajdinagapitanje-valdanosa-jeste-vazno-ali-je-na-zalost-ispolitizovano\/","name":"Hajdinaga:Pitanje Valdanosa jeste va\u017eno, ali je na \u017ealost ispolitizovano - Lajme nga Ulqini","isPartOf":{"@id":"https:\/\/www.visit-ulcinj.com\/blog\/#website"},"primaryImageOfPage":{"@id":"https:\/\/www.visit-ulcinj.com\/blog\/2009\/07\/04\/hajdinagapitanje-valdanosa-jeste-vazno-ali-je-na-zalost-ispolitizovano\/#primaryimage"},"datePublished":"2009-07-04T15:38:24+00:00","dateModified":"2009-07-04T15:39:37+00:00","author":{"@id":"https:\/\/www.visit-ulcinj.com\/blog\/#\/schema\/person\/dcab619c614d3038751c63bc2aadc06d"},"description":"Previ\u0161e je politike Ulcinjska skup\u0161tina raspravljala o izvje\u0161taju o radu op\u0161tinskih slu\u017ebi i Valdanosu Ulcinj - Odbornici u ulcinjskom parlamentu","breadcrumb":{"@id":"https:\/\/www.visit-ulcinj.com\/blog\/2009\/07\/04\/hajdinagapitanje-valdanosa-jeste-vazno-ali-je-na-zalost-ispolitizovano\/#breadcrumb"},"inLanguage":"en-US","potentialAction":[{"@type":"ReadAction","target":["https:\/\/www.visit-ulcinj.com\/blog\/2009\/07\/04\/hajdinagapitanje-valdanosa-jeste-vazno-ali-je-na-zalost-ispolitizovano\/"]}]},{"@type":"BreadcrumbList","@id":"https:\/\/www.visit-ulcinj.com\/blog\/2009\/07\/04\/hajdinagapitanje-valdanosa-jeste-vazno-ali-je-na-zalost-ispolitizovano\/#breadcrumb","itemListElement":[{"@type":"ListItem","position":1,"name":"Hajdinaga:Pitanje Valdanosa jeste va\u017eno, ali je na \u017ealost ispolitizovano"}]},{"@type":"Person","@id":"https:\/\/www.visit-ulcinj.com\/blog\/#\/schema\/person\/dcab619c614d3038751c63bc2aadc06d","name":"ulqini","sameAs":["http:\/\/www.visit-ulcinj.com"],"url":"https:\/\/www.visit-ulcinj.com\/blog\/author\/admin\/"}]}},"jetpack_featured_media_url":"","jetpack_sharing_enabled":true,"jetpack_shortlink":"https:\/\/wp.me\/pe6lTn-6aE","_links":{"self":[{"href":"https:\/\/www.visit-ulcinj.com\/blog\/wp-json\/wp\/v2\/posts\/23724"}],"collection":[{"href":"https:\/\/www.visit-ulcinj.com\/blog\/wp-json\/wp\/v2\/posts"}],"about":[{"href":"https:\/\/www.visit-ulcinj.com\/blog\/wp-json\/wp\/v2\/types\/post"}],"author":[{"embeddable":true,"href":"https:\/\/www.visit-ulcinj.com\/blog\/wp-json\/wp\/v2\/users\/1"}],"replies":[{"embeddable":true,"href":"https:\/\/www.visit-ulcinj.com\/blog\/wp-json\/wp\/v2\/comments?post=23724"}],"version-history":[{"count":0,"href":"https:\/\/www.visit-ulcinj.com\/blog\/wp-json\/wp\/v2\/posts\/23724\/revisions"}],"wp:attachment":[{"href":"https:\/\/www.visit-ulcinj.com\/blog\/wp-json\/wp\/v2\/media?parent=23724"}],"wp:term":[{"taxonomy":"category","embeddable":true,"href":"https:\/\/www.visit-ulcinj.com\/blog\/wp-json\/wp\/v2\/categories?post=23724"},{"taxonomy":"post_tag","embeddable":true,"href":"https:\/\/www.visit-ulcinj.com\/blog\/wp-json\/wp\/v2\/tags?post=23724"}],"curies":[{"name":"wp","href":"https:\/\/api.w.org\/{rel}","templated":true}]}}