{"id":23796,"date":"2009-07-07T17:20:34","date_gmt":"2009-07-07T15:20:34","guid":{"rendered":"http:\/\/www.visit-ulcinj.com\/blog\/?p=23796"},"modified":"2009-07-07T17:27:17","modified_gmt":"2009-07-07T15:27:17","slug":"ide-per-binjakezim-te-ulqinit-edhe-me-qytetet-franceze","status":"publish","type":"post","link":"https:\/\/www.visit-ulcinj.com\/blog\/2009\/07\/07\/ide-per-binjakezim-te-ulqinit-edhe-me-qytetet-franceze\/","title":{"rendered":"Ide p\u00ebr binjak\u00ebzim t\u00eb Ulqinit edhe me qytetet franceze"},"content":{"rendered":"<p><a href=\"http:\/\/www.visit-ulcinj.com\/blog\/wp-content\/uploads\/2009\/07\/Gezim-Hajdinaga_ambasadori-Bernard-Garancher-_Diane-Masson-_Giles-Pernet.2.jpg\"><img loading=\"lazy\" class=\"alignleft size-full wp-image-23797\" title=\"Gezim-Hajdinaga_ambasadori-Bernard-Garancher-_Diane-Masson-_Giles-Pernet.2\" src=\"http:\/\/www.visit-ulcinj.com\/blog\/wp-content\/uploads\/2009\/07\/Gezim-Hajdinaga_ambasadori-Bernard-Garancher-_Diane-Masson-_Giles-Pernet.2.jpg\" alt=\"Gezim-Hajdinaga_ambasadori-Bernard-Garancher-_Diane-Masson-_Giles-Pernet.2\" width=\"580\" height=\"400\" \/><\/a>Ulqin &#8211; Kryetari i Komun\u00ebs s\u00eb Ulqinit, G\u00ebzim Hajdinaga, dhe ambasadori i Franc\u00ebs n\u00eb Podgoric\u00eb, Bernard Garancher, kan\u00eb hedhur iden\u00eb e binjak\u00ebzimit t\u00eb Ulqinit me ndonj\u00eb qytet identik francez n\u00eb nj\u00eb t\u00eb ardhme t\u00eb af\u00ebrt.<br \/>\nN\u00eb kumtes\u00ebn p\u00ebr opinion t\u00eb zyr\u00ebs s\u00eb Kryetarit t\u00eb Komun\u00ebs s\u00eb Ulqinit thuhet se n\u00eb nj\u00eb bised\u00eb t\u00eb hapur dhe miq\u00ebsore u prek\u00ebn nj\u00eb s\u00ebr\u00eb temash q\u00eb kan\u00eb t\u00eb b\u00ebjn\u00eb me pozit\u00ebn e pakicave, vendin e tyre n\u00eb nj\u00eb shtet multinacional, pakic\u00ebn shqiptare si pakic\u00eb specifike dhe marr\u00ebdh\u00ebniet e saj me vendet fqinje, respektivisht me qytetet e Shqip\u00ebris\u00eb.<br \/>\nHajdinaga i ka njoftuar mysafir\u00ebt me at\u00eb se \u00e7far\u00eb \u00ebsht\u00eb b\u00ebr\u00eb p\u00ebr pakicat n\u00eb Mal t\u00eb Zi dhe angazhimet e m\u00ebtutjeshme t\u00eb nj\u00eb shteti si\u00e7 \u00ebsht\u00eb Mali i Zi q\u00eb synon drejt familjes s\u00eb madhe demokratike evropiane.<br \/>\nAi ka vler\u00ebsuar si shum\u00eb t\u00eb suksessh\u00ebm bashk\u00ebpunimin e Malit t\u00eb Zi me vendet e rajonit, konkretisht me Shqip\u00ebrin\u00eb.<br \/>\nHajdinaga ka folur edhe p\u00ebr marr\u00ebdh\u00ebniet q\u00eb ka komuna e Ulqinit me qytete t\u00eb ndrysh\u00ebm dhe marr\u00ebveshjet e bashk\u00ebpunimit q\u00eb ka n\u00ebnshkruar me shum\u00eb nga ato.<br \/>\nAmbasadori Garancher ka inicuar mbajtjen e takimit t\u00eb radh\u00ebs, ku do t\u00eb flitet p\u00ebr projektet zhvillimore t\u00eb Ulqinit dhe \u00e7\u00ebshtje t\u00eb tjera me interes t\u00eb nd\u00ebrsjell\u00eb.<br \/>\nGjat\u00eb vizit\u00ebs s\u00eb tij n\u00eb Ulqin, ambasadori francez Bernard Garancher shoq\u00ebrohej nga dy p\u00ebrfaq\u00ebsues t\u00eb Ministris\u00eb s\u00eb Mbrojtjes t\u00eb Franc\u00ebs, Diane Masson dhe Giles Pernet.<br \/>\n<strong>Kohapress<br \/>\n<\/strong><strong>[flv width=&#8221;580&#8243; height=&#8221;400&#8243;]http:\/\/look.streamakaci.com\/Videos_Clubs\/2008\/montenegro.flv[\/flv]<\/strong><br \/>\n<strong><\/strong><\/p>\n","protected":false},"excerpt":{"rendered":"<p>Ulqin &#8211; Kryetari i Komun\u00ebs s\u00eb Ulqinit, G\u00ebzim Hajdinaga, dhe ambasadori i Franc\u00ebs n\u00eb Podgoric\u00eb, Bernard Garancher, kan\u00eb hedhur iden\u00eb e binjak\u00ebzimit t\u00eb Ulqinit me ndonj\u00eb qytet identik francez n\u00eb nj\u00eb t\u00eb ardhme t\u00eb af\u00ebrt. N\u00eb kumtes\u00ebn p\u00ebr opinion t\u00eb zyr\u00ebs s\u00eb Kryetarit t\u00eb Komun\u00ebs s\u00eb Ulqinit thuhet se n\u00eb nj\u00eb bised\u00eb t\u00eb hapur dhe [&hellip;]<\/p>\n","protected":false},"author":1,"featured_media":0,"comment_status":"open","ping_status":"closed","sticky":false,"template":"","format":"standard","meta":{"spay_email":"","jetpack_publicize_message":"","jetpack_is_tweetstorm":false,"jetpack_publicize_feature_enabled":true},"categories":[1],"tags":[11746,11744,4564,11745,222,2515,2805,11404,11747],"jetpack_publicize_connections":[],"yoast_head":"<!-- This site is optimized with the Yoast SEO plugin v19.1 - https:\/\/yoast.com\/wordpress\/plugins\/seo\/ -->\n<title>Ide p\u00ebr binjak\u00ebzim t\u00eb Ulqinit edhe me qytetet franceze - Lajme nga Ulqini<\/title>\n<meta name=\"description\" content=\"Ulqin - Kryetari i Komun\u00ebs s\u00eb Ulqinit, G\u00ebzim Hajdinaga, dhe ambasadori i Franc\u00ebs n\u00eb Podgoric\u00eb, Bernard Garancher, kan\u00eb hedhur iden\u00eb e binjak\u00ebzimit t\u00eb\" \/>\n<meta name=\"robots\" content=\"index, follow, max-snippet:-1, max-image-preview:large, max-video-preview:-1\" \/>\n<link rel=\"canonical\" href=\"https:\/\/www.visit-ulcinj.com\/blog\/2009\/07\/07\/ide-per-binjakezim-te-ulqinit-edhe-me-qytetet-franceze\/\" \/>\n<meta property=\"og:locale\" content=\"en_US\" \/>\n<meta property=\"og:type\" content=\"article\" \/>\n<meta property=\"og:title\" content=\"Ide p\u00ebr binjak\u00ebzim t\u00eb Ulqinit edhe me qytetet franceze - Lajme nga Ulqini\" \/>\n<meta property=\"og:description\" content=\"Ulqin - Kryetari i Komun\u00ebs s\u00eb Ulqinit, G\u00ebzim Hajdinaga, dhe ambasadori i Franc\u00ebs n\u00eb Podgoric\u00eb, Bernard Garancher, kan\u00eb hedhur iden\u00eb e binjak\u00ebzimit t\u00eb\" \/>\n<meta property=\"og:url\" content=\"https:\/\/www.visit-ulcinj.com\/blog\/2009\/07\/07\/ide-per-binjakezim-te-ulqinit-edhe-me-qytetet-franceze\/\" \/>\n<meta property=\"og:site_name\" content=\"Lajme nga Ulqini\" \/>\n<meta property=\"article:published_time\" content=\"2009-07-07T15:20:34+00:00\" \/>\n<meta property=\"article:modified_time\" content=\"2009-07-07T15:27:17+00:00\" \/>\n<meta property=\"og:image\" content=\"http:\/\/www.visit-ulcinj.com\/blog\/wp-content\/uploads\/2009\/07\/Gezim-Hajdinaga_ambasadori-Bernard-Garancher-_Diane-Masson-_Giles-Pernet.2.jpg\" \/>\n<meta name=\"twitter:label1\" content=\"Written by\" \/>\n\t<meta name=\"twitter:data1\" content=\"ulqini\" \/>\n\t<meta name=\"twitter:label2\" content=\"Est. reading time\" \/>\n\t<meta name=\"twitter:data2\" content=\"1 minute\" \/>\n<script type=\"application\/ld+json\" class=\"yoast-schema-graph\">{\"@context\":\"https:\/\/schema.org\",\"@graph\":[{\"@type\":\"WebSite\",\"@id\":\"https:\/\/www.visit-ulcinj.com\/blog\/#website\",\"url\":\"https:\/\/www.visit-ulcinj.com\/blog\/\",\"name\":\"Lajme nga Ulqini\",\"description\":\"Lajme,Vijesti,Ulqini,Ulqin,Crna Gora,Mali i Zi\",\"potentialAction\":[{\"@type\":\"SearchAction\",\"target\":{\"@type\":\"EntryPoint\",\"urlTemplate\":\"https:\/\/www.visit-ulcinj.com\/blog\/?s={search_term_string}\"},\"query-input\":\"required name=search_term_string\"}],\"inLanguage\":\"en-US\"},{\"@type\":\"ImageObject\",\"inLanguage\":\"en-US\",\"@id\":\"https:\/\/www.visit-ulcinj.com\/blog\/2009\/07\/07\/ide-per-binjakezim-te-ulqinit-edhe-me-qytetet-franceze\/#primaryimage\",\"url\":\"https:\/\/www.visit-ulcinj.com\/blog\/wp-content\/uploads\/2009\/07\/Gezim-Hajdinaga_ambasadori-Bernard-Garancher-_Diane-Masson-_Giles-Pernet.2.jpg\",\"contentUrl\":\"https:\/\/www.visit-ulcinj.com\/blog\/wp-content\/uploads\/2009\/07\/Gezim-Hajdinaga_ambasadori-Bernard-Garancher-_Diane-Masson-_Giles-Pernet.2.jpg\",\"width\":\"1024\",\"height\":\"768\"},{\"@type\":\"WebPage\",\"@id\":\"https:\/\/www.visit-ulcinj.com\/blog\/2009\/07\/07\/ide-per-binjakezim-te-ulqinit-edhe-me-qytetet-franceze\/#webpage\",\"url\":\"https:\/\/www.visit-ulcinj.com\/blog\/2009\/07\/07\/ide-per-binjakezim-te-ulqinit-edhe-me-qytetet-franceze\/\",\"name\":\"Ide p\u00ebr binjak\u00ebzim t\u00eb Ulqinit edhe me qytetet franceze - Lajme nga Ulqini\",\"isPartOf\":{\"@id\":\"https:\/\/www.visit-ulcinj.com\/blog\/#website\"},\"primaryImageOfPage\":{\"@id\":\"https:\/\/www.visit-ulcinj.com\/blog\/2009\/07\/07\/ide-per-binjakezim-te-ulqinit-edhe-me-qytetet-franceze\/#primaryimage\"},\"datePublished\":\"2009-07-07T15:20:34+00:00\",\"dateModified\":\"2009-07-07T15:27:17+00:00\",\"author\":{\"@id\":\"https:\/\/www.visit-ulcinj.com\/blog\/#\/schema\/person\/dcab619c614d3038751c63bc2aadc06d\"},\"description\":\"Ulqin - Kryetari i Komun\u00ebs s\u00eb Ulqinit, G\u00ebzim Hajdinaga, dhe ambasadori i Franc\u00ebs n\u00eb Podgoric\u00eb, Bernard Garancher, kan\u00eb hedhur iden\u00eb e binjak\u00ebzimit t\u00eb\",\"breadcrumb\":{\"@id\":\"https:\/\/www.visit-ulcinj.com\/blog\/2009\/07\/07\/ide-per-binjakezim-te-ulqinit-edhe-me-qytetet-franceze\/#breadcrumb\"},\"inLanguage\":\"en-US\",\"potentialAction\":[{\"@type\":\"ReadAction\",\"target\":[\"https:\/\/www.visit-ulcinj.com\/blog\/2009\/07\/07\/ide-per-binjakezim-te-ulqinit-edhe-me-qytetet-franceze\/\"]}]},{\"@type\":\"BreadcrumbList\",\"@id\":\"https:\/\/www.visit-ulcinj.com\/blog\/2009\/07\/07\/ide-per-binjakezim-te-ulqinit-edhe-me-qytetet-franceze\/#breadcrumb\",\"itemListElement\":[{\"@type\":\"ListItem\",\"position\":1,\"name\":\"Ide p\u00ebr binjak\u00ebzim t\u00eb Ulqinit edhe me qytetet franceze\"}]},{\"@type\":\"Person\",\"@id\":\"https:\/\/www.visit-ulcinj.com\/blog\/#\/schema\/person\/dcab619c614d3038751c63bc2aadc06d\",\"name\":\"ulqini\",\"sameAs\":[\"http:\/\/www.visit-ulcinj.com\"],\"url\":\"https:\/\/www.visit-ulcinj.com\/blog\/author\/admin\/\"}]}<\/script>\n<!-- \/ Yoast SEO plugin. -->","yoast_head_json":{"title":"Ide p\u00ebr binjak\u00ebzim t\u00eb Ulqinit edhe me qytetet franceze - Lajme nga Ulqini","description":"Ulqin - Kryetari i Komun\u00ebs s\u00eb Ulqinit, G\u00ebzim Hajdinaga, dhe ambasadori i Franc\u00ebs n\u00eb Podgoric\u00eb, Bernard Garancher, kan\u00eb hedhur iden\u00eb e binjak\u00ebzimit t\u00eb","robots":{"index":"index","follow":"follow","max-snippet":"max-snippet:-1","max-image-preview":"max-image-preview:large","max-video-preview":"max-video-preview:-1"},"canonical":"https:\/\/www.visit-ulcinj.com\/blog\/2009\/07\/07\/ide-per-binjakezim-te-ulqinit-edhe-me-qytetet-franceze\/","og_locale":"en_US","og_type":"article","og_title":"Ide p\u00ebr binjak\u00ebzim t\u00eb Ulqinit edhe me qytetet franceze - Lajme nga Ulqini","og_description":"Ulqin - Kryetari i Komun\u00ebs s\u00eb Ulqinit, G\u00ebzim Hajdinaga, dhe ambasadori i Franc\u00ebs n\u00eb Podgoric\u00eb, Bernard Garancher, kan\u00eb hedhur iden\u00eb e binjak\u00ebzimit t\u00eb","og_url":"https:\/\/www.visit-ulcinj.com\/blog\/2009\/07\/07\/ide-per-binjakezim-te-ulqinit-edhe-me-qytetet-franceze\/","og_site_name":"Lajme nga Ulqini","article_published_time":"2009-07-07T15:20:34+00:00","article_modified_time":"2009-07-07T15:27:17+00:00","og_image":[{"url":"http:\/\/www.visit-ulcinj.com\/blog\/wp-content\/uploads\/2009\/07\/Gezim-Hajdinaga_ambasadori-Bernard-Garancher-_Diane-Masson-_Giles-Pernet.2.jpg"}],"twitter_misc":{"Written by":"ulqini","Est. reading time":"1 minute"},"schema":{"@context":"https:\/\/schema.org","@graph":[{"@type":"WebSite","@id":"https:\/\/www.visit-ulcinj.com\/blog\/#website","url":"https:\/\/www.visit-ulcinj.com\/blog\/","name":"Lajme nga Ulqini","description":"Lajme,Vijesti,Ulqini,Ulqin,Crna Gora,Mali i Zi","potentialAction":[{"@type":"SearchAction","target":{"@type":"EntryPoint","urlTemplate":"https:\/\/www.visit-ulcinj.com\/blog\/?s={search_term_string}"},"query-input":"required name=search_term_string"}],"inLanguage":"en-US"},{"@type":"ImageObject","inLanguage":"en-US","@id":"https:\/\/www.visit-ulcinj.com\/blog\/2009\/07\/07\/ide-per-binjakezim-te-ulqinit-edhe-me-qytetet-franceze\/#primaryimage","url":"https:\/\/www.visit-ulcinj.com\/blog\/wp-content\/uploads\/2009\/07\/Gezim-Hajdinaga_ambasadori-Bernard-Garancher-_Diane-Masson-_Giles-Pernet.2.jpg","contentUrl":"https:\/\/www.visit-ulcinj.com\/blog\/wp-content\/uploads\/2009\/07\/Gezim-Hajdinaga_ambasadori-Bernard-Garancher-_Diane-Masson-_Giles-Pernet.2.jpg","width":"1024","height":"768"},{"@type":"WebPage","@id":"https:\/\/www.visit-ulcinj.com\/blog\/2009\/07\/07\/ide-per-binjakezim-te-ulqinit-edhe-me-qytetet-franceze\/#webpage","url":"https:\/\/www.visit-ulcinj.com\/blog\/2009\/07\/07\/ide-per-binjakezim-te-ulqinit-edhe-me-qytetet-franceze\/","name":"Ide p\u00ebr binjak\u00ebzim t\u00eb Ulqinit edhe me qytetet franceze - Lajme nga Ulqini","isPartOf":{"@id":"https:\/\/www.visit-ulcinj.com\/blog\/#website"},"primaryImageOfPage":{"@id":"https:\/\/www.visit-ulcinj.com\/blog\/2009\/07\/07\/ide-per-binjakezim-te-ulqinit-edhe-me-qytetet-franceze\/#primaryimage"},"datePublished":"2009-07-07T15:20:34+00:00","dateModified":"2009-07-07T15:27:17+00:00","author":{"@id":"https:\/\/www.visit-ulcinj.com\/blog\/#\/schema\/person\/dcab619c614d3038751c63bc2aadc06d"},"description":"Ulqin - Kryetari i Komun\u00ebs s\u00eb Ulqinit, G\u00ebzim Hajdinaga, dhe ambasadori i Franc\u00ebs n\u00eb Podgoric\u00eb, Bernard Garancher, kan\u00eb hedhur iden\u00eb e binjak\u00ebzimit t\u00eb","breadcrumb":{"@id":"https:\/\/www.visit-ulcinj.com\/blog\/2009\/07\/07\/ide-per-binjakezim-te-ulqinit-edhe-me-qytetet-franceze\/#breadcrumb"},"inLanguage":"en-US","potentialAction":[{"@type":"ReadAction","target":["https:\/\/www.visit-ulcinj.com\/blog\/2009\/07\/07\/ide-per-binjakezim-te-ulqinit-edhe-me-qytetet-franceze\/"]}]},{"@type":"BreadcrumbList","@id":"https:\/\/www.visit-ulcinj.com\/blog\/2009\/07\/07\/ide-per-binjakezim-te-ulqinit-edhe-me-qytetet-franceze\/#breadcrumb","itemListElement":[{"@type":"ListItem","position":1,"name":"Ide p\u00ebr binjak\u00ebzim t\u00eb Ulqinit edhe me qytetet franceze"}]},{"@type":"Person","@id":"https:\/\/www.visit-ulcinj.com\/blog\/#\/schema\/person\/dcab619c614d3038751c63bc2aadc06d","name":"ulqini","sameAs":["http:\/\/www.visit-ulcinj.com"],"url":"https:\/\/www.visit-ulcinj.com\/blog\/author\/admin\/"}]}},"jetpack_featured_media_url":"","jetpack_sharing_enabled":true,"jetpack_shortlink":"https:\/\/wp.me\/pe6lTn-6bO","_links":{"self":[{"href":"https:\/\/www.visit-ulcinj.com\/blog\/wp-json\/wp\/v2\/posts\/23796"}],"collection":[{"href":"https:\/\/www.visit-ulcinj.com\/blog\/wp-json\/wp\/v2\/posts"}],"about":[{"href":"https:\/\/www.visit-ulcinj.com\/blog\/wp-json\/wp\/v2\/types\/post"}],"author":[{"embeddable":true,"href":"https:\/\/www.visit-ulcinj.com\/blog\/wp-json\/wp\/v2\/users\/1"}],"replies":[{"embeddable":true,"href":"https:\/\/www.visit-ulcinj.com\/blog\/wp-json\/wp\/v2\/comments?post=23796"}],"version-history":[{"count":0,"href":"https:\/\/www.visit-ulcinj.com\/blog\/wp-json\/wp\/v2\/posts\/23796\/revisions"}],"wp:attachment":[{"href":"https:\/\/www.visit-ulcinj.com\/blog\/wp-json\/wp\/v2\/media?parent=23796"}],"wp:term":[{"taxonomy":"category","embeddable":true,"href":"https:\/\/www.visit-ulcinj.com\/blog\/wp-json\/wp\/v2\/categories?post=23796"},{"taxonomy":"post_tag","embeddable":true,"href":"https:\/\/www.visit-ulcinj.com\/blog\/wp-json\/wp\/v2\/tags?post=23796"}],"curies":[{"name":"wp","href":"https:\/\/api.w.org\/{rel}","templated":true}]}}