{"id":23807,"date":"2009-07-07T18:36:19","date_gmt":"2009-07-07T16:36:19","guid":{"rendered":"http:\/\/www.visit-ulcinj.com\/blog\/?p=23807"},"modified":"2009-07-07T18:36:19","modified_gmt":"2009-07-07T16:36:19","slug":"perplasjet-qe-nuk-na-duhen","status":"publish","type":"post","link":"https:\/\/www.visit-ulcinj.com\/blog\/2009\/07\/07\/perplasjet-qe-nuk-na-duhen\/","title":{"rendered":"P\u00ebrplasjet q\u00eb nuk na duhen"},"content":{"rendered":"<p><a href=\"http:\/\/www.visit-ulcinj.com\/blog\/wp-content\/uploads\/2009\/07\/fair-play.jpg\"><img loading=\"lazy\" class=\"alignleft size-full wp-image-23808\" title=\"fair-play\" src=\"http:\/\/www.visit-ulcinj.com\/blog\/wp-content\/uploads\/2009\/07\/fair-play.jpg\" alt=\"fair-play\" width=\"352\" height=\"264\" \/><\/a>N\u00ebse votuesit u kan\u00eb dh\u00ebn\u00eb nj\u00eb vend n\u00eb politik\u00eb sipas sjelljeve t\u00eb tyre, \u00ebsht\u00eb e kot\u00eb t\u00eb pritet nj\u00eb trajtim tjet\u00ebr po nuk e ndryshuan vet\u00ebn.<br \/>\nP\u00ebrplasjet q\u00eb po na ndodhin koh\u00ebt e fundit rreth asaj se a duhet Tuzi t\u00eb jet\u00eb komun\u00eb m\u00eb vete apo komun\u00eb urbane n\u00eb kuad\u00ebr t\u00eb Podgoric\u00ebs, jan\u00eb m\u00eb tep\u00ebr politike e q\u00eb jan\u00eb shd\u00ebrruar n\u00eb nj\u00eb front lufte n\u00eb mes t\u00eb t\u00eb taborreve t\u00eb p\u00ebrfaq\u00ebsuesve t\u00eb UDSH-s\u00eb dhe p\u00ebrfaq\u00ebsuesve t\u00eb LD, n\u00eb MZ. Deklaratat e b\u00ebra si nga nj\u00ebri krah ashtu edhe nga krahu tjet\u00ebr na duken disi jobind\u00ebse p\u00ebr opinionin, ndaj shtrohet pyetja: A mos duan t\u00eb dalin q\u00ebllimisht nga vetvetja k\u00ebta politikan\u00eb p\u00ebr t\u2018na mbushur mendjen se \u00ebsht\u00eb mir\u00eb k\u00ebshtu, po edhe ashtu, gj\u00eb q\u00eb n\u00eb k\u00ebto momente arsyetimet e dh\u00ebna nuk shpiejn\u00eb drejt asaj q\u00eb shkon n\u00eb dobi t\u00eb banor\u00ebve t\u00eb Mal\u00ebsis\u00eb. Kjo \u00ebsht\u00eb ajo q\u00eb n\u00eb vazhdim\u00ebsi na ndodhin ngjarje t\u00eb pakontrolluara nga p\u00ebrfaq\u00ebsuesit e popullit dhe se pik\u00ebrisht ata jan\u00eb fajtor\u00eb pse sot po ndodhin t\u00eb k\u00ebqijat q\u00eb nuk do t\u2019na falen nga gjeneratat e ardhshme. K\u00ebto \u00e7rregullime n\u00eb tregun politik t\u00eb shqiptar\u00ebve n\u00eb Ma t\u00eb Zi po barten vend e pa vend, me \u00e7ka t\u00eb nj\u00ebjtit i b\u00ebn\u00eb t\u00eb dalluesh\u00ebm p\u00ebr veprime sa majtas aq djathtas vet\u00ebm e vet\u00ebm p\u00ebr t\u00eb bindur mas\u00ebn gjoja se jan\u00eb n\u00eb sh\u00ebrbim t\u00eb tyre. Arsyet p\u00ebr deklarata t\u00eb tilla i din\u00eb vet\u00ebm ata, ata jan\u00eb fajtor\u00ebt kryesor\u00eb p\u00ebr gjendjen e krijuar rreth funksionimit t\u00eb Komun\u00ebs Urbane t\u00eb Tuzit, pavar\u00ebsisht se a i takojn\u00eb pozit\u00ebs apo opozit\u00ebs. Ajo q\u00eb duhet shqet\u00ebsuar komunitetin shqiptar \u00ebsht\u00eb fakti se me sjellet q\u00eb b\u00ebjn\u00eb nuk mund t\u00eb ngjiten majeve t\u00eb demokracis\u00eb e t\u00eb sillen si mbret\u00ebr, gj\u00eb q\u00eb d\u00ebmin e krijuar, fal\u00eb politik\u00ebs q\u00eb ushtrojn\u00eb do ta paguajn\u00eb vet\u00ebm qytetar\u00ebt e Mal\u00ebsis\u00eb.<br \/>\nU fol shum\u00eb, u dhan\u00eb deklarata pro dhe kund\u00ebr q\u00ebndrueshm\u00ebris\u00eb m\u00eb vete t\u00eb k\u00ebtij territori, por asnj\u00ebri nga k\u00ebta deklarues nuk gjeti kurajon p\u00ebr t\u00eb bashk\u00ebvepruar para se t\u00eb dilet me deklarata, duke filluar nga politika, akonomia, arsimi e sh\u00ebndet\u00ebsia, me ndonj\u00eb tryez\u00eb t\u00eb p\u00ebrbashk\u00ebt p\u00ebr t\u00eb dh\u00ebn\u00eb t\u00eb argumentuar gjendjen reale, e p\u00ebr t\u00eb bindur secilin pjestar t\u00eb komunitetit shqiptar p\u00ebr at\u00eb q\u00eb quhet po dhe jo. P\u00ebr k\u00ebt\u00eb, zot\u00ebrinjt\u00eb \u00ebsht\u00eb mir\u00eb t\u00eb d\u00ebgjojn\u00eb z\u00ebrin e qytetarit sepse vet\u00ebm ai ka t\u00eb drejt\u00ebn t\u00eb vendos p\u00ebr m\u00eb t\u00eb mir\u00ebn dhe assesi k\u00ebta q\u00eb i bijn\u00eb nj\u00ebri kull\u00ebs e tjetri patkonit. Territori i Mal\u00ebsis\u00eb v\u00ebrtet\u00eb \u00ebsht\u00eb pjes\u00eb administrative e Podgoric\u00ebs, por shikuar realisht banor\u00ebt e saj e konsiderojn\u00eb veten t\u00eb shk\u00ebputur p\u00ebr shum\u00eb arsye, gj\u00eb q\u00eb realisht lypset arsyetuar me nj\u00eb projekt t\u00eb p\u00ebrbashk\u00ebt nga t\u00eb gjitha forcat politike q\u00eb veprojn\u00eb n\u00eb Mal\u00ebsi Po nuk ndodhi kjo ka rrezik p\u00ebr Mal\u00ebsin\u00eb q\u00eb dikush n\u00eb em\u00ebr t\u00eb vot\u00ebs t\u00eb shp\u00ebrfill\u00eb t\u00eb drejt\u00ebn e qytetar\u00ebve p\u00ebr t\u00eb th\u00ebn\u00eb fjal\u00ebn p\u00ebrfundimtare. Kjo \u00ebsht\u00eb ajo q\u00eb nuk duhet lejuar vetes p\u00ebr ndikim p\u00ebr t\u00eb keq, pra, qytetar\u00ebve t\u2019u lihet e drejta p\u00ebr vendosje demokratike, sepse e mira nuk ka fund. Ata jan\u00eb sovrani i demokracis\u00eb p\u00ebr t\u00eb vendosur p\u00ebr fatin e vet e kurr\u00ebsesi deklaratat e prij\u00ebsve q\u00eb personifikojn\u00eb regjimin demokratik me djallin. Kjo edhe p\u00ebr faktin se deklaratat pro dhe kund\u00ebr e l\u00ebn\u00eb territorin e Mal\u00ebsis\u00eb n\u00eb \u201cstatus quo\u201d, duke e penguar at\u00eb t\u00eb ket\u00eb ecuri pozitive.<br \/>\nPik\u00ebrisht n\u00eb k\u00ebto moment \u00ebsht\u00eb rasti m\u00eb i mir\u00eb q\u00eb askush t\u00eb mos i trembet t\u00eb v\u00ebrtet\u00ebs, edhe pse duket paksa e tepruar hedhja n\u00eb tregun politik e mund\u00ebsis\u00eb apo pamund\u00ebsis\u00eb q\u00eb komuna e Tuzit t\u00eb jet\u00eb urbane apo komun\u00eb e plot\u00eb. Kjo q\u00eb deklarohet nga prij\u00ebsit e politik\u00ebs shqiptare n\u00eb Mal t\u00eb Zi m\u00eb tep\u00ebr tregon nj\u00eb mllef ku aktor\u00ebt nxiton\u00eb t\u00eb japin mendime rreth k\u00ebsaj \u00e7\u00ebstjeje, gj\u00eb q\u00eb \u00ebsht\u00eb tentativ\u00eb e tyre p\u00ebr t\u00eb ekzistuar n\u00eb sk\u00ebn\u00ebn politike t\u00eb Mal\u00ebsis\u00eb, e n\u00eb an\u00ebn tjet\u00ebr kjo shikohet si lin\u00e7im ndaj kund\u00ebrshtarit politik p\u00ebr t\u00eb shprehur \u201cpik\u00ebllim\u201d p\u00ebr at\u00eb se \u00e7far\u00eb po ndodh\u00eb me komunitetin mal\u00ebsor. Kjo \u00ebsht\u00eb nj\u00eb luft\u00eb e tyre me t\u00eb cil\u00ebn duan q\u00eb realitetin ta shd\u00ebrrojn\u00eb n\u00eb r\u00ebnkim, gj\u00eb q\u00eb p\u00ebrplasjet e tilla nuk cojn\u00eb gj\u00ebkundi.Kjo luft\u00eb deklaratash na \u00ebsht\u00eb b\u00ebr\u00eb perde e hekurt p\u00ebr t\u00eb arritur atje ku pretendojm\u00eb. Kjo edhe p\u00ebr arsyen e thjesht\u00eb se brezat q\u00eb vijn\u00eb pas k\u00ebt\u00eb nuk kan\u00eb p\u00ebr t\u2019na falur kurr\u00eb duke e ditur se jemi rreshtuar gabim, ndaj t\u00eb k\u00ebqijat q\u00eb po na ndodhin jan\u00eb produkt i t\u00eb ashtuquajturve p\u00ebrfaq\u00ebsues t\u00eb popullit t\u00eb cil\u00ebt me veprime apo mosveprime n\u00eb koh\u00eb e moment t\u00eb caktuar shkaktojn\u00eb d\u00ebme t\u00eb pariparueshme p\u00ebr shoq\u00ebrin\u00eb n\u00eb t\u00ebrsi. Kjo tem\u00eb e r\u00ebnd\u00ebsishme p\u00ebr komunitetin e Mal\u00ebsis\u00eb \u00ebsht\u00eb provokuese edhe p\u00ebr faktin se para se t\u00eb dilet me deklarata, aktor\u00ebt politik\u00eb duhet q\u00eb para vetes t\u00eb ken\u00eb nj\u00eb studim rreth asaj q\u00eb deklarojn\u00eb e t\u00eb thon\u00eb t\u00eb v\u00ebrtet\u00ebn se cil\u00ebt jan\u00eb mekanizmat p\u00ebr t\u00eb fituar komun\u00ebn e pavarur t\u00eb Tuzit n\u00eb m\u00ebnyr\u00eb q\u00eb kjo t\u00eb mos mbetet n\u00eb suazat e politik\u00ebs, gj\u00eb q\u00eb n\u00eb k\u00ebto momente ka vet\u00ebm k\u00ebt\u00eb konatacion, e q\u00eb me em\u00ebr e mbem\u00ebr paraqet paaft\u00ebsin\u00eb e politikan\u00ebve shqiptar\u00eb t\u00eb Malit t\u00eb Zi p\u00ebr t\u2019u p\u00ebrballur me realitetin , me problemet e mal\u00ebsor\u00ebve q\u00eb tashm\u00eb nuk pranojn\u00eb t\u00eb g\u00eblltisin sapunin p\u00ebr djath\u00eb, si\u00e7 mendojn\u00eb t\u2019u ofrojn\u00eb k\u00ebta politikan\u00eb duke ju qasur vet\u00ebm an\u00ebs politike p\u00ebr \u00e7ka anashkalojn\u00eb resurset kryesore t\u00eb cil\u00ebt do ta b\u00ebnin t\u00eb q\u00ebndrueshme teorin\u00eb e arsyetimit p\u00ebr komun\u00eb t\u00eb plot\u00eb apo komun\u00eb urbane. N\u00eb rastin konkret viktim\u00eb jan\u00eb mal\u00ebsor\u00ebt, pavar\u00ebsisht deklaratave t\u00eb fryra nga ku e v\u00ebrteta sot ose nes\u00ebr do t\u00eb dal\u00eb n\u00eb shesh, qoft\u00eb kjo edhe e hidhur. Ndaj duhet gjykuar mir\u00eb, qofshin ata gjykime personale apo kolektive n\u00eb m\u00ebnyr\u00eb q\u00eb para opinionit t\u00eb mos dalin qesharak\u00eb p\u00ebr vet\u00eb kuptimet e tyre. Esht\u00eb e drejt\u00eb e tyre, t\u00eb pakt\u00ebn morale, t\u2019u flasin qytetar\u00ebve mal\u00ebsor\u00eb p\u00ebr d\u00ebshtimet dhe keq\u00ebsimin e kontinuitetit politikan\u00eb- qytetar\u00eb.<\/p>\n<p><strong>Shaban Peraj<br \/>\nKoha Javore<br \/>\n<!--YouTube Error: bad URL entered--><\/strong><\/p>\n","protected":false},"excerpt":{"rendered":"<p>N\u00ebse votuesit u kan\u00eb dh\u00ebn\u00eb nj\u00eb vend n\u00eb politik\u00eb sipas sjelljeve t\u00eb tyre, \u00ebsht\u00eb e kot\u00eb t\u00eb pritet nj\u00eb trajtim tjet\u00ebr po nuk e ndryshuan vet\u00ebn. P\u00ebrplasjet q\u00eb po na ndodhin koh\u00ebt e fundit rreth asaj se a duhet Tuzi t\u00eb jet\u00eb komun\u00eb m\u00eb vete apo komun\u00eb urbane n\u00eb kuad\u00ebr t\u00eb Podgoric\u00ebs, jan\u00eb m\u00eb tep\u00ebr [&hellip;]<\/p>\n","protected":false},"author":1,"featured_media":0,"comment_status":"open","ping_status":"closed","sticky":false,"template":"","format":"standard","meta":{"spay_email":"","jetpack_publicize_message":"","jetpack_is_tweetstorm":false,"jetpack_publicize_feature_enabled":true},"categories":[6],"tags":[4678,688,1649],"jetpack_publicize_connections":[],"yoast_head":"<!-- This site is optimized with the Yoast SEO plugin v19.1 - https:\/\/yoast.com\/wordpress\/plugins\/seo\/ -->\n<title>P\u00ebrplasjet q\u00eb nuk na duhen - Lajme nga Ulqini<\/title>\n<meta name=\"description\" content=\"N\u00ebse votuesit u kan\u00eb dh\u00ebn\u00eb nj\u00eb vend n\u00eb politik\u00eb sipas sjelljeve t\u00eb tyre, \u00ebsht\u00eb e kot\u00eb t\u00eb pritet nj\u00eb trajtim tjet\u00ebr po nuk e ndryshuan vet\u00ebn. P\u00ebrplasjet q\u00eb\" \/>\n<meta name=\"robots\" content=\"index, follow, max-snippet:-1, max-image-preview:large, max-video-preview:-1\" \/>\n<link rel=\"canonical\" href=\"https:\/\/www.visit-ulcinj.com\/blog\/2009\/07\/07\/perplasjet-qe-nuk-na-duhen\/\" \/>\n<meta property=\"og:locale\" content=\"en_US\" \/>\n<meta property=\"og:type\" content=\"article\" \/>\n<meta property=\"og:title\" content=\"P\u00ebrplasjet q\u00eb nuk na duhen - Lajme nga Ulqini\" \/>\n<meta property=\"og:description\" content=\"N\u00ebse votuesit u kan\u00eb dh\u00ebn\u00eb nj\u00eb vend n\u00eb politik\u00eb sipas sjelljeve t\u00eb tyre, \u00ebsht\u00eb e kot\u00eb t\u00eb pritet nj\u00eb trajtim tjet\u00ebr po nuk e ndryshuan vet\u00ebn. P\u00ebrplasjet q\u00eb\" \/>\n<meta property=\"og:url\" content=\"https:\/\/www.visit-ulcinj.com\/blog\/2009\/07\/07\/perplasjet-qe-nuk-na-duhen\/\" \/>\n<meta property=\"og:site_name\" content=\"Lajme nga Ulqini\" \/>\n<meta property=\"article:published_time\" content=\"2009-07-07T16:36:19+00:00\" \/>\n<meta property=\"og:image\" content=\"http:\/\/www.visit-ulcinj.com\/blog\/wp-content\/uploads\/2009\/07\/fair-play.jpg\" \/>\n<meta name=\"twitter:label1\" content=\"Written by\" \/>\n\t<meta name=\"twitter:data1\" content=\"ulqini\" \/>\n\t<meta name=\"twitter:label2\" content=\"Est. reading time\" \/>\n\t<meta name=\"twitter:data2\" content=\"6 minutes\" \/>\n<script type=\"application\/ld+json\" class=\"yoast-schema-graph\">{\"@context\":\"https:\/\/schema.org\",\"@graph\":[{\"@type\":\"WebSite\",\"@id\":\"https:\/\/www.visit-ulcinj.com\/blog\/#website\",\"url\":\"https:\/\/www.visit-ulcinj.com\/blog\/\",\"name\":\"Lajme nga Ulqini\",\"description\":\"Lajme,Vijesti,Ulqini,Ulqin,Crna Gora,Mali i Zi\",\"potentialAction\":[{\"@type\":\"SearchAction\",\"target\":{\"@type\":\"EntryPoint\",\"urlTemplate\":\"https:\/\/www.visit-ulcinj.com\/blog\/?s={search_term_string}\"},\"query-input\":\"required name=search_term_string\"}],\"inLanguage\":\"en-US\"},{\"@type\":\"ImageObject\",\"inLanguage\":\"en-US\",\"@id\":\"https:\/\/www.visit-ulcinj.com\/blog\/2009\/07\/07\/perplasjet-qe-nuk-na-duhen\/#primaryimage\",\"url\":\"http:\/\/www.visit-ulcinj.com\/blog\/wp-content\/uploads\/2009\/07\/fair-play.jpg\",\"contentUrl\":\"http:\/\/www.visit-ulcinj.com\/blog\/wp-content\/uploads\/2009\/07\/fair-play.jpg\"},{\"@type\":\"WebPage\",\"@id\":\"https:\/\/www.visit-ulcinj.com\/blog\/2009\/07\/07\/perplasjet-qe-nuk-na-duhen\/#webpage\",\"url\":\"https:\/\/www.visit-ulcinj.com\/blog\/2009\/07\/07\/perplasjet-qe-nuk-na-duhen\/\",\"name\":\"P\u00ebrplasjet q\u00eb nuk na duhen - Lajme nga Ulqini\",\"isPartOf\":{\"@id\":\"https:\/\/www.visit-ulcinj.com\/blog\/#website\"},\"primaryImageOfPage\":{\"@id\":\"https:\/\/www.visit-ulcinj.com\/blog\/2009\/07\/07\/perplasjet-qe-nuk-na-duhen\/#primaryimage\"},\"datePublished\":\"2009-07-07T16:36:19+00:00\",\"dateModified\":\"2009-07-07T16:36:19+00:00\",\"author\":{\"@id\":\"https:\/\/www.visit-ulcinj.com\/blog\/#\/schema\/person\/dcab619c614d3038751c63bc2aadc06d\"},\"description\":\"N\u00ebse votuesit u kan\u00eb dh\u00ebn\u00eb nj\u00eb vend n\u00eb politik\u00eb sipas sjelljeve t\u00eb tyre, \u00ebsht\u00eb e kot\u00eb t\u00eb pritet nj\u00eb trajtim tjet\u00ebr po nuk e ndryshuan vet\u00ebn. P\u00ebrplasjet q\u00eb\",\"breadcrumb\":{\"@id\":\"https:\/\/www.visit-ulcinj.com\/blog\/2009\/07\/07\/perplasjet-qe-nuk-na-duhen\/#breadcrumb\"},\"inLanguage\":\"en-US\",\"potentialAction\":[{\"@type\":\"ReadAction\",\"target\":[\"https:\/\/www.visit-ulcinj.com\/blog\/2009\/07\/07\/perplasjet-qe-nuk-na-duhen\/\"]}]},{\"@type\":\"BreadcrumbList\",\"@id\":\"https:\/\/www.visit-ulcinj.com\/blog\/2009\/07\/07\/perplasjet-qe-nuk-na-duhen\/#breadcrumb\",\"itemListElement\":[{\"@type\":\"ListItem\",\"position\":1,\"name\":\"P\u00ebrplasjet q\u00eb nuk na duhen\"}]},{\"@type\":\"Person\",\"@id\":\"https:\/\/www.visit-ulcinj.com\/blog\/#\/schema\/person\/dcab619c614d3038751c63bc2aadc06d\",\"name\":\"ulqini\",\"sameAs\":[\"http:\/\/www.visit-ulcinj.com\"],\"url\":\"https:\/\/www.visit-ulcinj.com\/blog\/author\/admin\/\"}]}<\/script>\n<!-- \/ Yoast SEO plugin. -->","yoast_head_json":{"title":"P\u00ebrplasjet q\u00eb nuk na duhen - Lajme nga Ulqini","description":"N\u00ebse votuesit u kan\u00eb dh\u00ebn\u00eb nj\u00eb vend n\u00eb politik\u00eb sipas sjelljeve t\u00eb tyre, \u00ebsht\u00eb e kot\u00eb t\u00eb pritet nj\u00eb trajtim tjet\u00ebr po nuk e ndryshuan vet\u00ebn. P\u00ebrplasjet q\u00eb","robots":{"index":"index","follow":"follow","max-snippet":"max-snippet:-1","max-image-preview":"max-image-preview:large","max-video-preview":"max-video-preview:-1"},"canonical":"https:\/\/www.visit-ulcinj.com\/blog\/2009\/07\/07\/perplasjet-qe-nuk-na-duhen\/","og_locale":"en_US","og_type":"article","og_title":"P\u00ebrplasjet q\u00eb nuk na duhen - Lajme nga Ulqini","og_description":"N\u00ebse votuesit u kan\u00eb dh\u00ebn\u00eb nj\u00eb vend n\u00eb politik\u00eb sipas sjelljeve t\u00eb tyre, \u00ebsht\u00eb e kot\u00eb t\u00eb pritet nj\u00eb trajtim tjet\u00ebr po nuk e ndryshuan vet\u00ebn. P\u00ebrplasjet q\u00eb","og_url":"https:\/\/www.visit-ulcinj.com\/blog\/2009\/07\/07\/perplasjet-qe-nuk-na-duhen\/","og_site_name":"Lajme nga Ulqini","article_published_time":"2009-07-07T16:36:19+00:00","og_image":[{"url":"http:\/\/www.visit-ulcinj.com\/blog\/wp-content\/uploads\/2009\/07\/fair-play.jpg"}],"twitter_misc":{"Written by":"ulqini","Est. reading time":"6 minutes"},"schema":{"@context":"https:\/\/schema.org","@graph":[{"@type":"WebSite","@id":"https:\/\/www.visit-ulcinj.com\/blog\/#website","url":"https:\/\/www.visit-ulcinj.com\/blog\/","name":"Lajme nga Ulqini","description":"Lajme,Vijesti,Ulqini,Ulqin,Crna Gora,Mali i Zi","potentialAction":[{"@type":"SearchAction","target":{"@type":"EntryPoint","urlTemplate":"https:\/\/www.visit-ulcinj.com\/blog\/?s={search_term_string}"},"query-input":"required name=search_term_string"}],"inLanguage":"en-US"},{"@type":"ImageObject","inLanguage":"en-US","@id":"https:\/\/www.visit-ulcinj.com\/blog\/2009\/07\/07\/perplasjet-qe-nuk-na-duhen\/#primaryimage","url":"http:\/\/www.visit-ulcinj.com\/blog\/wp-content\/uploads\/2009\/07\/fair-play.jpg","contentUrl":"http:\/\/www.visit-ulcinj.com\/blog\/wp-content\/uploads\/2009\/07\/fair-play.jpg"},{"@type":"WebPage","@id":"https:\/\/www.visit-ulcinj.com\/blog\/2009\/07\/07\/perplasjet-qe-nuk-na-duhen\/#webpage","url":"https:\/\/www.visit-ulcinj.com\/blog\/2009\/07\/07\/perplasjet-qe-nuk-na-duhen\/","name":"P\u00ebrplasjet q\u00eb nuk na duhen - Lajme nga Ulqini","isPartOf":{"@id":"https:\/\/www.visit-ulcinj.com\/blog\/#website"},"primaryImageOfPage":{"@id":"https:\/\/www.visit-ulcinj.com\/blog\/2009\/07\/07\/perplasjet-qe-nuk-na-duhen\/#primaryimage"},"datePublished":"2009-07-07T16:36:19+00:00","dateModified":"2009-07-07T16:36:19+00:00","author":{"@id":"https:\/\/www.visit-ulcinj.com\/blog\/#\/schema\/person\/dcab619c614d3038751c63bc2aadc06d"},"description":"N\u00ebse votuesit u kan\u00eb dh\u00ebn\u00eb nj\u00eb vend n\u00eb politik\u00eb sipas sjelljeve t\u00eb tyre, \u00ebsht\u00eb e kot\u00eb t\u00eb pritet nj\u00eb trajtim tjet\u00ebr po nuk e ndryshuan vet\u00ebn. P\u00ebrplasjet q\u00eb","breadcrumb":{"@id":"https:\/\/www.visit-ulcinj.com\/blog\/2009\/07\/07\/perplasjet-qe-nuk-na-duhen\/#breadcrumb"},"inLanguage":"en-US","potentialAction":[{"@type":"ReadAction","target":["https:\/\/www.visit-ulcinj.com\/blog\/2009\/07\/07\/perplasjet-qe-nuk-na-duhen\/"]}]},{"@type":"BreadcrumbList","@id":"https:\/\/www.visit-ulcinj.com\/blog\/2009\/07\/07\/perplasjet-qe-nuk-na-duhen\/#breadcrumb","itemListElement":[{"@type":"ListItem","position":1,"name":"P\u00ebrplasjet q\u00eb nuk na duhen"}]},{"@type":"Person","@id":"https:\/\/www.visit-ulcinj.com\/blog\/#\/schema\/person\/dcab619c614d3038751c63bc2aadc06d","name":"ulqini","sameAs":["http:\/\/www.visit-ulcinj.com"],"url":"https:\/\/www.visit-ulcinj.com\/blog\/author\/admin\/"}]}},"jetpack_featured_media_url":"","jetpack_sharing_enabled":true,"jetpack_shortlink":"https:\/\/wp.me\/pe6lTn-6bZ","_links":{"self":[{"href":"https:\/\/www.visit-ulcinj.com\/blog\/wp-json\/wp\/v2\/posts\/23807"}],"collection":[{"href":"https:\/\/www.visit-ulcinj.com\/blog\/wp-json\/wp\/v2\/posts"}],"about":[{"href":"https:\/\/www.visit-ulcinj.com\/blog\/wp-json\/wp\/v2\/types\/post"}],"author":[{"embeddable":true,"href":"https:\/\/www.visit-ulcinj.com\/blog\/wp-json\/wp\/v2\/users\/1"}],"replies":[{"embeddable":true,"href":"https:\/\/www.visit-ulcinj.com\/blog\/wp-json\/wp\/v2\/comments?post=23807"}],"version-history":[{"count":0,"href":"https:\/\/www.visit-ulcinj.com\/blog\/wp-json\/wp\/v2\/posts\/23807\/revisions"}],"wp:attachment":[{"href":"https:\/\/www.visit-ulcinj.com\/blog\/wp-json\/wp\/v2\/media?parent=23807"}],"wp:term":[{"taxonomy":"category","embeddable":true,"href":"https:\/\/www.visit-ulcinj.com\/blog\/wp-json\/wp\/v2\/categories?post=23807"},{"taxonomy":"post_tag","embeddable":true,"href":"https:\/\/www.visit-ulcinj.com\/blog\/wp-json\/wp\/v2\/tags?post=23807"}],"curies":[{"name":"wp","href":"https:\/\/api.w.org\/{rel}","templated":true}]}}