{"id":23819,"date":"2009-07-07T19:26:06","date_gmt":"2009-07-07T17:26:06","guid":{"rendered":"http:\/\/www.visit-ulcinj.com\/blog\/?p=23819"},"modified":"2009-07-07T19:26:06","modified_gmt":"2009-07-07T17:26:06","slug":"hajdinaga-nijesu-ni-culi-moj-izvjestaj","status":"publish","type":"post","link":"https:\/\/www.visit-ulcinj.com\/blog\/2009\/07\/07\/hajdinaga-nijesu-ni-culi-moj-izvjestaj\/","title":{"rendered":"Hajdinaga: Nijesu ni ?uli moj izvje\u0161taj"},"content":{"rendered":"<p><strong><a href=\"http:\/\/www.visit-ulcinj.com\/blog\/wp-content\/uploads\/2009\/07\/gezim-hajdinaga_ulcinj.JPG\"><img loading=\"lazy\" class=\"alignright size-full wp-image-23820\" title=\"gezim hajdinaga_ulcinj\" src=\"http:\/\/www.visit-ulcinj.com\/blog\/wp-content\/uploads\/2009\/07\/gezim-hajdinaga_ulcinj.JPG\" alt=\"gezim hajdinaga_ulcinj\" width=\"180\" height=\"533\" srcset=\"https:\/\/www.visit-ulcinj.com\/blog\/wp-content\/uploads\/2009\/07\/gezim-hajdinaga_ulcinj.JPG 180w, https:\/\/www.visit-ulcinj.com\/blog\/wp-content\/uploads\/2009\/07\/gezim-hajdinaga_ulcinj-101x300.jpg 101w\" sizes=\"(max-width: 180px) 100vw, 180px\" \/><\/a>Hajdinaga kritikovao opoziciju<\/strong><br \/>\nUlcinj \u2013 Gradona?elnik Ulcinja Gzim Hajdinaga kritikovao je ju?e opoziciju u jednoiposatnom govoru u Skup\u0161tini op\u0161tine kojim je dodatno zao\u0161trio odnose sa ?elnicima Force.<br \/>\n\u201eOd njih mi ni do danas nije stigla nijedna dobronamjerna sugestija. Zlonamjerno tvrde da ne?e biti realizovani obe?ani projekti. Razo?ara?u ih time \u0161to ?u najaviti skoru gradnju sportske hale, kaceme i mosta na Port Mileni\u201c, poru?io je Hajdinaga Nazifu Cunguu i D\u017eaudetu Cakuliju, koji nijesu imali pravo na repliku.<br \/>\nTokom dva dana rasprave u parlamentu, ?elnici Force bili su naj\u017ee\u0161?i kriti?ari izvje\u0161taja o pro\u0161logodi\u0161njem radu Hajdinage optu\u017euju?i gradona?elnika za davanje la\u017enih obe?anja i za rad protiv interesa gra?ana.<br \/>\nUprkos tome, odbornici su ju?e, ve?inom glasova, usvojili izvje\u0161taj koji ambiciozno najavljuje realizaciju nekoliko strate\u0161kih projekata, a pitanje Valdanosa dovodi pred svr\u0161en ?in.<br \/>\n\u201eValdanos ?e biti valorizovan, jer ova vlast ne \u017eeli da bude barijera razvoju grada. Tamo ?e se investirati i otvoriti nova radna mjesta, ali ne na u\u0161trb nijednog korijena masline\u201c, kazao je Hajdinaga.<br \/>\nOn je ponovio da je za biv\u0161e vlasnike u ovom trenutku najbolja varijanta da zaklju?e ugovore sa Vladom o zakupu na 30 godina.<br \/>\n\u201eBolje je da nas investitori na?u u na\u0161im maslinjacima nego da zateknu pusto\u0161. U me?uvremenu, sudovi ?e dati kona?nu rije? o povra?aju\u201c, kazao je Hajdinaga.<br \/>\nOn je zamjerio cijeloj opoziciji \u0161to nije bila u sali kada je prezentovao svoj izvje\u0161taj o radu.<br \/>\nSkup\u0161tina rad nastavlja u petak.<br \/>\n<strong>S.A.<br \/>\n<a href=\"http:\/\/www.vijesti.cg.yu\/index.php?id_pre=309680&amp;godina=2009\" target=\"_blank\">Vijesti<\/a><\/strong><\/p>\n<p><strong><!-- vimeo error: not a vimeo video --><br \/>\n<\/strong><\/p>\n","protected":false},"excerpt":{"rendered":"<p>Hajdinaga kritikovao opoziciju Ulcinj \u2013 Gradona?elnik Ulcinja Gzim Hajdinaga kritikovao je ju?e opoziciju u jednoiposatnom govoru u Skup\u0161tini op\u0161tine kojim je dodatno zao\u0161trio odnose sa ?elnicima Force. \u201eOd njih mi ni do danas nije stigla nijedna dobronamjerna sugestija. Zlonamjerno tvrde da ne?e biti realizovani obe?ani projekti. Razo?ara?u ih time \u0161to ?u najaviti skoru gradnju sportske [&hellip;]<\/p>\n","protected":false},"author":1,"featured_media":0,"comment_status":"open","ping_status":"closed","sticky":false,"template":"","format":"standard","meta":{"spay_email":"","jetpack_publicize_message":"","jetpack_is_tweetstorm":false,"jetpack_publicize_feature_enabled":true},"categories":[8337],"tags":[700,2417,11751,11750,136],"jetpack_publicize_connections":[],"yoast_head":"<!-- This site is optimized with the Yoast SEO plugin v19.1 - https:\/\/yoast.com\/wordpress\/plugins\/seo\/ -->\n<title>Hajdinaga: Nijesu ni ?uli moj izvje\u0161taj - Lajme nga Ulqini<\/title>\n<meta name=\"description\" content=\"Hajdinaga kritikovao opoziciju Ulcinj \u2013 Gradona?elnik Ulcinja Gzim Hajdinaga kritikovao je ju?e opoziciju u jednoiposatnom govoru u Skup\u0161tini op\u0161tine\" \/>\n<meta name=\"robots\" content=\"index, follow, max-snippet:-1, max-image-preview:large, max-video-preview:-1\" \/>\n<link rel=\"canonical\" href=\"https:\/\/www.visit-ulcinj.com\/blog\/2009\/07\/07\/hajdinaga-nijesu-ni-culi-moj-izvjestaj\/\" \/>\n<meta property=\"og:locale\" content=\"en_US\" \/>\n<meta property=\"og:type\" content=\"article\" \/>\n<meta property=\"og:title\" content=\"Hajdinaga: Nijesu ni ?uli moj izvje\u0161taj - Lajme nga Ulqini\" \/>\n<meta property=\"og:description\" content=\"Hajdinaga kritikovao opoziciju Ulcinj \u2013 Gradona?elnik Ulcinja Gzim Hajdinaga kritikovao je ju?e opoziciju u jednoiposatnom govoru u Skup\u0161tini op\u0161tine\" \/>\n<meta property=\"og:url\" content=\"https:\/\/www.visit-ulcinj.com\/blog\/2009\/07\/07\/hajdinaga-nijesu-ni-culi-moj-izvjestaj\/\" \/>\n<meta property=\"og:site_name\" content=\"Lajme nga Ulqini\" \/>\n<meta property=\"article:published_time\" content=\"2009-07-07T17:26:06+00:00\" \/>\n<meta property=\"og:image\" content=\"http:\/\/www.visit-ulcinj.com\/blog\/wp-content\/uploads\/2009\/07\/gezim-hajdinaga_ulcinj.JPG\" \/>\n<meta name=\"twitter:label1\" content=\"Written by\" \/>\n\t<meta name=\"twitter:data1\" content=\"ulqini\" \/>\n\t<meta name=\"twitter:label2\" content=\"Est. reading time\" \/>\n\t<meta name=\"twitter:data2\" content=\"1 minute\" \/>\n<script type=\"application\/ld+json\" class=\"yoast-schema-graph\">{\"@context\":\"https:\/\/schema.org\",\"@graph\":[{\"@type\":\"WebSite\",\"@id\":\"https:\/\/www.visit-ulcinj.com\/blog\/#website\",\"url\":\"https:\/\/www.visit-ulcinj.com\/blog\/\",\"name\":\"Lajme nga Ulqini\",\"description\":\"Lajme,Vijesti,Ulqini,Ulqin,Crna Gora,Mali i Zi\",\"potentialAction\":[{\"@type\":\"SearchAction\",\"target\":{\"@type\":\"EntryPoint\",\"urlTemplate\":\"https:\/\/www.visit-ulcinj.com\/blog\/?s={search_term_string}\"},\"query-input\":\"required name=search_term_string\"}],\"inLanguage\":\"en-US\"},{\"@type\":\"ImageObject\",\"inLanguage\":\"en-US\",\"@id\":\"https:\/\/www.visit-ulcinj.com\/blog\/2009\/07\/07\/hajdinaga-nijesu-ni-culi-moj-izvjestaj\/#primaryimage\",\"url\":\"https:\/\/www.visit-ulcinj.com\/blog\/wp-content\/uploads\/2009\/07\/gezim-hajdinaga_ulcinj.JPG\",\"contentUrl\":\"https:\/\/www.visit-ulcinj.com\/blog\/wp-content\/uploads\/2009\/07\/gezim-hajdinaga_ulcinj.JPG\",\"width\":\"180\",\"height\":\"533\"},{\"@type\":\"WebPage\",\"@id\":\"https:\/\/www.visit-ulcinj.com\/blog\/2009\/07\/07\/hajdinaga-nijesu-ni-culi-moj-izvjestaj\/#webpage\",\"url\":\"https:\/\/www.visit-ulcinj.com\/blog\/2009\/07\/07\/hajdinaga-nijesu-ni-culi-moj-izvjestaj\/\",\"name\":\"Hajdinaga: Nijesu ni ?uli moj izvje\u0161taj - Lajme nga Ulqini\",\"isPartOf\":{\"@id\":\"https:\/\/www.visit-ulcinj.com\/blog\/#website\"},\"primaryImageOfPage\":{\"@id\":\"https:\/\/www.visit-ulcinj.com\/blog\/2009\/07\/07\/hajdinaga-nijesu-ni-culi-moj-izvjestaj\/#primaryimage\"},\"datePublished\":\"2009-07-07T17:26:06+00:00\",\"dateModified\":\"2009-07-07T17:26:06+00:00\",\"author\":{\"@id\":\"https:\/\/www.visit-ulcinj.com\/blog\/#\/schema\/person\/dcab619c614d3038751c63bc2aadc06d\"},\"description\":\"Hajdinaga kritikovao opoziciju Ulcinj \u2013 Gradona?elnik Ulcinja Gzim Hajdinaga kritikovao je ju?e opoziciju u jednoiposatnom govoru u Skup\u0161tini op\u0161tine\",\"breadcrumb\":{\"@id\":\"https:\/\/www.visit-ulcinj.com\/blog\/2009\/07\/07\/hajdinaga-nijesu-ni-culi-moj-izvjestaj\/#breadcrumb\"},\"inLanguage\":\"en-US\",\"potentialAction\":[{\"@type\":\"ReadAction\",\"target\":[\"https:\/\/www.visit-ulcinj.com\/blog\/2009\/07\/07\/hajdinaga-nijesu-ni-culi-moj-izvjestaj\/\"]}]},{\"@type\":\"BreadcrumbList\",\"@id\":\"https:\/\/www.visit-ulcinj.com\/blog\/2009\/07\/07\/hajdinaga-nijesu-ni-culi-moj-izvjestaj\/#breadcrumb\",\"itemListElement\":[{\"@type\":\"ListItem\",\"position\":1,\"name\":\"Hajdinaga: Nijesu ni ?uli moj izvje\u0161taj\"}]},{\"@type\":\"Person\",\"@id\":\"https:\/\/www.visit-ulcinj.com\/blog\/#\/schema\/person\/dcab619c614d3038751c63bc2aadc06d\",\"name\":\"ulqini\",\"sameAs\":[\"http:\/\/www.visit-ulcinj.com\"],\"url\":\"https:\/\/www.visit-ulcinj.com\/blog\/author\/admin\/\"}]}<\/script>\n<!-- \/ Yoast SEO plugin. -->","yoast_head_json":{"title":"Hajdinaga: Nijesu ni ?uli moj izvje\u0161taj - Lajme nga Ulqini","description":"Hajdinaga kritikovao opoziciju Ulcinj \u2013 Gradona?elnik Ulcinja Gzim Hajdinaga kritikovao je ju?e opoziciju u jednoiposatnom govoru u Skup\u0161tini op\u0161tine","robots":{"index":"index","follow":"follow","max-snippet":"max-snippet:-1","max-image-preview":"max-image-preview:large","max-video-preview":"max-video-preview:-1"},"canonical":"https:\/\/www.visit-ulcinj.com\/blog\/2009\/07\/07\/hajdinaga-nijesu-ni-culi-moj-izvjestaj\/","og_locale":"en_US","og_type":"article","og_title":"Hajdinaga: Nijesu ni ?uli moj izvje\u0161taj - Lajme nga Ulqini","og_description":"Hajdinaga kritikovao opoziciju Ulcinj \u2013 Gradona?elnik Ulcinja Gzim Hajdinaga kritikovao je ju?e opoziciju u jednoiposatnom govoru u Skup\u0161tini op\u0161tine","og_url":"https:\/\/www.visit-ulcinj.com\/blog\/2009\/07\/07\/hajdinaga-nijesu-ni-culi-moj-izvjestaj\/","og_site_name":"Lajme nga Ulqini","article_published_time":"2009-07-07T17:26:06+00:00","og_image":[{"url":"http:\/\/www.visit-ulcinj.com\/blog\/wp-content\/uploads\/2009\/07\/gezim-hajdinaga_ulcinj.JPG"}],"twitter_misc":{"Written by":"ulqini","Est. reading time":"1 minute"},"schema":{"@context":"https:\/\/schema.org","@graph":[{"@type":"WebSite","@id":"https:\/\/www.visit-ulcinj.com\/blog\/#website","url":"https:\/\/www.visit-ulcinj.com\/blog\/","name":"Lajme nga Ulqini","description":"Lajme,Vijesti,Ulqini,Ulqin,Crna Gora,Mali i Zi","potentialAction":[{"@type":"SearchAction","target":{"@type":"EntryPoint","urlTemplate":"https:\/\/www.visit-ulcinj.com\/blog\/?s={search_term_string}"},"query-input":"required name=search_term_string"}],"inLanguage":"en-US"},{"@type":"ImageObject","inLanguage":"en-US","@id":"https:\/\/www.visit-ulcinj.com\/blog\/2009\/07\/07\/hajdinaga-nijesu-ni-culi-moj-izvjestaj\/#primaryimage","url":"https:\/\/www.visit-ulcinj.com\/blog\/wp-content\/uploads\/2009\/07\/gezim-hajdinaga_ulcinj.JPG","contentUrl":"https:\/\/www.visit-ulcinj.com\/blog\/wp-content\/uploads\/2009\/07\/gezim-hajdinaga_ulcinj.JPG","width":"180","height":"533"},{"@type":"WebPage","@id":"https:\/\/www.visit-ulcinj.com\/blog\/2009\/07\/07\/hajdinaga-nijesu-ni-culi-moj-izvjestaj\/#webpage","url":"https:\/\/www.visit-ulcinj.com\/blog\/2009\/07\/07\/hajdinaga-nijesu-ni-culi-moj-izvjestaj\/","name":"Hajdinaga: Nijesu ni ?uli moj izvje\u0161taj - Lajme nga Ulqini","isPartOf":{"@id":"https:\/\/www.visit-ulcinj.com\/blog\/#website"},"primaryImageOfPage":{"@id":"https:\/\/www.visit-ulcinj.com\/blog\/2009\/07\/07\/hajdinaga-nijesu-ni-culi-moj-izvjestaj\/#primaryimage"},"datePublished":"2009-07-07T17:26:06+00:00","dateModified":"2009-07-07T17:26:06+00:00","author":{"@id":"https:\/\/www.visit-ulcinj.com\/blog\/#\/schema\/person\/dcab619c614d3038751c63bc2aadc06d"},"description":"Hajdinaga kritikovao opoziciju Ulcinj \u2013 Gradona?elnik Ulcinja Gzim Hajdinaga kritikovao je ju?e opoziciju u jednoiposatnom govoru u Skup\u0161tini op\u0161tine","breadcrumb":{"@id":"https:\/\/www.visit-ulcinj.com\/blog\/2009\/07\/07\/hajdinaga-nijesu-ni-culi-moj-izvjestaj\/#breadcrumb"},"inLanguage":"en-US","potentialAction":[{"@type":"ReadAction","target":["https:\/\/www.visit-ulcinj.com\/blog\/2009\/07\/07\/hajdinaga-nijesu-ni-culi-moj-izvjestaj\/"]}]},{"@type":"BreadcrumbList","@id":"https:\/\/www.visit-ulcinj.com\/blog\/2009\/07\/07\/hajdinaga-nijesu-ni-culi-moj-izvjestaj\/#breadcrumb","itemListElement":[{"@type":"ListItem","position":1,"name":"Hajdinaga: Nijesu ni ?uli moj izvje\u0161taj"}]},{"@type":"Person","@id":"https:\/\/www.visit-ulcinj.com\/blog\/#\/schema\/person\/dcab619c614d3038751c63bc2aadc06d","name":"ulqini","sameAs":["http:\/\/www.visit-ulcinj.com"],"url":"https:\/\/www.visit-ulcinj.com\/blog\/author\/admin\/"}]}},"jetpack_featured_media_url":"","jetpack_sharing_enabled":true,"jetpack_shortlink":"https:\/\/wp.me\/pe6lTn-6cb","_links":{"self":[{"href":"https:\/\/www.visit-ulcinj.com\/blog\/wp-json\/wp\/v2\/posts\/23819"}],"collection":[{"href":"https:\/\/www.visit-ulcinj.com\/blog\/wp-json\/wp\/v2\/posts"}],"about":[{"href":"https:\/\/www.visit-ulcinj.com\/blog\/wp-json\/wp\/v2\/types\/post"}],"author":[{"embeddable":true,"href":"https:\/\/www.visit-ulcinj.com\/blog\/wp-json\/wp\/v2\/users\/1"}],"replies":[{"embeddable":true,"href":"https:\/\/www.visit-ulcinj.com\/blog\/wp-json\/wp\/v2\/comments?post=23819"}],"version-history":[{"count":0,"href":"https:\/\/www.visit-ulcinj.com\/blog\/wp-json\/wp\/v2\/posts\/23819\/revisions"}],"wp:attachment":[{"href":"https:\/\/www.visit-ulcinj.com\/blog\/wp-json\/wp\/v2\/media?parent=23819"}],"wp:term":[{"taxonomy":"category","embeddable":true,"href":"https:\/\/www.visit-ulcinj.com\/blog\/wp-json\/wp\/v2\/categories?post=23819"},{"taxonomy":"post_tag","embeddable":true,"href":"https:\/\/www.visit-ulcinj.com\/blog\/wp-json\/wp\/v2\/tags?post=23819"}],"curies":[{"name":"wp","href":"https:\/\/api.w.org\/{rel}","templated":true}]}}