{"id":23823,"date":"2009-07-08T19:19:17","date_gmt":"2009-07-08T17:19:17","guid":{"rendered":"http:\/\/www.visit-ulcinj.com\/blog\/?p=23823"},"modified":"2009-07-08T20:10:57","modified_gmt":"2009-07-08T18:10:57","slug":"ulqinit-i-ndahet-cmimi-i-madh-prestigjioz-nderkombetar-%e2%80%99%e2%80%99swiss-tourism-award%e2%80%99","status":"publish","type":"post","link":"https:\/\/www.visit-ulcinj.com\/blog\/2009\/07\/08\/ulqinit-i-ndahet-cmimi-i-madh-prestigjioz-nderkombetar-%e2%80%99%e2%80%99swiss-tourism-award%e2%80%99\/","title":{"rendered":"Ulqinit i ndahet \u00e7mimi i madh prestigjioz nd\u00ebrkomb\u00ebtar \u2019\u2019Swiss Tourism Award\u2019"},"content":{"rendered":"<p><a href=\"http:\/\/www.visit-ulcinj.com\/blog\/wp-content\/uploads\/2009\/07\/swisstourismaward.jpg\"><img loading=\"lazy\" class=\"alignleft size-full wp-image-23824\" title=\"swisstourismaward\" src=\"http:\/\/www.visit-ulcinj.com\/blog\/wp-content\/uploads\/2009\/07\/swisstourismaward.jpg\" alt=\"swisstourismaward\" width=\"584\" height=\"94\" \/><\/a>Ky \u00e7mim u jepet qyteteve apo destinacioneve q\u00eb bartin vlera p\u00ebr tu vizituar nga turist\u00ebt.<br \/>\nAleksandro Strakanti, kryetar i k\u00ebshillit t\u00eb Llugano q\u00eb \u00ebsht\u00eb dhe selia e k\u00ebtij \u00e7mimi ka njoftuar zyrtarisht Kryetarin e Komun\u00ebs s\u00eb Ulqinit z. G\u00ebzim Hajdinaga se Komiteti shkencor\u00eb ka qen\u00eb unanim n\u00eb dh\u00ebnijen e \u00e7mimit i cili si\u00e7 thuhet ka p\u00ebr q\u00ebllim promovimin e nj\u00eb turizmi t\u00eb nivelit t\u00eb lart\u00eb, shpeshher\u00eb elitar dhe t\u00eb k\u00ebrkuar.<br \/>\nMir\u00ebnjohja bart n\u00eb vehte nj\u00eb s\u00ebr\u00eb leht\u00ebsirash dhe p\u00ebrpar\u00ebsish n\u00eb aspektin propagandues t\u00eb Ulqinit n\u00eb televizionet m\u00eb prestigjioze t\u00eb Zvicr\u00ebs dhe m\u00eb gj\u00ebr\u00eb.<br \/>\nMir\u00ebnjohja zyrtarisht do t\u00eb ndahet n\u00eb edicionin e shtat\u00eb t\u00eb Panairit q\u00eb organizohet n\u00eb Llugano, ku si\u00e7 b\u00ebjn\u00eb t\u00eb ditur burimet zyrtare\u00a0 prezantohen destinacione turistike nga e gjith\u00eb bota.<\/p>\n<p><strong>Municipality of Ulcinj \/ Ulqin\u00a0 Montenegro<br \/>\n<\/strong><\/p>\n<div><object width=\"580\" height=\"400\"><param name=\"movie\" value=\"http:\/\/www.dailymotion.com\/swf\/x9m4v6_bukuria-ulqinit-beach-ulqini-ulcinj_travel&#038;autoPlay=1&#038;related=1\"><\/param><param name=\"allowFullScreen\" value=\"true\"><\/param><param name=\"allowScriptAccess\" value=\"always\"><\/param><\/object><br \/><b><\/p>\n","protected":false},"excerpt":{"rendered":"<p>Ky \u00e7mim u jepet qyteteve apo destinacioneve q\u00eb bartin vlera p\u00ebr tu vizituar nga turist\u00ebt. Aleksandro Strakanti, kryetar i k\u00ebshillit t\u00eb Llugano q\u00eb \u00ebsht\u00eb dhe selia e k\u00ebtij \u00e7mimi ka njoftuar zyrtarisht Kryetarin e Komun\u00ebs s\u00eb Ulqinit z. G\u00ebzim Hajdinaga se Komiteti shkencor\u00eb ka qen\u00eb unanim n\u00eb dh\u00ebnijen e \u00e7mimit i cili si\u00e7 thuhet ka [&hellip;]<\/p>\n","protected":false},"author":1,"featured_media":0,"comment_status":"open","ping_status":"closed","sticky":false,"template":"","format":"standard","meta":{"spay_email":"","jetpack_publicize_message":"","jetpack_is_tweetstorm":false,"jetpack_publicize_feature_enabled":true},"categories":[1],"tags":[11753,222,10238,79,11752,200,18,7851],"jetpack_publicize_connections":[],"yoast_head":"<!-- This site is optimized with the Yoast SEO plugin v19.1 - https:\/\/yoast.com\/wordpress\/plugins\/seo\/ -->\n<title>Ulqinit i ndahet \u00e7mimi i madh prestigjioz nd\u00ebrkomb\u00ebtar \u2019\u2019Swiss Tourism Award\u2019 - Lajme nga Ulqini<\/title>\n<meta name=\"description\" content=\"Ky \u00e7mim u jepet qyteteve apo destinacioneve q\u00eb bartin vlera p\u00ebr tu vizituar nga turist\u00ebt. Aleksandro Strakanti, kryetar i k\u00ebshillit t\u00eb Llugano q\u00eb \u00ebsht\u00eb\" \/>\n<meta name=\"robots\" content=\"index, follow, max-snippet:-1, max-image-preview:large, max-video-preview:-1\" \/>\n<link rel=\"canonical\" href=\"https:\/\/www.visit-ulcinj.com\/blog\/2009\/07\/08\/ulqinit-i-ndahet-cmimi-i-madh-prestigjioz-nderkombetar-\u2019\u2019swiss-tourism-award\u2019\/\" \/>\n<meta property=\"og:locale\" content=\"en_US\" \/>\n<meta property=\"og:type\" content=\"article\" \/>\n<meta property=\"og:title\" content=\"Ulqinit i ndahet \u00e7mimi i madh prestigjioz nd\u00ebrkomb\u00ebtar \u2019\u2019Swiss Tourism Award\u2019 - Lajme nga Ulqini\" \/>\n<meta property=\"og:description\" content=\"Ky \u00e7mim u jepet qyteteve apo destinacioneve q\u00eb bartin vlera p\u00ebr tu vizituar nga turist\u00ebt. Aleksandro Strakanti, kryetar i k\u00ebshillit t\u00eb Llugano q\u00eb \u00ebsht\u00eb\" \/>\n<meta property=\"og:url\" content=\"https:\/\/www.visit-ulcinj.com\/blog\/2009\/07\/08\/ulqinit-i-ndahet-cmimi-i-madh-prestigjioz-nderkombetar-\u2019\u2019swiss-tourism-award\u2019\/\" \/>\n<meta property=\"og:site_name\" content=\"Lajme nga Ulqini\" \/>\n<meta property=\"article:published_time\" content=\"2009-07-08T17:19:17+00:00\" \/>\n<meta property=\"article:modified_time\" content=\"2009-07-08T18:10:57+00:00\" \/>\n<meta property=\"og:image\" content=\"http:\/\/www.visit-ulcinj.com\/blog\/wp-content\/uploads\/2009\/07\/swisstourismaward.jpg\" \/>\n<meta name=\"twitter:label1\" content=\"Written by\" \/>\n\t<meta name=\"twitter:data1\" content=\"ulqini\" \/>\n\t<meta name=\"twitter:label2\" content=\"Est. reading time\" \/>\n\t<meta name=\"twitter:data2\" content=\"1 minute\" \/>\n<script type=\"application\/ld+json\" class=\"yoast-schema-graph\">{\"@context\":\"https:\/\/schema.org\",\"@graph\":[{\"@type\":\"WebSite\",\"@id\":\"https:\/\/www.visit-ulcinj.com\/blog\/#website\",\"url\":\"https:\/\/www.visit-ulcinj.com\/blog\/\",\"name\":\"Lajme nga Ulqini\",\"description\":\"Lajme,Vijesti,Ulqini,Ulqin,Crna Gora,Mali i Zi\",\"potentialAction\":[{\"@type\":\"SearchAction\",\"target\":{\"@type\":\"EntryPoint\",\"urlTemplate\":\"https:\/\/www.visit-ulcinj.com\/blog\/?s={search_term_string}\"},\"query-input\":\"required name=search_term_string\"}],\"inLanguage\":\"en-US\"},{\"@type\":\"ImageObject\",\"inLanguage\":\"en-US\",\"@id\":\"https:\/\/www.visit-ulcinj.com\/blog\/2009\/07\/08\/ulqinit-i-ndahet-cmimi-i-madh-prestigjioz-nderkombetar-%e2%80%99%e2%80%99swiss-tourism-award%e2%80%99\/#primaryimage\",\"url\":\"http:\/\/www.visit-ulcinj.com\/blog\/wp-content\/uploads\/2009\/07\/swisstourismaward.jpg\",\"contentUrl\":\"http:\/\/www.visit-ulcinj.com\/blog\/wp-content\/uploads\/2009\/07\/swisstourismaward.jpg\"},{\"@type\":\"WebPage\",\"@id\":\"https:\/\/www.visit-ulcinj.com\/blog\/2009\/07\/08\/ulqinit-i-ndahet-cmimi-i-madh-prestigjioz-nderkombetar-%e2%80%99%e2%80%99swiss-tourism-award%e2%80%99\/#webpage\",\"url\":\"https:\/\/www.visit-ulcinj.com\/blog\/2009\/07\/08\/ulqinit-i-ndahet-cmimi-i-madh-prestigjioz-nderkombetar-%e2%80%99%e2%80%99swiss-tourism-award%e2%80%99\/\",\"name\":\"Ulqinit i ndahet \u00e7mimi i madh prestigjioz nd\u00ebrkomb\u00ebtar \u2019\u2019Swiss Tourism Award\u2019 - Lajme nga Ulqini\",\"isPartOf\":{\"@id\":\"https:\/\/www.visit-ulcinj.com\/blog\/#website\"},\"primaryImageOfPage\":{\"@id\":\"https:\/\/www.visit-ulcinj.com\/blog\/2009\/07\/08\/ulqinit-i-ndahet-cmimi-i-madh-prestigjioz-nderkombetar-%e2%80%99%e2%80%99swiss-tourism-award%e2%80%99\/#primaryimage\"},\"datePublished\":\"2009-07-08T17:19:17+00:00\",\"dateModified\":\"2009-07-08T18:10:57+00:00\",\"author\":{\"@id\":\"https:\/\/www.visit-ulcinj.com\/blog\/#\/schema\/person\/dcab619c614d3038751c63bc2aadc06d\"},\"description\":\"Ky \u00e7mim u jepet qyteteve apo destinacioneve q\u00eb bartin vlera p\u00ebr tu vizituar nga turist\u00ebt. Aleksandro Strakanti, kryetar i k\u00ebshillit t\u00eb Llugano q\u00eb \u00ebsht\u00eb\",\"breadcrumb\":{\"@id\":\"https:\/\/www.visit-ulcinj.com\/blog\/2009\/07\/08\/ulqinit-i-ndahet-cmimi-i-madh-prestigjioz-nderkombetar-%e2%80%99%e2%80%99swiss-tourism-award%e2%80%99\/#breadcrumb\"},\"inLanguage\":\"en-US\",\"potentialAction\":[{\"@type\":\"ReadAction\",\"target\":[\"https:\/\/www.visit-ulcinj.com\/blog\/2009\/07\/08\/ulqinit-i-ndahet-cmimi-i-madh-prestigjioz-nderkombetar-%e2%80%99%e2%80%99swiss-tourism-award%e2%80%99\/\"]}]},{\"@type\":\"BreadcrumbList\",\"@id\":\"https:\/\/www.visit-ulcinj.com\/blog\/2009\/07\/08\/ulqinit-i-ndahet-cmimi-i-madh-prestigjioz-nderkombetar-%e2%80%99%e2%80%99swiss-tourism-award%e2%80%99\/#breadcrumb\",\"itemListElement\":[{\"@type\":\"ListItem\",\"position\":1,\"name\":\"Ulqinit i ndahet \u00e7mimi i madh prestigjioz nd\u00ebrkomb\u00ebtar \u2019\u2019Swiss Tourism Award\u2019\"}]},{\"@type\":\"Person\",\"@id\":\"https:\/\/www.visit-ulcinj.com\/blog\/#\/schema\/person\/dcab619c614d3038751c63bc2aadc06d\",\"name\":\"ulqini\",\"sameAs\":[\"http:\/\/www.visit-ulcinj.com\"],\"url\":\"https:\/\/www.visit-ulcinj.com\/blog\/author\/admin\/\"}]}<\/script>\n<!-- \/ Yoast SEO plugin. -->","yoast_head_json":{"title":"Ulqinit i ndahet \u00e7mimi i madh prestigjioz nd\u00ebrkomb\u00ebtar \u2019\u2019Swiss Tourism Award\u2019 - Lajme nga Ulqini","description":"Ky \u00e7mim u jepet qyteteve apo destinacioneve q\u00eb bartin vlera p\u00ebr tu vizituar nga turist\u00ebt. Aleksandro Strakanti, kryetar i k\u00ebshillit t\u00eb Llugano q\u00eb \u00ebsht\u00eb","robots":{"index":"index","follow":"follow","max-snippet":"max-snippet:-1","max-image-preview":"max-image-preview:large","max-video-preview":"max-video-preview:-1"},"canonical":"https:\/\/www.visit-ulcinj.com\/blog\/2009\/07\/08\/ulqinit-i-ndahet-cmimi-i-madh-prestigjioz-nderkombetar-\u2019\u2019swiss-tourism-award\u2019\/","og_locale":"en_US","og_type":"article","og_title":"Ulqinit i ndahet \u00e7mimi i madh prestigjioz nd\u00ebrkomb\u00ebtar \u2019\u2019Swiss Tourism Award\u2019 - Lajme nga Ulqini","og_description":"Ky \u00e7mim u jepet qyteteve apo destinacioneve q\u00eb bartin vlera p\u00ebr tu vizituar nga turist\u00ebt. Aleksandro Strakanti, kryetar i k\u00ebshillit t\u00eb Llugano q\u00eb \u00ebsht\u00eb","og_url":"https:\/\/www.visit-ulcinj.com\/blog\/2009\/07\/08\/ulqinit-i-ndahet-cmimi-i-madh-prestigjioz-nderkombetar-\u2019\u2019swiss-tourism-award\u2019\/","og_site_name":"Lajme nga Ulqini","article_published_time":"2009-07-08T17:19:17+00:00","article_modified_time":"2009-07-08T18:10:57+00:00","og_image":[{"url":"http:\/\/www.visit-ulcinj.com\/blog\/wp-content\/uploads\/2009\/07\/swisstourismaward.jpg"}],"twitter_misc":{"Written by":"ulqini","Est. reading time":"1 minute"},"schema":{"@context":"https:\/\/schema.org","@graph":[{"@type":"WebSite","@id":"https:\/\/www.visit-ulcinj.com\/blog\/#website","url":"https:\/\/www.visit-ulcinj.com\/blog\/","name":"Lajme nga Ulqini","description":"Lajme,Vijesti,Ulqini,Ulqin,Crna Gora,Mali i Zi","potentialAction":[{"@type":"SearchAction","target":{"@type":"EntryPoint","urlTemplate":"https:\/\/www.visit-ulcinj.com\/blog\/?s={search_term_string}"},"query-input":"required name=search_term_string"}],"inLanguage":"en-US"},{"@type":"ImageObject","inLanguage":"en-US","@id":"https:\/\/www.visit-ulcinj.com\/blog\/2009\/07\/08\/ulqinit-i-ndahet-cmimi-i-madh-prestigjioz-nderkombetar-%e2%80%99%e2%80%99swiss-tourism-award%e2%80%99\/#primaryimage","url":"http:\/\/www.visit-ulcinj.com\/blog\/wp-content\/uploads\/2009\/07\/swisstourismaward.jpg","contentUrl":"http:\/\/www.visit-ulcinj.com\/blog\/wp-content\/uploads\/2009\/07\/swisstourismaward.jpg"},{"@type":"WebPage","@id":"https:\/\/www.visit-ulcinj.com\/blog\/2009\/07\/08\/ulqinit-i-ndahet-cmimi-i-madh-prestigjioz-nderkombetar-%e2%80%99%e2%80%99swiss-tourism-award%e2%80%99\/#webpage","url":"https:\/\/www.visit-ulcinj.com\/blog\/2009\/07\/08\/ulqinit-i-ndahet-cmimi-i-madh-prestigjioz-nderkombetar-%e2%80%99%e2%80%99swiss-tourism-award%e2%80%99\/","name":"Ulqinit i ndahet \u00e7mimi i madh prestigjioz nd\u00ebrkomb\u00ebtar \u2019\u2019Swiss Tourism Award\u2019 - Lajme nga Ulqini","isPartOf":{"@id":"https:\/\/www.visit-ulcinj.com\/blog\/#website"},"primaryImageOfPage":{"@id":"https:\/\/www.visit-ulcinj.com\/blog\/2009\/07\/08\/ulqinit-i-ndahet-cmimi-i-madh-prestigjioz-nderkombetar-%e2%80%99%e2%80%99swiss-tourism-award%e2%80%99\/#primaryimage"},"datePublished":"2009-07-08T17:19:17+00:00","dateModified":"2009-07-08T18:10:57+00:00","author":{"@id":"https:\/\/www.visit-ulcinj.com\/blog\/#\/schema\/person\/dcab619c614d3038751c63bc2aadc06d"},"description":"Ky \u00e7mim u jepet qyteteve apo destinacioneve q\u00eb bartin vlera p\u00ebr tu vizituar nga turist\u00ebt. Aleksandro Strakanti, kryetar i k\u00ebshillit t\u00eb Llugano q\u00eb \u00ebsht\u00eb","breadcrumb":{"@id":"https:\/\/www.visit-ulcinj.com\/blog\/2009\/07\/08\/ulqinit-i-ndahet-cmimi-i-madh-prestigjioz-nderkombetar-%e2%80%99%e2%80%99swiss-tourism-award%e2%80%99\/#breadcrumb"},"inLanguage":"en-US","potentialAction":[{"@type":"ReadAction","target":["https:\/\/www.visit-ulcinj.com\/blog\/2009\/07\/08\/ulqinit-i-ndahet-cmimi-i-madh-prestigjioz-nderkombetar-%e2%80%99%e2%80%99swiss-tourism-award%e2%80%99\/"]}]},{"@type":"BreadcrumbList","@id":"https:\/\/www.visit-ulcinj.com\/blog\/2009\/07\/08\/ulqinit-i-ndahet-cmimi-i-madh-prestigjioz-nderkombetar-%e2%80%99%e2%80%99swiss-tourism-award%e2%80%99\/#breadcrumb","itemListElement":[{"@type":"ListItem","position":1,"name":"Ulqinit i ndahet \u00e7mimi i madh prestigjioz nd\u00ebrkomb\u00ebtar \u2019\u2019Swiss Tourism Award\u2019"}]},{"@type":"Person","@id":"https:\/\/www.visit-ulcinj.com\/blog\/#\/schema\/person\/dcab619c614d3038751c63bc2aadc06d","name":"ulqini","sameAs":["http:\/\/www.visit-ulcinj.com"],"url":"https:\/\/www.visit-ulcinj.com\/blog\/author\/admin\/"}]}},"jetpack_featured_media_url":"","jetpack_sharing_enabled":true,"jetpack_shortlink":"https:\/\/wp.me\/pe6lTn-6cf","_links":{"self":[{"href":"https:\/\/www.visit-ulcinj.com\/blog\/wp-json\/wp\/v2\/posts\/23823"}],"collection":[{"href":"https:\/\/www.visit-ulcinj.com\/blog\/wp-json\/wp\/v2\/posts"}],"about":[{"href":"https:\/\/www.visit-ulcinj.com\/blog\/wp-json\/wp\/v2\/types\/post"}],"author":[{"embeddable":true,"href":"https:\/\/www.visit-ulcinj.com\/blog\/wp-json\/wp\/v2\/users\/1"}],"replies":[{"embeddable":true,"href":"https:\/\/www.visit-ulcinj.com\/blog\/wp-json\/wp\/v2\/comments?post=23823"}],"version-history":[{"count":0,"href":"https:\/\/www.visit-ulcinj.com\/blog\/wp-json\/wp\/v2\/posts\/23823\/revisions"}],"wp:attachment":[{"href":"https:\/\/www.visit-ulcinj.com\/blog\/wp-json\/wp\/v2\/media?parent=23823"}],"wp:term":[{"taxonomy":"category","embeddable":true,"href":"https:\/\/www.visit-ulcinj.com\/blog\/wp-json\/wp\/v2\/categories?post=23823"},{"taxonomy":"post_tag","embeddable":true,"href":"https:\/\/www.visit-ulcinj.com\/blog\/wp-json\/wp\/v2\/tags?post=23823"}],"curies":[{"name":"wp","href":"https:\/\/api.w.org\/{rel}","templated":true}]}}