{"id":23837,"date":"2009-08-02T10:22:11","date_gmt":"2009-08-02T08:22:11","guid":{"rendered":"http:\/\/www.visit-ulcinj.com\/blog\/?p=23837"},"modified":"2009-08-02T23:36:31","modified_gmt":"2009-08-02T21:36:31","slug":"kumtese-per-media-nga-forca-e-re-demokratike","status":"publish","type":"post","link":"https:\/\/www.visit-ulcinj.com\/blog\/2009\/08\/02\/kumtese-per-media-nga-forca-e-re-demokratike\/","title":{"rendered":"Kumtes\u00eb  p\u00ebr Media nga Forca e  re demokratike"},"content":{"rendered":"<p><strong><a href=\"http:\/\/www.visit-ulcinj.com\/blog\/wp-content\/uploads\/2009\/08\/forca-e-re-demokratike-_logo.jpg\"><img loading=\"lazy\" class=\"alignleft size-medium wp-image-23838\" title=\"forca-e-re-demokratike-_logo\" src=\"http:\/\/www.visit-ulcinj.com\/blog\/wp-content\/uploads\/2009\/08\/forca-e-re-demokratike-_logo-300x288.jpg\" alt=\"forca-e-re-demokratike-_logo\" width=\"300\" height=\"288\" srcset=\"https:\/\/www.visit-ulcinj.com\/blog\/wp-content\/uploads\/2009\/08\/forca-e-re-demokratike-_logo-300x288.jpg 300w, https:\/\/www.visit-ulcinj.com\/blog\/wp-content\/uploads\/2009\/08\/forca-e-re-demokratike-_logo.jpg 500w\" sizes=\"(max-width: 300px) 100vw, 300px\" \/><\/a>Agonia e pushtetit\u00a0 vazhdon<\/strong><\/p>\n<p>Ulqin, 31.07.2009<\/p>\n<p>Me rastin e shtyrjes se panum\u00ebrta t\u00eb mbledhjeve t\u00eb Kuvendit t\u00eb Komun\u00ebs s\u00eb Ulqinit, Klubi i k\u00ebshilltar\u00ebve t\u00eb Forc\u00ebs jep k\u00ebt\u00eb kumtes\u00eb p\u00ebr opinion.<\/p>\n<p>Koalicioni n\u00eb pushtet n\u00eb KK t\u00eb Ulqinit muaj me radh\u00eb nuk \u00ebsht\u00eb n\u00eb gjendje t\u00eb siguroj\u00eb pranin\u00eb e k\u00ebshilltar\u00ebve t\u00eb tij n\u00eb mbledhjet e kuvendit. T\u00eb kat\u00ebrt\u00ebn her\u00eb me radh\u00eb kjo mbledhje po shtyhet p\u00ebr shkak t\u00eb munges\u00ebs s\u00eb kuorumit. Kjo qart\u00eb tregon se problemet e brendshme\u00a0 dhe konfliktet n\u00eb k\u00ebt\u00eb koalicion jan\u00eb rritur deri n\u00eb at\u00eb mas\u00eb sa q\u00eb bllokojn\u00eb pun\u00ebn e kuvendit komunal. K\u00ebsaj i ka kontribuar edhe mosfunksionimi dhe mos shkatht\u00ebsia\u00a0 e ekzekutivit e cila me muaj nuk i kryen obligimet financiare nd\u00ebrmarrjeve publike t\u00eb cilave nuk u paguajn\u00eb obligimet e parapara me buxhet.<\/p>\n<p>K\u00ebto probleme do t\u00eb rritet edhe m\u00eb tep\u00ebr deri n\u00eb fund t\u00eb vitit duke marr\u00eb parasysh faktin se buxheti komunal n\u00eb gjasht\u00eb muajt e par\u00eb \u00ebsht\u00eb realizuar 7.5 p\u00ebr qind, gjegj\u00ebsisht 1.2 milion t\u00eb ardhura burimore n\u00eb raport me 16 milion t\u00eb parapar\u00eb me buxhetin e vitit 2009. Kjo qytetar\u00ebt e Komun\u00ebs s\u00eb Ulqinit do ti bie n\u00eb situat\u00eb edhe m\u00eb t\u00eb v\u00ebshtir\u00eb ekonomike.<\/p>\n<p>K\u00ebshilltar\u00ebt e Forc\u00ebs, t\u00eb cil\u00ebve me vite nuk u mund\u00ebsohen kushte pune, as an\u00ebtar\u00ebsi n\u00eb k\u00ebshillat e nd\u00ebrmarrjet publike dhe k\u00ebshillat e kuvendit, n\u00eb periudh\u00ebn e kaluar kan\u00eb siguruar kuorum dhe me k\u00ebt\u00eb kan\u00eb treguar p\u00ebrgjegj\u00ebsi ndaj votuesve edhe pse ishim t\u00eb vet\u00ebdijsh\u00ebm n\u00eb problemet e pushtetit aktual.\u00a0 Koalicioni n\u00eb pushtet e b\u00ebn k\u00ebt\u00eb sepse nuk don\u00eb kontroll t\u00eb funksionimit t\u00eb nd\u00ebrmarrjeve publike si dhe kontrollin n\u00eb shpenzimin e mjeteve buxhetore.<\/p>\n<p>Fatkeq\u00ebsisht kemi pritur q\u00eb kjo shumica e pap\u00ebrgjegjshme ti sillet interesave t\u00eb qytetar\u00ebve dhe komun\u00ebs, q\u00eb ti mund\u00ebsohet prezenca e k\u00ebshilltar\u00ebve t\u00eb vet. Por m\u00eb kot, problemet e brendshme n\u00eb koalicion me k\u00ebt\u00eb kan\u00eb kulminuar.<\/p>\n<p><strong>Klubi i k\u00ebshilltar\u00ebve t\u00eb Forc\u00ebs<\/strong><\/p>\n<p><strong>Sh\u00ebrbimi Informativ i Forc\u00ebs<\/strong><\/p>\n<div><object width=\"580\" height=\"386\"><param name=\"movie\" value=\"http:\/\/www.dailymotion.com\/swf\/xa1jp1_mcm-beach-ulcinj-ulqini-montenegro_travel&#038;autoPlay=1&#038;related=1\"><\/param><param name=\"allowFullScreen\" value=\"true\"><\/param><param name=\"allowScriptAccess\" value=\"always\"><\/param><\/object><\/p>\n","protected":false},"excerpt":{"rendered":"<p>Agonia e pushtetit\u00a0 vazhdon Ulqin, 31.07.2009 Me rastin e shtyrjes se panum\u00ebrta t\u00eb mbledhjeve t\u00eb Kuvendit t\u00eb Komun\u00ebs s\u00eb Ulqinit, Klubi i k\u00ebshilltar\u00ebve t\u00eb Forc\u00ebs jep k\u00ebt\u00eb kumtes\u00eb p\u00ebr opinion. Koalicioni n\u00eb pushtet n\u00eb KK t\u00eb Ulqinit muaj me radh\u00eb nuk \u00ebsht\u00eb n\u00eb gjendje t\u00eb siguroj\u00eb pranin\u00eb e k\u00ebshilltar\u00ebve t\u00eb tij n\u00eb mbledhjet e kuvendit. [&hellip;]<\/p>\n","protected":false},"author":1,"featured_media":0,"comment_status":"open","ping_status":"closed","sticky":false,"template":"","format":"standard","meta":{"spay_email":"","jetpack_publicize_message":"","jetpack_is_tweetstorm":false,"jetpack_publicize_feature_enabled":true},"categories":[1],"tags":[874,11756,11754,11755],"jetpack_publicize_connections":[],"yoast_head":"<!-- This site is optimized with the Yoast SEO plugin v19.1 - https:\/\/yoast.com\/wordpress\/plugins\/seo\/ -->\n<title>Kumtes\u00eb p\u00ebr Media nga Forca e re demokratike - Lajme nga Ulqini<\/title>\n<meta name=\"description\" content=\"Agonia e pushtetit\u00a0 vazhdon Ulqin, 31.07.2009 Me rastin e shtyrjes se panum\u00ebrta t\u00eb mbledhjeve t\u00eb Kuvendit t\u00eb Komun\u00ebs s\u00eb Ulqinit, Klubi i k\u00ebshilltar\u00ebve t\u00eb\" \/>\n<meta name=\"robots\" content=\"index, follow, max-snippet:-1, max-image-preview:large, max-video-preview:-1\" \/>\n<link rel=\"canonical\" href=\"https:\/\/www.visit-ulcinj.com\/blog\/2009\/08\/02\/kumtese-per-media-nga-forca-e-re-demokratike\/\" \/>\n<meta property=\"og:locale\" content=\"en_US\" \/>\n<meta property=\"og:type\" content=\"article\" \/>\n<meta property=\"og:title\" content=\"Kumtes\u00eb p\u00ebr Media nga Forca e re demokratike - Lajme nga Ulqini\" \/>\n<meta property=\"og:description\" content=\"Agonia e pushtetit\u00a0 vazhdon Ulqin, 31.07.2009 Me rastin e shtyrjes se panum\u00ebrta t\u00eb mbledhjeve t\u00eb Kuvendit t\u00eb Komun\u00ebs s\u00eb Ulqinit, Klubi i k\u00ebshilltar\u00ebve t\u00eb\" \/>\n<meta property=\"og:url\" content=\"https:\/\/www.visit-ulcinj.com\/blog\/2009\/08\/02\/kumtese-per-media-nga-forca-e-re-demokratike\/\" \/>\n<meta property=\"og:site_name\" content=\"Lajme nga Ulqini\" \/>\n<meta property=\"article:published_time\" content=\"2009-08-02T08:22:11+00:00\" \/>\n<meta property=\"article:modified_time\" content=\"2009-08-02T21:36:31+00:00\" \/>\n<meta property=\"og:image\" content=\"http:\/\/www.visit-ulcinj.com\/blog\/wp-content\/uploads\/2009\/08\/forca-e-re-demokratike-_logo-300x288.jpg\" \/>\n<meta name=\"twitter:label1\" content=\"Written by\" \/>\n\t<meta name=\"twitter:data1\" content=\"ulqini\" \/>\n\t<meta name=\"twitter:label2\" content=\"Est. reading time\" \/>\n\t<meta name=\"twitter:data2\" content=\"2 minutes\" \/>\n<script type=\"application\/ld+json\" class=\"yoast-schema-graph\">{\"@context\":\"https:\/\/schema.org\",\"@graph\":[{\"@type\":\"WebSite\",\"@id\":\"https:\/\/www.visit-ulcinj.com\/blog\/#website\",\"url\":\"https:\/\/www.visit-ulcinj.com\/blog\/\",\"name\":\"Lajme nga Ulqini\",\"description\":\"Lajme,Vijesti,Ulqini,Ulqin,Crna Gora,Mali i Zi\",\"potentialAction\":[{\"@type\":\"SearchAction\",\"target\":{\"@type\":\"EntryPoint\",\"urlTemplate\":\"https:\/\/www.visit-ulcinj.com\/blog\/?s={search_term_string}\"},\"query-input\":\"required name=search_term_string\"}],\"inLanguage\":\"en-US\"},{\"@type\":\"ImageObject\",\"inLanguage\":\"en-US\",\"@id\":\"https:\/\/www.visit-ulcinj.com\/blog\/2009\/08\/02\/kumtese-per-media-nga-forca-e-re-demokratike\/#primaryimage\",\"url\":\"https:\/\/www.visit-ulcinj.com\/blog\/wp-content\/uploads\/2009\/08\/forca-e-re-demokratike-_logo.jpg\",\"contentUrl\":\"https:\/\/www.visit-ulcinj.com\/blog\/wp-content\/uploads\/2009\/08\/forca-e-re-demokratike-_logo.jpg\",\"width\":\"500\",\"height\":\"481\"},{\"@type\":\"WebPage\",\"@id\":\"https:\/\/www.visit-ulcinj.com\/blog\/2009\/08\/02\/kumtese-per-media-nga-forca-e-re-demokratike\/#webpage\",\"url\":\"https:\/\/www.visit-ulcinj.com\/blog\/2009\/08\/02\/kumtese-per-media-nga-forca-e-re-demokratike\/\",\"name\":\"Kumtes\u00eb p\u00ebr Media nga Forca e re demokratike - Lajme nga Ulqini\",\"isPartOf\":{\"@id\":\"https:\/\/www.visit-ulcinj.com\/blog\/#website\"},\"primaryImageOfPage\":{\"@id\":\"https:\/\/www.visit-ulcinj.com\/blog\/2009\/08\/02\/kumtese-per-media-nga-forca-e-re-demokratike\/#primaryimage\"},\"datePublished\":\"2009-08-02T08:22:11+00:00\",\"dateModified\":\"2009-08-02T21:36:31+00:00\",\"author\":{\"@id\":\"https:\/\/www.visit-ulcinj.com\/blog\/#\/schema\/person\/dcab619c614d3038751c63bc2aadc06d\"},\"description\":\"Agonia e pushtetit\u00a0 vazhdon Ulqin, 31.07.2009 Me rastin e shtyrjes se panum\u00ebrta t\u00eb mbledhjeve t\u00eb Kuvendit t\u00eb Komun\u00ebs s\u00eb Ulqinit, Klubi i k\u00ebshilltar\u00ebve t\u00eb\",\"breadcrumb\":{\"@id\":\"https:\/\/www.visit-ulcinj.com\/blog\/2009\/08\/02\/kumtese-per-media-nga-forca-e-re-demokratike\/#breadcrumb\"},\"inLanguage\":\"en-US\",\"potentialAction\":[{\"@type\":\"ReadAction\",\"target\":[\"https:\/\/www.visit-ulcinj.com\/blog\/2009\/08\/02\/kumtese-per-media-nga-forca-e-re-demokratike\/\"]}]},{\"@type\":\"BreadcrumbList\",\"@id\":\"https:\/\/www.visit-ulcinj.com\/blog\/2009\/08\/02\/kumtese-per-media-nga-forca-e-re-demokratike\/#breadcrumb\",\"itemListElement\":[{\"@type\":\"ListItem\",\"position\":1,\"name\":\"Kumtes\u00eb p\u00ebr Media nga Forca e re demokratike\"}]},{\"@type\":\"Person\",\"@id\":\"https:\/\/www.visit-ulcinj.com\/blog\/#\/schema\/person\/dcab619c614d3038751c63bc2aadc06d\",\"name\":\"ulqini\",\"sameAs\":[\"http:\/\/www.visit-ulcinj.com\"],\"url\":\"https:\/\/www.visit-ulcinj.com\/blog\/author\/admin\/\"}]}<\/script>\n<!-- \/ Yoast SEO plugin. -->","yoast_head_json":{"title":"Kumtes\u00eb p\u00ebr Media nga Forca e re demokratike - Lajme nga Ulqini","description":"Agonia e pushtetit\u00a0 vazhdon Ulqin, 31.07.2009 Me rastin e shtyrjes se panum\u00ebrta t\u00eb mbledhjeve t\u00eb Kuvendit t\u00eb Komun\u00ebs s\u00eb Ulqinit, Klubi i k\u00ebshilltar\u00ebve t\u00eb","robots":{"index":"index","follow":"follow","max-snippet":"max-snippet:-1","max-image-preview":"max-image-preview:large","max-video-preview":"max-video-preview:-1"},"canonical":"https:\/\/www.visit-ulcinj.com\/blog\/2009\/08\/02\/kumtese-per-media-nga-forca-e-re-demokratike\/","og_locale":"en_US","og_type":"article","og_title":"Kumtes\u00eb p\u00ebr Media nga Forca e re demokratike - Lajme nga Ulqini","og_description":"Agonia e pushtetit\u00a0 vazhdon Ulqin, 31.07.2009 Me rastin e shtyrjes se panum\u00ebrta t\u00eb mbledhjeve t\u00eb Kuvendit t\u00eb Komun\u00ebs s\u00eb Ulqinit, Klubi i k\u00ebshilltar\u00ebve t\u00eb","og_url":"https:\/\/www.visit-ulcinj.com\/blog\/2009\/08\/02\/kumtese-per-media-nga-forca-e-re-demokratike\/","og_site_name":"Lajme nga Ulqini","article_published_time":"2009-08-02T08:22:11+00:00","article_modified_time":"2009-08-02T21:36:31+00:00","og_image":[{"url":"http:\/\/www.visit-ulcinj.com\/blog\/wp-content\/uploads\/2009\/08\/forca-e-re-demokratike-_logo-300x288.jpg"}],"twitter_misc":{"Written by":"ulqini","Est. reading time":"2 minutes"},"schema":{"@context":"https:\/\/schema.org","@graph":[{"@type":"WebSite","@id":"https:\/\/www.visit-ulcinj.com\/blog\/#website","url":"https:\/\/www.visit-ulcinj.com\/blog\/","name":"Lajme nga Ulqini","description":"Lajme,Vijesti,Ulqini,Ulqin,Crna Gora,Mali i Zi","potentialAction":[{"@type":"SearchAction","target":{"@type":"EntryPoint","urlTemplate":"https:\/\/www.visit-ulcinj.com\/blog\/?s={search_term_string}"},"query-input":"required name=search_term_string"}],"inLanguage":"en-US"},{"@type":"ImageObject","inLanguage":"en-US","@id":"https:\/\/www.visit-ulcinj.com\/blog\/2009\/08\/02\/kumtese-per-media-nga-forca-e-re-demokratike\/#primaryimage","url":"https:\/\/www.visit-ulcinj.com\/blog\/wp-content\/uploads\/2009\/08\/forca-e-re-demokratike-_logo.jpg","contentUrl":"https:\/\/www.visit-ulcinj.com\/blog\/wp-content\/uploads\/2009\/08\/forca-e-re-demokratike-_logo.jpg","width":"500","height":"481"},{"@type":"WebPage","@id":"https:\/\/www.visit-ulcinj.com\/blog\/2009\/08\/02\/kumtese-per-media-nga-forca-e-re-demokratike\/#webpage","url":"https:\/\/www.visit-ulcinj.com\/blog\/2009\/08\/02\/kumtese-per-media-nga-forca-e-re-demokratike\/","name":"Kumtes\u00eb p\u00ebr Media nga Forca e re demokratike - Lajme nga Ulqini","isPartOf":{"@id":"https:\/\/www.visit-ulcinj.com\/blog\/#website"},"primaryImageOfPage":{"@id":"https:\/\/www.visit-ulcinj.com\/blog\/2009\/08\/02\/kumtese-per-media-nga-forca-e-re-demokratike\/#primaryimage"},"datePublished":"2009-08-02T08:22:11+00:00","dateModified":"2009-08-02T21:36:31+00:00","author":{"@id":"https:\/\/www.visit-ulcinj.com\/blog\/#\/schema\/person\/dcab619c614d3038751c63bc2aadc06d"},"description":"Agonia e pushtetit\u00a0 vazhdon Ulqin, 31.07.2009 Me rastin e shtyrjes se panum\u00ebrta t\u00eb mbledhjeve t\u00eb Kuvendit t\u00eb Komun\u00ebs s\u00eb Ulqinit, Klubi i k\u00ebshilltar\u00ebve t\u00eb","breadcrumb":{"@id":"https:\/\/www.visit-ulcinj.com\/blog\/2009\/08\/02\/kumtese-per-media-nga-forca-e-re-demokratike\/#breadcrumb"},"inLanguage":"en-US","potentialAction":[{"@type":"ReadAction","target":["https:\/\/www.visit-ulcinj.com\/blog\/2009\/08\/02\/kumtese-per-media-nga-forca-e-re-demokratike\/"]}]},{"@type":"BreadcrumbList","@id":"https:\/\/www.visit-ulcinj.com\/blog\/2009\/08\/02\/kumtese-per-media-nga-forca-e-re-demokratike\/#breadcrumb","itemListElement":[{"@type":"ListItem","position":1,"name":"Kumtes\u00eb p\u00ebr Media nga Forca e re demokratike"}]},{"@type":"Person","@id":"https:\/\/www.visit-ulcinj.com\/blog\/#\/schema\/person\/dcab619c614d3038751c63bc2aadc06d","name":"ulqini","sameAs":["http:\/\/www.visit-ulcinj.com"],"url":"https:\/\/www.visit-ulcinj.com\/blog\/author\/admin\/"}]}},"jetpack_featured_media_url":"","jetpack_sharing_enabled":true,"jetpack_shortlink":"https:\/\/wp.me\/pe6lTn-6ct","_links":{"self":[{"href":"https:\/\/www.visit-ulcinj.com\/blog\/wp-json\/wp\/v2\/posts\/23837"}],"collection":[{"href":"https:\/\/www.visit-ulcinj.com\/blog\/wp-json\/wp\/v2\/posts"}],"about":[{"href":"https:\/\/www.visit-ulcinj.com\/blog\/wp-json\/wp\/v2\/types\/post"}],"author":[{"embeddable":true,"href":"https:\/\/www.visit-ulcinj.com\/blog\/wp-json\/wp\/v2\/users\/1"}],"replies":[{"embeddable":true,"href":"https:\/\/www.visit-ulcinj.com\/blog\/wp-json\/wp\/v2\/comments?post=23837"}],"version-history":[{"count":0,"href":"https:\/\/www.visit-ulcinj.com\/blog\/wp-json\/wp\/v2\/posts\/23837\/revisions"}],"wp:attachment":[{"href":"https:\/\/www.visit-ulcinj.com\/blog\/wp-json\/wp\/v2\/media?parent=23837"}],"wp:term":[{"taxonomy":"category","embeddable":true,"href":"https:\/\/www.visit-ulcinj.com\/blog\/wp-json\/wp\/v2\/categories?post=23837"},{"taxonomy":"post_tag","embeddable":true,"href":"https:\/\/www.visit-ulcinj.com\/blog\/wp-json\/wp\/v2\/tags?post=23837"}],"curies":[{"name":"wp","href":"https:\/\/api.w.org\/{rel}","templated":true}]}}