{"id":23842,"date":"2009-08-02T10:46:37","date_gmt":"2009-08-02T08:46:37","guid":{"rendered":"http:\/\/www.visit-ulcinj.com\/blog\/?p=23842"},"modified":"2009-08-12T16:07:24","modified_gmt":"2009-08-12T14:07:24","slug":"lazovic-ulcinj-nam-je-prioritet","status":"publish","type":"post","link":"https:\/\/www.visit-ulcinj.com\/blog\/2009\/08\/02\/lazovic-ulcinj-nam-je-prioritet\/","title":{"rendered":"Lazovi?: Ulcinj nam je prioritet"},"content":{"rendered":"<p><a href=\"http:\/\/www.visit-ulcinj.com\/blog\/wp-content\/uploads\/2009\/08\/DELEGACIJA-VLADE-U-ULCINJ.jpg\"><img loading=\"lazy\" class=\"alignleft size-full wp-image-23843\" title=\"DELEGACIJA VLADE U ULCINJ\" src=\"http:\/\/www.visit-ulcinj.com\/blog\/wp-content\/uploads\/2009\/08\/DELEGACIJA-VLADE-U-ULCINJ.jpg\" alt=\"DELEGACIJA VLADE U ULCINJ\" width=\"407\" height=\"302\" srcset=\"https:\/\/www.visit-ulcinj.com\/blog\/wp-content\/uploads\/2009\/08\/DELEGACIJA-VLADE-U-ULCINJ.jpg 407w, https:\/\/www.visit-ulcinj.com\/blog\/wp-content\/uploads\/2009\/08\/DELEGACIJA-VLADE-U-ULCINJ-300x222.jpg 300w\" sizes=\"(max-width: 407px) 100vw, 407px\" \/><\/a>Vlada Crne Gore je do kraja spremna da podr\u017ei sve projekte u Ulcinju, a jedan od prioritetnih ciljeva je da se u predstoje?em periodu maksimalno posvetimo razvoju najju\u017enije op\u0161tine &#8211; izjavio je preksino? u Ulcinju potpredsjednik Vlade Vujica Lazovi?. Lazovi?, koji je na inicijativu predsjedika op\u0161tine Gzima Hajdinage, odr\u017eao sastanak sa rukovodstvom op\u0161tine, predstavnicima politi?kih partija i NVO sektora, u restoranu &#8220;\u0160as&#8221;, dvadesetak kilometara od Ulcinja, istakao je da ?e planirani projekti biti realizovani kroz kapitalni bud\u017eet, bez obzira na uvedene restrikcije i rebalans bud\u017eeta ove godine, dok ?e dio infrastrukturnih projekata biti dio planova i projekcija za sljede?u godinu. Potpredsjednik Vlade naglasio je da se ne mo\u017ee govoriti o turisti?koj valorizaciji Velike pla\u017ee, Valdanosa i Ade Bojane ukoliko se prethodno ne rije\u0161e kapitalni infrastrukturni problemi.<br \/>\n&#8211; To ne podrazumijeva samo saobra?ajnu infrastrukturu, nego i infrastrukturu u dijelu vodovoda i regulaciju ?vrstog otpada i otpadnih voda. Dakle, nema govora o visokokvalitetnom turizmu, ukoliko ti projekti ne budu do kraja odra?eni &#8211; rekao je Lazovi? na konferenciji za novinare.<br \/>\nOn je najavio formiranje operativnog tima koji ?e funkcionisati tokom turisti?ke sezone, i koji ?e, kako je objasnio, kasnije prerasti u radnu grupu, ?iji ?e zadatak biti da koordinira aktivnosti po pojedinim projektima. <a href=\"http:\/\/www.visit-ulcinj.com\/blog\/wp-content\/uploads\/2009\/08\/Gzim-Hajdinaga-nakon-sastanka-sa-delegacijom-Vlade-Crne-Gore.jpg\"><img loading=\"lazy\" class=\"alignleft size-medium wp-image-24435\" title=\"Gzim Hajdinaga nakon sastanka sa delegacijom Vlade Crne Gore\" src=\"http:\/\/www.visit-ulcinj.com\/blog\/wp-content\/uploads\/2009\/08\/Gzim-Hajdinaga-nakon-sastanka-sa-delegacijom-Vlade-Crne-Gore-300x225.jpg\" alt=\"Gzim Hajdinaga nakon sastanka sa delegacijom Vlade Crne Gore\" width=\"184\" height=\"139\" srcset=\"https:\/\/www.visit-ulcinj.com\/blog\/wp-content\/uploads\/2009\/08\/Gzim-Hajdinaga-nakon-sastanka-sa-delegacijom-Vlade-Crne-Gore-300x225.jpg 300w, https:\/\/www.visit-ulcinj.com\/blog\/wp-content\/uploads\/2009\/08\/Gzim-Hajdinaga-nakon-sastanka-sa-delegacijom-Vlade-Crne-Gore.jpg 640w\" sizes=\"(max-width: 184px) 100vw, 184px\" \/><\/a>Predsjednik op\u0161tine Gzim Hajdinaga kazao je da je, na op\u0161te zadovoljstvo, na sastanku postignuta saglasnost kada je u pitanju razvoj najju\u017enije crnogorske op\u0161tine.<br \/>\n&#8211; Raduje me ?injenica da niko od prisutnih predstavnika opozicionih partija nije protiv planiranog razvoja, iako je u ranijem periodu bilo sumnji u planove koje smo prezentirali. Op\u0161tina Ulcinj i Vlada Crne Gore nastavi?e da zajedno rade na budu?im projektima valorizacije velikih turisti?kih potencijala Ulcinja i svi koji \u017eele da nam pomognu su dobrodo\u0161li &#8211; kazao je Hajdinaga.<br \/>\n<a href=\"http:\/\/www.visit-ulcinj.com\/blog\/wp-content\/uploads\/2009\/08\/Gzim-Hajdinaga-nakon-sastanka-sa-delegacijom-Vlade-Crne-Gore.11.jpg\"><img loading=\"lazy\" class=\"alignleft size-full wp-image-24437\" title=\"Gzim Hajdinaga nakon sastanka sa delegacijom Vlade Crne Gore.1\" src=\"http:\/\/www.visit-ulcinj.com\/blog\/wp-content\/uploads\/2009\/08\/Gzim-Hajdinaga-nakon-sastanka-sa-delegacijom-Vlade-Crne-Gore.11.jpg\" alt=\"Gzim Hajdinaga nakon sastanka sa delegacijom Vlade Crne Gore.1\" width=\"570\" height=\"400\" \/><\/a><br \/>\nDogovoreno je da se naredni sastanak, najkasnije za mjesec i po dana, odr\u017ei u Valdanosu, kako bi se analiziralo sprovo?enje dogovorenih mjera. Radnoj ve?eri u restoranu \u201e\u0160as&#8221; pored Lazovi?a i Hajdinage prisustvovali su ministar turizma Predrag Nenezi?, ministar ekonomije Branimir Gvozdenovi? , ministar za prava manjina Ferhat Dino\u0161a, kao i poslanici u Skup\u0161tini Crne Gore Lui? \u0160krelja (DPS), Mehmed Bardhi (DSA), Genc Nimanbegu (Forca), Amir Holaj (Koalicija \u201ePerspektiva), lider Force Nazif Cungu i predstavnici NVO sektora.<br \/>\n<strong>M.K.<br \/>\nIzvor \/ Dan<\/strong><\/p>\n<p><strong>[flv width=&#8221;580&#8243; height=&#8221;400&#8243;]http:\/\/www.velikaplaza.info\/gallery\/video\/stream.php?f=Velika_Plaza_movie_Jan_2009.flv[\/flv]<br \/>\n<\/strong><\/p>\n","protected":false},"excerpt":{"rendered":"<p>Vlada Crne Gore je do kraja spremna da podr\u017ei sve projekte u Ulcinju, a jedan od prioritetnih ciljeva je da se u predstoje?em periodu maksimalno posvetimo razvoju najju\u017enije op\u0161tine &#8211; izjavio je preksino? u Ulcinju potpredsjednik Vlade Vujica Lazovi?. Lazovi?, koji je na inicijativu predsjedika op\u0161tine Gzima Hajdinage, odr\u017eao sastanak sa rukovodstvom op\u0161tine, predstavnicima politi?kih [&hellip;]<\/p>\n","protected":false},"author":1,"featured_media":0,"comment_status":"open","ping_status":"closed","sticky":false,"template":"","format":"standard","meta":{"spay_email":"","jetpack_publicize_message":"","jetpack_is_tweetstorm":false,"jetpack_publicize_feature_enabled":true},"categories":[8337],"tags":[11765,11757,11764,11762,824,11763,11760,11761,264,2448,11758,11766,11759],"jetpack_publicize_connections":[],"yoast_head":"<!-- This site is optimized with the Yoast SEO plugin v19.1 - https:\/\/yoast.com\/wordpress\/plugins\/seo\/ -->\n<title>Lazovi?: Ulcinj nam je prioritet - Lajme nga Ulqini<\/title>\n<meta name=\"description\" content=\"Vlada Crne Gore je do kraja spremna da podr\u017ei sve projekte u Ulcinju, a jedan od prioritetnih ciljeva je da se u predstoje?em periodu maksimalno posvetimo\" \/>\n<meta name=\"robots\" content=\"index, follow, max-snippet:-1, max-image-preview:large, max-video-preview:-1\" \/>\n<link rel=\"canonical\" href=\"https:\/\/www.visit-ulcinj.com\/blog\/2009\/08\/02\/lazovic-ulcinj-nam-je-prioritet\/\" \/>\n<meta property=\"og:locale\" content=\"en_US\" \/>\n<meta property=\"og:type\" content=\"article\" \/>\n<meta property=\"og:title\" content=\"Lazovi?: Ulcinj nam je prioritet - Lajme nga Ulqini\" \/>\n<meta property=\"og:description\" content=\"Vlada Crne Gore je do kraja spremna da podr\u017ei sve projekte u Ulcinju, a jedan od prioritetnih ciljeva je da se u predstoje?em periodu maksimalno posvetimo\" \/>\n<meta property=\"og:url\" content=\"https:\/\/www.visit-ulcinj.com\/blog\/2009\/08\/02\/lazovic-ulcinj-nam-je-prioritet\/\" \/>\n<meta property=\"og:site_name\" content=\"Lajme nga Ulqini\" \/>\n<meta property=\"article:published_time\" content=\"2009-08-02T08:46:37+00:00\" \/>\n<meta property=\"article:modified_time\" content=\"2009-08-12T14:07:24+00:00\" \/>\n<meta property=\"og:image\" content=\"http:\/\/www.visit-ulcinj.com\/blog\/wp-content\/uploads\/2009\/08\/DELEGACIJA-VLADE-U-ULCINJ.jpg\" \/>\n<meta name=\"twitter:label1\" content=\"Written by\" \/>\n\t<meta name=\"twitter:data1\" content=\"ulqini\" \/>\n\t<meta name=\"twitter:label2\" content=\"Est. reading time\" \/>\n\t<meta name=\"twitter:data2\" content=\"2 minutes\" \/>\n<script type=\"application\/ld+json\" class=\"yoast-schema-graph\">{\"@context\":\"https:\/\/schema.org\",\"@graph\":[{\"@type\":\"WebSite\",\"@id\":\"https:\/\/www.visit-ulcinj.com\/blog\/#website\",\"url\":\"https:\/\/www.visit-ulcinj.com\/blog\/\",\"name\":\"Lajme nga Ulqini\",\"description\":\"Lajme,Vijesti,Ulqini,Ulqin,Crna Gora,Mali i Zi\",\"potentialAction\":[{\"@type\":\"SearchAction\",\"target\":{\"@type\":\"EntryPoint\",\"urlTemplate\":\"https:\/\/www.visit-ulcinj.com\/blog\/?s={search_term_string}\"},\"query-input\":\"required name=search_term_string\"}],\"inLanguage\":\"en-US\"},{\"@type\":\"ImageObject\",\"inLanguage\":\"en-US\",\"@id\":\"https:\/\/www.visit-ulcinj.com\/blog\/2009\/08\/02\/lazovic-ulcinj-nam-je-prioritet\/#primaryimage\",\"url\":\"https:\/\/www.visit-ulcinj.com\/blog\/wp-content\/uploads\/2009\/08\/DELEGACIJA-VLADE-U-ULCINJ.jpg\",\"contentUrl\":\"https:\/\/www.visit-ulcinj.com\/blog\/wp-content\/uploads\/2009\/08\/DELEGACIJA-VLADE-U-ULCINJ.jpg\",\"width\":\"407\",\"height\":\"302\"},{\"@type\":\"WebPage\",\"@id\":\"https:\/\/www.visit-ulcinj.com\/blog\/2009\/08\/02\/lazovic-ulcinj-nam-je-prioritet\/#webpage\",\"url\":\"https:\/\/www.visit-ulcinj.com\/blog\/2009\/08\/02\/lazovic-ulcinj-nam-je-prioritet\/\",\"name\":\"Lazovi?: Ulcinj nam je prioritet - Lajme nga Ulqini\",\"isPartOf\":{\"@id\":\"https:\/\/www.visit-ulcinj.com\/blog\/#website\"},\"primaryImageOfPage\":{\"@id\":\"https:\/\/www.visit-ulcinj.com\/blog\/2009\/08\/02\/lazovic-ulcinj-nam-je-prioritet\/#primaryimage\"},\"datePublished\":\"2009-08-02T08:46:37+00:00\",\"dateModified\":\"2009-08-12T14:07:24+00:00\",\"author\":{\"@id\":\"https:\/\/www.visit-ulcinj.com\/blog\/#\/schema\/person\/dcab619c614d3038751c63bc2aadc06d\"},\"description\":\"Vlada Crne Gore je do kraja spremna da podr\u017ei sve projekte u Ulcinju, a jedan od prioritetnih ciljeva je da se u predstoje?em periodu maksimalno posvetimo\",\"breadcrumb\":{\"@id\":\"https:\/\/www.visit-ulcinj.com\/blog\/2009\/08\/02\/lazovic-ulcinj-nam-je-prioritet\/#breadcrumb\"},\"inLanguage\":\"en-US\",\"potentialAction\":[{\"@type\":\"ReadAction\",\"target\":[\"https:\/\/www.visit-ulcinj.com\/blog\/2009\/08\/02\/lazovic-ulcinj-nam-je-prioritet\/\"]}]},{\"@type\":\"BreadcrumbList\",\"@id\":\"https:\/\/www.visit-ulcinj.com\/blog\/2009\/08\/02\/lazovic-ulcinj-nam-je-prioritet\/#breadcrumb\",\"itemListElement\":[{\"@type\":\"ListItem\",\"position\":1,\"name\":\"Lazovi?: Ulcinj nam je prioritet\"}]},{\"@type\":\"Person\",\"@id\":\"https:\/\/www.visit-ulcinj.com\/blog\/#\/schema\/person\/dcab619c614d3038751c63bc2aadc06d\",\"name\":\"ulqini\",\"sameAs\":[\"http:\/\/www.visit-ulcinj.com\"],\"url\":\"https:\/\/www.visit-ulcinj.com\/blog\/author\/admin\/\"}]}<\/script>\n<!-- \/ Yoast SEO plugin. -->","yoast_head_json":{"title":"Lazovi?: Ulcinj nam je prioritet - Lajme nga Ulqini","description":"Vlada Crne Gore je do kraja spremna da podr\u017ei sve projekte u Ulcinju, a jedan od prioritetnih ciljeva je da se u predstoje?em periodu maksimalno posvetimo","robots":{"index":"index","follow":"follow","max-snippet":"max-snippet:-1","max-image-preview":"max-image-preview:large","max-video-preview":"max-video-preview:-1"},"canonical":"https:\/\/www.visit-ulcinj.com\/blog\/2009\/08\/02\/lazovic-ulcinj-nam-je-prioritet\/","og_locale":"en_US","og_type":"article","og_title":"Lazovi?: Ulcinj nam je prioritet - Lajme nga Ulqini","og_description":"Vlada Crne Gore je do kraja spremna da podr\u017ei sve projekte u Ulcinju, a jedan od prioritetnih ciljeva je da se u predstoje?em periodu maksimalno posvetimo","og_url":"https:\/\/www.visit-ulcinj.com\/blog\/2009\/08\/02\/lazovic-ulcinj-nam-je-prioritet\/","og_site_name":"Lajme nga Ulqini","article_published_time":"2009-08-02T08:46:37+00:00","article_modified_time":"2009-08-12T14:07:24+00:00","og_image":[{"url":"http:\/\/www.visit-ulcinj.com\/blog\/wp-content\/uploads\/2009\/08\/DELEGACIJA-VLADE-U-ULCINJ.jpg"}],"twitter_misc":{"Written by":"ulqini","Est. reading time":"2 minutes"},"schema":{"@context":"https:\/\/schema.org","@graph":[{"@type":"WebSite","@id":"https:\/\/www.visit-ulcinj.com\/blog\/#website","url":"https:\/\/www.visit-ulcinj.com\/blog\/","name":"Lajme nga Ulqini","description":"Lajme,Vijesti,Ulqini,Ulqin,Crna Gora,Mali i Zi","potentialAction":[{"@type":"SearchAction","target":{"@type":"EntryPoint","urlTemplate":"https:\/\/www.visit-ulcinj.com\/blog\/?s={search_term_string}"},"query-input":"required name=search_term_string"}],"inLanguage":"en-US"},{"@type":"ImageObject","inLanguage":"en-US","@id":"https:\/\/www.visit-ulcinj.com\/blog\/2009\/08\/02\/lazovic-ulcinj-nam-je-prioritet\/#primaryimage","url":"https:\/\/www.visit-ulcinj.com\/blog\/wp-content\/uploads\/2009\/08\/DELEGACIJA-VLADE-U-ULCINJ.jpg","contentUrl":"https:\/\/www.visit-ulcinj.com\/blog\/wp-content\/uploads\/2009\/08\/DELEGACIJA-VLADE-U-ULCINJ.jpg","width":"407","height":"302"},{"@type":"WebPage","@id":"https:\/\/www.visit-ulcinj.com\/blog\/2009\/08\/02\/lazovic-ulcinj-nam-je-prioritet\/#webpage","url":"https:\/\/www.visit-ulcinj.com\/blog\/2009\/08\/02\/lazovic-ulcinj-nam-je-prioritet\/","name":"Lazovi?: Ulcinj nam je prioritet - Lajme nga Ulqini","isPartOf":{"@id":"https:\/\/www.visit-ulcinj.com\/blog\/#website"},"primaryImageOfPage":{"@id":"https:\/\/www.visit-ulcinj.com\/blog\/2009\/08\/02\/lazovic-ulcinj-nam-je-prioritet\/#primaryimage"},"datePublished":"2009-08-02T08:46:37+00:00","dateModified":"2009-08-12T14:07:24+00:00","author":{"@id":"https:\/\/www.visit-ulcinj.com\/blog\/#\/schema\/person\/dcab619c614d3038751c63bc2aadc06d"},"description":"Vlada Crne Gore je do kraja spremna da podr\u017ei sve projekte u Ulcinju, a jedan od prioritetnih ciljeva je da se u predstoje?em periodu maksimalno posvetimo","breadcrumb":{"@id":"https:\/\/www.visit-ulcinj.com\/blog\/2009\/08\/02\/lazovic-ulcinj-nam-je-prioritet\/#breadcrumb"},"inLanguage":"en-US","potentialAction":[{"@type":"ReadAction","target":["https:\/\/www.visit-ulcinj.com\/blog\/2009\/08\/02\/lazovic-ulcinj-nam-je-prioritet\/"]}]},{"@type":"BreadcrumbList","@id":"https:\/\/www.visit-ulcinj.com\/blog\/2009\/08\/02\/lazovic-ulcinj-nam-je-prioritet\/#breadcrumb","itemListElement":[{"@type":"ListItem","position":1,"name":"Lazovi?: Ulcinj nam je prioritet"}]},{"@type":"Person","@id":"https:\/\/www.visit-ulcinj.com\/blog\/#\/schema\/person\/dcab619c614d3038751c63bc2aadc06d","name":"ulqini","sameAs":["http:\/\/www.visit-ulcinj.com"],"url":"https:\/\/www.visit-ulcinj.com\/blog\/author\/admin\/"}]}},"jetpack_featured_media_url":"","jetpack_sharing_enabled":true,"jetpack_shortlink":"https:\/\/wp.me\/pe6lTn-6cy","_links":{"self":[{"href":"https:\/\/www.visit-ulcinj.com\/blog\/wp-json\/wp\/v2\/posts\/23842"}],"collection":[{"href":"https:\/\/www.visit-ulcinj.com\/blog\/wp-json\/wp\/v2\/posts"}],"about":[{"href":"https:\/\/www.visit-ulcinj.com\/blog\/wp-json\/wp\/v2\/types\/post"}],"author":[{"embeddable":true,"href":"https:\/\/www.visit-ulcinj.com\/blog\/wp-json\/wp\/v2\/users\/1"}],"replies":[{"embeddable":true,"href":"https:\/\/www.visit-ulcinj.com\/blog\/wp-json\/wp\/v2\/comments?post=23842"}],"version-history":[{"count":0,"href":"https:\/\/www.visit-ulcinj.com\/blog\/wp-json\/wp\/v2\/posts\/23842\/revisions"}],"wp:attachment":[{"href":"https:\/\/www.visit-ulcinj.com\/blog\/wp-json\/wp\/v2\/media?parent=23842"}],"wp:term":[{"taxonomy":"category","embeddable":true,"href":"https:\/\/www.visit-ulcinj.com\/blog\/wp-json\/wp\/v2\/categories?post=23842"},{"taxonomy":"post_tag","embeddable":true,"href":"https:\/\/www.visit-ulcinj.com\/blog\/wp-json\/wp\/v2\/tags?post=23842"}],"curies":[{"name":"wp","href":"https:\/\/api.w.org\/{rel}","templated":true}]}}