{"id":2385,"date":"2008-08-12T15:38:59","date_gmt":"2008-08-12T20:38:59","guid":{"rendered":"http:\/\/www.visit-ulcinj.com\/blog\/?p=2385"},"modified":"2009-08-23T16:13:35","modified_gmt":"2009-08-23T14:13:35","slug":"mbi-deklaratat-e-rexhep-qoses-ne-ulqin","status":"publish","type":"post","link":"https:\/\/www.visit-ulcinj.com\/blog\/2008\/08\/12\/mbi-deklaratat-e-rexhep-qoses-ne-ulqin\/","title":{"rendered":"Mbi deklaratat e Rexhep Qoses n\u00eb Ulqin"},"content":{"rendered":"<p><a href=\"http:\/\/web.ukonline.co.uk\/medresanti\/shqiperia\/kosovo_archive_files\/rexhep_qosja.jpg\"><img loading=\"lazy\" class=\"alignleft\" title=\"Rexhep Qosja\" src=\"http:\/\/web.ukonline.co.uk\/medresanti\/shqiperia\/kosovo_archive_files\/rexhep_qosja.jpg\" alt=\"\" width=\"200\" height=\"149\" \/><\/a>Si\u00e7 njofton shtypi, Rexhep Qosja, shkrimtar dhe akademik i Kosov\u00ebs, shfryt\u00ebzoi rastin e panairit t\u00eb librit n\u00eb Ulqin, p\u00ebr t\u00eb b\u00ebr\u00eb nj\u00eb sulm kund\u00ebr shkrimtarit Ismail Kadare.<br \/>\nNuk do t\u00eb merremi me k\u00ebt\u00eb sulm, q\u00eb p\u00ebrs\u00ebriste sulme t\u00eb tjera t\u00eb tij: Ismail Kadareja na qenk\u00ebsh shkrimtari m\u00eb stalinist, m\u00eb komunist, nj\u00eb mit i komunizmit dhe, si p\u00ebrfundim, m\u00eb i d\u00ebmshmi i letrave shqipe. Logjika e sulmit? T\u00eb hiqet ky shkrimtar nga let\u00ebrsia shqipe? Ta quash nj\u00eb shkrimtar \u201cmbrojt\u00ebs dhe eksponent i komunizmit\u201d, \u201cmit t\u00eb krijuar nga komunizmi p\u00ebr nevojat e veta\u201d, \u00ebsht\u00eb m\u00eb mir\u00eb ta heq\u00ebsh nga let\u00ebrsia, se sa ta l\u00ebsh.<br \/>\nK\u00ebto deklarata Qosja i b\u00ebn n\u00eb konferenc\u00eb shtypi n\u00eb nj\u00eb panair libri, q\u00eb \u00ebsht\u00eb fest\u00eb e librit, e librit t\u00eb Shqip\u00ebris\u00eb, e librit t\u00eb Kosov\u00ebs, q\u00eb si shtet p\u00ebr her\u00eb t\u00eb par\u00eb merr pjes\u00eb n\u00eb nj\u00eb panair t\u00eb till\u00eb, pas shpalljes s\u00eb pavar\u00ebsis\u00eb.<br \/>\nK\u00ebto deklarata b\u00ebhen n\u00eb Mal t\u00eb Zi p\u00ebrpara publikut shqiptar, por edhe p\u00ebrpara publikut malazez. P\u00ebrpara shkrimtareve shqiptar\u00eb, por edhe p\u00ebrpara shkrimtar\u00ebve malazez\u00eb, kroat\u00eb dhe maqedonas, q\u00eb marrin pjes\u00eb n\u00eb panair. N\u00eb panair ku marrin pjes\u00eb ministra t\u00eb Shqip\u00ebris\u00eb, t\u00eb Kosov\u00ebs, zyrtar\u00eb t\u00eb tjer\u00eb t\u00eb lart\u00eb t\u00eb Malit t\u00eb Zi e t\u00eb Maqedonis\u00eb. Ku organizator kryesor \u00ebsht\u00eb Fatmir To\u00e7i, botues i Qoses, menaxhues i shkrimeve t\u00eb tij kund\u00ebr Kadares\u00eb dhe kryetar i shoqat\u00ebs s\u00eb botuesve shqiptar\u00eb!<br \/>\nSulmi i Qoses \u00ebsht\u00eb n\u00eb radh\u00eb t\u00eb par\u00eb sulm politik, n\u00eb em\u00ebr t\u00eb moralit t\u00eb lart\u00eb q\u00eb duhet t\u00eb ket\u00eb shkrimtari i sot\u00ebm.<br \/>\nNe nuk do t\u00eb zgjatemi me komente p\u00ebr deklarimet e tij, por do t\u00eb sjellim nj\u00eb deklarim q\u00eb Qosja vet\u00eb e ka b\u00ebr\u00eb, koh\u00eb m\u00eb par\u00eb, botuar nga publicisti i njohur kosovar, Sylejman Aliu. Citimi m\u00eb posht\u00eb \u00ebsht\u00eb nxjerr\u00eb i plot\u00eb, nga artikulli i Qoses p\u00ebr Titon, botuar n\u00eb gazet\u00ebn \u201cRilindja\u201d, dat\u00eb 11 maj 1980:<br \/>\n\u201cTito e ka udh\u00ebhequr dhe e ka sjell\u00eb n\u00eb triumf p\u00ebrfundimtar luft\u00ebn nacional\u00e7lirimtare t\u00eb popujve t\u00eb Jugosllavis\u00eb \u2013 ja nj\u00eb merit\u00eb e mjaft\u00eb p\u00ebr historin\u00eb. Tito i ka th\u00ebn\u00eb \u201cJO\u201d Stalinit, n\u00eb nj\u00eb koh\u00eb kur forca e Stalinit sikur nuk njihte kufij \u2013 ja nj\u00eb merit\u00eb e mjaft\u00eb historike p\u00ebr historin\u00eb. Tito na ka udh\u00ebhequr shtigjeve t\u00eb vet\u00ebqeverisjes socialiste, t\u00eb barazis\u00eb, v\u00ebllaz\u00ebrimit e bashkimit, bashk\u00ebjetes\u00ebs s\u00eb kombeve e komb\u00ebsive \u2013 ja nj\u00eb merit\u00eb tjet\u00ebr e jasht\u00ebzakonshme historike. Tito i ka prir\u00eb ides\u00eb s\u00eb madhe q\u00eb u reziston fuqive t\u00eb m\u00ebdha \u2013 ja nj\u00eb merit\u00eb tjet\u00ebr, aq e madhe, aq vendimtare n\u00eb historin\u00eb e p\u00ebrbotshme\u201d.<br \/>\nN\u00eb k\u00ebt\u00eb deklarat\u00eb jepet e plot\u00eb fytyra morale e Rexhep Qoses.<br \/>\n\u00cbsht\u00eb deklarat\u00eb tep\u00ebr e rrall\u00eb, p\u00ebr t\u00eb mos th\u00ebn\u00eb unikale: nj\u00eb shkrimtar t\u2019i b\u00ebj\u00eb lajka t\u00eb tilla t\u00eb neveritshme pushtuesit dhe shtyp\u00ebsit t\u00eb huaj t\u00eb popullit t\u00eb vet!<br \/>\nK\u00ebto lajka i adresoheshin Jugosllavis\u00eb titiste, n\u00eb koh\u00ebn kur ajo shtypte me terror dhe gjak popullin e Kosov\u00ebs. Rexhep Qosja u puth duart xhelat\u00ebve.<br \/>\nK\u00ebto lajka nuk jan\u00eb b\u00ebr\u00eb n\u00eb ndonj\u00eb koh\u00eb t\u00eb hershme, n\u00eb vite t\u00eb rinis\u00eb dhe t\u00eb naivitetit, por m\u00eb 11 maj t\u00eb vitit 1980, dhjet\u00eb muaj p\u00ebrpara rebelimit t\u00eb rinis\u00eb kosovare, at\u00ebher\u00eb kur rrug\u00ebt e Prishtinas u lan\u00eb me gjakun e student\u00ebve shqiptar\u00eb.<br \/>\nNd\u00ebrsa Qosja b\u00ebn k\u00ebto lajka, m\u00eb 1981, n\u00eb koh\u00ebn e rebelimit kosovar, shkrimtari i sulmuar prej tij, Ismail Kadareja, shkruante vepr\u00ebn e tij \u201cKrushqit jan\u00eb t\u00eb ngrir\u00eb\u201d, e para vep\u00ebr letrare, q\u00eb e p\u00ebrkthyer n\u00eb anglisht dhe n\u00eb fr\u00ebngjisht, i b\u00ebri t\u00eb njohur publikut bot\u00ebror fytyr\u00ebn e v\u00ebrtet\u00eb t\u00eb p\u00ebrgjakshme t\u00eb Jugosllavis\u00eb.<br \/>\nQoft\u00eb edhe vet\u00ebm p\u00ebr k\u00ebt\u00eb fakt, R. Qosja duhej t\u00eb rrinte i heshtur dhe me faj. Aq m\u00eb pak t\u00eb jepte leksione morali p\u00ebr t\u00eb tjer\u00ebt.<br \/>\nPor ai ka zgjedhur nj\u00eb rrug\u00eb tjet\u00ebr. E cila n\u00eb t\u00eb v\u00ebrtet\u00eb nuk \u00ebsht\u00eb gj\u00eb tjet\u00ebr ve\u00e7se vazhdimi i asaj q\u00eb ka b\u00ebr\u00eb m\u00eb 11 maj 1980, kur i b\u00ebnte lajka pushtuesit.<br \/>\n<strong> Autor \/ Sadik Bejko<br \/>\nBurimi \/ Panorama<\/strong><br \/>\n<!-- vimeo error: not a vimeo video --><br \/>\n<a title=\"Apartmanet Curani Ulqin\" href=\"http:\/\/www.visit-ulcinj.com\/?rub=curani\" target=\"_blank\"><strong><br \/>\n<\/strong><\/a><\/p>\n","protected":false},"excerpt":{"rendered":"<p><img loading=\"lazy\" class=\"alignleft\" title=\"Rexhep Qosja\" src=\"http:\/\/web.ukonline.co.uk\/medresanti\/shqiperia\/kosovo_archive_files\/rexhep_qosja.jpg\" alt=\"\" width=\"140\" height=\"140\" \/><\/p>\n","protected":false},"author":1,"featured_media":0,"comment_status":"open","ping_status":"closed","sticky":false,"template":"","format":"standard","meta":{"spay_email":"","jetpack_publicize_message":"","jetpack_is_tweetstorm":false,"jetpack_publicize_feature_enabled":true},"categories":[4,12],"tags":[4317,95,4316,200,18],"jetpack_publicize_connections":[],"yoast_head":"<!-- This site is optimized with the Yoast SEO plugin v19.1 - https:\/\/yoast.com\/wordpress\/plugins\/seo\/ -->\n<title>Mbi deklaratat e Rexhep Qoses n\u00eb Ulqin - Lajme nga Ulqini<\/title>\n<meta name=\"robots\" content=\"index, follow, max-snippet:-1, max-image-preview:large, max-video-preview:-1\" \/>\n<link rel=\"canonical\" href=\"https:\/\/www.visit-ulcinj.com\/blog\/2008\/08\/12\/mbi-deklaratat-e-rexhep-qoses-ne-ulqin\/\" \/>\n<meta property=\"og:locale\" content=\"en_US\" \/>\n<meta property=\"og:type\" content=\"article\" \/>\n<meta property=\"og:title\" content=\"Mbi deklaratat e Rexhep Qoses n\u00eb Ulqin - Lajme nga Ulqini\" \/>\n<meta property=\"og:url\" content=\"https:\/\/www.visit-ulcinj.com\/blog\/2008\/08\/12\/mbi-deklaratat-e-rexhep-qoses-ne-ulqin\/\" \/>\n<meta property=\"og:site_name\" content=\"Lajme nga Ulqini\" \/>\n<meta property=\"article:published_time\" content=\"2008-08-12T20:38:59+00:00\" \/>\n<meta property=\"article:modified_time\" content=\"2009-08-23T14:13:35+00:00\" \/>\n<meta property=\"og:image\" content=\"http:\/\/web.ukonline.co.uk\/medresanti\/shqiperia\/kosovo_archive_files\/rexhep_qosja.jpg\" \/>\n<meta name=\"twitter:label1\" content=\"Written by\" \/>\n\t<meta name=\"twitter:data1\" content=\"ulqini\" \/>\n\t<meta name=\"twitter:label2\" content=\"Est. reading time\" \/>\n\t<meta name=\"twitter:data2\" content=\"4 minutes\" \/>\n<script type=\"application\/ld+json\" class=\"yoast-schema-graph\">{\"@context\":\"https:\/\/schema.org\",\"@graph\":[{\"@type\":\"WebSite\",\"@id\":\"https:\/\/www.visit-ulcinj.com\/blog\/#website\",\"url\":\"https:\/\/www.visit-ulcinj.com\/blog\/\",\"name\":\"Lajme nga Ulqini\",\"description\":\"Lajme,Vijesti,Ulqini,Ulqin,Crna Gora,Mali i Zi\",\"potentialAction\":[{\"@type\":\"SearchAction\",\"target\":{\"@type\":\"EntryPoint\",\"urlTemplate\":\"https:\/\/www.visit-ulcinj.com\/blog\/?s={search_term_string}\"},\"query-input\":\"required name=search_term_string\"}],\"inLanguage\":\"en-US\"},{\"@type\":\"ImageObject\",\"inLanguage\":\"en-US\",\"@id\":\"https:\/\/www.visit-ulcinj.com\/blog\/2008\/08\/12\/mbi-deklaratat-e-rexhep-qoses-ne-ulqin\/#primaryimage\",\"url\":\"http:\/\/web.ukonline.co.uk\/medresanti\/shqiperia\/kosovo_archive_files\/rexhep_qosja.jpg\",\"contentUrl\":\"http:\/\/web.ukonline.co.uk\/medresanti\/shqiperia\/kosovo_archive_files\/rexhep_qosja.jpg\"},{\"@type\":\"WebPage\",\"@id\":\"https:\/\/www.visit-ulcinj.com\/blog\/2008\/08\/12\/mbi-deklaratat-e-rexhep-qoses-ne-ulqin\/#webpage\",\"url\":\"https:\/\/www.visit-ulcinj.com\/blog\/2008\/08\/12\/mbi-deklaratat-e-rexhep-qoses-ne-ulqin\/\",\"name\":\"Mbi deklaratat e Rexhep Qoses n\u00eb Ulqin - Lajme nga Ulqini\",\"isPartOf\":{\"@id\":\"https:\/\/www.visit-ulcinj.com\/blog\/#website\"},\"primaryImageOfPage\":{\"@id\":\"https:\/\/www.visit-ulcinj.com\/blog\/2008\/08\/12\/mbi-deklaratat-e-rexhep-qoses-ne-ulqin\/#primaryimage\"},\"datePublished\":\"2008-08-12T20:38:59+00:00\",\"dateModified\":\"2009-08-23T14:13:35+00:00\",\"author\":{\"@id\":\"https:\/\/www.visit-ulcinj.com\/blog\/#\/schema\/person\/dcab619c614d3038751c63bc2aadc06d\"},\"breadcrumb\":{\"@id\":\"https:\/\/www.visit-ulcinj.com\/blog\/2008\/08\/12\/mbi-deklaratat-e-rexhep-qoses-ne-ulqin\/#breadcrumb\"},\"inLanguage\":\"en-US\",\"potentialAction\":[{\"@type\":\"ReadAction\",\"target\":[\"https:\/\/www.visit-ulcinj.com\/blog\/2008\/08\/12\/mbi-deklaratat-e-rexhep-qoses-ne-ulqin\/\"]}]},{\"@type\":\"BreadcrumbList\",\"@id\":\"https:\/\/www.visit-ulcinj.com\/blog\/2008\/08\/12\/mbi-deklaratat-e-rexhep-qoses-ne-ulqin\/#breadcrumb\",\"itemListElement\":[{\"@type\":\"ListItem\",\"position\":1,\"name\":\"Mbi deklaratat e Rexhep Qoses n\u00eb Ulqin\"}]},{\"@type\":\"Person\",\"@id\":\"https:\/\/www.visit-ulcinj.com\/blog\/#\/schema\/person\/dcab619c614d3038751c63bc2aadc06d\",\"name\":\"ulqini\",\"sameAs\":[\"http:\/\/www.visit-ulcinj.com\"],\"url\":\"https:\/\/www.visit-ulcinj.com\/blog\/author\/admin\/\"}]}<\/script>\n<!-- \/ Yoast SEO plugin. -->","yoast_head_json":{"title":"Mbi deklaratat e Rexhep Qoses n\u00eb Ulqin - Lajme nga Ulqini","robots":{"index":"index","follow":"follow","max-snippet":"max-snippet:-1","max-image-preview":"max-image-preview:large","max-video-preview":"max-video-preview:-1"},"canonical":"https:\/\/www.visit-ulcinj.com\/blog\/2008\/08\/12\/mbi-deklaratat-e-rexhep-qoses-ne-ulqin\/","og_locale":"en_US","og_type":"article","og_title":"Mbi deklaratat e Rexhep Qoses n\u00eb Ulqin - Lajme nga Ulqini","og_url":"https:\/\/www.visit-ulcinj.com\/blog\/2008\/08\/12\/mbi-deklaratat-e-rexhep-qoses-ne-ulqin\/","og_site_name":"Lajme nga Ulqini","article_published_time":"2008-08-12T20:38:59+00:00","article_modified_time":"2009-08-23T14:13:35+00:00","og_image":[{"url":"http:\/\/web.ukonline.co.uk\/medresanti\/shqiperia\/kosovo_archive_files\/rexhep_qosja.jpg"}],"twitter_misc":{"Written by":"ulqini","Est. reading time":"4 minutes"},"schema":{"@context":"https:\/\/schema.org","@graph":[{"@type":"WebSite","@id":"https:\/\/www.visit-ulcinj.com\/blog\/#website","url":"https:\/\/www.visit-ulcinj.com\/blog\/","name":"Lajme nga Ulqini","description":"Lajme,Vijesti,Ulqini,Ulqin,Crna Gora,Mali i Zi","potentialAction":[{"@type":"SearchAction","target":{"@type":"EntryPoint","urlTemplate":"https:\/\/www.visit-ulcinj.com\/blog\/?s={search_term_string}"},"query-input":"required name=search_term_string"}],"inLanguage":"en-US"},{"@type":"ImageObject","inLanguage":"en-US","@id":"https:\/\/www.visit-ulcinj.com\/blog\/2008\/08\/12\/mbi-deklaratat-e-rexhep-qoses-ne-ulqin\/#primaryimage","url":"http:\/\/web.ukonline.co.uk\/medresanti\/shqiperia\/kosovo_archive_files\/rexhep_qosja.jpg","contentUrl":"http:\/\/web.ukonline.co.uk\/medresanti\/shqiperia\/kosovo_archive_files\/rexhep_qosja.jpg"},{"@type":"WebPage","@id":"https:\/\/www.visit-ulcinj.com\/blog\/2008\/08\/12\/mbi-deklaratat-e-rexhep-qoses-ne-ulqin\/#webpage","url":"https:\/\/www.visit-ulcinj.com\/blog\/2008\/08\/12\/mbi-deklaratat-e-rexhep-qoses-ne-ulqin\/","name":"Mbi deklaratat e Rexhep Qoses n\u00eb Ulqin - Lajme nga Ulqini","isPartOf":{"@id":"https:\/\/www.visit-ulcinj.com\/blog\/#website"},"primaryImageOfPage":{"@id":"https:\/\/www.visit-ulcinj.com\/blog\/2008\/08\/12\/mbi-deklaratat-e-rexhep-qoses-ne-ulqin\/#primaryimage"},"datePublished":"2008-08-12T20:38:59+00:00","dateModified":"2009-08-23T14:13:35+00:00","author":{"@id":"https:\/\/www.visit-ulcinj.com\/blog\/#\/schema\/person\/dcab619c614d3038751c63bc2aadc06d"},"breadcrumb":{"@id":"https:\/\/www.visit-ulcinj.com\/blog\/2008\/08\/12\/mbi-deklaratat-e-rexhep-qoses-ne-ulqin\/#breadcrumb"},"inLanguage":"en-US","potentialAction":[{"@type":"ReadAction","target":["https:\/\/www.visit-ulcinj.com\/blog\/2008\/08\/12\/mbi-deklaratat-e-rexhep-qoses-ne-ulqin\/"]}]},{"@type":"BreadcrumbList","@id":"https:\/\/www.visit-ulcinj.com\/blog\/2008\/08\/12\/mbi-deklaratat-e-rexhep-qoses-ne-ulqin\/#breadcrumb","itemListElement":[{"@type":"ListItem","position":1,"name":"Mbi deklaratat e Rexhep Qoses n\u00eb Ulqin"}]},{"@type":"Person","@id":"https:\/\/www.visit-ulcinj.com\/blog\/#\/schema\/person\/dcab619c614d3038751c63bc2aadc06d","name":"ulqini","sameAs":["http:\/\/www.visit-ulcinj.com"],"url":"https:\/\/www.visit-ulcinj.com\/blog\/author\/admin\/"}]}},"jetpack_featured_media_url":"","jetpack_sharing_enabled":true,"jetpack_shortlink":"https:\/\/wp.me\/pe6lTn-Ct","_links":{"self":[{"href":"https:\/\/www.visit-ulcinj.com\/blog\/wp-json\/wp\/v2\/posts\/2385"}],"collection":[{"href":"https:\/\/www.visit-ulcinj.com\/blog\/wp-json\/wp\/v2\/posts"}],"about":[{"href":"https:\/\/www.visit-ulcinj.com\/blog\/wp-json\/wp\/v2\/types\/post"}],"author":[{"embeddable":true,"href":"https:\/\/www.visit-ulcinj.com\/blog\/wp-json\/wp\/v2\/users\/1"}],"replies":[{"embeddable":true,"href":"https:\/\/www.visit-ulcinj.com\/blog\/wp-json\/wp\/v2\/comments?post=2385"}],"version-history":[{"count":0,"href":"https:\/\/www.visit-ulcinj.com\/blog\/wp-json\/wp\/v2\/posts\/2385\/revisions"}],"wp:attachment":[{"href":"https:\/\/www.visit-ulcinj.com\/blog\/wp-json\/wp\/v2\/media?parent=2385"}],"wp:term":[{"taxonomy":"category","embeddable":true,"href":"https:\/\/www.visit-ulcinj.com\/blog\/wp-json\/wp\/v2\/categories?post=2385"},{"taxonomy":"post_tag","embeddable":true,"href":"https:\/\/www.visit-ulcinj.com\/blog\/wp-json\/wp\/v2\/tags?post=2385"}],"curies":[{"name":"wp","href":"https:\/\/api.w.org\/{rel}","templated":true}]}}