{"id":23872,"date":"2009-08-02T13:39:53","date_gmt":"2009-08-02T11:39:53","guid":{"rendered":"http:\/\/www.visit-ulcinj.com\/blog\/?p=23872"},"modified":"2009-08-02T13:40:34","modified_gmt":"2009-08-02T11:40:34","slug":"u-mbajt-tryeza-me-titull-%e2%80%9ckonsolidimi-i-keshillit-nacional-te-shqiptareve-ne-mal-te-zi%e2%80%9d","status":"publish","type":"post","link":"https:\/\/www.visit-ulcinj.com\/blog\/2009\/08\/02\/u-mbajt-tryeza-me-titull-%e2%80%9ckonsolidimi-i-keshillit-nacional-te-shqiptareve-ne-mal-te-zi%e2%80%9d\/","title":{"rendered":"U mbajt tryeza me titull \u201ckonsolidimi i K\u00ebshillit Nacional t\u00eb Shqiptar\u00ebve n\u00eb Mal t\u00eb Zi\u201d"},"content":{"rendered":"<p><strong><a href=\"http:\/\/www.visit-ulcinj.com\/blog\/wp-content\/uploads\/2009\/08\/K\u00ebshilli-Nacional-i-Shqiptar\u00ebve-n\u00eb-Mal-t\u00eb-Zi_logo.jpg\"><img loading=\"lazy\" class=\"alignleft size-full wp-image-23873\" title=\"K\u00ebshilli Nacional i Shqiptar\u00ebve n\u00eb Mal t\u00eb Zi_logo\" src=\"http:\/\/www.visit-ulcinj.com\/blog\/wp-content\/uploads\/2009\/08\/K\u00ebshilli-Nacional-i-Shqiptar\u00ebve-n\u00eb-Mal-t\u00eb-Zi_logo.jpg\" alt=\"K\u00ebshilli Nacional i Shqiptar\u00ebve n\u00eb Mal t\u00eb Zi_logo\" width=\"371\" height=\"201\" \/><\/a>Pa konsensus p\u00ebr \u00e7\u00ebshtjet q\u00eb brengosin shqiptar\u00ebt<\/strong><br \/>\nPodgoric\u00eb \u2013 Projekti p\u00ebr Marr\u00ebdh\u00ebnie Etnike, nj\u00eb organizat\u00eb joqeveritare amerikane, organizoi t\u00eb h\u00ebn\u00ebn n\u00eb Podgoric\u00eb tryez\u00ebn me titull \u201cKonsolidimi i K\u00ebshillit Nacional t\u00eb Shqiptar\u00ebve n\u00eb Mal t\u00eb Zi\u201d.<br \/>\nP\u00ebrve\u00e7 tem\u00ebs themelore q\u00eb ka t\u00eb b\u00ebj\u00eb me rolin e K\u00ebshillit Nacional t\u00eb Shqiptar\u00ebve n\u00eb Mal t\u00eb Zi, n\u00eb tryez\u00eb \u00ebsht\u00eb diskutuar mbi temat q\u00eb brengosin pakic\u00ebn shqiptare n\u00eb Mal t\u00eb Zi dhe se a ekziston konsensusi n\u00eb sken\u00ebn politike shqiptare n\u00eb Mal t\u00eb Zi.<br \/>\nTryez\u00ebn e hapen ministri p\u00ebr Mbrojtjen e t\u00eb Drejtave t\u00eb Njeriut dhe Pakicave, Ferhat Dinosha, dhe ambasadori i Britanis\u00eb s\u00eb Madhe n\u00eb Mal t\u00eb Zi, Kevin Lyne, nd\u00ebrsa ajo \u00ebsht\u00eb moderuar nga Alex Grigoriev, drejtor ekzekutiv i Projektit p\u00ebr Marr\u00ebdh\u00ebnie Etnike.<br \/>\nP\u00ebrve\u00e7 ministrit Dinosha dhe ambasadorit Lyne, n\u00eb tryez\u00eb ishin t\u00eb ftuar nd\u00ebr t\u00eb tjer\u00eb kryetari i KNSH-s\u00eb, Tahir Tahiri, Mehmet Bardhi, kryetar i LD n\u00eb MZ dhe deputet n\u00eb Parlamentin e Malit t\u00eb Zi, kryetari i Forc\u00ebs s\u00eb Re Demokratike, Nazif Cungu, deputet\u00ebt n\u00eb Parlamentin e Malit t\u00eb Zi, Amir Hollaj, Genci Nimanbegu, Luigj Shkreli, Mehmet Zenka, Halil Dukoviq, Fuad Nimani, k\u00ebshilltar politik i Presidentit t\u00eb Malit t\u00eb Zi, kryetari i Komun\u00ebs dhe i Kuvendit t\u00eb Komun\u00ebs s\u00eb Ulqinit, G\u00ebzim Hajdinaga dhe Muhamet Nika, kryetari i KU dhe i Kuvendit t\u00eb KU t\u00eb Tuzit, Smail \u00c7unmulaj dhe Nikoll\u00eb Camaj, sekretari i KNSH-s\u00eb, Daut Ceka, zyrtari i lart\u00eb i PER-it, Shp\u00ebtim Gashi dhe Ivana Vuk\u00e7eviq, zyrtare politike pran\u00eb Ambasad\u00ebs s\u00eb Britanis\u00eb s\u00eb Madhe n\u00eb Mal t\u00eb Zi.<br \/>\nSipas burimeve jozyrtare, pjes\u00ebmarr\u00ebsit nuk arrit\u00ebn konsensusin brenda spektrit politik t\u00eb shqiptar\u00ebve n\u00eb Mal t\u00eb Zi mbi \u00e7\u00ebshtjet m\u00eb vitale p\u00ebr shqiptar\u00ebt.<br \/>\nTryeza, e cila ishte e mbyllur p\u00ebr media, u organizua me mb\u00ebshtetjen e Ambasad\u00ebs s\u00eb Britanis\u00eb s\u00eb Madhe, Qeveris\u00eb s\u00eb Malit t\u00eb Zi dhe kryeqytetit Podgorica.<br \/>\nTryeza tjet\u00ebr e radh\u00ebs parashikohet t\u00eb mbahet n\u00eb shtator.<\/p>\n<p><strong>M. Gjokaj<br \/>\nKoha Javore<\/strong><\/p>\n","protected":false},"excerpt":{"rendered":"<p>Pa konsensus p\u00ebr \u00e7\u00ebshtjet q\u00eb brengosin shqiptar\u00ebt Podgoric\u00eb \u2013 Projekti p\u00ebr Marr\u00ebdh\u00ebnie Etnike, nj\u00eb organizat\u00eb joqeveritare amerikane, organizoi t\u00eb h\u00ebn\u00ebn n\u00eb Podgoric\u00eb tryez\u00ebn me titull \u201cKonsolidimi i K\u00ebshillit Nacional t\u00eb Shqiptar\u00ebve n\u00eb Mal t\u00eb Zi\u201d. P\u00ebrve\u00e7 tem\u00ebs themelore q\u00eb ka t\u00eb b\u00ebj\u00eb me rolin e K\u00ebshillit Nacional t\u00eb Shqiptar\u00ebve n\u00eb Mal t\u00eb Zi, n\u00eb tryez\u00eb [&hellip;]<\/p>\n","protected":false},"author":1,"featured_media":0,"comment_status":"open","ping_status":"closed","sticky":false,"template":"","format":"standard","meta":{"spay_email":"","jetpack_publicize_message":"","jetpack_is_tweetstorm":false,"jetpack_publicize_feature_enabled":true},"categories":[13],"tags":[1303,2574,11780,106,1073,11784,11781,11777,11782,11779,5185,11778,11783,11785,729,347,3371,118,11787,11789,11786,899,11790,11788],"jetpack_publicize_connections":[],"yoast_head":"<!-- This site is optimized with the Yoast SEO plugin v19.1 - https:\/\/yoast.com\/wordpress\/plugins\/seo\/ -->\n<title>U mbajt tryeza me titull \u201ckonsolidimi i K\u00ebshillit Nacional t\u00eb Shqiptar\u00ebve n\u00eb Mal t\u00eb Zi\u201d - Lajme nga Ulqini<\/title>\n<meta name=\"description\" content=\"Pa konsensus p\u00ebr \u00e7\u00ebshtjet q\u00eb brengosin shqiptar\u00ebt Podgoric\u00eb \u2013 Projekti p\u00ebr Marr\u00ebdh\u00ebnie Etnike, nj\u00eb organizat\u00eb joqeveritare amerikane, organizoi t\u00eb h\u00ebn\u00ebn\" \/>\n<meta name=\"robots\" content=\"index, follow, max-snippet:-1, max-image-preview:large, max-video-preview:-1\" \/>\n<link rel=\"canonical\" href=\"https:\/\/www.visit-ulcinj.com\/blog\/2009\/08\/02\/u-mbajt-tryeza-me-titull-\u201ckonsolidimi-i-keshillit-nacional-te-shqiptareve-ne-mal-te-zi\u201d\/\" \/>\n<meta property=\"og:locale\" content=\"en_US\" \/>\n<meta property=\"og:type\" content=\"article\" \/>\n<meta property=\"og:title\" content=\"U mbajt tryeza me titull \u201ckonsolidimi i K\u00ebshillit Nacional t\u00eb Shqiptar\u00ebve n\u00eb Mal t\u00eb Zi\u201d - Lajme nga Ulqini\" \/>\n<meta property=\"og:description\" content=\"Pa konsensus p\u00ebr \u00e7\u00ebshtjet q\u00eb brengosin shqiptar\u00ebt Podgoric\u00eb \u2013 Projekti p\u00ebr Marr\u00ebdh\u00ebnie Etnike, nj\u00eb organizat\u00eb joqeveritare amerikane, organizoi t\u00eb h\u00ebn\u00ebn\" \/>\n<meta property=\"og:url\" content=\"https:\/\/www.visit-ulcinj.com\/blog\/2009\/08\/02\/u-mbajt-tryeza-me-titull-\u201ckonsolidimi-i-keshillit-nacional-te-shqiptareve-ne-mal-te-zi\u201d\/\" \/>\n<meta property=\"og:site_name\" content=\"Lajme nga Ulqini\" \/>\n<meta property=\"article:published_time\" content=\"2009-08-02T11:39:53+00:00\" \/>\n<meta property=\"article:modified_time\" content=\"2009-08-02T11:40:34+00:00\" \/>\n<meta name=\"twitter:label1\" content=\"Written by\" \/>\n\t<meta name=\"twitter:data1\" content=\"ulqini\" \/>\n\t<meta name=\"twitter:label2\" content=\"Est. reading time\" \/>\n\t<meta name=\"twitter:data2\" content=\"2 minutes\" \/>\n<script type=\"application\/ld+json\" class=\"yoast-schema-graph\">{\"@context\":\"https:\/\/schema.org\",\"@graph\":[{\"@type\":\"WebSite\",\"@id\":\"https:\/\/www.visit-ulcinj.com\/blog\/#website\",\"url\":\"https:\/\/www.visit-ulcinj.com\/blog\/\",\"name\":\"Lajme nga Ulqini\",\"description\":\"Lajme,Vijesti,Ulqini,Ulqin,Crna Gora,Mali i Zi\",\"potentialAction\":[{\"@type\":\"SearchAction\",\"target\":{\"@type\":\"EntryPoint\",\"urlTemplate\":\"https:\/\/www.visit-ulcinj.com\/blog\/?s={search_term_string}\"},\"query-input\":\"required name=search_term_string\"}],\"inLanguage\":\"en-US\"},{\"@type\":\"WebPage\",\"@id\":\"https:\/\/www.visit-ulcinj.com\/blog\/2009\/08\/02\/u-mbajt-tryeza-me-titull-%e2%80%9ckonsolidimi-i-keshillit-nacional-te-shqiptareve-ne-mal-te-zi%e2%80%9d\/#webpage\",\"url\":\"https:\/\/www.visit-ulcinj.com\/blog\/2009\/08\/02\/u-mbajt-tryeza-me-titull-%e2%80%9ckonsolidimi-i-keshillit-nacional-te-shqiptareve-ne-mal-te-zi%e2%80%9d\/\",\"name\":\"U mbajt tryeza me titull \u201ckonsolidimi i K\u00ebshillit Nacional t\u00eb Shqiptar\u00ebve n\u00eb Mal t\u00eb Zi\u201d - Lajme nga Ulqini\",\"isPartOf\":{\"@id\":\"https:\/\/www.visit-ulcinj.com\/blog\/#website\"},\"datePublished\":\"2009-08-02T11:39:53+00:00\",\"dateModified\":\"2009-08-02T11:40:34+00:00\",\"author\":{\"@id\":\"https:\/\/www.visit-ulcinj.com\/blog\/#\/schema\/person\/dcab619c614d3038751c63bc2aadc06d\"},\"description\":\"Pa konsensus p\u00ebr \u00e7\u00ebshtjet q\u00eb brengosin shqiptar\u00ebt Podgoric\u00eb \u2013 Projekti p\u00ebr Marr\u00ebdh\u00ebnie Etnike, nj\u00eb organizat\u00eb joqeveritare amerikane, organizoi t\u00eb h\u00ebn\u00ebn\",\"breadcrumb\":{\"@id\":\"https:\/\/www.visit-ulcinj.com\/blog\/2009\/08\/02\/u-mbajt-tryeza-me-titull-%e2%80%9ckonsolidimi-i-keshillit-nacional-te-shqiptareve-ne-mal-te-zi%e2%80%9d\/#breadcrumb\"},\"inLanguage\":\"en-US\",\"potentialAction\":[{\"@type\":\"ReadAction\",\"target\":[\"https:\/\/www.visit-ulcinj.com\/blog\/2009\/08\/02\/u-mbajt-tryeza-me-titull-%e2%80%9ckonsolidimi-i-keshillit-nacional-te-shqiptareve-ne-mal-te-zi%e2%80%9d\/\"]}]},{\"@type\":\"BreadcrumbList\",\"@id\":\"https:\/\/www.visit-ulcinj.com\/blog\/2009\/08\/02\/u-mbajt-tryeza-me-titull-%e2%80%9ckonsolidimi-i-keshillit-nacional-te-shqiptareve-ne-mal-te-zi%e2%80%9d\/#breadcrumb\",\"itemListElement\":[{\"@type\":\"ListItem\",\"position\":1,\"name\":\"U mbajt tryeza me titull \u201ckonsolidimi i K\u00ebshillit Nacional t\u00eb Shqiptar\u00ebve n\u00eb Mal t\u00eb Zi\u201d\"}]},{\"@type\":\"Person\",\"@id\":\"https:\/\/www.visit-ulcinj.com\/blog\/#\/schema\/person\/dcab619c614d3038751c63bc2aadc06d\",\"name\":\"ulqini\",\"sameAs\":[\"http:\/\/www.visit-ulcinj.com\"],\"url\":\"https:\/\/www.visit-ulcinj.com\/blog\/author\/admin\/\"}]}<\/script>\n<!-- \/ Yoast SEO plugin. -->","yoast_head_json":{"title":"U mbajt tryeza me titull \u201ckonsolidimi i K\u00ebshillit Nacional t\u00eb Shqiptar\u00ebve n\u00eb Mal t\u00eb Zi\u201d - Lajme nga Ulqini","description":"Pa konsensus p\u00ebr \u00e7\u00ebshtjet q\u00eb brengosin shqiptar\u00ebt Podgoric\u00eb \u2013 Projekti p\u00ebr Marr\u00ebdh\u00ebnie Etnike, nj\u00eb organizat\u00eb joqeveritare amerikane, organizoi t\u00eb h\u00ebn\u00ebn","robots":{"index":"index","follow":"follow","max-snippet":"max-snippet:-1","max-image-preview":"max-image-preview:large","max-video-preview":"max-video-preview:-1"},"canonical":"https:\/\/www.visit-ulcinj.com\/blog\/2009\/08\/02\/u-mbajt-tryeza-me-titull-\u201ckonsolidimi-i-keshillit-nacional-te-shqiptareve-ne-mal-te-zi\u201d\/","og_locale":"en_US","og_type":"article","og_title":"U mbajt tryeza me titull \u201ckonsolidimi i K\u00ebshillit Nacional t\u00eb Shqiptar\u00ebve n\u00eb Mal t\u00eb Zi\u201d - Lajme nga Ulqini","og_description":"Pa konsensus p\u00ebr \u00e7\u00ebshtjet q\u00eb brengosin shqiptar\u00ebt Podgoric\u00eb \u2013 Projekti p\u00ebr Marr\u00ebdh\u00ebnie Etnike, nj\u00eb organizat\u00eb joqeveritare amerikane, organizoi t\u00eb h\u00ebn\u00ebn","og_url":"https:\/\/www.visit-ulcinj.com\/blog\/2009\/08\/02\/u-mbajt-tryeza-me-titull-\u201ckonsolidimi-i-keshillit-nacional-te-shqiptareve-ne-mal-te-zi\u201d\/","og_site_name":"Lajme nga Ulqini","article_published_time":"2009-08-02T11:39:53+00:00","article_modified_time":"2009-08-02T11:40:34+00:00","twitter_misc":{"Written by":"ulqini","Est. reading time":"2 minutes"},"schema":{"@context":"https:\/\/schema.org","@graph":[{"@type":"WebSite","@id":"https:\/\/www.visit-ulcinj.com\/blog\/#website","url":"https:\/\/www.visit-ulcinj.com\/blog\/","name":"Lajme nga Ulqini","description":"Lajme,Vijesti,Ulqini,Ulqin,Crna Gora,Mali i Zi","potentialAction":[{"@type":"SearchAction","target":{"@type":"EntryPoint","urlTemplate":"https:\/\/www.visit-ulcinj.com\/blog\/?s={search_term_string}"},"query-input":"required name=search_term_string"}],"inLanguage":"en-US"},{"@type":"WebPage","@id":"https:\/\/www.visit-ulcinj.com\/blog\/2009\/08\/02\/u-mbajt-tryeza-me-titull-%e2%80%9ckonsolidimi-i-keshillit-nacional-te-shqiptareve-ne-mal-te-zi%e2%80%9d\/#webpage","url":"https:\/\/www.visit-ulcinj.com\/blog\/2009\/08\/02\/u-mbajt-tryeza-me-titull-%e2%80%9ckonsolidimi-i-keshillit-nacional-te-shqiptareve-ne-mal-te-zi%e2%80%9d\/","name":"U mbajt tryeza me titull \u201ckonsolidimi i K\u00ebshillit Nacional t\u00eb Shqiptar\u00ebve n\u00eb Mal t\u00eb Zi\u201d - Lajme nga Ulqini","isPartOf":{"@id":"https:\/\/www.visit-ulcinj.com\/blog\/#website"},"datePublished":"2009-08-02T11:39:53+00:00","dateModified":"2009-08-02T11:40:34+00:00","author":{"@id":"https:\/\/www.visit-ulcinj.com\/blog\/#\/schema\/person\/dcab619c614d3038751c63bc2aadc06d"},"description":"Pa konsensus p\u00ebr \u00e7\u00ebshtjet q\u00eb brengosin shqiptar\u00ebt Podgoric\u00eb \u2013 Projekti p\u00ebr Marr\u00ebdh\u00ebnie Etnike, nj\u00eb organizat\u00eb joqeveritare amerikane, organizoi t\u00eb h\u00ebn\u00ebn","breadcrumb":{"@id":"https:\/\/www.visit-ulcinj.com\/blog\/2009\/08\/02\/u-mbajt-tryeza-me-titull-%e2%80%9ckonsolidimi-i-keshillit-nacional-te-shqiptareve-ne-mal-te-zi%e2%80%9d\/#breadcrumb"},"inLanguage":"en-US","potentialAction":[{"@type":"ReadAction","target":["https:\/\/www.visit-ulcinj.com\/blog\/2009\/08\/02\/u-mbajt-tryeza-me-titull-%e2%80%9ckonsolidimi-i-keshillit-nacional-te-shqiptareve-ne-mal-te-zi%e2%80%9d\/"]}]},{"@type":"BreadcrumbList","@id":"https:\/\/www.visit-ulcinj.com\/blog\/2009\/08\/02\/u-mbajt-tryeza-me-titull-%e2%80%9ckonsolidimi-i-keshillit-nacional-te-shqiptareve-ne-mal-te-zi%e2%80%9d\/#breadcrumb","itemListElement":[{"@type":"ListItem","position":1,"name":"U mbajt tryeza me titull \u201ckonsolidimi i K\u00ebshillit Nacional t\u00eb Shqiptar\u00ebve n\u00eb Mal t\u00eb Zi\u201d"}]},{"@type":"Person","@id":"https:\/\/www.visit-ulcinj.com\/blog\/#\/schema\/person\/dcab619c614d3038751c63bc2aadc06d","name":"ulqini","sameAs":["http:\/\/www.visit-ulcinj.com"],"url":"https:\/\/www.visit-ulcinj.com\/blog\/author\/admin\/"}]}},"jetpack_featured_media_url":"","jetpack_sharing_enabled":true,"jetpack_shortlink":"https:\/\/wp.me\/pe6lTn-6d2","_links":{"self":[{"href":"https:\/\/www.visit-ulcinj.com\/blog\/wp-json\/wp\/v2\/posts\/23872"}],"collection":[{"href":"https:\/\/www.visit-ulcinj.com\/blog\/wp-json\/wp\/v2\/posts"}],"about":[{"href":"https:\/\/www.visit-ulcinj.com\/blog\/wp-json\/wp\/v2\/types\/post"}],"author":[{"embeddable":true,"href":"https:\/\/www.visit-ulcinj.com\/blog\/wp-json\/wp\/v2\/users\/1"}],"replies":[{"embeddable":true,"href":"https:\/\/www.visit-ulcinj.com\/blog\/wp-json\/wp\/v2\/comments?post=23872"}],"version-history":[{"count":0,"href":"https:\/\/www.visit-ulcinj.com\/blog\/wp-json\/wp\/v2\/posts\/23872\/revisions"}],"wp:attachment":[{"href":"https:\/\/www.visit-ulcinj.com\/blog\/wp-json\/wp\/v2\/media?parent=23872"}],"wp:term":[{"taxonomy":"category","embeddable":true,"href":"https:\/\/www.visit-ulcinj.com\/blog\/wp-json\/wp\/v2\/categories?post=23872"},{"taxonomy":"post_tag","embeddable":true,"href":"https:\/\/www.visit-ulcinj.com\/blog\/wp-json\/wp\/v2\/tags?post=23872"}],"curies":[{"name":"wp","href":"https:\/\/api.w.org\/{rel}","templated":true}]}}