{"id":23877,"date":"2009-08-02T13:45:37","date_gmt":"2009-08-02T11:45:37","guid":{"rendered":"http:\/\/www.visit-ulcinj.com\/blog\/?p=23877"},"modified":"2009-08-02T14:20:28","modified_gmt":"2009-08-02T12:20:28","slug":"ambasada-e-shba-se-filloi-perpunimin-e-kerkesave-per-dhenien-e-vizave","status":"publish","type":"post","link":"https:\/\/www.visit-ulcinj.com\/blog\/2009\/08\/02\/ambasada-e-shba-se-filloi-perpunimin-e-kerkesave-per-dhenien-e-vizave\/","title":{"rendered":"Ambasada e SHBA-s\u00eb filloi p\u00ebrpunimin e k\u00ebrkesave p\u00ebr dh\u00ebnien e vizave"},"content":{"rendered":"<p><a href=\"http:\/\/www.visit-ulcinj.com\/blog\/wp-content\/uploads\/2009\/08\/Roderik-Mur_Millan-Roqen.jpg\"><\/a><a href=\"http:\/\/www.visit-ulcinj.com\/blog\/wp-content\/uploads\/2009\/08\/Roderik-Mur_Millan-Roqen.1-2.jpg\"><img loading=\"lazy\" class=\"alignleft size-full wp-image-23881\" title=\"Roderik Mur_Millan Roqen.1 (2)\" src=\"http:\/\/www.visit-ulcinj.com\/blog\/wp-content\/uploads\/2009\/08\/Roderik-Mur_Millan-Roqen.1-2.jpg\" alt=\"Roderik Mur_Millan Roqen.1 (2)\" width=\"393\" height=\"299\" srcset=\"https:\/\/www.visit-ulcinj.com\/blog\/wp-content\/uploads\/2009\/08\/Roderik-Mur_Millan-Roqen.1-2.jpg 393w, https:\/\/www.visit-ulcinj.com\/blog\/wp-content\/uploads\/2009\/08\/Roderik-Mur_Millan-Roqen.1-2-300x228.jpg 300w\" sizes=\"(max-width: 393px) 100vw, 393px\" \/><\/a>Ambasadori amerikan n\u00eb Mal t\u00eb Zi, Roderik Mur, dhe ministri i Pun\u00ebve t\u00eb Jashtme t\u00eb Malit t\u00eb Zi, Millan Roqen, shpall\u00ebn t\u00eb mart\u00ebn zyrtarisht fillimin e p\u00ebrpunimit t\u00eb k\u00ebrkesave p\u00ebr dh\u00ebnien e vizave amerikane n\u00eb ceremonin\u00eb solemne n\u00eb Ambasad\u00ebn e SHBA-s\u00eb n\u00eb Podgoric\u00eb.<br \/>\nSolemniteti ka sh\u00ebnuar fillimin e procesuimit t\u00eb k\u00ebrkesave p\u00ebr viz\u00ebn amerikane n\u00eb Mal t\u00eb Zi, p\u00ebr her\u00eb t\u00eb par\u00eb n\u00eb historin\u00eb e tij. Pas hapjes s\u00eb mjediseve p\u00ebr realizimin e intervistave p\u00ebr viz\u00eb n\u00eb kuad\u00ebr t\u00eb seksionit t\u00eb ri konsullor t\u00eb Ambasad\u00ebs, ambasadori Mur dhe ministri Roqen u jan\u00eb drejtuar mediave. Mediat kan\u00eb pasur po ashtu rastin t\u00eb p\u00ebrcjellin edhe procedur\u00ebn e intervistimit dhe marrjes s\u00eb shenjave t\u00eb gisht\u00ebrinjve t\u00eb nj\u00eb aplikuesi p\u00ebr viz\u00eb i cili s\u00eb shpejti do t\u00eb marr\u00eb pjes\u00eb n\u00eb programin n\u00eb SHBA t\u00eb cilin e financon Qeveria amerikane.<\/p>\n<p><strong>Kohapress<\/strong><\/p>\n<p><strong><!--YouTube Error: bad URL entered--><br \/>\n<\/strong><\/p>\n","protected":false},"excerpt":{"rendered":"<p>Ambasadori amerikan n\u00eb Mal t\u00eb Zi, Roderik Mur, dhe ministri i Pun\u00ebve t\u00eb Jashtme t\u00eb Malit t\u00eb Zi, Millan Roqen, shpall\u00ebn t\u00eb mart\u00ebn zyrtarisht fillimin e p\u00ebrpunimit t\u00eb k\u00ebrkesave p\u00ebr dh\u00ebnien e vizave amerikane n\u00eb ceremonin\u00eb solemne n\u00eb Ambasad\u00ebn e SHBA-s\u00eb n\u00eb Podgoric\u00eb. Solemniteti ka sh\u00ebnuar fillimin e procesuimit t\u00eb k\u00ebrkesave p\u00ebr viz\u00ebn amerikane n\u00eb [&hellip;]<\/p>\n","protected":false},"author":1,"featured_media":0,"comment_status":"open","ping_status":"closed","sticky":false,"template":"","format":"standard","meta":{"spay_email":"","jetpack_publicize_message":"","jetpack_is_tweetstorm":false,"jetpack_publicize_feature_enabled":true},"categories":[12],"tags":[11791,6079,11792,1099],"jetpack_publicize_connections":[],"yoast_head":"<!-- This site is optimized with the Yoast SEO plugin v19.1 - https:\/\/yoast.com\/wordpress\/plugins\/seo\/ -->\n<title>Ambasada e SHBA-s\u00eb filloi p\u00ebrpunimin e k\u00ebrkesave p\u00ebr dh\u00ebnien e vizave - Lajme nga Ulqini<\/title>\n<meta name=\"description\" content=\"Ambasadori amerikan n\u00eb Mal t\u00eb Zi, Roderik Mur, dhe ministri i Pun\u00ebve t\u00eb Jashtme t\u00eb Malit t\u00eb Zi, Millan Roqen, shpall\u00ebn t\u00eb mart\u00ebn zyrtarisht fillimin e\" \/>\n<meta name=\"robots\" content=\"index, follow, max-snippet:-1, max-image-preview:large, max-video-preview:-1\" \/>\n<link rel=\"canonical\" href=\"https:\/\/www.visit-ulcinj.com\/blog\/2009\/08\/02\/ambasada-e-shba-se-filloi-perpunimin-e-kerkesave-per-dhenien-e-vizave\/\" \/>\n<meta property=\"og:locale\" content=\"en_US\" \/>\n<meta property=\"og:type\" content=\"article\" \/>\n<meta property=\"og:title\" content=\"Ambasada e SHBA-s\u00eb filloi p\u00ebrpunimin e k\u00ebrkesave p\u00ebr dh\u00ebnien e vizave - Lajme nga Ulqini\" \/>\n<meta property=\"og:description\" content=\"Ambasadori amerikan n\u00eb Mal t\u00eb Zi, Roderik Mur, dhe ministri i Pun\u00ebve t\u00eb Jashtme t\u00eb Malit t\u00eb Zi, Millan Roqen, shpall\u00ebn t\u00eb mart\u00ebn zyrtarisht fillimin e\" \/>\n<meta property=\"og:url\" content=\"https:\/\/www.visit-ulcinj.com\/blog\/2009\/08\/02\/ambasada-e-shba-se-filloi-perpunimin-e-kerkesave-per-dhenien-e-vizave\/\" \/>\n<meta property=\"og:site_name\" content=\"Lajme nga Ulqini\" \/>\n<meta property=\"article:published_time\" content=\"2009-08-02T11:45:37+00:00\" \/>\n<meta property=\"article:modified_time\" content=\"2009-08-02T12:20:28+00:00\" \/>\n<meta property=\"og:image\" content=\"http:\/\/www.visit-ulcinj.com\/blog\/wp-content\/uploads\/2009\/08\/Roderik-Mur_Millan-Roqen.1-2.jpg\" \/>\n<meta name=\"twitter:label1\" content=\"Written by\" \/>\n\t<meta name=\"twitter:data1\" content=\"ulqini\" \/>\n\t<meta name=\"twitter:label2\" content=\"Est. reading time\" \/>\n\t<meta name=\"twitter:data2\" content=\"1 minute\" \/>\n<script type=\"application\/ld+json\" class=\"yoast-schema-graph\">{\"@context\":\"https:\/\/schema.org\",\"@graph\":[{\"@type\":\"WebSite\",\"@id\":\"https:\/\/www.visit-ulcinj.com\/blog\/#website\",\"url\":\"https:\/\/www.visit-ulcinj.com\/blog\/\",\"name\":\"Lajme nga Ulqini\",\"description\":\"Lajme,Vijesti,Ulqini,Ulqin,Crna Gora,Mali i Zi\",\"potentialAction\":[{\"@type\":\"SearchAction\",\"target\":{\"@type\":\"EntryPoint\",\"urlTemplate\":\"https:\/\/www.visit-ulcinj.com\/blog\/?s={search_term_string}\"},\"query-input\":\"required name=search_term_string\"}],\"inLanguage\":\"en-US\"},{\"@type\":\"ImageObject\",\"inLanguage\":\"en-US\",\"@id\":\"https:\/\/www.visit-ulcinj.com\/blog\/2009\/08\/02\/ambasada-e-shba-se-filloi-perpunimin-e-kerkesave-per-dhenien-e-vizave\/#primaryimage\",\"url\":\"https:\/\/www.visit-ulcinj.com\/blog\/wp-content\/uploads\/2009\/08\/Roderik-Mur_Millan-Roqen.1-2.jpg\",\"contentUrl\":\"https:\/\/www.visit-ulcinj.com\/blog\/wp-content\/uploads\/2009\/08\/Roderik-Mur_Millan-Roqen.1-2.jpg\",\"width\":\"393\",\"height\":\"299\"},{\"@type\":\"WebPage\",\"@id\":\"https:\/\/www.visit-ulcinj.com\/blog\/2009\/08\/02\/ambasada-e-shba-se-filloi-perpunimin-e-kerkesave-per-dhenien-e-vizave\/#webpage\",\"url\":\"https:\/\/www.visit-ulcinj.com\/blog\/2009\/08\/02\/ambasada-e-shba-se-filloi-perpunimin-e-kerkesave-per-dhenien-e-vizave\/\",\"name\":\"Ambasada e SHBA-s\u00eb filloi p\u00ebrpunimin e k\u00ebrkesave p\u00ebr dh\u00ebnien e vizave - Lajme nga Ulqini\",\"isPartOf\":{\"@id\":\"https:\/\/www.visit-ulcinj.com\/blog\/#website\"},\"primaryImageOfPage\":{\"@id\":\"https:\/\/www.visit-ulcinj.com\/blog\/2009\/08\/02\/ambasada-e-shba-se-filloi-perpunimin-e-kerkesave-per-dhenien-e-vizave\/#primaryimage\"},\"datePublished\":\"2009-08-02T11:45:37+00:00\",\"dateModified\":\"2009-08-02T12:20:28+00:00\",\"author\":{\"@id\":\"https:\/\/www.visit-ulcinj.com\/blog\/#\/schema\/person\/dcab619c614d3038751c63bc2aadc06d\"},\"description\":\"Ambasadori amerikan n\u00eb Mal t\u00eb Zi, Roderik Mur, dhe ministri i Pun\u00ebve t\u00eb Jashtme t\u00eb Malit t\u00eb Zi, Millan Roqen, shpall\u00ebn t\u00eb mart\u00ebn zyrtarisht fillimin e\",\"breadcrumb\":{\"@id\":\"https:\/\/www.visit-ulcinj.com\/blog\/2009\/08\/02\/ambasada-e-shba-se-filloi-perpunimin-e-kerkesave-per-dhenien-e-vizave\/#breadcrumb\"},\"inLanguage\":\"en-US\",\"potentialAction\":[{\"@type\":\"ReadAction\",\"target\":[\"https:\/\/www.visit-ulcinj.com\/blog\/2009\/08\/02\/ambasada-e-shba-se-filloi-perpunimin-e-kerkesave-per-dhenien-e-vizave\/\"]}]},{\"@type\":\"BreadcrumbList\",\"@id\":\"https:\/\/www.visit-ulcinj.com\/blog\/2009\/08\/02\/ambasada-e-shba-se-filloi-perpunimin-e-kerkesave-per-dhenien-e-vizave\/#breadcrumb\",\"itemListElement\":[{\"@type\":\"ListItem\",\"position\":1,\"name\":\"Ambasada e SHBA-s\u00eb filloi p\u00ebrpunimin e k\u00ebrkesave p\u00ebr dh\u00ebnien e vizave\"}]},{\"@type\":\"Person\",\"@id\":\"https:\/\/www.visit-ulcinj.com\/blog\/#\/schema\/person\/dcab619c614d3038751c63bc2aadc06d\",\"name\":\"ulqini\",\"sameAs\":[\"http:\/\/www.visit-ulcinj.com\"],\"url\":\"https:\/\/www.visit-ulcinj.com\/blog\/author\/admin\/\"}]}<\/script>\n<!-- \/ Yoast SEO plugin. -->","yoast_head_json":{"title":"Ambasada e SHBA-s\u00eb filloi p\u00ebrpunimin e k\u00ebrkesave p\u00ebr dh\u00ebnien e vizave - Lajme nga Ulqini","description":"Ambasadori amerikan n\u00eb Mal t\u00eb Zi, Roderik Mur, dhe ministri i Pun\u00ebve t\u00eb Jashtme t\u00eb Malit t\u00eb Zi, Millan Roqen, shpall\u00ebn t\u00eb mart\u00ebn zyrtarisht fillimin e","robots":{"index":"index","follow":"follow","max-snippet":"max-snippet:-1","max-image-preview":"max-image-preview:large","max-video-preview":"max-video-preview:-1"},"canonical":"https:\/\/www.visit-ulcinj.com\/blog\/2009\/08\/02\/ambasada-e-shba-se-filloi-perpunimin-e-kerkesave-per-dhenien-e-vizave\/","og_locale":"en_US","og_type":"article","og_title":"Ambasada e SHBA-s\u00eb filloi p\u00ebrpunimin e k\u00ebrkesave p\u00ebr dh\u00ebnien e vizave - Lajme nga Ulqini","og_description":"Ambasadori amerikan n\u00eb Mal t\u00eb Zi, Roderik Mur, dhe ministri i Pun\u00ebve t\u00eb Jashtme t\u00eb Malit t\u00eb Zi, Millan Roqen, shpall\u00ebn t\u00eb mart\u00ebn zyrtarisht fillimin e","og_url":"https:\/\/www.visit-ulcinj.com\/blog\/2009\/08\/02\/ambasada-e-shba-se-filloi-perpunimin-e-kerkesave-per-dhenien-e-vizave\/","og_site_name":"Lajme nga Ulqini","article_published_time":"2009-08-02T11:45:37+00:00","article_modified_time":"2009-08-02T12:20:28+00:00","og_image":[{"url":"http:\/\/www.visit-ulcinj.com\/blog\/wp-content\/uploads\/2009\/08\/Roderik-Mur_Millan-Roqen.1-2.jpg"}],"twitter_misc":{"Written by":"ulqini","Est. reading time":"1 minute"},"schema":{"@context":"https:\/\/schema.org","@graph":[{"@type":"WebSite","@id":"https:\/\/www.visit-ulcinj.com\/blog\/#website","url":"https:\/\/www.visit-ulcinj.com\/blog\/","name":"Lajme nga Ulqini","description":"Lajme,Vijesti,Ulqini,Ulqin,Crna Gora,Mali i Zi","potentialAction":[{"@type":"SearchAction","target":{"@type":"EntryPoint","urlTemplate":"https:\/\/www.visit-ulcinj.com\/blog\/?s={search_term_string}"},"query-input":"required name=search_term_string"}],"inLanguage":"en-US"},{"@type":"ImageObject","inLanguage":"en-US","@id":"https:\/\/www.visit-ulcinj.com\/blog\/2009\/08\/02\/ambasada-e-shba-se-filloi-perpunimin-e-kerkesave-per-dhenien-e-vizave\/#primaryimage","url":"https:\/\/www.visit-ulcinj.com\/blog\/wp-content\/uploads\/2009\/08\/Roderik-Mur_Millan-Roqen.1-2.jpg","contentUrl":"https:\/\/www.visit-ulcinj.com\/blog\/wp-content\/uploads\/2009\/08\/Roderik-Mur_Millan-Roqen.1-2.jpg","width":"393","height":"299"},{"@type":"WebPage","@id":"https:\/\/www.visit-ulcinj.com\/blog\/2009\/08\/02\/ambasada-e-shba-se-filloi-perpunimin-e-kerkesave-per-dhenien-e-vizave\/#webpage","url":"https:\/\/www.visit-ulcinj.com\/blog\/2009\/08\/02\/ambasada-e-shba-se-filloi-perpunimin-e-kerkesave-per-dhenien-e-vizave\/","name":"Ambasada e SHBA-s\u00eb filloi p\u00ebrpunimin e k\u00ebrkesave p\u00ebr dh\u00ebnien e vizave - Lajme nga Ulqini","isPartOf":{"@id":"https:\/\/www.visit-ulcinj.com\/blog\/#website"},"primaryImageOfPage":{"@id":"https:\/\/www.visit-ulcinj.com\/blog\/2009\/08\/02\/ambasada-e-shba-se-filloi-perpunimin-e-kerkesave-per-dhenien-e-vizave\/#primaryimage"},"datePublished":"2009-08-02T11:45:37+00:00","dateModified":"2009-08-02T12:20:28+00:00","author":{"@id":"https:\/\/www.visit-ulcinj.com\/blog\/#\/schema\/person\/dcab619c614d3038751c63bc2aadc06d"},"description":"Ambasadori amerikan n\u00eb Mal t\u00eb Zi, Roderik Mur, dhe ministri i Pun\u00ebve t\u00eb Jashtme t\u00eb Malit t\u00eb Zi, Millan Roqen, shpall\u00ebn t\u00eb mart\u00ebn zyrtarisht fillimin e","breadcrumb":{"@id":"https:\/\/www.visit-ulcinj.com\/blog\/2009\/08\/02\/ambasada-e-shba-se-filloi-perpunimin-e-kerkesave-per-dhenien-e-vizave\/#breadcrumb"},"inLanguage":"en-US","potentialAction":[{"@type":"ReadAction","target":["https:\/\/www.visit-ulcinj.com\/blog\/2009\/08\/02\/ambasada-e-shba-se-filloi-perpunimin-e-kerkesave-per-dhenien-e-vizave\/"]}]},{"@type":"BreadcrumbList","@id":"https:\/\/www.visit-ulcinj.com\/blog\/2009\/08\/02\/ambasada-e-shba-se-filloi-perpunimin-e-kerkesave-per-dhenien-e-vizave\/#breadcrumb","itemListElement":[{"@type":"ListItem","position":1,"name":"Ambasada e SHBA-s\u00eb filloi p\u00ebrpunimin e k\u00ebrkesave p\u00ebr dh\u00ebnien e vizave"}]},{"@type":"Person","@id":"https:\/\/www.visit-ulcinj.com\/blog\/#\/schema\/person\/dcab619c614d3038751c63bc2aadc06d","name":"ulqini","sameAs":["http:\/\/www.visit-ulcinj.com"],"url":"https:\/\/www.visit-ulcinj.com\/blog\/author\/admin\/"}]}},"jetpack_featured_media_url":"","jetpack_sharing_enabled":true,"jetpack_shortlink":"https:\/\/wp.me\/pe6lTn-6d7","_links":{"self":[{"href":"https:\/\/www.visit-ulcinj.com\/blog\/wp-json\/wp\/v2\/posts\/23877"}],"collection":[{"href":"https:\/\/www.visit-ulcinj.com\/blog\/wp-json\/wp\/v2\/posts"}],"about":[{"href":"https:\/\/www.visit-ulcinj.com\/blog\/wp-json\/wp\/v2\/types\/post"}],"author":[{"embeddable":true,"href":"https:\/\/www.visit-ulcinj.com\/blog\/wp-json\/wp\/v2\/users\/1"}],"replies":[{"embeddable":true,"href":"https:\/\/www.visit-ulcinj.com\/blog\/wp-json\/wp\/v2\/comments?post=23877"}],"version-history":[{"count":0,"href":"https:\/\/www.visit-ulcinj.com\/blog\/wp-json\/wp\/v2\/posts\/23877\/revisions"}],"wp:attachment":[{"href":"https:\/\/www.visit-ulcinj.com\/blog\/wp-json\/wp\/v2\/media?parent=23877"}],"wp:term":[{"taxonomy":"category","embeddable":true,"href":"https:\/\/www.visit-ulcinj.com\/blog\/wp-json\/wp\/v2\/categories?post=23877"},{"taxonomy":"post_tag","embeddable":true,"href":"https:\/\/www.visit-ulcinj.com\/blog\/wp-json\/wp\/v2\/tags?post=23877"}],"curies":[{"name":"wp","href":"https:\/\/api.w.org\/{rel}","templated":true}]}}