{"id":23883,"date":"2009-08-02T14:35:07","date_gmt":"2009-08-02T12:35:07","guid":{"rendered":"http:\/\/www.visit-ulcinj.com\/blog\/?p=23883"},"modified":"2009-08-02T23:38:34","modified_gmt":"2009-08-02T21:38:34","slug":"perfaqesuesi-i-ke-se-njihet-me-problemet-e-shqiptareve","status":"publish","type":"post","link":"https:\/\/www.visit-ulcinj.com\/blog\/2009\/08\/02\/perfaqesuesi-i-ke-se-njihet-me-problemet-e-shqiptareve\/","title":{"rendered":"P\u00ebrfaq\u00ebsuesi i KE-s\u00eb njihet me problemet e shqiptar\u00ebve"},"content":{"rendered":"<p><a href=\"http:\/\/www.visit-ulcinj.com\/blog\/wp-content\/uploads\/2009\/08\/Jean-Charles-GARDETTO-Nazif-Cungu-Mehmet-Bardhi.JPG\"><img loading=\"lazy\" class=\"alignleft size-full wp-image-23885\" title=\"Jean-Charles GARDETTO ,Nazif Cungu, Mehmet Bardhi,\" src=\"http:\/\/www.visit-ulcinj.com\/blog\/wp-content\/uploads\/2009\/08\/Jean-Charles-GARDETTO-Nazif-Cungu-Mehmet-Bardhi.JPG\" alt=\"Jean-Charles GARDETTO ,Nazif Cungu, Mehmet Bardhi,\" width=\"312\" height=\"232\" \/><\/a>Podgoric\u00eb \u2013 Kryetari i Forc\u00ebs s\u00eb Re Demokratike, Nazif Cungu, kryetari i LD n\u00eb MZ, Mehmet Bardhi, dhe deputeti i Koalicionit Shqiptar \u201cPerspektiva\u201d, Amir Hollaj u takuan t\u00eb m\u00ebrkur\u00ebn, m\u00eb 8 korrik, me raportuesin e Asambles\u00eb Parlamentare t\u00eb K\u00ebshillit t\u00eb Evrop\u00ebs, Zhan Sharl Gardeto.<br \/>\nN\u00eb njoftimin p\u00ebr media t\u00eb l\u00ebshuar pas k\u00ebtij takimi nga tre p\u00ebrfaq\u00ebsuesit e subjekteve shqiptare thuhet se ata e njoftuan raportuesin Gardeto me p\u00ebrfaq\u00ebsimin autentik proporcional t\u00eb shqiptar\u00ebve n\u00eb organet shtet\u00ebrore dhe n\u00eb organet e vet\u00ebqeverisjes vendore n\u00eb trevat ku shqiptar\u00ebt jan\u00eb autokton\u00eb, ligj\u00ebsimin e mandateve t\u00eb garantuara n\u00eb Kuvendin e Malit t\u00eb Zi, decentralizimin e pushtetit, rishqyrtimin e privatizimeve t\u00eb deritashme, kthimin e pronave ish pronar\u00ebve, realizimin e plot\u00eb t\u00eb administrat\u00ebs n\u00eb gjuh\u00ebn shqipe.<br \/>\nSa i p\u00ebrket problemit t\u00eb p\u00ebrfaq\u00ebsimit, tre p\u00ebrfaq\u00ebsuesit shqiptar\u00eb mor\u00ebn si shembull Prokurorin\u00eb e Malit t\u00eb Zi, ku n\u00eb mesin e rreth 80 prokuror\u00ebve dhe ndihm\u00ebsprokuror\u00ebve nuk ka asnj\u00eb shqiptar.<br \/>\nLidhur me mandatet e garantuara n\u00eb Kuvendin e Malit t\u00eb Zi, ata kan\u00eb th\u00ebn\u00eb se k\u00ebrkojn\u00eb pes\u00eb mandate, nd\u00ebrsa sa i p\u00ebrket decentralizimit t\u00eb pushtetit, kthimin e kompetencave vet\u00ebqeverisjeve vendore \u2013 komunave, formimin e Komun\u00ebs s\u00eb Tuzit n\u00eb kufijt\u00eb natyror\u00eb t\u00eb Mal\u00ebsis\u00eb me t\u00eb drejta t\u00eb plota.<br \/>\nP\u00ebrfaq\u00ebsuesit shqiptar\u00eb kan\u00eb n\u00ebnvizuar se k\u00ebrkojn\u00eb \u201crishqyrtimin e privatizimeve t\u00eb deritashme, me theks t\u00eb ve\u00e7ant\u00eb t\u00eb \u201cprivatizimeve\u201d n\u00eb trojet shqipare t\u00eb cilat u b\u00ebn\u00eb nga lart\u00eb, nga Podgorica, pa p\u00eblqimin e pa pjes\u00ebmarrjen e p\u00ebrfaq\u00ebsuesve legjitim\u00eb shqiptar\u00eb\u201d.<br \/>\nK\u00ebto privatizime, sipas tyre, \u201cnuk kan\u00eb dh\u00ebn\u00eb rezultate pozitive, por p\u00ebrkundrazi jan\u00eb nj\u00eb form\u00eb e shembull i kolonizimeve dhe okupimeve t\u00eb reja nga Qendra me pasoja t\u00eb r\u00ebnda p\u00ebr popullin shqiptar\u201d.<br \/>\nAta kan\u00eb th\u00ebn\u00eb se k\u00ebrkojn\u00eb po ashtu kthimin e pronave t\u00eb marra n\u00eb cil\u00ebndo form\u00eb n\u00eb periudh\u00ebn nj\u00ebpartiake \u2013 komuniste si dhe realizimin e plot\u00eb t\u00eb administrat\u00ebs n\u00eb gjuh\u00ebn shqipe q\u00eb n\u00ebnkupton em\u00ebrtimin e rrug\u00ebve dhe shesheve n\u00eb administrat\u00eb n\u00eb shkolla dhe institucione t\u00eb tjera.<br \/>\n\u201cN\u00eb pyetjen e z. Gardetto se a jemi dakord me ndryshimin e norm\u00ebs n\u00eb Ligjin p\u00ebr Zgjedhjen e K\u00ebshilltar\u00ebve dhe Deputet\u00ebve, ku n\u00eb Ligjin Aktual parashihet q\u00eb 50% t\u00eb mandateve t\u00eb fituara t\u2019i shp\u00ebrndaj\u00eb subjekti, e cila norm\u00eb \u00ebsht\u00eb n\u00eb kund\u00ebrshtim me standardet evropiane, pasi i bie n\u00eb lajthitje zgjedh\u00ebsit me rastin e votimit, si\u00e7 tha zot\u00ebri Gardeto, p\u00ebrfaq\u00ebsuesit shqiptar\u00eb i than\u00eb mysafirit t\u00eb lart\u00eb se n\u00eb k\u00ebte segment jan\u00eb t\u00eb gatsh\u00ebm p\u00ebr t\u00eb shqyrtuar k\u00ebt\u00eb norm\u00eb me rastin e ndryshimit t\u00eb Ligjit apo aprovimit t\u00eb Ligjit t\u00eb ri zgjedhor, meqen\u00ebse nuk prek\u00eb dret\u00ebp\u00ebrs\u00ebdrejti n\u00eb interesat tona dhe se ne jemi t\u00eb gatsh\u00ebm t\u00eb respektojm\u00eb standardet evropiane\u201d, theksohet n\u00eb njoftimin p\u00ebr media.<\/p>\n<p><strong>Kohapress<\/strong><\/p>\n<div><object width=\"580\" height=\"386\"><param name=\"movie\" value=\"http:\/\/www.dailymotion.com\/swf\/xa1jp1_mcm-beach-ulcinj-ulqini-montenegro_travel&#038;autoPlay=1&#038;related=1\"><\/param><param name=\"allowFullScreen\" value=\"true\"><\/param><param name=\"allowScriptAccess\" value=\"always\"><\/param><\/object><\/p>\n","protected":false},"excerpt":{"rendered":"<p>Podgoric\u00eb \u2013 Kryetari i Forc\u00ebs s\u00eb Re Demokratike, Nazif Cungu, kryetari i LD n\u00eb MZ, Mehmet Bardhi, dhe deputeti i Koalicionit Shqiptar \u201cPerspektiva\u201d, Amir Hollaj u takuan t\u00eb m\u00ebrkur\u00ebn, m\u00eb 8 korrik, me raportuesin e Asambles\u00eb Parlamentare t\u00eb K\u00ebshillit t\u00eb Evrop\u00ebs, Zhan Sharl Gardeto. N\u00eb njoftimin p\u00ebr media t\u00eb l\u00ebshuar pas k\u00ebtij takimi nga tre [&hellip;]<\/p>\n","protected":false},"author":1,"featured_media":0,"comment_status":"open","ping_status":"closed","sticky":false,"template":"","format":"standard","meta":{"spay_email":"","jetpack_publicize_message":"","jetpack_is_tweetstorm":false,"jetpack_publicize_feature_enabled":true},"categories":[12],"tags":[11793,347,118],"jetpack_publicize_connections":[],"yoast_head":"<!-- This site is optimized with the Yoast SEO plugin v19.1 - https:\/\/yoast.com\/wordpress\/plugins\/seo\/ -->\n<title>P\u00ebrfaq\u00ebsuesi i KE-s\u00eb njihet me problemet e shqiptar\u00ebve - Lajme nga Ulqini<\/title>\n<meta name=\"description\" content=\"Podgoric\u00eb \u2013 Kryetari i Forc\u00ebs s\u00eb Re Demokratike, Nazif Cungu, kryetari i LD n\u00eb MZ, Mehmet Bardhi, dhe deputeti i Koalicionit Shqiptar \u201cPerspektiva\u201d, Amir\" \/>\n<meta name=\"robots\" content=\"index, follow, max-snippet:-1, max-image-preview:large, max-video-preview:-1\" \/>\n<link rel=\"canonical\" href=\"https:\/\/www.visit-ulcinj.com\/blog\/2009\/08\/02\/perfaqesuesi-i-ke-se-njihet-me-problemet-e-shqiptareve\/\" \/>\n<meta property=\"og:locale\" content=\"en_US\" \/>\n<meta property=\"og:type\" content=\"article\" \/>\n<meta property=\"og:title\" content=\"P\u00ebrfaq\u00ebsuesi i KE-s\u00eb njihet me problemet e shqiptar\u00ebve - Lajme nga Ulqini\" \/>\n<meta property=\"og:description\" content=\"Podgoric\u00eb \u2013 Kryetari i Forc\u00ebs s\u00eb Re Demokratike, Nazif Cungu, kryetari i LD n\u00eb MZ, Mehmet Bardhi, dhe deputeti i Koalicionit Shqiptar \u201cPerspektiva\u201d, Amir\" \/>\n<meta property=\"og:url\" content=\"https:\/\/www.visit-ulcinj.com\/blog\/2009\/08\/02\/perfaqesuesi-i-ke-se-njihet-me-problemet-e-shqiptareve\/\" \/>\n<meta property=\"og:site_name\" content=\"Lajme nga Ulqini\" \/>\n<meta property=\"article:published_time\" content=\"2009-08-02T12:35:07+00:00\" \/>\n<meta property=\"article:modified_time\" content=\"2009-08-02T21:38:34+00:00\" \/>\n<meta property=\"og:image\" content=\"http:\/\/www.visit-ulcinj.com\/blog\/wp-content\/uploads\/2009\/08\/Jean-Charles-GARDETTO-Nazif-Cungu-Mehmet-Bardhi.JPG\" \/>\n<meta name=\"twitter:label1\" content=\"Written by\" \/>\n\t<meta name=\"twitter:data1\" content=\"ulqini\" \/>\n\t<meta name=\"twitter:label2\" content=\"Est. reading time\" \/>\n\t<meta name=\"twitter:data2\" content=\"2 minutes\" \/>\n<script type=\"application\/ld+json\" class=\"yoast-schema-graph\">{\"@context\":\"https:\/\/schema.org\",\"@graph\":[{\"@type\":\"WebSite\",\"@id\":\"https:\/\/www.visit-ulcinj.com\/blog\/#website\",\"url\":\"https:\/\/www.visit-ulcinj.com\/blog\/\",\"name\":\"Lajme nga Ulqini\",\"description\":\"Lajme,Vijesti,Ulqini,Ulqin,Crna Gora,Mali i Zi\",\"potentialAction\":[{\"@type\":\"SearchAction\",\"target\":{\"@type\":\"EntryPoint\",\"urlTemplate\":\"https:\/\/www.visit-ulcinj.com\/blog\/?s={search_term_string}\"},\"query-input\":\"required name=search_term_string\"}],\"inLanguage\":\"en-US\"},{\"@type\":\"ImageObject\",\"inLanguage\":\"en-US\",\"@id\":\"https:\/\/www.visit-ulcinj.com\/blog\/2009\/08\/02\/perfaqesuesi-i-ke-se-njihet-me-problemet-e-shqiptareve\/#primaryimage\",\"url\":\"https:\/\/www.visit-ulcinj.com\/blog\/wp-content\/uploads\/2009\/08\/Jean-Charles-GARDETTO-Nazif-Cungu-Mehmet-Bardhi.JPG\",\"contentUrl\":\"https:\/\/www.visit-ulcinj.com\/blog\/wp-content\/uploads\/2009\/08\/Jean-Charles-GARDETTO-Nazif-Cungu-Mehmet-Bardhi.JPG\",\"width\":\"191\",\"height\":\"142\"},{\"@type\":\"WebPage\",\"@id\":\"https:\/\/www.visit-ulcinj.com\/blog\/2009\/08\/02\/perfaqesuesi-i-ke-se-njihet-me-problemet-e-shqiptareve\/#webpage\",\"url\":\"https:\/\/www.visit-ulcinj.com\/blog\/2009\/08\/02\/perfaqesuesi-i-ke-se-njihet-me-problemet-e-shqiptareve\/\",\"name\":\"P\u00ebrfaq\u00ebsuesi i KE-s\u00eb njihet me problemet e shqiptar\u00ebve - Lajme nga Ulqini\",\"isPartOf\":{\"@id\":\"https:\/\/www.visit-ulcinj.com\/blog\/#website\"},\"primaryImageOfPage\":{\"@id\":\"https:\/\/www.visit-ulcinj.com\/blog\/2009\/08\/02\/perfaqesuesi-i-ke-se-njihet-me-problemet-e-shqiptareve\/#primaryimage\"},\"datePublished\":\"2009-08-02T12:35:07+00:00\",\"dateModified\":\"2009-08-02T21:38:34+00:00\",\"author\":{\"@id\":\"https:\/\/www.visit-ulcinj.com\/blog\/#\/schema\/person\/dcab619c614d3038751c63bc2aadc06d\"},\"description\":\"Podgoric\u00eb \u2013 Kryetari i Forc\u00ebs s\u00eb Re Demokratike, Nazif Cungu, kryetari i LD n\u00eb MZ, Mehmet Bardhi, dhe deputeti i Koalicionit Shqiptar \u201cPerspektiva\u201d, Amir\",\"breadcrumb\":{\"@id\":\"https:\/\/www.visit-ulcinj.com\/blog\/2009\/08\/02\/perfaqesuesi-i-ke-se-njihet-me-problemet-e-shqiptareve\/#breadcrumb\"},\"inLanguage\":\"en-US\",\"potentialAction\":[{\"@type\":\"ReadAction\",\"target\":[\"https:\/\/www.visit-ulcinj.com\/blog\/2009\/08\/02\/perfaqesuesi-i-ke-se-njihet-me-problemet-e-shqiptareve\/\"]}]},{\"@type\":\"BreadcrumbList\",\"@id\":\"https:\/\/www.visit-ulcinj.com\/blog\/2009\/08\/02\/perfaqesuesi-i-ke-se-njihet-me-problemet-e-shqiptareve\/#breadcrumb\",\"itemListElement\":[{\"@type\":\"ListItem\",\"position\":1,\"name\":\"P\u00ebrfaq\u00ebsuesi i KE-s\u00eb njihet me problemet e shqiptar\u00ebve\"}]},{\"@type\":\"Person\",\"@id\":\"https:\/\/www.visit-ulcinj.com\/blog\/#\/schema\/person\/dcab619c614d3038751c63bc2aadc06d\",\"name\":\"ulqini\",\"sameAs\":[\"http:\/\/www.visit-ulcinj.com\"],\"url\":\"https:\/\/www.visit-ulcinj.com\/blog\/author\/admin\/\"}]}<\/script>\n<!-- \/ Yoast SEO plugin. -->","yoast_head_json":{"title":"P\u00ebrfaq\u00ebsuesi i KE-s\u00eb njihet me problemet e shqiptar\u00ebve - Lajme nga Ulqini","description":"Podgoric\u00eb \u2013 Kryetari i Forc\u00ebs s\u00eb Re Demokratike, Nazif Cungu, kryetari i LD n\u00eb MZ, Mehmet Bardhi, dhe deputeti i Koalicionit Shqiptar \u201cPerspektiva\u201d, Amir","robots":{"index":"index","follow":"follow","max-snippet":"max-snippet:-1","max-image-preview":"max-image-preview:large","max-video-preview":"max-video-preview:-1"},"canonical":"https:\/\/www.visit-ulcinj.com\/blog\/2009\/08\/02\/perfaqesuesi-i-ke-se-njihet-me-problemet-e-shqiptareve\/","og_locale":"en_US","og_type":"article","og_title":"P\u00ebrfaq\u00ebsuesi i KE-s\u00eb njihet me problemet e shqiptar\u00ebve - Lajme nga Ulqini","og_description":"Podgoric\u00eb \u2013 Kryetari i Forc\u00ebs s\u00eb Re Demokratike, Nazif Cungu, kryetari i LD n\u00eb MZ, Mehmet Bardhi, dhe deputeti i Koalicionit Shqiptar \u201cPerspektiva\u201d, Amir","og_url":"https:\/\/www.visit-ulcinj.com\/blog\/2009\/08\/02\/perfaqesuesi-i-ke-se-njihet-me-problemet-e-shqiptareve\/","og_site_name":"Lajme nga Ulqini","article_published_time":"2009-08-02T12:35:07+00:00","article_modified_time":"2009-08-02T21:38:34+00:00","og_image":[{"url":"http:\/\/www.visit-ulcinj.com\/blog\/wp-content\/uploads\/2009\/08\/Jean-Charles-GARDETTO-Nazif-Cungu-Mehmet-Bardhi.JPG"}],"twitter_misc":{"Written by":"ulqini","Est. reading time":"2 minutes"},"schema":{"@context":"https:\/\/schema.org","@graph":[{"@type":"WebSite","@id":"https:\/\/www.visit-ulcinj.com\/blog\/#website","url":"https:\/\/www.visit-ulcinj.com\/blog\/","name":"Lajme nga Ulqini","description":"Lajme,Vijesti,Ulqini,Ulqin,Crna Gora,Mali i Zi","potentialAction":[{"@type":"SearchAction","target":{"@type":"EntryPoint","urlTemplate":"https:\/\/www.visit-ulcinj.com\/blog\/?s={search_term_string}"},"query-input":"required name=search_term_string"}],"inLanguage":"en-US"},{"@type":"ImageObject","inLanguage":"en-US","@id":"https:\/\/www.visit-ulcinj.com\/blog\/2009\/08\/02\/perfaqesuesi-i-ke-se-njihet-me-problemet-e-shqiptareve\/#primaryimage","url":"https:\/\/www.visit-ulcinj.com\/blog\/wp-content\/uploads\/2009\/08\/Jean-Charles-GARDETTO-Nazif-Cungu-Mehmet-Bardhi.JPG","contentUrl":"https:\/\/www.visit-ulcinj.com\/blog\/wp-content\/uploads\/2009\/08\/Jean-Charles-GARDETTO-Nazif-Cungu-Mehmet-Bardhi.JPG","width":"191","height":"142"},{"@type":"WebPage","@id":"https:\/\/www.visit-ulcinj.com\/blog\/2009\/08\/02\/perfaqesuesi-i-ke-se-njihet-me-problemet-e-shqiptareve\/#webpage","url":"https:\/\/www.visit-ulcinj.com\/blog\/2009\/08\/02\/perfaqesuesi-i-ke-se-njihet-me-problemet-e-shqiptareve\/","name":"P\u00ebrfaq\u00ebsuesi i KE-s\u00eb njihet me problemet e shqiptar\u00ebve - Lajme nga Ulqini","isPartOf":{"@id":"https:\/\/www.visit-ulcinj.com\/blog\/#website"},"primaryImageOfPage":{"@id":"https:\/\/www.visit-ulcinj.com\/blog\/2009\/08\/02\/perfaqesuesi-i-ke-se-njihet-me-problemet-e-shqiptareve\/#primaryimage"},"datePublished":"2009-08-02T12:35:07+00:00","dateModified":"2009-08-02T21:38:34+00:00","author":{"@id":"https:\/\/www.visit-ulcinj.com\/blog\/#\/schema\/person\/dcab619c614d3038751c63bc2aadc06d"},"description":"Podgoric\u00eb \u2013 Kryetari i Forc\u00ebs s\u00eb Re Demokratike, Nazif Cungu, kryetari i LD n\u00eb MZ, Mehmet Bardhi, dhe deputeti i Koalicionit Shqiptar \u201cPerspektiva\u201d, Amir","breadcrumb":{"@id":"https:\/\/www.visit-ulcinj.com\/blog\/2009\/08\/02\/perfaqesuesi-i-ke-se-njihet-me-problemet-e-shqiptareve\/#breadcrumb"},"inLanguage":"en-US","potentialAction":[{"@type":"ReadAction","target":["https:\/\/www.visit-ulcinj.com\/blog\/2009\/08\/02\/perfaqesuesi-i-ke-se-njihet-me-problemet-e-shqiptareve\/"]}]},{"@type":"BreadcrumbList","@id":"https:\/\/www.visit-ulcinj.com\/blog\/2009\/08\/02\/perfaqesuesi-i-ke-se-njihet-me-problemet-e-shqiptareve\/#breadcrumb","itemListElement":[{"@type":"ListItem","position":1,"name":"P\u00ebrfaq\u00ebsuesi i KE-s\u00eb njihet me problemet e shqiptar\u00ebve"}]},{"@type":"Person","@id":"https:\/\/www.visit-ulcinj.com\/blog\/#\/schema\/person\/dcab619c614d3038751c63bc2aadc06d","name":"ulqini","sameAs":["http:\/\/www.visit-ulcinj.com"],"url":"https:\/\/www.visit-ulcinj.com\/blog\/author\/admin\/"}]}},"jetpack_featured_media_url":"","jetpack_sharing_enabled":true,"jetpack_shortlink":"https:\/\/wp.me\/pe6lTn-6dd","_links":{"self":[{"href":"https:\/\/www.visit-ulcinj.com\/blog\/wp-json\/wp\/v2\/posts\/23883"}],"collection":[{"href":"https:\/\/www.visit-ulcinj.com\/blog\/wp-json\/wp\/v2\/posts"}],"about":[{"href":"https:\/\/www.visit-ulcinj.com\/blog\/wp-json\/wp\/v2\/types\/post"}],"author":[{"embeddable":true,"href":"https:\/\/www.visit-ulcinj.com\/blog\/wp-json\/wp\/v2\/users\/1"}],"replies":[{"embeddable":true,"href":"https:\/\/www.visit-ulcinj.com\/blog\/wp-json\/wp\/v2\/comments?post=23883"}],"version-history":[{"count":0,"href":"https:\/\/www.visit-ulcinj.com\/blog\/wp-json\/wp\/v2\/posts\/23883\/revisions"}],"wp:attachment":[{"href":"https:\/\/www.visit-ulcinj.com\/blog\/wp-json\/wp\/v2\/media?parent=23883"}],"wp:term":[{"taxonomy":"category","embeddable":true,"href":"https:\/\/www.visit-ulcinj.com\/blog\/wp-json\/wp\/v2\/categories?post=23883"},{"taxonomy":"post_tag","embeddable":true,"href":"https:\/\/www.visit-ulcinj.com\/blog\/wp-json\/wp\/v2\/tags?post=23883"}],"curies":[{"name":"wp","href":"https:\/\/api.w.org\/{rel}","templated":true}]}}