{"id":23895,"date":"2009-08-02T15:38:05","date_gmt":"2009-08-02T13:38:05","guid":{"rendered":"http:\/\/www.visit-ulcinj.com\/blog\/?p=23895"},"modified":"2009-09-09T19:40:47","modified_gmt":"2009-09-09T17:40:47","slug":"rumia-per-krajen-eshte-e-shenjte","status":"publish","type":"post","link":"https:\/\/www.visit-ulcinj.com\/blog\/2009\/08\/02\/rumia-per-krajen-eshte-e-shenjte\/","title":{"rendered":"Rumia p\u00ebr Kraj\u00ebn \u00ebsht\u00eb e shenjt\u00eb"},"content":{"rendered":"<p><a href=\"http:\/\/www.visit-ulcinj.com\/blog\/wp-content\/uploads\/2009\/08\/Mali-i-Rumis_mali-i-zi.jpg\"><img loading=\"lazy\" class=\"alignleft size-full wp-image-23896\" title=\"Mali i Rumis_mali i zi\" src=\"http:\/\/www.visit-ulcinj.com\/blog\/wp-content\/uploads\/2009\/08\/Mali-i-Rumis_mali-i-zi.jpg\" alt=\"Mali i Rumis_mali i zi\" width=\"580\" height=\"400\" \/><\/a>Maja e Rumis\u00eb ka qen\u00eb dhe duhet t\u00eb jet\u00eb vend takimi, si\u00e7 ka qen\u00eb me shekuj ved takim i njerz\u00ebve t\u00eb komb\u00ebsive dhe konfesioneve t\u00eb ndryshme. Jan\u00eb shoq\u00ebruar, kan\u00eb luajtur loj\u00ebra popullore, si\u00e7 jan\u00eb hedhja e gurit nga krahu, k\u00ebrcime t\u00eb ndryshme dhe shum\u00eb lojra popullore t\u00eb k\u00ebtyre trojeve. T\u00eb gjith\u00eb i jan\u00eb g\u00ebzuar lindjes s\u00eb diellit n\u00eb agimin e kthjellt\u00eb. I jan\u00eb g\u00ebzuar rrezes s\u00eb par\u00eb t\u00eb diellit, ngroht\u00ebsis\u00eb njer\u00ebzore, vegimit t\u00eb agut veror. At\u00eb k\u00ebnaq\u00ebsi e kan\u00eb ndier t\u00eb gjith\u00eb.<br \/>\nT\u00eb respektosh ndjenjat e t\u00eb tjer\u00ebve kujtoj se \u00ebsht\u00eb virtyt. Un\u00eb mendoj q\u00eb n\u00eb k\u00ebt\u00eb drejtim, gjat\u00eb t\u00ebr\u00eb k\u00ebtyre viteve, qyshse kan\u00eb nisur t\u00eb fryjn\u00eb n\u00eb k\u00ebto hap\u00ebsira er\u00ebra t\u00eb kahjeve t\u00eb ndryshme, gjithmon\u00eb kemi b\u00ebr\u00eb p\u00ebrpjekje t\u00eb japim kontributin ton\u00eb q\u00eb t\u2019i ruajm\u00eb marr\u00ebdh\u00ebniet nd\u00ebrnjer\u00ebzore q\u00eb k\u00ebtu tradicionalisht kan\u00eb qen\u00eb t\u00eb mira e q\u00eb t\u00eb par\u00ebt tan\u00eb na e lan\u00eb trash\u00ebgim. Me b\u00ebmat dhe veprimet tona jemi p\u00ebrpjekur q\u00eb k\u00ebto marr\u00ebdh\u00ebnie njer\u00ebzore, n\u00eb radh\u00eb t\u00eb par\u00eb mes njer\u00ebzve q\u00eb jetojn\u00eb k\u00ebtu me shekuj n\u00eb trojet e tyre shekullore t\u2019i avansojm\u00eb q\u00eb multietniciteti dhe multikonfesionaliteti t\u00eb jen\u00eb harmoni dhe pasuri e k\u00ebtij n\u00ebnqielli.<br \/>\nKonsideroj se kjo \u00ebsht\u00eb edhe n\u00eb frym\u00ebn e tradit\u00ebs ikumenike t\u00eb Sh\u00ebn M\u00ebris\u00eb s\u00eb Kraj\u00ebs.<br \/>\nUn\u00eb jam i mendimit q\u00eb nuk duhet t\u00eb respektojm\u00eb dhe t\u00eb vlersojm\u00eb vet\u00ebm vlerat tona shpirt\u00ebrore por edhe vlerat shpirt\u00ebrore dhe materiele t\u00eb t\u00eb tjer\u00ebve. Kjo \u00ebsht\u00eb edhe n\u00eb frym\u00ebn e qytet\u00ebrimit ton\u00eb.<br \/>\nSi\u00e7 \u00ebsht\u00eb e njohur, m\u00eb 18 qershor 2005, me ndihm\u00ebn e helikopter\u00ebve t\u00eb Ushtris\u00eb Serbo-Malazeze u vendos n\u00eb maj\u00eb t\u00eb Rumis\u00eb objekti i metalt\u00eb i Kish\u00ebs Ortodokse Serbe.<br \/>\nPas vitit 1989, kur p\u00ebr t\u00eb par\u00ebn her\u00eb\u201czbuluan\u201d se g\u00ebrmadhat e Kish\u00ebs s\u00eb Kraj\u00ebs i p\u00ebrkasin Kish\u00ebs Ortodokse Sebe, dhe se ajo \u00ebsht\u00eb vet\u00ebm e tyrja, ishte ky provokimi i dyt\u00eb i r\u00ebnd\u00eb q\u00eb iu b\u00eb popullit t\u00eb Kraj\u00ebs dhe m\u00eb gj\u00ebr\u00eb t\u00eb n\u00ebnqiellit t\u00eb Rumis\u00eb.<br \/>\nMe t\u00eb dejt\u00eb shtrohet pyetja se a \u00ebsht\u00eb ashu?<br \/>\nPersonalisht mendoj q\u00eb n\u00eb lidhje me k\u00ebt\u00eb nuk duhet t\u00eb shpenzohet koh\u00eb dhe fjal\u00eb, sepse faktet historike jan\u00eb t\u00eb pam\u00ebshirshme dha ato flasin vet\u00eb.<br \/>\nShum\u00eb her\u00eb \u2013 p\u00ebr \u00e7do vit, q\u00eb nga 1980-ta Kranjan\u00ebt kan\u00eb reaguar haptas, e pos\u00e7arisht subjekti im LD n\u00eb MZ me kumtesa dhe ne \u00e7dokund ku kemi qen\u00eb t\u00eb pranish\u00ebm kemi k\u00ebrkuar energjikisht q\u00eb t\u00eb mos na prishet qet\u00ebsia, t\u00eb mos \u00e7rregullohet rendi publik dhe paqja n\u00eb k\u00ebt\u00eb trev\u00eb.<br \/>\nKemi kund\u00ebrshtuar me mjete demokratike q\u00eb i njeh qytet\u00ebrimi dhe kemi k\u00ebrkuar q\u00eb t\u00eb na l\u00ebn\u00eb n\u00eb paqe dhe qet\u00ebsi dhe t\u00eb mos na shqet\u00ebsojn\u00eb n\u00eb jet\u00ebn dhe pun\u00ebn ton\u00eb si dhe t\u00eb heqin dor\u00eb nj\u00ebher\u00eb mir\u00eb nga gj\u00ebrat q\u00eb nuk u p\u00ebrkasin atyre.<br \/>\nM\u00eb 2005 si dhe shum\u00eb her\u00eb m\u00eb par\u00eb n\u00eb raste t\u00eb tilla kemi th\u00ebn\u00eb dhe k\u00ebt\u00eb e b\u00ebjm\u00eb p\u00ebr \u00e7do 4 korrik kur vajtje &#8211; ardhjet e \u201cbesimtar\u00ebve\u201d q\u00eb n\u00eb Kraj\u00eb vijn\u00eb p\u00ebr \u00e7do vit n\u00eb vizit\u00eb t\u00eb paftuar n\u00eb k\u00ebt\u00eb dat\u00eb te mbetjet e Kish\u00ebs s\u00eb Kraj\u00ebs, \u00ebsht\u00eb provokim dhe nuk i sh\u00ebrben askujt e aq m\u00eb pak Zotit. Kemi qen\u00eb, jemi dhe do t\u00eb jemi gjithmon\u00eb kund\u00ebr atyre q\u00eb nxisin dhe ndihmojn\u00eb veprime t\u00eb tilla provokuese.<br \/>\nKonsideroj q\u00eb maja e Rumis\u00eb, shpatet e bjeshk\u00ebs nuk mund t\u00eb jen\u00eb kurr\u00eb pron\u00eb e Kish\u00ebs Ortodokse Serbe. Njer\u00ebzit nga k\u00ebto an\u00eb me shekuj kan dalur n\u00eb maj\u00ebn e Rumis\u00eb dhe atje kan\u00eb marr\u00eb me vete nga nj\u00eb gur\u00eb, sipas tradit\u00ebs, q\u00eb bjeshka t\u00eb b\u00ebhet m\u00eb e lart\u00eb. Me qindra metra kub gur\u00eb jan\u00eb grumbulluar n\u00eb maj\u00eb t\u00eb bjeshk\u00ebs. N\u00eb krijimtarin\u00eb ton\u00eb popullore poeti popullor ka thurur nj\u00eb k\u00ebng\u00eb, e cila k\u00ebndohet edhe sot n\u00ebp\u00ebr gazmendet familjare dhe n\u00eb menifestime kulturore popullore:<br \/>\nO Rumia, bjeshk\u00eb e nalt\u00eb<br \/>\nTi u bafsh o ma e nalt\u00eb<br \/>\nMa e nalt\u00eb u bafsh se je<br \/>\nKur t\u00eb dal n\u00eb maje ty<br \/>\nDo t\u00eb shoh Stamboll\u00ebn me sy<br \/>\n&#8230;&#8230;&#8230;&#8230;&#8230;&#8230;&#8230;&#8230;&#8230;&#8230;&#8230;&#8230;&#8230;&#8230;..<br \/>\n&#8230;&#8230;&#8230;&#8230;&#8230;&#8230;&#8230;&#8230;&#8230;&#8230;&#8230;&#8230;&#8230;&#8230;. e k\u00ebshtu me radh\u00eb.<br \/>\nP\u00ebrndryshe, Rumia p\u00ebr ne \u00ebsht\u00eb mal i shenjt\u00eb si\u00e7 \u00ebsht\u00eb Llovqeni p\u00ebr malazez\u00ebt, Tomorri p\u00ebr Shqip\u00ebrin\u00eb, Trigllavi p\u00ebr Sllovenin\u00eb, Luboteni p\u00ebr tetovar\u00ebt, Korabi p\u00ebr dibran\u00ebt etj.<br \/>\n<a href=\"http:\/\/www.visit-ulcinj.com\/blog\/wp-content\/uploads\/2009\/08\/kishakatolikekrajelt1.jpg\"><img loading=\"lazy\" class=\"alignleft size-full wp-image-23897\" title=\"kishakatolikekrajelt1\" src=\"http:\/\/www.visit-ulcinj.com\/blog\/wp-content\/uploads\/2009\/08\/kishakatolikekrajelt1.jpg\" alt=\"kishakatolikekrajelt1\" width=\"580\" height=\"299\" \/><\/a><br \/>\n<strong>P\u00ebr kranjan\u00ebt kjo \u00ebsht\u00eb Rumia.<\/strong><br \/>\nT\u00eb gjith\u00eb ne e dim\u00eb daljen tradicionale n\u00eb maj\u00ebn e Rumis\u00eb. Maja e Rumis\u00eb ka qen\u00eb dhe duhet t\u00eb jet\u00eb vend takimi, si\u00e7 ka qen\u00eb me shekuj ved takim i njerz\u00ebve t\u00eb komb\u00ebsive dhe konfesioneve t\u00eb ndryshme. Jan\u00eb shoq\u00ebruar, kan\u00eb luajtur loj\u00ebra popullore, si\u00e7 jan\u00eb hedhja e gurit nga krahu, k\u00ebrcime t\u00eb ndryshme dhe shum\u00eb lojra popullore t\u00eb k\u00ebtyre trojeve. T\u00eb gjith\u00eb i jan\u00eb g\u00ebzuar lindjes s\u00eb diellit n\u00eb agimin e kthjellt\u00eb. I jan\u00eb g\u00ebzuar rrezes s\u00eb par\u00eb t\u00eb diellit, ngroht\u00ebsis\u00eb njer\u00ebzore, vegimit t\u00eb agut veror. At\u00eb k\u00ebnaq\u00ebsi e kan\u00eb ndier t\u00eb gjith\u00eb.<br \/>\nMir\u00ebpo kjo na \u00ebsht\u00eb b\u00ebr\u00eb tash e pamundur, na \u00ebsht\u00eb ndaluar nga Kisha Ortodokse Sebe dhe nga ata q\u00eb e ndihmuan at\u00eb q\u00eb ta uzurpojn\u00eb Rumin\u00eb ton\u00eb e q\u00eb edhe sot e gjith\u00eb dit\u00ebn po rrin\u00eb duarkryq<br \/>\nTubim i nderuar,<br \/>\nKujtojm\u00eb se gjat\u00eb perudh\u00ebs s\u00eb komunizmit tradita e dalj\u00ebs s\u00eb Kranjan\u00ebve n\u00eb Rumi n\u00eb m\u00ebnyr\u00eb t\u00eb organizuar u ndalua. Kjo tradit\u00eb u ringjall n\u00eb ver\u00eb t\u00eb vitit 1971, kur nj\u00eb grup student\u00ebsh kranjan\u00eb pas shum\u00eb vitesh nd\u00ebrprerje t\u00eb k\u00ebsaj tradite t\u00eb bukur e rinis\u00ebn p\u00ebrs\u00ebri me vetorganizim, k\u00ebshtu q\u00eb nga ajo koh\u00eb p\u00ebr \u00e7do vjet grupe malor\u00ebsh nga Kraja n\u00eb m\u00ebnyr\u00eb t\u00eb organizuar kan\u00eb dal\u00eb n\u00eb maj\u00eb t\u00eb Rumis\u00eb dhe at\u00eb disa her\u00eb gjat\u00eb ver\u00ebs.<br \/>\nDuhet theksuar se n\u00eb k\u00ebt\u00eb drejtim edhe n\u00eb kuad\u00ebr t\u00eb Manifestimit kulturor \u201cN\u00eb fillim t\u00eb ver\u00ebs\u201d \u2013Dit\u00ebt e kultur\u00ebs dhe t\u00eb sportit n\u00eb Kraj\u00eb, i cili n\u00eb Kraj\u00eb organizohet nga Lidhja Demokratike n\u00eb Mal t\u00eb Zi, subjeki i par\u00eb nacional shqiptar n\u00eb Mal t\u00eb Zi, qysh nga viti 1993 n\u00eb programin sportiv kan\u00eb v\u00ebn\u00eb edhe k\u00ebt\u00eb veprimtari, pra daljen n\u00eb Rumi.<br \/>\nMe instalimin e objektit t\u00eb metalt\u00eb t\u00eb kish\u00ebs nga Kisha Ortodokse Serbe m\u00eb 2005 kjo e drejt\u00eb legjitime e malor\u00ebve t\u00eb Kraj\u00ebs, sigurisht edhe t\u00eb tjer\u00ebve, nuk mund t\u00eb realizohet. Me fjal\u00eb tjera jemi t\u00eb privuar nga kjo k\u00ebnaq\u00ebsi.<br \/>\nNga t\u00eb gjitha manifestimet q\u00eb kemi organizuar, kemi k\u00ebrkuar q\u00eb maja e Rumis\u00eb t\u00eb lirohet nga uzurpator\u00ebt. Nga qeveria q\u00ebndrore si edhe nga ajo vendore kemi k\u00ebrkuar q\u00eb t\u00eb marrin masa energjike q\u00eb t\u00eb pengojn\u00eb p\u00ebrvetsimin e dhunsh\u00ebm dhe uzurpimet t\u00eb cilat tash sa vjet po i b\u00ebn n\u00eb kontinuitet Kisha Ortodokse Serbe.<br \/>\nN\u00eb lidhje me t\u00eb kemi grumbulluar nj\u00eb mori n\u00ebnshkrimesh dhi i kemi arkivuar s\u00eb bashku me k\u00ebrkes\u00eb dhe i kemi d\u00ebrguar n\u00eb adresa adekuate, por si\u00e7 duket kan\u00eb r\u00ebn\u00eb n\u00eb vesh\u00eb t\u00eb shurdh\u00ebr.<br \/>\nKemi th\u00ebn\u00eb edhe k\u00ebt\u00eb se vendi i kish\u00ebs s\u00eb metalt\u00eb nuk \u00ebsht\u00eb n\u00eb maj\u00eb t\u00eb Rumis\u00eb por atje ku do t\u2019u sh\u00ebrbente besimtar\u00ebve p\u00ebr t\u00eb kryer ritet fetare.<br \/>\nEdhe sot nga ky vend haptas, si edhe tash sa her\u00eb k\u00ebrkojm\u00eb nga faktor\u00ebt relevant\u00eb, nga institucionet shtet\u00ebrore dhe komunale q\u00eb t\u00eb nd\u00ebrmarrin veprimtari konkrete q\u00eb sa m\u00eb par\u00eb t\u00eb m\u00ebnjanojn\u00eb objektin e kish\u00ebs s\u00eb metalt\u00eb nga maja e Rumis\u00eb. Maja e Rumis\u00eb, shpatit\u00eb e bjeshk\u00ebs si dhe t\u00eb gjitha majat e tjera t\u00eb saj nuk mund t\u00eb jen\u00eb pron\u00eb e Kish\u00ebs Ortodokse Serbe.<br \/>\nP\u00ebrndryshe, sa i p\u00ebrket maj\u00ebs s\u00eb Rumis\u00eb ajo u p\u00ebrket t\u00eb gjith\u00eb njerz\u00ebve e t\u00eb gjitha konfesioneve. Ashtu ka qen\u00eb gjithmon\u00eb, andaj duhet t\u00eb jet\u00eb edhe sot e gjith\u00eb dit\u00ebn.<br \/>\n<a href=\"http:\/\/www.visit-ulcinj.com\/blog\/wp-content\/uploads\/2009\/08\/Manifestimi-n\u00eb-Kraj\u00eb.jpg\"><img loading=\"lazy\" class=\"alignleft size-full wp-image-23898\" title=\"Manifestimi n\u00eb Kraj\u00eb\" src=\"http:\/\/www.visit-ulcinj.com\/blog\/wp-content\/uploads\/2009\/08\/Manifestimi-n\u00eb-Kraj\u00eb.jpg\" alt=\"Manifestimi n\u00eb Kraj\u00eb\" width=\"360\" height=\"270\" \/><\/a>Po ashtu k\u00ebrkojm\u00eb q\u00eb nga Qeveria e Malit t\u00eb Zi si dhe nga organet e tjera kompetente q\u00eb t\u00eb nd\u00ebrmarrin aktivitete konkrete n\u00eb pengimin e t\u00eb gjith\u00eb atyre q\u00eb me dhun\u00eb uzurpojn\u00eb dhe p\u00ebrvet\u00ebsojn\u00eb monumentet e kultit dhe monumentet e tjera historike. T\u00eb pengojn\u00eb ata q\u00eb p\u00ebrvetson\u00eb me dhun\u00eb trashig\u00ebmin\u00eb ton\u00eb kulturore dhe shpirt\u00ebrore.<br \/>\nKonsideroj se \u00ebsht\u00eb koha e fundit p\u00ebr nj\u00eb gj\u00eb t\u00eb till\u00eb.<br \/>\nN\u00eb fund edhe nj\u00eb her\u00eb dua t\u00eb ceki se po ashtu k\u00ebrkojm\u00eb q\u00eb sa m\u00eb par\u00eb t\u00eb lirohen ishujt n\u00eb liqenin e Shkodr\u00ebs t\u00eb okupuar poashtu nga Kisha Ortodokse Serbe dhe objekt\u00ebt kulturore n\u00eb k\u00ebta ishuj t\u00eb ktheh\u00ebn n\u00eb gjendjen e m\u00ebparshme, p\u00ebr t\u2019u shfryt\u00ebzuar p\u00ebr vizita t\u00eb lira rekreative e p\u00ebr q\u00ebllime turistike. Po ashtu konsideroj se mbetjet e Kish\u00ebs s\u00eb Sh\u00ebn M\u00ebris\u00eb s\u00eb Kraj\u00ebs, k\u00ebtij monumenti historik t\u00eb kultur\u00ebs son\u00eb shpirt\u00ebrore i takojn\u00eb popullit t\u00eb Kraj\u00ebs, nd\u00ebrsa si p\u00ebrmendore kulturore u p\u00ebrket t\u00eb gjitha civilizimeve dhe popujve. Shqiptar\u00ebt kan\u00eb tri fe por nj\u00eb komb. Shqiptar\u00ebt jan\u00eb t\u00eb nj\u00eb gjaku. Harmonia fetare mes shqiptar\u00ebve \u00ebsht\u00eb shembulli m\u00eb i mir\u00eb p\u00ebr t\u00eb gjith\u00eb popujt e bot\u00ebs. Kjo p\u00ebr mua ka dometh\u00ebnie t\u00eb madhe.<\/p>\n<p>(Autori \u00ebsht\u00eb kryetar i Deg\u00ebs s\u00eb Kraj\u00ebs LD n\u00eb MZ-dhe k\u00ebshilltar i k\u00ebtij subjekti n\u00eb KK t\u00eb Tivarit)<br \/>\n<strong><br \/>\nAli Gje\u00e7britaj<br \/>\nKoha Javore<\/strong><\/p>\n<p><strong>[flv width=&#8221;580&#8243; height=&#8221;400&#8243;]http:\/\/www.rtvvijesti.com\/video\/kilibarda.flv[\/flv]<br \/>\n<\/strong><\/p>\n","protected":false},"excerpt":{"rendered":"<p>Maja e Rumis\u00eb ka qen\u00eb dhe duhet t\u00eb jet\u00eb vend takimi, si\u00e7 ka qen\u00eb me shekuj ved takim i njerz\u00ebve t\u00eb komb\u00ebsive dhe konfesioneve t\u00eb ndryshme. Jan\u00eb shoq\u00ebruar, kan\u00eb luajtur loj\u00ebra popullore, si\u00e7 jan\u00eb hedhja e gurit nga krahu, k\u00ebrcime t\u00eb ndryshme dhe shum\u00eb lojra popullore t\u00eb k\u00ebtyre trojeve. T\u00eb gjith\u00eb i jan\u00eb g\u00ebzuar lindjes [&hellip;]<\/p>\n","protected":false},"author":1,"featured_media":0,"comment_status":"open","ping_status":"closed","sticky":false,"template":"","format":"standard","meta":{"spay_email":"","jetpack_publicize_message":"","jetpack_is_tweetstorm":false,"jetpack_publicize_feature_enabled":true},"categories":[4],"tags":[11795,11796,11573],"jetpack_publicize_connections":[],"yoast_head":"<!-- This site is optimized with the Yoast SEO plugin v19.1 - https:\/\/yoast.com\/wordpress\/plugins\/seo\/ -->\n<title>Rumia p\u00ebr Kraj\u00ebn \u00ebsht\u00eb e shenjt\u00eb - Lajme nga Ulqini<\/title>\n<meta name=\"description\" content=\"Maja e Rumis\u00eb ka qen\u00eb dhe duhet t\u00eb jet\u00eb vend takimi, si\u00e7 ka qen\u00eb me shekuj ved takim i njerz\u00ebve t\u00eb komb\u00ebsive dhe konfesioneve t\u00eb ndryshme. Jan\u00eb shoq\u00ebruar,\" \/>\n<meta name=\"robots\" content=\"index, follow, max-snippet:-1, max-image-preview:large, max-video-preview:-1\" \/>\n<link rel=\"canonical\" href=\"https:\/\/www.visit-ulcinj.com\/blog\/2009\/08\/02\/rumia-per-krajen-eshte-e-shenjte\/\" \/>\n<meta property=\"og:locale\" content=\"en_US\" \/>\n<meta property=\"og:type\" content=\"article\" \/>\n<meta property=\"og:title\" content=\"Rumia p\u00ebr Kraj\u00ebn \u00ebsht\u00eb e shenjt\u00eb - Lajme nga Ulqini\" \/>\n<meta property=\"og:description\" content=\"Maja e Rumis\u00eb ka qen\u00eb dhe duhet t\u00eb jet\u00eb vend takimi, si\u00e7 ka qen\u00eb me shekuj ved takim i njerz\u00ebve t\u00eb komb\u00ebsive dhe konfesioneve t\u00eb ndryshme. Jan\u00eb shoq\u00ebruar,\" \/>\n<meta property=\"og:url\" content=\"https:\/\/www.visit-ulcinj.com\/blog\/2009\/08\/02\/rumia-per-krajen-eshte-e-shenjte\/\" \/>\n<meta property=\"og:site_name\" content=\"Lajme nga Ulqini\" \/>\n<meta property=\"article:published_time\" content=\"2009-08-02T13:38:05+00:00\" \/>\n<meta property=\"article:modified_time\" content=\"2009-09-09T17:40:47+00:00\" \/>\n<meta property=\"og:image\" content=\"http:\/\/www.visit-ulcinj.com\/blog\/wp-content\/uploads\/2009\/08\/Mali-i-Rumis_mali-i-zi.jpg\" \/>\n<meta name=\"twitter:label1\" content=\"Written by\" \/>\n\t<meta name=\"twitter:data1\" content=\"ulqini\" \/>\n\t<meta name=\"twitter:label2\" content=\"Est. reading time\" \/>\n\t<meta name=\"twitter:data2\" content=\"8 minutes\" \/>\n<script type=\"application\/ld+json\" class=\"yoast-schema-graph\">{\"@context\":\"https:\/\/schema.org\",\"@graph\":[{\"@type\":\"WebSite\",\"@id\":\"https:\/\/www.visit-ulcinj.com\/blog\/#website\",\"url\":\"https:\/\/www.visit-ulcinj.com\/blog\/\",\"name\":\"Lajme nga Ulqini\",\"description\":\"Lajme,Vijesti,Ulqini,Ulqin,Crna Gora,Mali i Zi\",\"potentialAction\":[{\"@type\":\"SearchAction\",\"target\":{\"@type\":\"EntryPoint\",\"urlTemplate\":\"https:\/\/www.visit-ulcinj.com\/blog\/?s={search_term_string}\"},\"query-input\":\"required name=search_term_string\"}],\"inLanguage\":\"en-US\"},{\"@type\":\"ImageObject\",\"inLanguage\":\"en-US\",\"@id\":\"https:\/\/www.visit-ulcinj.com\/blog\/2009\/08\/02\/rumia-per-krajen-eshte-e-shenjte\/#primaryimage\",\"url\":\"https:\/\/www.visit-ulcinj.com\/blog\/wp-content\/uploads\/2009\/08\/Mali-i-Rumis_mali-i-zi.jpg\",\"contentUrl\":\"https:\/\/www.visit-ulcinj.com\/blog\/wp-content\/uploads\/2009\/08\/Mali-i-Rumis_mali-i-zi.jpg\",\"width\":\"800\",\"height\":\"600\"},{\"@type\":\"WebPage\",\"@id\":\"https:\/\/www.visit-ulcinj.com\/blog\/2009\/08\/02\/rumia-per-krajen-eshte-e-shenjte\/#webpage\",\"url\":\"https:\/\/www.visit-ulcinj.com\/blog\/2009\/08\/02\/rumia-per-krajen-eshte-e-shenjte\/\",\"name\":\"Rumia p\u00ebr Kraj\u00ebn \u00ebsht\u00eb e shenjt\u00eb - Lajme nga Ulqini\",\"isPartOf\":{\"@id\":\"https:\/\/www.visit-ulcinj.com\/blog\/#website\"},\"primaryImageOfPage\":{\"@id\":\"https:\/\/www.visit-ulcinj.com\/blog\/2009\/08\/02\/rumia-per-krajen-eshte-e-shenjte\/#primaryimage\"},\"datePublished\":\"2009-08-02T13:38:05+00:00\",\"dateModified\":\"2009-09-09T17:40:47+00:00\",\"author\":{\"@id\":\"https:\/\/www.visit-ulcinj.com\/blog\/#\/schema\/person\/dcab619c614d3038751c63bc2aadc06d\"},\"description\":\"Maja e Rumis\u00eb ka qen\u00eb dhe duhet t\u00eb jet\u00eb vend takimi, si\u00e7 ka qen\u00eb me shekuj ved takim i njerz\u00ebve t\u00eb komb\u00ebsive dhe konfesioneve t\u00eb ndryshme. Jan\u00eb shoq\u00ebruar,\",\"breadcrumb\":{\"@id\":\"https:\/\/www.visit-ulcinj.com\/blog\/2009\/08\/02\/rumia-per-krajen-eshte-e-shenjte\/#breadcrumb\"},\"inLanguage\":\"en-US\",\"potentialAction\":[{\"@type\":\"ReadAction\",\"target\":[\"https:\/\/www.visit-ulcinj.com\/blog\/2009\/08\/02\/rumia-per-krajen-eshte-e-shenjte\/\"]}]},{\"@type\":\"BreadcrumbList\",\"@id\":\"https:\/\/www.visit-ulcinj.com\/blog\/2009\/08\/02\/rumia-per-krajen-eshte-e-shenjte\/#breadcrumb\",\"itemListElement\":[{\"@type\":\"ListItem\",\"position\":1,\"name\":\"Rumia p\u00ebr Kraj\u00ebn \u00ebsht\u00eb e shenjt\u00eb\"}]},{\"@type\":\"Person\",\"@id\":\"https:\/\/www.visit-ulcinj.com\/blog\/#\/schema\/person\/dcab619c614d3038751c63bc2aadc06d\",\"name\":\"ulqini\",\"sameAs\":[\"http:\/\/www.visit-ulcinj.com\"],\"url\":\"https:\/\/www.visit-ulcinj.com\/blog\/author\/admin\/\"}]}<\/script>\n<!-- \/ Yoast SEO plugin. -->","yoast_head_json":{"title":"Rumia p\u00ebr Kraj\u00ebn \u00ebsht\u00eb e shenjt\u00eb - Lajme nga Ulqini","description":"Maja e Rumis\u00eb ka qen\u00eb dhe duhet t\u00eb jet\u00eb vend takimi, si\u00e7 ka qen\u00eb me shekuj ved takim i njerz\u00ebve t\u00eb komb\u00ebsive dhe konfesioneve t\u00eb ndryshme. Jan\u00eb shoq\u00ebruar,","robots":{"index":"index","follow":"follow","max-snippet":"max-snippet:-1","max-image-preview":"max-image-preview:large","max-video-preview":"max-video-preview:-1"},"canonical":"https:\/\/www.visit-ulcinj.com\/blog\/2009\/08\/02\/rumia-per-krajen-eshte-e-shenjte\/","og_locale":"en_US","og_type":"article","og_title":"Rumia p\u00ebr Kraj\u00ebn \u00ebsht\u00eb e shenjt\u00eb - Lajme nga Ulqini","og_description":"Maja e Rumis\u00eb ka qen\u00eb dhe duhet t\u00eb jet\u00eb vend takimi, si\u00e7 ka qen\u00eb me shekuj ved takim i njerz\u00ebve t\u00eb komb\u00ebsive dhe konfesioneve t\u00eb ndryshme. Jan\u00eb shoq\u00ebruar,","og_url":"https:\/\/www.visit-ulcinj.com\/blog\/2009\/08\/02\/rumia-per-krajen-eshte-e-shenjte\/","og_site_name":"Lajme nga Ulqini","article_published_time":"2009-08-02T13:38:05+00:00","article_modified_time":"2009-09-09T17:40:47+00:00","og_image":[{"url":"http:\/\/www.visit-ulcinj.com\/blog\/wp-content\/uploads\/2009\/08\/Mali-i-Rumis_mali-i-zi.jpg"}],"twitter_misc":{"Written by":"ulqini","Est. reading time":"8 minutes"},"schema":{"@context":"https:\/\/schema.org","@graph":[{"@type":"WebSite","@id":"https:\/\/www.visit-ulcinj.com\/blog\/#website","url":"https:\/\/www.visit-ulcinj.com\/blog\/","name":"Lajme nga Ulqini","description":"Lajme,Vijesti,Ulqini,Ulqin,Crna Gora,Mali i Zi","potentialAction":[{"@type":"SearchAction","target":{"@type":"EntryPoint","urlTemplate":"https:\/\/www.visit-ulcinj.com\/blog\/?s={search_term_string}"},"query-input":"required name=search_term_string"}],"inLanguage":"en-US"},{"@type":"ImageObject","inLanguage":"en-US","@id":"https:\/\/www.visit-ulcinj.com\/blog\/2009\/08\/02\/rumia-per-krajen-eshte-e-shenjte\/#primaryimage","url":"https:\/\/www.visit-ulcinj.com\/blog\/wp-content\/uploads\/2009\/08\/Mali-i-Rumis_mali-i-zi.jpg","contentUrl":"https:\/\/www.visit-ulcinj.com\/blog\/wp-content\/uploads\/2009\/08\/Mali-i-Rumis_mali-i-zi.jpg","width":"800","height":"600"},{"@type":"WebPage","@id":"https:\/\/www.visit-ulcinj.com\/blog\/2009\/08\/02\/rumia-per-krajen-eshte-e-shenjte\/#webpage","url":"https:\/\/www.visit-ulcinj.com\/blog\/2009\/08\/02\/rumia-per-krajen-eshte-e-shenjte\/","name":"Rumia p\u00ebr Kraj\u00ebn \u00ebsht\u00eb e shenjt\u00eb - Lajme nga Ulqini","isPartOf":{"@id":"https:\/\/www.visit-ulcinj.com\/blog\/#website"},"primaryImageOfPage":{"@id":"https:\/\/www.visit-ulcinj.com\/blog\/2009\/08\/02\/rumia-per-krajen-eshte-e-shenjte\/#primaryimage"},"datePublished":"2009-08-02T13:38:05+00:00","dateModified":"2009-09-09T17:40:47+00:00","author":{"@id":"https:\/\/www.visit-ulcinj.com\/blog\/#\/schema\/person\/dcab619c614d3038751c63bc2aadc06d"},"description":"Maja e Rumis\u00eb ka qen\u00eb dhe duhet t\u00eb jet\u00eb vend takimi, si\u00e7 ka qen\u00eb me shekuj ved takim i njerz\u00ebve t\u00eb komb\u00ebsive dhe konfesioneve t\u00eb ndryshme. Jan\u00eb shoq\u00ebruar,","breadcrumb":{"@id":"https:\/\/www.visit-ulcinj.com\/blog\/2009\/08\/02\/rumia-per-krajen-eshte-e-shenjte\/#breadcrumb"},"inLanguage":"en-US","potentialAction":[{"@type":"ReadAction","target":["https:\/\/www.visit-ulcinj.com\/blog\/2009\/08\/02\/rumia-per-krajen-eshte-e-shenjte\/"]}]},{"@type":"BreadcrumbList","@id":"https:\/\/www.visit-ulcinj.com\/blog\/2009\/08\/02\/rumia-per-krajen-eshte-e-shenjte\/#breadcrumb","itemListElement":[{"@type":"ListItem","position":1,"name":"Rumia p\u00ebr Kraj\u00ebn \u00ebsht\u00eb e shenjt\u00eb"}]},{"@type":"Person","@id":"https:\/\/www.visit-ulcinj.com\/blog\/#\/schema\/person\/dcab619c614d3038751c63bc2aadc06d","name":"ulqini","sameAs":["http:\/\/www.visit-ulcinj.com"],"url":"https:\/\/www.visit-ulcinj.com\/blog\/author\/admin\/"}]}},"jetpack_featured_media_url":"","jetpack_sharing_enabled":true,"jetpack_shortlink":"https:\/\/wp.me\/pe6lTn-6dp","_links":{"self":[{"href":"https:\/\/www.visit-ulcinj.com\/blog\/wp-json\/wp\/v2\/posts\/23895"}],"collection":[{"href":"https:\/\/www.visit-ulcinj.com\/blog\/wp-json\/wp\/v2\/posts"}],"about":[{"href":"https:\/\/www.visit-ulcinj.com\/blog\/wp-json\/wp\/v2\/types\/post"}],"author":[{"embeddable":true,"href":"https:\/\/www.visit-ulcinj.com\/blog\/wp-json\/wp\/v2\/users\/1"}],"replies":[{"embeddable":true,"href":"https:\/\/www.visit-ulcinj.com\/blog\/wp-json\/wp\/v2\/comments?post=23895"}],"version-history":[{"count":0,"href":"https:\/\/www.visit-ulcinj.com\/blog\/wp-json\/wp\/v2\/posts\/23895\/revisions"}],"wp:attachment":[{"href":"https:\/\/www.visit-ulcinj.com\/blog\/wp-json\/wp\/v2\/media?parent=23895"}],"wp:term":[{"taxonomy":"category","embeddable":true,"href":"https:\/\/www.visit-ulcinj.com\/blog\/wp-json\/wp\/v2\/categories?post=23895"},{"taxonomy":"post_tag","embeddable":true,"href":"https:\/\/www.visit-ulcinj.com\/blog\/wp-json\/wp\/v2\/tags?post=23895"}],"curies":[{"name":"wp","href":"https:\/\/api.w.org\/{rel}","templated":true}]}}