{"id":239,"date":"2008-01-22T14:19:28","date_gmt":"2008-01-22T19:19:28","guid":{"rendered":"http:\/\/www.visit-ulcinj.com\/blog\/2008\/01\/22\/u-ministarstvu-za-zastitu-ljudskih-i-manjinskih-prava-boravila-delegacija-savjeta-evrope\/"},"modified":"2008-02-12T19:34:49","modified_gmt":"2008-02-13T00:34:49","slug":"u-ministarstvu-za-zastitu-ljudskih-i-manjinskih-prava-boravila-delegacija-savjeta-evrope","status":"publish","type":"post","link":"https:\/\/www.visit-ulcinj.com\/blog\/2008\/01\/22\/u-ministarstvu-za-zastitu-ljudskih-i-manjinskih-prava-boravila-delegacija-savjeta-evrope\/","title":{"rendered":"U Ministarstvu za za\u0161titu ljudskih i manjinskih prava boravila delegacija Savjeta Evrope"},"content":{"rendered":"<p><a href=\"http:\/\/www.visit-ulcinj.com\/blog\/?attachment_id=241\" rel=\"attachment wp-att-241\" title=\"Fuat Nimani Ministar za za\u0161titu ljudskih i manjinskih prava\"><\/a><a href=\"http:\/\/www.visit-ulcinj.com\/blog\/2008\/01\/22\/u-ministarstvu-za-zastitu-ljudskih-i-manjinskih-prava-boravila-delegacija-savjeta-evrope\/fuad-nimani1\/\" rel=\"attachment wp-att-265\" title=\"Fuad Nimani1\"><\/a><img loading=\"lazy\" src=\"http:\/\/www.visit-ulcinj.com\/blog\/wp-content\/uploads\/2008\/01\/1200655370.jpg\" alt=\"Fuad Nimani1\" style=\"width: 202px; height: 144px\" align=\"left\" border=\"0\" height=\"337\" hspace=\"2\" vspace=\"2\" width=\"446\" \/>Danas je u Ministarstvu za za\u0161titu ljudskih i manjinskih prava boravila delegacija Savjeta Evrope, koju je predvodio \u0161ef odjeljenja za koordinaciju i mobilizaciju sredstava u Direktoratu za strate\u0161ko planiranje Hose Kremades. U delegaciji su bili i administrator iz Direktorata za pravne poslove i ljudska prava Roman Huna, \u0161e<!--more-->f odjeljenja za koordinaciju u Direktoratu za strate\u0161ko planiranje ?ovani Batista Celiento, savjetnik za politi?ka pitanja u politi?kom Direktoratu Meri-En Henesi i specijalni predstavnik Generalnog sekretara SE u Crnoj Gori Vladimir Filipov. Sa delegacijom su razgovarali ministar za za\u0161titu ljudskih i manjinskih prava Fuad Nimani i pomo?nik ministra Sabahudin Deli?.<br \/>\n?lanovi delegacije su naglasili veoma uspje\u0161ne korake Crne Gore u ispunjenju obaveza proisteklih iz prijema u ?lanstvo Savjeta Evrope, akcentuju?i a\u017eurne i kvalitetne izvje\u0161taje o sprovo?enju Okvirne konvencije za za\u0161titu nacionalnih manjina i Povelje o regionalnim i manjinskim jezicima. Istaknute su i dalje obaveze Crne Gore prema toj panevropskoj asocijaciji i dalji monitoring procesa u Crnoj Gori, a najavljena je i skora posjeta Visokog komesara za ljudska prava i Komiteta za spre?avanje torture. Delegacija je informisala ministra Nimanija i o planiranim programima saradnje za Crnu Goru za 2008. i 2009. godinu, kao i mogu?nost ekspertske pomo?i SE, radi unapre?enja efikasnosti tehni?ke pomo?i Crnoj Gori putem IPA programa.<br \/>\nZahvaliv\u0161i na posjeti i dobrim ocjenama, ministar Nimani je istakao osnovne projekte koje je Ministarstvo za za\u0161titu ljudskih i manjinskih prava realizovalo od prijema u Savjet Evrope, akcentuju?i usvajanje Zakona o rodnoj ravnopravnosti, dono\u0161enje Strategije za pobolj\u0161anje polo\u017eaja RAE populacije u Crnoj Gori, aktivnosti na konstituisanju Centra za o?uvanje kulture manjina, osnivanje Fonda za manjine, konstituisanje savjeta manjina, kao i skoro usvajanje Strategije manjinske politike. Ministar Nimani je goste upoznao i sa planiranim aktivnostima Ministarstva za neredni period.<br \/>\nIako pitanja dr\u017eavljanstva i izbjeglih lica nijesu primarna ingerencija ovog Ministarstva, s obzirom na interesovanje, ministar Nimani je goste upoznao o trenutnom statusu izbjeglih lica, skorom usvajanju Zakona o dr\u017eavljanstvu koji je u skup\u0161tinskoj proceduri, kao i o drugim normama i dokumentima koji defini\u0161u status izbjeglica.<br \/>\nNa kraju razgovora, ministar Nimani je naglasio dobru saradnju Ministarstva za za\u0161titu ljudskih i manjinskih prava sa Savjetom Evrope, pogotovu sa njegovom kancelarijom u Podgorici.<\/p>\n","protected":false},"excerpt":{"rendered":"<p><img src=\"http:\/\/www.visit-ulcinj.com\/blog\/wp-content\/uploads\/2008\/01\/1200655370.jpg\" alt=\"Fuad Nimani1\" height: 140\" width=\"140\" \/><\/p>\n","protected":false},"author":1,"featured_media":0,"comment_status":"open","ping_status":"closed","sticky":false,"template":"","format":"standard","meta":{"spay_email":"","jetpack_publicize_message":"","jetpack_is_tweetstorm":false,"jetpack_publicize_feature_enabled":true},"categories":[1],"tags":[1222,681,20,686,680,679,682,92,678,683],"jetpack_publicize_connections":[],"yoast_head":"<!-- This site is optimized with the Yoast SEO plugin v19.1 - https:\/\/yoast.com\/wordpress\/plugins\/seo\/ -->\n<title>U Ministarstvu za za\u0161titu ljudskih i manjinskih prava boravila delegacija Savjeta Evrope - Lajme nga Ulqini<\/title>\n<meta name=\"robots\" content=\"index, follow, max-snippet:-1, max-image-preview:large, max-video-preview:-1\" \/>\n<link rel=\"canonical\" href=\"https:\/\/www.visit-ulcinj.com\/blog\/2008\/01\/22\/u-ministarstvu-za-zastitu-ljudskih-i-manjinskih-prava-boravila-delegacija-savjeta-evrope\/\" \/>\n<meta property=\"og:locale\" content=\"en_US\" \/>\n<meta property=\"og:type\" content=\"article\" \/>\n<meta property=\"og:title\" content=\"U Ministarstvu za za\u0161titu ljudskih i manjinskih prava boravila delegacija Savjeta Evrope - Lajme nga Ulqini\" \/>\n<meta property=\"og:url\" content=\"https:\/\/www.visit-ulcinj.com\/blog\/2008\/01\/22\/u-ministarstvu-za-zastitu-ljudskih-i-manjinskih-prava-boravila-delegacija-savjeta-evrope\/\" \/>\n<meta property=\"og:site_name\" content=\"Lajme nga Ulqini\" \/>\n<meta property=\"article:published_time\" content=\"2008-01-22T19:19:28+00:00\" \/>\n<meta property=\"article:modified_time\" content=\"2008-02-13T00:34:49+00:00\" \/>\n<meta property=\"og:image\" content=\"http:\/\/www.visit-ulcinj.com\/blog\/wp-content\/uploads\/2008\/01\/1200655370.jpg\" \/>\n<meta name=\"twitter:label1\" content=\"Written by\" \/>\n\t<meta name=\"twitter:data1\" content=\"ulqini\" \/>\n\t<meta name=\"twitter:label2\" content=\"Est. reading time\" \/>\n\t<meta name=\"twitter:data2\" content=\"2 minutes\" \/>\n<script type=\"application\/ld+json\" class=\"yoast-schema-graph\">{\"@context\":\"https:\/\/schema.org\",\"@graph\":[{\"@type\":\"WebSite\",\"@id\":\"https:\/\/www.visit-ulcinj.com\/blog\/#website\",\"url\":\"https:\/\/www.visit-ulcinj.com\/blog\/\",\"name\":\"Lajme nga Ulqini\",\"description\":\"Lajme,Vijesti,Ulqini,Ulqin,Crna Gora,Mali i Zi\",\"potentialAction\":[{\"@type\":\"SearchAction\",\"target\":{\"@type\":\"EntryPoint\",\"urlTemplate\":\"https:\/\/www.visit-ulcinj.com\/blog\/?s={search_term_string}\"},\"query-input\":\"required name=search_term_string\"}],\"inLanguage\":\"en-US\"},{\"@type\":\"ImageObject\",\"inLanguage\":\"en-US\",\"@id\":\"https:\/\/www.visit-ulcinj.com\/blog\/2008\/01\/22\/u-ministarstvu-za-zastitu-ljudskih-i-manjinskih-prava-boravila-delegacija-savjeta-evrope\/#primaryimage\",\"url\":\"http:\/\/www.visit-ulcinj.com\/blog\/wp-content\/uploads\/2008\/01\/1200655370.jpg\",\"contentUrl\":\"http:\/\/www.visit-ulcinj.com\/blog\/wp-content\/uploads\/2008\/01\/1200655370.jpg\"},{\"@type\":\"WebPage\",\"@id\":\"https:\/\/www.visit-ulcinj.com\/blog\/2008\/01\/22\/u-ministarstvu-za-zastitu-ljudskih-i-manjinskih-prava-boravila-delegacija-savjeta-evrope\/#webpage\",\"url\":\"https:\/\/www.visit-ulcinj.com\/blog\/2008\/01\/22\/u-ministarstvu-za-zastitu-ljudskih-i-manjinskih-prava-boravila-delegacija-savjeta-evrope\/\",\"name\":\"U Ministarstvu za za\u0161titu ljudskih i manjinskih prava boravila delegacija Savjeta Evrope - Lajme nga Ulqini\",\"isPartOf\":{\"@id\":\"https:\/\/www.visit-ulcinj.com\/blog\/#website\"},\"primaryImageOfPage\":{\"@id\":\"https:\/\/www.visit-ulcinj.com\/blog\/2008\/01\/22\/u-ministarstvu-za-zastitu-ljudskih-i-manjinskih-prava-boravila-delegacija-savjeta-evrope\/#primaryimage\"},\"datePublished\":\"2008-01-22T19:19:28+00:00\",\"dateModified\":\"2008-02-13T00:34:49+00:00\",\"author\":{\"@id\":\"https:\/\/www.visit-ulcinj.com\/blog\/#\/schema\/person\/dcab619c614d3038751c63bc2aadc06d\"},\"breadcrumb\":{\"@id\":\"https:\/\/www.visit-ulcinj.com\/blog\/2008\/01\/22\/u-ministarstvu-za-zastitu-ljudskih-i-manjinskih-prava-boravila-delegacija-savjeta-evrope\/#breadcrumb\"},\"inLanguage\":\"en-US\",\"potentialAction\":[{\"@type\":\"ReadAction\",\"target\":[\"https:\/\/www.visit-ulcinj.com\/blog\/2008\/01\/22\/u-ministarstvu-za-zastitu-ljudskih-i-manjinskih-prava-boravila-delegacija-savjeta-evrope\/\"]}]},{\"@type\":\"BreadcrumbList\",\"@id\":\"https:\/\/www.visit-ulcinj.com\/blog\/2008\/01\/22\/u-ministarstvu-za-zastitu-ljudskih-i-manjinskih-prava-boravila-delegacija-savjeta-evrope\/#breadcrumb\",\"itemListElement\":[{\"@type\":\"ListItem\",\"position\":1,\"name\":\"U Ministarstvu za za\u0161titu ljudskih i manjinskih prava boravila delegacija Savjeta Evrope\"}]},{\"@type\":\"Person\",\"@id\":\"https:\/\/www.visit-ulcinj.com\/blog\/#\/schema\/person\/dcab619c614d3038751c63bc2aadc06d\",\"name\":\"ulqini\",\"sameAs\":[\"http:\/\/www.visit-ulcinj.com\"],\"url\":\"https:\/\/www.visit-ulcinj.com\/blog\/author\/admin\/\"}]}<\/script>\n<!-- \/ Yoast SEO plugin. -->","yoast_head_json":{"title":"U Ministarstvu za za\u0161titu ljudskih i manjinskih prava boravila delegacija Savjeta Evrope - Lajme nga Ulqini","robots":{"index":"index","follow":"follow","max-snippet":"max-snippet:-1","max-image-preview":"max-image-preview:large","max-video-preview":"max-video-preview:-1"},"canonical":"https:\/\/www.visit-ulcinj.com\/blog\/2008\/01\/22\/u-ministarstvu-za-zastitu-ljudskih-i-manjinskih-prava-boravila-delegacija-savjeta-evrope\/","og_locale":"en_US","og_type":"article","og_title":"U Ministarstvu za za\u0161titu ljudskih i manjinskih prava boravila delegacija Savjeta Evrope - Lajme nga Ulqini","og_url":"https:\/\/www.visit-ulcinj.com\/blog\/2008\/01\/22\/u-ministarstvu-za-zastitu-ljudskih-i-manjinskih-prava-boravila-delegacija-savjeta-evrope\/","og_site_name":"Lajme nga Ulqini","article_published_time":"2008-01-22T19:19:28+00:00","article_modified_time":"2008-02-13T00:34:49+00:00","og_image":[{"url":"http:\/\/www.visit-ulcinj.com\/blog\/wp-content\/uploads\/2008\/01\/1200655370.jpg"}],"twitter_misc":{"Written by":"ulqini","Est. reading time":"2 minutes"},"schema":{"@context":"https:\/\/schema.org","@graph":[{"@type":"WebSite","@id":"https:\/\/www.visit-ulcinj.com\/blog\/#website","url":"https:\/\/www.visit-ulcinj.com\/blog\/","name":"Lajme nga Ulqini","description":"Lajme,Vijesti,Ulqini,Ulqin,Crna Gora,Mali i Zi","potentialAction":[{"@type":"SearchAction","target":{"@type":"EntryPoint","urlTemplate":"https:\/\/www.visit-ulcinj.com\/blog\/?s={search_term_string}"},"query-input":"required name=search_term_string"}],"inLanguage":"en-US"},{"@type":"ImageObject","inLanguage":"en-US","@id":"https:\/\/www.visit-ulcinj.com\/blog\/2008\/01\/22\/u-ministarstvu-za-zastitu-ljudskih-i-manjinskih-prava-boravila-delegacija-savjeta-evrope\/#primaryimage","url":"http:\/\/www.visit-ulcinj.com\/blog\/wp-content\/uploads\/2008\/01\/1200655370.jpg","contentUrl":"http:\/\/www.visit-ulcinj.com\/blog\/wp-content\/uploads\/2008\/01\/1200655370.jpg"},{"@type":"WebPage","@id":"https:\/\/www.visit-ulcinj.com\/blog\/2008\/01\/22\/u-ministarstvu-za-zastitu-ljudskih-i-manjinskih-prava-boravila-delegacija-savjeta-evrope\/#webpage","url":"https:\/\/www.visit-ulcinj.com\/blog\/2008\/01\/22\/u-ministarstvu-za-zastitu-ljudskih-i-manjinskih-prava-boravila-delegacija-savjeta-evrope\/","name":"U Ministarstvu za za\u0161titu ljudskih i manjinskih prava boravila delegacija Savjeta Evrope - Lajme nga Ulqini","isPartOf":{"@id":"https:\/\/www.visit-ulcinj.com\/blog\/#website"},"primaryImageOfPage":{"@id":"https:\/\/www.visit-ulcinj.com\/blog\/2008\/01\/22\/u-ministarstvu-za-zastitu-ljudskih-i-manjinskih-prava-boravila-delegacija-savjeta-evrope\/#primaryimage"},"datePublished":"2008-01-22T19:19:28+00:00","dateModified":"2008-02-13T00:34:49+00:00","author":{"@id":"https:\/\/www.visit-ulcinj.com\/blog\/#\/schema\/person\/dcab619c614d3038751c63bc2aadc06d"},"breadcrumb":{"@id":"https:\/\/www.visit-ulcinj.com\/blog\/2008\/01\/22\/u-ministarstvu-za-zastitu-ljudskih-i-manjinskih-prava-boravila-delegacija-savjeta-evrope\/#breadcrumb"},"inLanguage":"en-US","potentialAction":[{"@type":"ReadAction","target":["https:\/\/www.visit-ulcinj.com\/blog\/2008\/01\/22\/u-ministarstvu-za-zastitu-ljudskih-i-manjinskih-prava-boravila-delegacija-savjeta-evrope\/"]}]},{"@type":"BreadcrumbList","@id":"https:\/\/www.visit-ulcinj.com\/blog\/2008\/01\/22\/u-ministarstvu-za-zastitu-ljudskih-i-manjinskih-prava-boravila-delegacija-savjeta-evrope\/#breadcrumb","itemListElement":[{"@type":"ListItem","position":1,"name":"U Ministarstvu za za\u0161titu ljudskih i manjinskih prava boravila delegacija Savjeta Evrope"}]},{"@type":"Person","@id":"https:\/\/www.visit-ulcinj.com\/blog\/#\/schema\/person\/dcab619c614d3038751c63bc2aadc06d","name":"ulqini","sameAs":["http:\/\/www.visit-ulcinj.com"],"url":"https:\/\/www.visit-ulcinj.com\/blog\/author\/admin\/"}]}},"jetpack_featured_media_url":"","jetpack_sharing_enabled":true,"jetpack_shortlink":"https:\/\/wp.me\/pe6lTn-3R","_links":{"self":[{"href":"https:\/\/www.visit-ulcinj.com\/blog\/wp-json\/wp\/v2\/posts\/239"}],"collection":[{"href":"https:\/\/www.visit-ulcinj.com\/blog\/wp-json\/wp\/v2\/posts"}],"about":[{"href":"https:\/\/www.visit-ulcinj.com\/blog\/wp-json\/wp\/v2\/types\/post"}],"author":[{"embeddable":true,"href":"https:\/\/www.visit-ulcinj.com\/blog\/wp-json\/wp\/v2\/users\/1"}],"replies":[{"embeddable":true,"href":"https:\/\/www.visit-ulcinj.com\/blog\/wp-json\/wp\/v2\/comments?post=239"}],"version-history":[{"count":0,"href":"https:\/\/www.visit-ulcinj.com\/blog\/wp-json\/wp\/v2\/posts\/239\/revisions"}],"wp:attachment":[{"href":"https:\/\/www.visit-ulcinj.com\/blog\/wp-json\/wp\/v2\/media?parent=239"}],"wp:term":[{"taxonomy":"category","embeddable":true,"href":"https:\/\/www.visit-ulcinj.com\/blog\/wp-json\/wp\/v2\/categories?post=239"},{"taxonomy":"post_tag","embeddable":true,"href":"https:\/\/www.visit-ulcinj.com\/blog\/wp-json\/wp\/v2\/tags?post=239"}],"curies":[{"name":"wp","href":"https:\/\/api.w.org\/{rel}","templated":true}]}}