{"id":23901,"date":"2009-08-02T15:55:35","date_gmt":"2009-08-02T13:55:35","guid":{"rendered":"http:\/\/www.visit-ulcinj.com\/blog\/?p=23901"},"modified":"2009-08-02T15:59:11","modified_gmt":"2009-08-02T13:59:11","slug":"pjesemarrja-e-pakicave-ne-jeten-publike","status":"publish","type":"post","link":"https:\/\/www.visit-ulcinj.com\/blog\/2009\/08\/02\/pjesemarrja-e-pakicave-ne-jeten-publike\/","title":{"rendered":"Pjes\u00ebmarrja e pakicave n\u00eb jet\u00ebn publike"},"content":{"rendered":"<p><a href=\"http:\/\/www.visit-ulcinj.com\/blog\/wp-content\/uploads\/2009\/08\/pakicat-jo-trajtim-te-barabarte.jpg\"><img loading=\"lazy\" class=\"alignleft size-full wp-image-23902\" title=\"pakicat-jo-trajtim-te-barabarte\" src=\"http:\/\/www.visit-ulcinj.com\/blog\/wp-content\/uploads\/2009\/08\/pakicat-jo-trajtim-te-barabarte.jpg\" alt=\"pakicat-jo-trajtim-te-barabarte\" width=\"379\" height=\"285\" \/><\/a>Shtetet t\u00eb cil\u00ebt jan\u00eb t\u00eb interesuara t\u00eb nd\u00ebrtojn\u00eb demokraci funksionale, stabilitet dhe paqe afatgjat\u00eb, p\u00ebr t\u2019u leht\u00ebsuar arritjen e standardeve t\u00eb paracaktuara nga ana e demokracive europiane, nj\u00eb nga parakushtet e rekomanduara \u00ebsht\u00eb standardi i barazis\u00eb n\u00eb pjes\u00ebmarrjen e pakicave n\u00eb jet\u00ebn publike.<br \/>\nN\u00eb praktik\u00ebn e demokracive periferike kemi raste kur shtetet n\u00eb fjal\u00eb edhe pse deklarativisht tregojn\u00eb se respektojn\u00eb k\u00ebt\u00eb standard, por realiteti tregon ndryshe.<br \/>\nPrandaj, fenomeni i mosinkuadrimit dhe p\u00ebrjashtimit t\u00eb pakic\u00ebs nga institucionet m\u00eb vitale politike, ekonomike dhe sociale \u00ebsht\u00eb nj\u00eb dukuri q\u00eb shkakton paragjykime.<br \/>\nPo q\u00eb se shteti n\u00eb m\u00ebnyr\u00eb institucionale nuk arrin t\u2019i inkuadroj\u00eb pakicat n\u00eb mas\u00eb t\u00eb duhur, kjo situat\u00eb do t\u00eb krijoj\u00eb pasoja negative n\u00eb jet\u00ebn e tyre, \u00e7mimin e s\u00eb cil\u00ebs e paguan jo vet\u00ebm pakica e privuar nga kjo e drejt\u00eb, por edhe shoq\u00ebria n\u00eb t\u00ebr\u00ebsi.<br \/>\nKjo m\u00eb pas reflektojet n\u00eb krijimin e nj\u00eb ambienti t\u00eb politizuar me plot kund\u00ebrthenie ku mungon besimi i nd\u00ebrsjell\u00ebt.<br \/>\nP\u00ebrve\u00e7 k\u00ebsaj, \u00e7mimi i situatave t\u00eb tilla \u00ebsht\u00eb stagnimi i zhvillimit shoq\u00ebror, ekonomik, politik\u00eb dhe social t\u00eb vendit.<br \/>\nNj\u00eb num\u00ebr i madh i standardeve nd\u00ebrkomb\u00ebtare iu kushtohen pakicave dhe i referohen t\u00eb drejt\u00ebs s\u00eb pakicave p\u00ebr pjes\u00ebmarrje n\u00eb t\u00eb gjitha strukturat e shtetit, duke p\u00ebrfshir\u00eb Deklarat\u00ebn e Kombeve t\u00eb Bashkuara p\u00ebr Minoritetet e vitit 1992, Konvent\u00ebn Korniz\u00eb t\u00eb K\u00ebshillit t\u00eb Evrop\u00ebs p\u00ebr Mbrojtjen e Minoriteteve Komb\u00ebtare q\u00eb hyri n\u00eb fuqi n\u00eb vitin 1998. Po ashtu, n\u00eb lidhje me respektimin e t\u00eb drejt\u00ebs s\u00eb pakicave p\u00ebr participim<br \/>\njan\u00eb mbajtur mbledhje t\u00eb r\u00ebnd\u00ebsishme nd\u00ebrkomb\u00ebtare, kryesisht n\u00eb Evrop\u00eb.<br \/>\nK\u00ebtu duhet theksuar n\u00eb m\u00ebnyr\u00eb t\u00eb va\u00e7ant\u00eb Organizat\u00ebn p\u00ebr Siguri dhe Bashk\u00ebpunim n\u00eb Evrop\u00eb, Konferenc\u00ebn p\u00ebr Qeverisje dhe Participim: Integrimi i diversitetit, t\u00eb mbajtur n\u00eb Lokarno, Zvic\u00ebr, n\u00eb vitin 1998 dhe Rekomandimet pasuese t\u00eb Lundit p\u00ebr<br \/>\nparticipim efektiv t\u00eb minoriteteve komb\u00ebtare n\u00eb jet\u00ebn publike, publikuar nga Komisioneri i Lart\u00eb p\u00ebr Minoritete Komb\u00ebtare i OSBE-s\u00eb n\u00eb vitin 1999.<br \/>\nPo ashtu kemi shum\u00eb dokumente t\u00eb karakterit nd\u00ebrkomb\u00ebtar, t\u00eb cilat rekomandojn\u00eb respektimin e normave, t\u00eb cilat jo vet\u00ebm se sigurojn\u00eb nj\u00eb pjes\u00ebmarrje adekuate dhe propocionale t\u00eb pakicave n\u00eb jet\u00ebn publike, por edhe i trajtojn\u00eb ato si obligim i shtetit, i cili duhet t\u00eb krijoj\u00eb mekanizma shtet\u00ebror\u00eb p\u00ebr implementimin e tyre.<br \/>\n<strong>Nj\u00ebra nga konventat m\u00eb me pesh\u00eb p\u00ebr popujt pakic\u00eb e q\u00eb n\u00eb k\u00ebt\u00eb rast mund t\u00eb nderlidhet me situat\u00ebn ton\u00eb si popull pakic\u00eb por autokton n\u00eb Mal t\u00eb Zi, \u00ebsht\u00eb Konventa, p\u00ebr Popujt Vendas dhe Fisnor\u00eb n\u00eb Shtete t\u00eb Pavarura, Nr. 169(1989), e cila thot\u00eb:<\/strong><\/p>\n<p><strong>Neni 6<\/strong><br \/>\n1. P\u00ebr aplikimin e dispozitave t\u00eb k\u00ebsaj Konvente, qeverit\u00eb do t\u00eb:<br \/>\na) konsultojn\u00eb popujt n\u00eb fjal\u00eb, p\u00ebrmes procedurave t\u00eb p\u00ebrshtatshme dhe ve\u00e7an\u00ebrisht p\u00ebrmes institucioneve t\u00eb tyre p\u00ebrfaq\u00ebsuese, sa her\u00eb q\u00eb konsiderata i jepet masave legjislative ose<br \/>\nadministrative t\u00eb cilat mund t\u2019i prekin ato n\u00eb m\u00ebnyr\u00eb direkte;<br \/>\nb) themelojn\u00eb masa p\u00ebrmes t\u00eb cilave k\u00ebta popuj mund t\u00eb participojn\u00eb lirisht, n\u00eb t\u00eb pakt\u00ebn t\u00eb nj\u00ebjt\u00ebn mas\u00eb si edhe sektor\u00ebt e tjer\u00eb t\u00eb popullat\u00ebs, n\u00eb t\u00eb gjitha nivelet e vendimmarrjes n\u00eb institucionet<br \/>\ne zgjedhshme dhe administrative dhe n\u00eb trupa t\u00eb tjer\u00eb p\u00ebrgjegj\u00ebs p\u00ebr politikat dhe programet q\u00eb kan\u00eb t\u00eb b\u00ebjn\u00eb me ato.<br \/>\nc) themelojn\u00eb mjete p\u00ebr zhvillim t\u00eb t\u00ebr\u00ebsish\u00ebm t\u00eb institutcioneve dhe iniciativave t\u00eb veta t\u00eb k\u00ebtyre popujve, dhe n\u00eb raste t\u00eb p\u00ebrshtatshme t\u00eb sigurojn\u00eb burimet e domosdoshme p\u00ebr k\u00ebt\u00eb q\u00ebllim.<br \/>\n2. Konsultimet e b\u00ebra p\u00ebr aplikimin e k\u00ebsaj Konvente do t\u00eb nd\u00ebrmerren, n\u00eb besim t\u00eb mir\u00eb dhe n\u00eb form\u00eb t\u00eb p\u00ebrshtatshme p\u00ebr kushtet, p\u00ebr objektivin e arritjes s\u00eb mar\u00ebveshjes ose t\u00eb lejimit t\u00eb masave t\u00eb propozuara.<br \/>\n<strong>Neni 7<\/strong><br \/>\n1.Popujt n\u00eb fjal\u00eb do t\u00eb ken\u00eb t\u00eb drejt\u00eb t\u00eb vendosin prioritetet e veta p\u00ebr procesin e zhvillimit, pasi q\u00eb ai ndikon n\u00eb jet\u00ebt, besimet, institucionet dhe mir\u00ebqenien shpirt\u00ebrore t\u00eb tyre dhe tokat t\u00eb cilat ata i kan\u00eb ose i p\u00ebrdorin ndryshe, dhe t\u00eb ushtrojn\u00eb kontroll, n\u00eb at\u00eb mas\u00eb t\u00eb mundshme, mbi zhvillimin e tyre ekonomik, social dhe kulturor. N\u00eb plot\u00ebsim, ata do t\u00eb participojn\u00eb n\u00eb formulimin,<br \/>\nimplementimin dhe evaluimin e planeve dhe programeve p\u00ebr zhvillim nacional dhe rajonal q\u00eb mund t\u2019i prek\u00eb ato n\u00eb m\u00ebnyr\u00eb direkte.<br \/>\n2. P\u00ebrmir\u00ebsimi i kushteve t\u00eb jet\u00ebs dhe pun\u00ebs dhe niveleve t\u00eb sh\u00ebndetit dhe edukimit t\u00eb popujve n\u00eb fjal\u00eb, me participimin dhe bashk\u00ebpunimin e tyre, do t\u00eb jet\u00eb \u00e7\u00ebshtje prioritare n\u00eb planet p\u00ebr zhvillimin e t\u00ebr\u00ebsish\u00ebm ekonomik t\u00eb rajoneve t\u00eb cilat ata i banojn\u00eb. Projekte speciale p\u00ebr zhvillim t\u00eb rajoneve n\u00eb fjal\u00eb do t\u00eb dizajnohen p\u00ebr t\u00eb promovuar nj\u00eb p\u00ebrmir\u00ebsim t\u00eb k\u00ebtill\u00eb.<br \/>\n3. Qeverit\u00eb do t\u00eb sigurojn\u00eb q\u00eb, saher\u00eb q\u00eb t\u00eb jet\u00eb e p\u00ebrshtatshme, do t\u00eb mbahen studime, n\u00eb bashk\u00ebpunim me popujt p\u00ebr t\u00eb cil\u00ebt \u00ebsht\u00eb fjala, p\u00ebr t\u00eb vler\u00ebsuar ndikimin social, shpirt\u00ebror, kulturor dhe mjedisor n\u00eb to t\u00eb aktiviteteve t\u00eb planifikuara zhvillimore. Rezultatet e k\u00ebtyre studimeve do t\u00eb konsiderohen si kriter fundamental p\u00ebr implementimin e k\u00ebtyre aktiviteteve.<br \/>\n4. Qeverit\u00eb, n\u00eb bashk\u00ebpunim me popujt n\u00eb fjal\u00eb, do t\u00eb marrin masa p\u00ebr mbrojtjen dhe ruajtjen e mjedisit n\u00eb territoret q\u00eb ata i banojn\u00eb.<br \/>\n<strong>Neni 14<\/strong><br \/>\n1.Do t\u00eb njihen t\u00eb drejtat e pron\u00ebsis\u00eb t\u00eb popujve n\u00eb fjal\u00eb mbi tokat t\u00eb cilat ata n\u00eb m\u00ebnyr\u00eb tradicionale i posedojn\u00eb.<br \/>\nN\u00eb plot\u00ebsim, do t\u00eb nd\u00ebrmerren masa n\u00eb raste t\u00eb p\u00ebrshtatshme p\u00ebr mbrojtjen e t\u00eb drejt\u00ebs s\u00eb popujve n\u00eb fjal\u00eb p\u00ebr t\u00eb p\u00ebrdorur tokat t\u00eb cilat nuk jan\u00eb ekskluzivisht t\u00eb poseduara nga ata, por n\u00eb t\u00eb cilat tradicionalisht kan\u00eb pasur qasje p\u00ebr aktivitetet e tyre substanciale dhe tradicionale. V\u00ebmendje e ve\u00e7ant\u00eb do t\u2019i kushtohet situat\u00ebs s\u00eb popujve nomad\u00eb dhe kultivuesve l\u00ebviz\u00ebs.<br \/>\n2. Qeverit\u00eb do t\u00eb nd\u00ebrmarrin hapa t\u00eb domosdosh\u00ebm p\u00ebr identifikimin e tokave t\u00eb cilat jan\u00eb tradicionalisht t\u00eb poseduara nga popujt n\u00eb fjal\u00eb, dhe t\u00eb garantojn\u00eb mbrojtje efektive t\u00eb t\u00eb drejtave t\u00eb tyre p\u00ebr pron\u00ebsi dhe pron\u00eb.<br \/>\n3. Do t\u00eb vendosen procedura adekuate brenda sistemit nacional juridik p\u00ebr zgjidhjen e k\u00ebrkesave t\u00eb tok\u00ebs nga popujt n\u00eb fjal\u00eb.<\/p>\n<p><strong>Neni 17<\/strong><br \/>\n1. Do t\u00eb respektohen procedurat e vendosura nga popujt n\u00eb fjal\u00eb p\u00ebr kalimin e t\u00eb drejtave t\u00eb tok\u00ebs n\u00eb mesin e an\u00ebtar\u00ebve t\u00eb k\u00ebtyre popujve.<br \/>\n2. Popujt n\u00eb fjal\u00eb do t\u00eb konsultohen saher\u00eb q\u00eb u jepet konsiderat\u00eb kapaciteteve t\u00eb tyre p\u00ebr tjet\u00ebrsimin e tokave t\u00eb tyre ose kalimin tjet\u00ebr t\u00eb t\u00eb drejtave t\u00eb tyre jasht\u00eb komunitetit t\u00eb vet.<br \/>\n3. Personat q\u00eb nuk u takojn\u00eb k\u00ebtyre popujve do t\u00eb parandalohen nga shfryt\u00ebzimi i normave zakonore t\u00eb tyre ose p\u00ebr shkak t\u00eb munges\u00ebs s\u00eb keqinterpretimit t\u00eb ligjeve n\u00eb an\u00ebn e an\u00ebtar\u00ebve t\u00eb tyre p\u00ebr t\u00eb siguruar pron\u00ebsin\u00eb, pron\u00ebn ose p\u00ebrdorimin e tok\u00ebs q\u00eb u takon atyre.<br \/>\nDisa nga dispozitat e k\u00ebsaj konvente qart\u00ebsojn\u00eb pozit\u00ebn e popujve autokton\u00eb n\u00eb raport me shtetin dhe vendin ku ata p\u00ebrb\u00ebjn\u00eb shumic\u00ebn, si dhe i mbrojn\u00eb ata nga mund\u00ebsia e ndryshimit t\u00eb struktur\u00ebs demografike dhe asimilimi.<br \/>\nPasi q\u00eb Mali i Zi pretendon t\u00eb ec\u00eb n\u00eb drejtimin e integrimeve ku edhe k\u00ebto norma duhet t\u00eb jen\u00eb pjes\u00eb e realitetit t\u00eb ri, inkuadrimi i pakicave, n\u00eb ve\u00e7anti i popujve vendas autokton\u00eb ashtu q\u00eb pakica n\u00eb fjal\u00eb t\u00eb luaj\u00eb nj\u00eb rol m\u00eb aktiv n\u00eb jet\u00ebn publike n\u00eb institucione m\u00eb vitale ku miratohen vendimet. Pjes\u00ebmarrja e pakicave n\u00eb t\u00eb gjitha organet me r\u00ebnd\u00ebsi tregon qart\u00eb p\u00ebrse ky standard kaq shum\u00eb i insistuar nga ana e e zyrtar\u00ebve m\u00eb t\u00eb lart\u00eb t\u00eb Europ\u00ebs \u00ebsht\u00eb i rekomanduar dhe e trajtojn\u00eb at\u00eb si kryesor por edhe kompleks.<br \/>\nKjo do t\u00eb thot\u00eb rritjen e mjeteve dhe mekanizmave, t\u00eb cilat p\u00ebrdoren ose mund t\u00eb p\u00ebrdoren p\u00ebr t\u00eb siguruar pjes\u00ebmarrjen e pakicave n\u00eb jet\u00ebn publike pa dob\u00ebsuar vlerat e p\u00ebrbashk\u00ebta dhe mir\u00ebbesimin q\u00eb jan\u00eb esenciale p\u00ebr nj\u00eb shoq\u00ebri t\u00eb kohezive.<br \/>\nSe cilat jan\u00eb mekanizmat q\u00eb nj\u00eb shoq\u00ebri duhet t\u2019i p\u00ebrdor\u00eb p\u00ebr t\u2019i joshur aspiratat e pakicave n\u00eb lidhje me pjes\u00ebmarjen n\u00eb jet\u00ebn publike do t\u2019i pasqyrojm\u00eb n\u00eb numrin tjet\u00ebr t\u00eb gazet\u00ebs n\u00eb intervistat me personalitete m\u00eb t\u00eb larta publike q\u00eb merren me mbrojtjen e t\u00eb drejtave t\u00eb pakicave.<\/p>\n<p><strong>Muhamed Gjokaj<br \/>\nKoha Javore<\/strong><\/p>\n<p><strong><!--YouTube Error: bad URL entered--><br \/>\n<\/strong><\/p>\n","protected":false},"excerpt":{"rendered":"<p>Shtetet t\u00eb cil\u00ebt jan\u00eb t\u00eb interesuara t\u00eb nd\u00ebrtojn\u00eb demokraci funksionale, stabilitet dhe paqe afatgjat\u00eb, p\u00ebr t\u2019u leht\u00ebsuar arritjen e standardeve t\u00eb paracaktuara nga ana e demokracive europiane, nj\u00eb nga parakushtet e rekomanduara \u00ebsht\u00eb standardi i barazis\u00eb n\u00eb pjes\u00ebmarrjen e pakicave n\u00eb jet\u00ebn publike. N\u00eb praktik\u00ebn e demokracive periferike kemi raste kur shtetet n\u00eb fjal\u00eb edhe [&hellip;]<\/p>\n","protected":false},"author":1,"featured_media":0,"comment_status":"open","ping_status":"closed","sticky":false,"template":"","format":"standard","meta":{"spay_email":"","jetpack_publicize_message":"","jetpack_is_tweetstorm":false,"jetpack_publicize_feature_enabled":true},"categories":[11],"tags":[5922,11797],"jetpack_publicize_connections":[],"yoast_head":"<!-- This site is optimized with the Yoast SEO plugin v19.1 - https:\/\/yoast.com\/wordpress\/plugins\/seo\/ -->\n<title>Pjes\u00ebmarrja e pakicave n\u00eb jet\u00ebn publike - Lajme nga Ulqini<\/title>\n<meta name=\"description\" content=\"Shtetet t\u00eb cil\u00ebt jan\u00eb t\u00eb interesuara t\u00eb nd\u00ebrtojn\u00eb demokraci funksionale, stabilitet dhe paqe afatgjat\u00eb, p\u00ebr t\u2019u leht\u00ebsuar arritjen e standardeve t\u00eb\" \/>\n<meta name=\"robots\" content=\"index, follow, max-snippet:-1, max-image-preview:large, max-video-preview:-1\" \/>\n<link rel=\"canonical\" href=\"https:\/\/www.visit-ulcinj.com\/blog\/2009\/08\/02\/pjesemarrja-e-pakicave-ne-jeten-publike\/\" \/>\n<meta property=\"og:locale\" content=\"en_US\" \/>\n<meta property=\"og:type\" content=\"article\" \/>\n<meta property=\"og:title\" content=\"Pjes\u00ebmarrja e pakicave n\u00eb jet\u00ebn publike - Lajme nga Ulqini\" \/>\n<meta property=\"og:description\" content=\"Shtetet t\u00eb cil\u00ebt jan\u00eb t\u00eb interesuara t\u00eb nd\u00ebrtojn\u00eb demokraci funksionale, stabilitet dhe paqe afatgjat\u00eb, p\u00ebr t\u2019u leht\u00ebsuar arritjen e standardeve t\u00eb\" \/>\n<meta property=\"og:url\" content=\"https:\/\/www.visit-ulcinj.com\/blog\/2009\/08\/02\/pjesemarrja-e-pakicave-ne-jeten-publike\/\" \/>\n<meta property=\"og:site_name\" content=\"Lajme nga Ulqini\" \/>\n<meta property=\"article:published_time\" content=\"2009-08-02T13:55:35+00:00\" \/>\n<meta property=\"article:modified_time\" content=\"2009-08-02T13:59:11+00:00\" \/>\n<meta property=\"og:image\" content=\"http:\/\/www.visit-ulcinj.com\/blog\/wp-content\/uploads\/2009\/08\/pakicat-jo-trajtim-te-barabarte.jpg\" \/>\n<meta name=\"twitter:label1\" content=\"Written by\" \/>\n\t<meta name=\"twitter:data1\" content=\"ulqini\" \/>\n\t<meta name=\"twitter:label2\" content=\"Est. reading time\" \/>\n\t<meta name=\"twitter:data2\" content=\"7 minutes\" \/>\n<script type=\"application\/ld+json\" class=\"yoast-schema-graph\">{\"@context\":\"https:\/\/schema.org\",\"@graph\":[{\"@type\":\"WebSite\",\"@id\":\"https:\/\/www.visit-ulcinj.com\/blog\/#website\",\"url\":\"https:\/\/www.visit-ulcinj.com\/blog\/\",\"name\":\"Lajme nga Ulqini\",\"description\":\"Lajme,Vijesti,Ulqini,Ulqin,Crna Gora,Mali i Zi\",\"potentialAction\":[{\"@type\":\"SearchAction\",\"target\":{\"@type\":\"EntryPoint\",\"urlTemplate\":\"https:\/\/www.visit-ulcinj.com\/blog\/?s={search_term_string}\"},\"query-input\":\"required name=search_term_string\"}],\"inLanguage\":\"en-US\"},{\"@type\":\"ImageObject\",\"inLanguage\":\"en-US\",\"@id\":\"https:\/\/www.visit-ulcinj.com\/blog\/2009\/08\/02\/pjesemarrja-e-pakicave-ne-jeten-publike\/#primaryimage\",\"url\":\"https:\/\/www.visit-ulcinj.com\/blog\/wp-content\/uploads\/2009\/08\/pakicat-jo-trajtim-te-barabarte.jpg\",\"contentUrl\":\"https:\/\/www.visit-ulcinj.com\/blog\/wp-content\/uploads\/2009\/08\/pakicat-jo-trajtim-te-barabarte.jpg\",\"width\":\"300\",\"height\":\"226\"},{\"@type\":\"WebPage\",\"@id\":\"https:\/\/www.visit-ulcinj.com\/blog\/2009\/08\/02\/pjesemarrja-e-pakicave-ne-jeten-publike\/#webpage\",\"url\":\"https:\/\/www.visit-ulcinj.com\/blog\/2009\/08\/02\/pjesemarrja-e-pakicave-ne-jeten-publike\/\",\"name\":\"Pjes\u00ebmarrja e pakicave n\u00eb jet\u00ebn publike - Lajme nga Ulqini\",\"isPartOf\":{\"@id\":\"https:\/\/www.visit-ulcinj.com\/blog\/#website\"},\"primaryImageOfPage\":{\"@id\":\"https:\/\/www.visit-ulcinj.com\/blog\/2009\/08\/02\/pjesemarrja-e-pakicave-ne-jeten-publike\/#primaryimage\"},\"datePublished\":\"2009-08-02T13:55:35+00:00\",\"dateModified\":\"2009-08-02T13:59:11+00:00\",\"author\":{\"@id\":\"https:\/\/www.visit-ulcinj.com\/blog\/#\/schema\/person\/dcab619c614d3038751c63bc2aadc06d\"},\"description\":\"Shtetet t\u00eb cil\u00ebt jan\u00eb t\u00eb interesuara t\u00eb nd\u00ebrtojn\u00eb demokraci funksionale, stabilitet dhe paqe afatgjat\u00eb, p\u00ebr t\u2019u leht\u00ebsuar arritjen e standardeve t\u00eb\",\"breadcrumb\":{\"@id\":\"https:\/\/www.visit-ulcinj.com\/blog\/2009\/08\/02\/pjesemarrja-e-pakicave-ne-jeten-publike\/#breadcrumb\"},\"inLanguage\":\"en-US\",\"potentialAction\":[{\"@type\":\"ReadAction\",\"target\":[\"https:\/\/www.visit-ulcinj.com\/blog\/2009\/08\/02\/pjesemarrja-e-pakicave-ne-jeten-publike\/\"]}]},{\"@type\":\"BreadcrumbList\",\"@id\":\"https:\/\/www.visit-ulcinj.com\/blog\/2009\/08\/02\/pjesemarrja-e-pakicave-ne-jeten-publike\/#breadcrumb\",\"itemListElement\":[{\"@type\":\"ListItem\",\"position\":1,\"name\":\"Pjes\u00ebmarrja e pakicave n\u00eb jet\u00ebn publike\"}]},{\"@type\":\"Person\",\"@id\":\"https:\/\/www.visit-ulcinj.com\/blog\/#\/schema\/person\/dcab619c614d3038751c63bc2aadc06d\",\"name\":\"ulqini\",\"sameAs\":[\"http:\/\/www.visit-ulcinj.com\"],\"url\":\"https:\/\/www.visit-ulcinj.com\/blog\/author\/admin\/\"}]}<\/script>\n<!-- \/ Yoast SEO plugin. -->","yoast_head_json":{"title":"Pjes\u00ebmarrja e pakicave n\u00eb jet\u00ebn publike - Lajme nga Ulqini","description":"Shtetet t\u00eb cil\u00ebt jan\u00eb t\u00eb interesuara t\u00eb nd\u00ebrtojn\u00eb demokraci funksionale, stabilitet dhe paqe afatgjat\u00eb, p\u00ebr t\u2019u leht\u00ebsuar arritjen e standardeve t\u00eb","robots":{"index":"index","follow":"follow","max-snippet":"max-snippet:-1","max-image-preview":"max-image-preview:large","max-video-preview":"max-video-preview:-1"},"canonical":"https:\/\/www.visit-ulcinj.com\/blog\/2009\/08\/02\/pjesemarrja-e-pakicave-ne-jeten-publike\/","og_locale":"en_US","og_type":"article","og_title":"Pjes\u00ebmarrja e pakicave n\u00eb jet\u00ebn publike - Lajme nga Ulqini","og_description":"Shtetet t\u00eb cil\u00ebt jan\u00eb t\u00eb interesuara t\u00eb nd\u00ebrtojn\u00eb demokraci funksionale, stabilitet dhe paqe afatgjat\u00eb, p\u00ebr t\u2019u leht\u00ebsuar arritjen e standardeve t\u00eb","og_url":"https:\/\/www.visit-ulcinj.com\/blog\/2009\/08\/02\/pjesemarrja-e-pakicave-ne-jeten-publike\/","og_site_name":"Lajme nga Ulqini","article_published_time":"2009-08-02T13:55:35+00:00","article_modified_time":"2009-08-02T13:59:11+00:00","og_image":[{"url":"http:\/\/www.visit-ulcinj.com\/blog\/wp-content\/uploads\/2009\/08\/pakicat-jo-trajtim-te-barabarte.jpg"}],"twitter_misc":{"Written by":"ulqini","Est. reading time":"7 minutes"},"schema":{"@context":"https:\/\/schema.org","@graph":[{"@type":"WebSite","@id":"https:\/\/www.visit-ulcinj.com\/blog\/#website","url":"https:\/\/www.visit-ulcinj.com\/blog\/","name":"Lajme nga Ulqini","description":"Lajme,Vijesti,Ulqini,Ulqin,Crna Gora,Mali i Zi","potentialAction":[{"@type":"SearchAction","target":{"@type":"EntryPoint","urlTemplate":"https:\/\/www.visit-ulcinj.com\/blog\/?s={search_term_string}"},"query-input":"required name=search_term_string"}],"inLanguage":"en-US"},{"@type":"ImageObject","inLanguage":"en-US","@id":"https:\/\/www.visit-ulcinj.com\/blog\/2009\/08\/02\/pjesemarrja-e-pakicave-ne-jeten-publike\/#primaryimage","url":"https:\/\/www.visit-ulcinj.com\/blog\/wp-content\/uploads\/2009\/08\/pakicat-jo-trajtim-te-barabarte.jpg","contentUrl":"https:\/\/www.visit-ulcinj.com\/blog\/wp-content\/uploads\/2009\/08\/pakicat-jo-trajtim-te-barabarte.jpg","width":"300","height":"226"},{"@type":"WebPage","@id":"https:\/\/www.visit-ulcinj.com\/blog\/2009\/08\/02\/pjesemarrja-e-pakicave-ne-jeten-publike\/#webpage","url":"https:\/\/www.visit-ulcinj.com\/blog\/2009\/08\/02\/pjesemarrja-e-pakicave-ne-jeten-publike\/","name":"Pjes\u00ebmarrja e pakicave n\u00eb jet\u00ebn publike - Lajme nga Ulqini","isPartOf":{"@id":"https:\/\/www.visit-ulcinj.com\/blog\/#website"},"primaryImageOfPage":{"@id":"https:\/\/www.visit-ulcinj.com\/blog\/2009\/08\/02\/pjesemarrja-e-pakicave-ne-jeten-publike\/#primaryimage"},"datePublished":"2009-08-02T13:55:35+00:00","dateModified":"2009-08-02T13:59:11+00:00","author":{"@id":"https:\/\/www.visit-ulcinj.com\/blog\/#\/schema\/person\/dcab619c614d3038751c63bc2aadc06d"},"description":"Shtetet t\u00eb cil\u00ebt jan\u00eb t\u00eb interesuara t\u00eb nd\u00ebrtojn\u00eb demokraci funksionale, stabilitet dhe paqe afatgjat\u00eb, p\u00ebr t\u2019u leht\u00ebsuar arritjen e standardeve t\u00eb","breadcrumb":{"@id":"https:\/\/www.visit-ulcinj.com\/blog\/2009\/08\/02\/pjesemarrja-e-pakicave-ne-jeten-publike\/#breadcrumb"},"inLanguage":"en-US","potentialAction":[{"@type":"ReadAction","target":["https:\/\/www.visit-ulcinj.com\/blog\/2009\/08\/02\/pjesemarrja-e-pakicave-ne-jeten-publike\/"]}]},{"@type":"BreadcrumbList","@id":"https:\/\/www.visit-ulcinj.com\/blog\/2009\/08\/02\/pjesemarrja-e-pakicave-ne-jeten-publike\/#breadcrumb","itemListElement":[{"@type":"ListItem","position":1,"name":"Pjes\u00ebmarrja e pakicave n\u00eb jet\u00ebn publike"}]},{"@type":"Person","@id":"https:\/\/www.visit-ulcinj.com\/blog\/#\/schema\/person\/dcab619c614d3038751c63bc2aadc06d","name":"ulqini","sameAs":["http:\/\/www.visit-ulcinj.com"],"url":"https:\/\/www.visit-ulcinj.com\/blog\/author\/admin\/"}]}},"jetpack_featured_media_url":"","jetpack_sharing_enabled":true,"jetpack_shortlink":"https:\/\/wp.me\/pe6lTn-6dv","_links":{"self":[{"href":"https:\/\/www.visit-ulcinj.com\/blog\/wp-json\/wp\/v2\/posts\/23901"}],"collection":[{"href":"https:\/\/www.visit-ulcinj.com\/blog\/wp-json\/wp\/v2\/posts"}],"about":[{"href":"https:\/\/www.visit-ulcinj.com\/blog\/wp-json\/wp\/v2\/types\/post"}],"author":[{"embeddable":true,"href":"https:\/\/www.visit-ulcinj.com\/blog\/wp-json\/wp\/v2\/users\/1"}],"replies":[{"embeddable":true,"href":"https:\/\/www.visit-ulcinj.com\/blog\/wp-json\/wp\/v2\/comments?post=23901"}],"version-history":[{"count":0,"href":"https:\/\/www.visit-ulcinj.com\/blog\/wp-json\/wp\/v2\/posts\/23901\/revisions"}],"wp:attachment":[{"href":"https:\/\/www.visit-ulcinj.com\/blog\/wp-json\/wp\/v2\/media?parent=23901"}],"wp:term":[{"taxonomy":"category","embeddable":true,"href":"https:\/\/www.visit-ulcinj.com\/blog\/wp-json\/wp\/v2\/categories?post=23901"},{"taxonomy":"post_tag","embeddable":true,"href":"https:\/\/www.visit-ulcinj.com\/blog\/wp-json\/wp\/v2\/tags?post=23901"}],"curies":[{"name":"wp","href":"https:\/\/api.w.org\/{rel}","templated":true}]}}