{"id":23906,"date":"2009-08-02T16:17:12","date_gmt":"2009-08-02T14:17:12","guid":{"rendered":"http:\/\/www.visit-ulcinj.com\/blog\/?p=23906"},"modified":"2009-08-02T16:31:24","modified_gmt":"2009-08-02T14:31:24","slug":"populli-refuzon-cdo-propozim-joshes-te-stambollit","status":"publish","type":"post","link":"https:\/\/www.visit-ulcinj.com\/blog\/2009\/08\/02\/populli-refuzon-cdo-propozim-joshes-te-stambollit\/","title":{"rendered":"Populli refuzon \u00e7do propozim josh\u00ebs t\u00eb Stambollit"},"content":{"rendered":"<p><a href=\"http:\/\/www.visit-ulcinj.com\/blog\/wp-content\/uploads\/2009\/08\/KALAJA-E-ULQINIT_001.jpg\"><img loading=\"lazy\" class=\"alignleft size-full wp-image-23907\" title=\"KALAJA E ULQINIT_001\" src=\"http:\/\/www.visit-ulcinj.com\/blog\/wp-content\/uploads\/2009\/08\/KALAJA-E-ULQINIT_001.jpg\" alt=\"KALAJA E ULQINIT_001\" width=\"429\" height=\"640\" srcset=\"https:\/\/www.visit-ulcinj.com\/blog\/wp-content\/uploads\/2009\/08\/KALAJA-E-ULQINIT_001.jpg 429w, https:\/\/www.visit-ulcinj.com\/blog\/wp-content\/uploads\/2009\/08\/KALAJA-E-ULQINIT_001-201x300.jpg 201w\" sizes=\"(max-width: 429px) 100vw, 429px\" \/><\/a><strong>ULQINI N\u00cb VITET E LIDHJES SHQIPTARE T\u00cb PRIZRENIT 1878-1881 (29)<\/strong><br \/>\nPara se t\u00eb largohej nga posti qeveritar, Abedin pash\u00eb Dinoja nd\u00ebrmori edhe nj\u00eb hap tjet\u00ebr. Duke e par\u00eb se dor\u00ebzimi i Ulqinit nuk mund t\u00eb zgjaste pa fund, ai e p\u00ebrs\u00ebriti misionin e Mustafa pash\u00eb Vlor\u00ebs. Ai planifikonte t\u2019i bindte shqiptar\u00ebt se m\u00eb mir\u00eb do t\u00eb ishte sikur ta l\u00ebshonin trev\u00ebn e Ulqinit me 10 000 banor\u00eb e t\u00eb shp\u00ebtohej provinca e \u00c7am\u00ebris\u00eb me 100 000 frym\u00eb. P\u00ebr k\u00ebt\u00eb hap ai u premtoi shqiptar\u00ebve se, po t\u00eb mos e kund\u00ebrshtonin dor\u00ebzimin e Ulqinit, Porta do t\u2019u jepte disa t\u00eb drejta autonomiste.<br \/>\nSulltani urdh\u00ebroi q\u00eb ministri i luft\u00ebs t\u00eb shkonte n\u00eb Hot dhe Grud\u00eb dhe t\u00eb p\u00ebrpiqej t\u2019i bindte shqiptar\u00ebt q\u00eb t\u2019ia l\u00ebshonin k\u00ebto territore Malit t\u00eb Zi. N\u00eb qoft\u00eb se nuk do t\u2019ia dilte n\u00eb krye k\u00ebsaj detyre, ai at\u00ebher\u00eb do t\u00eb shkonte n\u00eb Ulqin dhe do t\u00eb b\u00ebnte \u00e7do gj\u00eb q\u00eb ishte e mundur q\u00eb ky qytet me rrethina t\u2019i l\u00ebshohej Malit t\u00eb Zi. N\u00eb qoft\u00eb se do t\u00eb arrihej kjo gj\u00eb n\u00eb m\u00ebnyr\u00eb paq\u00ebsore, at\u00ebher\u00eb malazez\u00ebt do t\u2019i l\u00ebshonin rajonet q\u00eb i kishin pushtuar deri at\u00ebher\u00eb. Duhej t\u00eb p\u00ebrpilohej nj\u00eb hart\u00eb dhe n\u00eb t\u00eb t\u00eb sh\u00ebnohej se Hoti dhe Gruda bashk\u00eb me Dinosh\u00ebn i mbesin Perandoris\u00eb Osmane. L\u00ebshimi i Ulqinit do t\u00eb b\u00ebhej sapo t\u00eb merrej njoftimi zyrtar se Fuqit\u00eb e M\u00ebdha jan\u00eb dakord.<br \/>\nLidhja Shqiptare e p\u00ebrcillte gjendjen nd\u00ebrkomb\u00ebtare. N\u00eb letr\u00ebn e firm\u00ebs Stef Bianki Tarabulluzit n\u00eb Prizren t\u00eb dat\u00ebs 26 gusht 1880, theksohej se \u201cpo ndihet se Turqia po ia l\u00ebshon Ulqinin Malit t\u00eb Zi. Komisioni i zgjedhur n\u00eb em\u00ebr t\u00eb popullit mori hapa edhe p\u00ebr k\u00ebt\u00eb pun\u00eb. Jemi angazhuar p\u00ebr ta \u00e7uar n\u00eb k\u00ebmb\u00eb An\u00ebn e Malit. Sot pasdite, n\u00eb or\u00ebn 8, po nisim nja 400 shkodran\u00eb t\u00eb mbledhur prej familjeve q\u00eb kan\u00eb pasur nga tre vet\u00eb n\u00eb sht\u00ebpi. Kemi \u00e7uar me marr\u00eb nga 100 mal\u00ebsor\u00eb prej \u00e7do fshati. Po duket se deri nes\u00ebr e pasnes\u00ebr po b\u00ebhen nja 3-4000 vet\u00eb me gjith\u00eb ulqinak\u00ebt. Pritet se do t\u00eb vijn\u00eb nja 3000 dibran\u00eb. Jan\u00eb lajm\u00ebruar edhe nga Tirana. Edhe nga Ana e Malit e Kraja kemi mbledhur nga nj\u00eb p\u00ebr sht\u00ebpi. Pritet se po vijn\u00eb 100 prej Hotit, 100 prej Kastratit, 100 shkrel\u00eb, 100 kelmendas e 100 postribas e t\u00eb gjith\u00eb do t\u2019i \u00e7ojm\u00eb p\u00ebr Ulqin\u201d.<br \/>\nPorta e Lart\u00eb vuri lidhje me Lidhjen Shqiptare p\u00ebr ta leht\u00ebsuar dor\u00ebzimin e Ulqinit. Ajo d\u00ebrgoi nj\u00eb delegacion p\u00ebr t\u00eb zhvilluar bisedat zyrtare. Mir\u00ebpo, si\u00e7 lajm\u00ebronte shtypi i koh\u00ebs, nuk kishte shpresa n\u00eb suksesin e t\u00eb deleguarit t\u00eb Port\u00ebs, sepse shqiptar\u00ebt kishin vendosur t\u00eb mobilizonin t\u00eb gjith\u00eb ata q\u00eb ishin t\u00eb aft\u00eb t\u00eb bartnin pushk\u00ebn. Theksohej se revolta e shqiptar\u00ebve ishte plot\u00ebsisht e arsyeshme, sepse ata e kishin plot\u00ebsisht t\u00eb qart\u00eb se Porta e Lart\u00eb d\u00ebshironte t\u00eb zgjidhte problemin e saj me Malin e Zi. Oficer\u00ebt e ushtris\u00eb u vinin v\u00ebllez\u00ebrve t\u00eb tyre n\u00eb ndihm\u00eb nga \u00e7do an\u00eb dhe nuk e mohonin braktisjen e ushtris\u00eb dhe bashk\u00ebpunimin e tyre me forcat e Lidhjes Shqiptare.<br \/>\nShihej se Riza pasha nuk kishte fuqi t\u00eb ndikonte te shqiptar\u00ebt p\u00ebr t\u00eb mos b\u00ebr\u00eb rezistenc\u00eb. Prandaj qeveria turke ngarkoi Hysen pash\u00ebn, q\u00eb me autoritetin e tij t\u00eb nd\u00ebrhynte te populli shqiptar q\u00eb t\u00eb mos kund\u00ebrshtonte dor\u00ebzimin e Ulqinit. Ky, m\u00eb 27 gusht 1880, i d\u00ebrgoi Lidhjes n\u00eb Shkod\u00ebr nj\u00eb telegram ku thuhej: \u201cS\u00eb shpejti do t\u00eb vijn\u00eb luftanijet e Fuqive t\u00eb M\u00ebdha p\u00ebr t\u2019ia dor\u00ebzuar Ulqinin Malit t\u00eb Zi. Prandaj ju k\u00ebshilloj q\u00eb p\u00ebr t\u00eb mir\u00ebn tuaj t\u2019i mbushni mendjen popullit, q\u00eb Ulqini t\u00eb dor\u00ebzohej shpejt\u201d.<br \/>\nP\u00ebrgjigjja e popullit, e n\u00ebnshkruar nga paria e Shkodr\u00ebs, m\u00eb 28 gusht 1880, ishte: \u201cP\u00ebrmbajtja e urdh\u00ebrit telegrafik q\u00eb erdhi dje iu komunikua fjal\u00eb p\u00ebr fjal\u00eb popullit, si mysliman\u00ebve ashtu edhe katolik\u00ebve. Por, si n\u00eb k\u00ebrkesat e protestat e derisotme, ashtu edhe k\u00ebt\u00eb her\u00eb, populli p\u00ebrgjigjet se kurrkush nuk e pranon q\u00eb Ulqini t\u2019i jipet Malit t\u00eb Zi\u201d.<br \/>\nDuke par\u00eb se n\u00eb asnj\u00eb m\u00ebnyr\u00eb nuk mund ta bindte popullin shqiptar, ministri turk i luft\u00ebs e thirri parin\u00eb e Shkodr\u00ebs, q\u00eb m\u00eb s\u00eb pari t\u00eb bindej ajo e pastaj ta bindte popullin se duhej t\u2019u n\u00ebnshtrohej urdh\u00ebrave t\u00eb Port\u00ebs s\u00eb Lart\u00eb. P\u00ebrgjigjja ishte se djemt\u00eb q\u00eb ishin nisur p\u00ebr Ulqin i kishte thirrur vet\u00eb populli i Ulqinit p\u00ebr ndihm\u00eb.<br \/>\nNd\u00ebrkoh\u00eb, n\u00eb Stamboll filloi nj\u00eb kriz\u00eb qeveritare p\u00ebr largimin e Abedin pash\u00eb Dinos dhe p\u00ebr formimin e nj\u00eb qeveri t\u00eb re m\u00eb energjike kund\u00ebr shqiptar\u00ebve.<br \/>\nPara se t\u00eb largohej nga posti qeveritar, Abedin pash\u00eb Dinoja nd\u00ebrmori edhe nj\u00eb hap tjet\u00ebr. Duke e par\u00eb se dor\u00ebzimi i Ulqinit nuk mund t\u00eb zgjaste pa fund, ai e p\u00ebrs\u00ebriti misionin e Mustafa pash\u00eb Vlor\u00ebs. Ai planifikonte t\u2019i bindte shqiptar\u00ebt se m\u00eb mir\u00eb do t\u00eb ishte sikur ta l\u00ebshonin trev\u00ebn e Ulqinit me 10 000 banor\u00eb e t\u00eb shp\u00ebtohej provinca e \u00c7am\u00ebris\u00eb me 100 000 frym\u00eb. P\u00ebr k\u00ebt\u00eb hap ai u premtoi shqiptar\u00ebve se, po t\u00eb mos e kund\u00ebrshtonin dor\u00ebzimin e Ulqinit, Porta do t\u2019u jepte disa t\u00eb drejta autonomiste.<\/p>\n<p><strong>Mr. Riza Rexha<br \/>\nKoha Javore<\/strong><\/p>\n<p><strong><!--YouTube Error: bad URL entered--><br \/>\n<\/strong><\/p>\n","protected":false},"excerpt":{"rendered":"<p>ULQINI N\u00cb VITET E LIDHJES SHQIPTARE T\u00cb PRIZRENIT 1878-1881 (29) Para se t\u00eb largohej nga posti qeveritar, Abedin pash\u00eb Dinoja nd\u00ebrmori edhe nj\u00eb hap tjet\u00ebr. Duke e par\u00eb se dor\u00ebzimi i Ulqinit nuk mund t\u00eb zgjaste pa fund, ai e p\u00ebrs\u00ebriti misionin e Mustafa pash\u00eb Vlor\u00ebs. Ai planifikonte t\u2019i bindte shqiptar\u00ebt se m\u00eb mir\u00eb do [&hellip;]<\/p>\n","protected":false},"author":1,"featured_media":0,"comment_status":"open","ping_status":"closed","sticky":false,"template":"","format":"standard","meta":{"spay_email":"","jetpack_publicize_message":"","jetpack_is_tweetstorm":false,"jetpack_publicize_feature_enabled":true},"categories":[4],"tags":[11798],"jetpack_publicize_connections":[],"yoast_head":"<!-- This site is optimized with the Yoast SEO plugin v19.1 - https:\/\/yoast.com\/wordpress\/plugins\/seo\/ -->\n<title>Populli refuzon \u00e7do propozim josh\u00ebs t\u00eb Stambollit - Lajme nga Ulqini<\/title>\n<meta name=\"description\" content=\"ULQINI N\u00cb VITET E LIDHJES SHQIPTARE T\u00cb PRIZRENIT 1878-1881 (29) Para se t\u00eb largohej nga posti qeveritar, Abedin pash\u00eb Dinoja nd\u00ebrmori edhe nj\u00eb hap tjet\u00ebr.\" \/>\n<meta name=\"robots\" content=\"index, follow, max-snippet:-1, max-image-preview:large, max-video-preview:-1\" \/>\n<link rel=\"canonical\" href=\"https:\/\/www.visit-ulcinj.com\/blog\/2009\/08\/02\/populli-refuzon-cdo-propozim-joshes-te-stambollit\/\" \/>\n<meta property=\"og:locale\" content=\"en_US\" \/>\n<meta property=\"og:type\" content=\"article\" \/>\n<meta property=\"og:title\" content=\"Populli refuzon \u00e7do propozim josh\u00ebs t\u00eb Stambollit - Lajme nga Ulqini\" \/>\n<meta property=\"og:description\" content=\"ULQINI N\u00cb VITET E LIDHJES SHQIPTARE T\u00cb PRIZRENIT 1878-1881 (29) Para se t\u00eb largohej nga posti qeveritar, Abedin pash\u00eb Dinoja nd\u00ebrmori edhe nj\u00eb hap tjet\u00ebr.\" \/>\n<meta property=\"og:url\" content=\"https:\/\/www.visit-ulcinj.com\/blog\/2009\/08\/02\/populli-refuzon-cdo-propozim-joshes-te-stambollit\/\" \/>\n<meta property=\"og:site_name\" content=\"Lajme nga Ulqini\" \/>\n<meta property=\"article:published_time\" content=\"2009-08-02T14:17:12+00:00\" \/>\n<meta property=\"article:modified_time\" content=\"2009-08-02T14:31:24+00:00\" \/>\n<meta property=\"og:image\" content=\"http:\/\/www.visit-ulcinj.com\/blog\/wp-content\/uploads\/2009\/08\/KALAJA-E-ULQINIT_001.jpg\" \/>\n<meta name=\"twitter:label1\" content=\"Written by\" \/>\n\t<meta name=\"twitter:data1\" content=\"ulqini\" \/>\n\t<meta name=\"twitter:label2\" content=\"Est. reading time\" \/>\n\t<meta name=\"twitter:data2\" content=\"5 minutes\" \/>\n<script type=\"application\/ld+json\" class=\"yoast-schema-graph\">{\"@context\":\"https:\/\/schema.org\",\"@graph\":[{\"@type\":\"WebSite\",\"@id\":\"https:\/\/www.visit-ulcinj.com\/blog\/#website\",\"url\":\"https:\/\/www.visit-ulcinj.com\/blog\/\",\"name\":\"Lajme nga Ulqini\",\"description\":\"Lajme,Vijesti,Ulqini,Ulqin,Crna Gora,Mali i Zi\",\"potentialAction\":[{\"@type\":\"SearchAction\",\"target\":{\"@type\":\"EntryPoint\",\"urlTemplate\":\"https:\/\/www.visit-ulcinj.com\/blog\/?s={search_term_string}\"},\"query-input\":\"required name=search_term_string\"}],\"inLanguage\":\"en-US\"},{\"@type\":\"ImageObject\",\"inLanguage\":\"en-US\",\"@id\":\"https:\/\/www.visit-ulcinj.com\/blog\/2009\/08\/02\/populli-refuzon-cdo-propozim-joshes-te-stambollit\/#primaryimage\",\"url\":\"https:\/\/www.visit-ulcinj.com\/blog\/wp-content\/uploads\/2009\/08\/KALAJA-E-ULQINIT_001.jpg\",\"contentUrl\":\"https:\/\/www.visit-ulcinj.com\/blog\/wp-content\/uploads\/2009\/08\/KALAJA-E-ULQINIT_001.jpg\",\"width\":\"429\",\"height\":\"640\"},{\"@type\":\"WebPage\",\"@id\":\"https:\/\/www.visit-ulcinj.com\/blog\/2009\/08\/02\/populli-refuzon-cdo-propozim-joshes-te-stambollit\/#webpage\",\"url\":\"https:\/\/www.visit-ulcinj.com\/blog\/2009\/08\/02\/populli-refuzon-cdo-propozim-joshes-te-stambollit\/\",\"name\":\"Populli refuzon \u00e7do propozim josh\u00ebs t\u00eb Stambollit - Lajme nga Ulqini\",\"isPartOf\":{\"@id\":\"https:\/\/www.visit-ulcinj.com\/blog\/#website\"},\"primaryImageOfPage\":{\"@id\":\"https:\/\/www.visit-ulcinj.com\/blog\/2009\/08\/02\/populli-refuzon-cdo-propozim-joshes-te-stambollit\/#primaryimage\"},\"datePublished\":\"2009-08-02T14:17:12+00:00\",\"dateModified\":\"2009-08-02T14:31:24+00:00\",\"author\":{\"@id\":\"https:\/\/www.visit-ulcinj.com\/blog\/#\/schema\/person\/dcab619c614d3038751c63bc2aadc06d\"},\"description\":\"ULQINI N\u00cb VITET E LIDHJES SHQIPTARE T\u00cb PRIZRENIT 1878-1881 (29) Para se t\u00eb largohej nga posti qeveritar, Abedin pash\u00eb Dinoja nd\u00ebrmori edhe nj\u00eb hap tjet\u00ebr.\",\"breadcrumb\":{\"@id\":\"https:\/\/www.visit-ulcinj.com\/blog\/2009\/08\/02\/populli-refuzon-cdo-propozim-joshes-te-stambollit\/#breadcrumb\"},\"inLanguage\":\"en-US\",\"potentialAction\":[{\"@type\":\"ReadAction\",\"target\":[\"https:\/\/www.visit-ulcinj.com\/blog\/2009\/08\/02\/populli-refuzon-cdo-propozim-joshes-te-stambollit\/\"]}]},{\"@type\":\"BreadcrumbList\",\"@id\":\"https:\/\/www.visit-ulcinj.com\/blog\/2009\/08\/02\/populli-refuzon-cdo-propozim-joshes-te-stambollit\/#breadcrumb\",\"itemListElement\":[{\"@type\":\"ListItem\",\"position\":1,\"name\":\"Populli refuzon \u00e7do propozim josh\u00ebs t\u00eb Stambollit\"}]},{\"@type\":\"Person\",\"@id\":\"https:\/\/www.visit-ulcinj.com\/blog\/#\/schema\/person\/dcab619c614d3038751c63bc2aadc06d\",\"name\":\"ulqini\",\"sameAs\":[\"http:\/\/www.visit-ulcinj.com\"],\"url\":\"https:\/\/www.visit-ulcinj.com\/blog\/author\/admin\/\"}]}<\/script>\n<!-- \/ Yoast SEO plugin. -->","yoast_head_json":{"title":"Populli refuzon \u00e7do propozim josh\u00ebs t\u00eb Stambollit - Lajme nga Ulqini","description":"ULQINI N\u00cb VITET E LIDHJES SHQIPTARE T\u00cb PRIZRENIT 1878-1881 (29) Para se t\u00eb largohej nga posti qeveritar, Abedin pash\u00eb Dinoja nd\u00ebrmori edhe nj\u00eb hap tjet\u00ebr.","robots":{"index":"index","follow":"follow","max-snippet":"max-snippet:-1","max-image-preview":"max-image-preview:large","max-video-preview":"max-video-preview:-1"},"canonical":"https:\/\/www.visit-ulcinj.com\/blog\/2009\/08\/02\/populli-refuzon-cdo-propozim-joshes-te-stambollit\/","og_locale":"en_US","og_type":"article","og_title":"Populli refuzon \u00e7do propozim josh\u00ebs t\u00eb Stambollit - Lajme nga Ulqini","og_description":"ULQINI N\u00cb VITET E LIDHJES SHQIPTARE T\u00cb PRIZRENIT 1878-1881 (29) Para se t\u00eb largohej nga posti qeveritar, Abedin pash\u00eb Dinoja nd\u00ebrmori edhe nj\u00eb hap tjet\u00ebr.","og_url":"https:\/\/www.visit-ulcinj.com\/blog\/2009\/08\/02\/populli-refuzon-cdo-propozim-joshes-te-stambollit\/","og_site_name":"Lajme nga Ulqini","article_published_time":"2009-08-02T14:17:12+00:00","article_modified_time":"2009-08-02T14:31:24+00:00","og_image":[{"url":"http:\/\/www.visit-ulcinj.com\/blog\/wp-content\/uploads\/2009\/08\/KALAJA-E-ULQINIT_001.jpg"}],"twitter_misc":{"Written by":"ulqini","Est. reading time":"5 minutes"},"schema":{"@context":"https:\/\/schema.org","@graph":[{"@type":"WebSite","@id":"https:\/\/www.visit-ulcinj.com\/blog\/#website","url":"https:\/\/www.visit-ulcinj.com\/blog\/","name":"Lajme nga Ulqini","description":"Lajme,Vijesti,Ulqini,Ulqin,Crna Gora,Mali i Zi","potentialAction":[{"@type":"SearchAction","target":{"@type":"EntryPoint","urlTemplate":"https:\/\/www.visit-ulcinj.com\/blog\/?s={search_term_string}"},"query-input":"required name=search_term_string"}],"inLanguage":"en-US"},{"@type":"ImageObject","inLanguage":"en-US","@id":"https:\/\/www.visit-ulcinj.com\/blog\/2009\/08\/02\/populli-refuzon-cdo-propozim-joshes-te-stambollit\/#primaryimage","url":"https:\/\/www.visit-ulcinj.com\/blog\/wp-content\/uploads\/2009\/08\/KALAJA-E-ULQINIT_001.jpg","contentUrl":"https:\/\/www.visit-ulcinj.com\/blog\/wp-content\/uploads\/2009\/08\/KALAJA-E-ULQINIT_001.jpg","width":"429","height":"640"},{"@type":"WebPage","@id":"https:\/\/www.visit-ulcinj.com\/blog\/2009\/08\/02\/populli-refuzon-cdo-propozim-joshes-te-stambollit\/#webpage","url":"https:\/\/www.visit-ulcinj.com\/blog\/2009\/08\/02\/populli-refuzon-cdo-propozim-joshes-te-stambollit\/","name":"Populli refuzon \u00e7do propozim josh\u00ebs t\u00eb Stambollit - Lajme nga Ulqini","isPartOf":{"@id":"https:\/\/www.visit-ulcinj.com\/blog\/#website"},"primaryImageOfPage":{"@id":"https:\/\/www.visit-ulcinj.com\/blog\/2009\/08\/02\/populli-refuzon-cdo-propozim-joshes-te-stambollit\/#primaryimage"},"datePublished":"2009-08-02T14:17:12+00:00","dateModified":"2009-08-02T14:31:24+00:00","author":{"@id":"https:\/\/www.visit-ulcinj.com\/blog\/#\/schema\/person\/dcab619c614d3038751c63bc2aadc06d"},"description":"ULQINI N\u00cb VITET E LIDHJES SHQIPTARE T\u00cb PRIZRENIT 1878-1881 (29) Para se t\u00eb largohej nga posti qeveritar, Abedin pash\u00eb Dinoja nd\u00ebrmori edhe nj\u00eb hap tjet\u00ebr.","breadcrumb":{"@id":"https:\/\/www.visit-ulcinj.com\/blog\/2009\/08\/02\/populli-refuzon-cdo-propozim-joshes-te-stambollit\/#breadcrumb"},"inLanguage":"en-US","potentialAction":[{"@type":"ReadAction","target":["https:\/\/www.visit-ulcinj.com\/blog\/2009\/08\/02\/populli-refuzon-cdo-propozim-joshes-te-stambollit\/"]}]},{"@type":"BreadcrumbList","@id":"https:\/\/www.visit-ulcinj.com\/blog\/2009\/08\/02\/populli-refuzon-cdo-propozim-joshes-te-stambollit\/#breadcrumb","itemListElement":[{"@type":"ListItem","position":1,"name":"Populli refuzon \u00e7do propozim josh\u00ebs t\u00eb Stambollit"}]},{"@type":"Person","@id":"https:\/\/www.visit-ulcinj.com\/blog\/#\/schema\/person\/dcab619c614d3038751c63bc2aadc06d","name":"ulqini","sameAs":["http:\/\/www.visit-ulcinj.com"],"url":"https:\/\/www.visit-ulcinj.com\/blog\/author\/admin\/"}]}},"jetpack_featured_media_url":"","jetpack_sharing_enabled":true,"jetpack_shortlink":"https:\/\/wp.me\/pe6lTn-6dA","_links":{"self":[{"href":"https:\/\/www.visit-ulcinj.com\/blog\/wp-json\/wp\/v2\/posts\/23906"}],"collection":[{"href":"https:\/\/www.visit-ulcinj.com\/blog\/wp-json\/wp\/v2\/posts"}],"about":[{"href":"https:\/\/www.visit-ulcinj.com\/blog\/wp-json\/wp\/v2\/types\/post"}],"author":[{"embeddable":true,"href":"https:\/\/www.visit-ulcinj.com\/blog\/wp-json\/wp\/v2\/users\/1"}],"replies":[{"embeddable":true,"href":"https:\/\/www.visit-ulcinj.com\/blog\/wp-json\/wp\/v2\/comments?post=23906"}],"version-history":[{"count":0,"href":"https:\/\/www.visit-ulcinj.com\/blog\/wp-json\/wp\/v2\/posts\/23906\/revisions"}],"wp:attachment":[{"href":"https:\/\/www.visit-ulcinj.com\/blog\/wp-json\/wp\/v2\/media?parent=23906"}],"wp:term":[{"taxonomy":"category","embeddable":true,"href":"https:\/\/www.visit-ulcinj.com\/blog\/wp-json\/wp\/v2\/categories?post=23906"},{"taxonomy":"post_tag","embeddable":true,"href":"https:\/\/www.visit-ulcinj.com\/blog\/wp-json\/wp\/v2\/tags?post=23906"}],"curies":[{"name":"wp","href":"https:\/\/api.w.org\/{rel}","templated":true}]}}