{"id":2391,"date":"2008-08-12T16:02:46","date_gmt":"2008-08-12T21:02:46","guid":{"rendered":"http:\/\/www.visit-ulcinj.com\/blog\/?p=2391"},"modified":"2008-08-12T16:04:34","modified_gmt":"2008-08-12T21:04:34","slug":"sp-crna-gora-je-zemlja-visokog-rizika","status":"publish","type":"post","link":"https:\/\/www.visit-ulcinj.com\/blog\/2008\/08\/12\/sp-crna-gora-je-zemlja-visokog-rizika\/","title":{"rendered":"S&#038;P: Crna Gora je zemlja visokog rizika"},"content":{"rendered":"<p><a href=\"http:\/\/www.product-reviews.net\/wp-content\/userimages\/2007\/08\/standard-poors.jpg\"><img loading=\"lazy\" class=\"alignleft\" title=\"Standard &amp; Poors\" src=\"http:\/\/www.product-reviews.net\/wp-content\/userimages\/2007\/08\/standard-poors.jpg\" alt=\"\" width=\"272\" height=\"204\" \/><\/a>PODGORICA &#8211; Me?unarodna agencija za kreditni rejting, Standard &amp; Poor&#8217;s (S&amp;P) svrstala je Crnu Goru u Grupu 9, kategoriju koja odra\u017eava visoki ekonomski i kreditni rizik.<br \/>\nRizici u Crnoj Gori su pove?ani zbog drasti?nog rasta kredita u protekle tri godine kao i zbog lo\u0161eg finansijskog prifila crnogorskih banaka, navodi se na sajtu agencije. Rang S&amp;P-a utica?e, kako se navodi, i na politi?ku klimu u Crnoj Gori kao i na beneficije koje ona dobija od dominacije nekoliko velikih banaka centralne i isto?ne Evrope. Ostale dr\u017eave koje se nalaze u Grupi 9 su Nigerija, Kostarika, Gvatemala, Liban i Vijetnam.<br \/>\n\u201cCrna Gora je ispred Ukrajine, koja je u Grupi 10, ali iza Kazahstana u Grupi 8 i jedna je od rizi?nijih dr\u017eava u jugoisto?noj Evropi\u201d, navodi se na sajtu Standar end pursa.<\/p>\n<div style=\"width: 331px\" class=\"wp-caption alignright\"><a href=\"http:\/\/www2.standardandpoors.com\/spf\/images\/marketing\/primaryhomepage_tout_updatenewactions.040308_4.jpg\"><img loading=\"lazy\" title=\"Me?unarodna agencija za kreditni rejting, Standard &amp; Poors (S&amp;P)\" src=\"http:\/\/www2.standardandpoors.com\/spf\/images\/marketing\/primaryhomepage_tout_updatenewactions.040308_4.jpg\" alt=\"Me?unarodna agencija za kreditni rejting, Standard &amp; Poors (S&amp;P)\" width=\"321\" height=\"106\" \/><\/a><p class=\"wp-caption-text\">Me?unarodna agencija za kreditni rejting, Standard &amp; Poor&#39;s (S&amp;P)<\/p><\/div>\n<p>Agencija je u aprilu revidirala op\u0161tu ocjenu za Crnu Goru iz stabilne u negativnu, zbog rastu?e makroekonomske nestabilnosti. Istovremeno su potvr?eni dugoro?ni kreditni rejting BB+ i kratkoro?ni B, kao i AAA, koji se odnosi na prenos i ocjenu konvertibilnosti.<br \/>\n\u00bbRevizija izvje\u0161taja reflektuje rastu?u makroekonomsku nestabilnost, sa zabilje\u017eenim visokim deficitom teku?eg ra?una od 44 odsto bruto doma?eg proizvoda (BDP) Crne Gore u pro\u0161loj godini\u00ab, saop\u0161teno je tada iz S&amp;P.<br \/>\n<strong>Izvor \/  Mina-business<\/strong><\/p>\n","protected":false},"excerpt":{"rendered":"<p><img loading=\"lazy\" class=\"alignleft\" title=\"Standard &amp; Poors\" src=\"http:\/\/www.product-reviews.net\/wp-content\/userimages\/2007\/08\/standard-poors.jpg\" alt=\"\" width=\"140\" height=\"140\" \/><\/p>\n","protected":false},"author":1,"featured_media":0,"comment_status":"open","ping_status":"closed","sticky":false,"template":"","format":"standard","meta":{"spay_email":"","jetpack_publicize_message":"","jetpack_is_tweetstorm":false,"jetpack_publicize_feature_enabled":true},"categories":[10,12],"tags":[4318,4319],"jetpack_publicize_connections":[],"yoast_head":"<!-- This site is optimized with the Yoast SEO plugin v19.1 - https:\/\/yoast.com\/wordpress\/plugins\/seo\/ -->\n<title>S&amp;P: Crna Gora je zemlja visokog rizika - Lajme nga Ulqini<\/title>\n<meta name=\"robots\" content=\"index, follow, max-snippet:-1, max-image-preview:large, max-video-preview:-1\" \/>\n<link rel=\"canonical\" href=\"https:\/\/www.visit-ulcinj.com\/blog\/2008\/08\/12\/sp-crna-gora-je-zemlja-visokog-rizika\/\" \/>\n<meta property=\"og:locale\" content=\"en_US\" \/>\n<meta property=\"og:type\" content=\"article\" \/>\n<meta property=\"og:title\" content=\"S&amp;P: Crna Gora je zemlja visokog rizika - Lajme nga Ulqini\" \/>\n<meta property=\"og:url\" content=\"https:\/\/www.visit-ulcinj.com\/blog\/2008\/08\/12\/sp-crna-gora-je-zemlja-visokog-rizika\/\" \/>\n<meta property=\"og:site_name\" content=\"Lajme nga Ulqini\" \/>\n<meta property=\"article:published_time\" content=\"2008-08-12T21:02:46+00:00\" \/>\n<meta property=\"article:modified_time\" content=\"2008-08-12T21:04:34+00:00\" \/>\n<meta property=\"og:image\" content=\"http:\/\/www.product-reviews.net\/wp-content\/userimages\/2007\/08\/standard-poors.jpg\" \/>\n<meta name=\"twitter:label1\" content=\"Written by\" \/>\n\t<meta name=\"twitter:data1\" content=\"ulqini\" \/>\n\t<meta name=\"twitter:label2\" content=\"Est. reading time\" \/>\n\t<meta name=\"twitter:data2\" content=\"1 minute\" \/>\n<script type=\"application\/ld+json\" class=\"yoast-schema-graph\">{\"@context\":\"https:\/\/schema.org\",\"@graph\":[{\"@type\":\"WebSite\",\"@id\":\"https:\/\/www.visit-ulcinj.com\/blog\/#website\",\"url\":\"https:\/\/www.visit-ulcinj.com\/blog\/\",\"name\":\"Lajme nga Ulqini\",\"description\":\"Lajme,Vijesti,Ulqini,Ulqin,Crna Gora,Mali i Zi\",\"potentialAction\":[{\"@type\":\"SearchAction\",\"target\":{\"@type\":\"EntryPoint\",\"urlTemplate\":\"https:\/\/www.visit-ulcinj.com\/blog\/?s={search_term_string}\"},\"query-input\":\"required name=search_term_string\"}],\"inLanguage\":\"en-US\"},{\"@type\":\"ImageObject\",\"inLanguage\":\"en-US\",\"@id\":\"https:\/\/www.visit-ulcinj.com\/blog\/2008\/08\/12\/sp-crna-gora-je-zemlja-visokog-rizika\/#primaryimage\",\"url\":\"http:\/\/www.product-reviews.net\/wp-content\/userimages\/2007\/08\/standard-poors.jpg\",\"contentUrl\":\"http:\/\/www.product-reviews.net\/wp-content\/userimages\/2007\/08\/standard-poors.jpg\"},{\"@type\":\"WebPage\",\"@id\":\"https:\/\/www.visit-ulcinj.com\/blog\/2008\/08\/12\/sp-crna-gora-je-zemlja-visokog-rizika\/#webpage\",\"url\":\"https:\/\/www.visit-ulcinj.com\/blog\/2008\/08\/12\/sp-crna-gora-je-zemlja-visokog-rizika\/\",\"name\":\"S&P: Crna Gora je zemlja visokog rizika - Lajme nga Ulqini\",\"isPartOf\":{\"@id\":\"https:\/\/www.visit-ulcinj.com\/blog\/#website\"},\"primaryImageOfPage\":{\"@id\":\"https:\/\/www.visit-ulcinj.com\/blog\/2008\/08\/12\/sp-crna-gora-je-zemlja-visokog-rizika\/#primaryimage\"},\"datePublished\":\"2008-08-12T21:02:46+00:00\",\"dateModified\":\"2008-08-12T21:04:34+00:00\",\"author\":{\"@id\":\"https:\/\/www.visit-ulcinj.com\/blog\/#\/schema\/person\/dcab619c614d3038751c63bc2aadc06d\"},\"breadcrumb\":{\"@id\":\"https:\/\/www.visit-ulcinj.com\/blog\/2008\/08\/12\/sp-crna-gora-je-zemlja-visokog-rizika\/#breadcrumb\"},\"inLanguage\":\"en-US\",\"potentialAction\":[{\"@type\":\"ReadAction\",\"target\":[\"https:\/\/www.visit-ulcinj.com\/blog\/2008\/08\/12\/sp-crna-gora-je-zemlja-visokog-rizika\/\"]}]},{\"@type\":\"BreadcrumbList\",\"@id\":\"https:\/\/www.visit-ulcinj.com\/blog\/2008\/08\/12\/sp-crna-gora-je-zemlja-visokog-rizika\/#breadcrumb\",\"itemListElement\":[{\"@type\":\"ListItem\",\"position\":1,\"name\":\"S&#038;P: Crna Gora je zemlja visokog rizika\"}]},{\"@type\":\"Person\",\"@id\":\"https:\/\/www.visit-ulcinj.com\/blog\/#\/schema\/person\/dcab619c614d3038751c63bc2aadc06d\",\"name\":\"ulqini\",\"sameAs\":[\"http:\/\/www.visit-ulcinj.com\"],\"url\":\"https:\/\/www.visit-ulcinj.com\/blog\/author\/admin\/\"}]}<\/script>\n<!-- \/ Yoast SEO plugin. -->","yoast_head_json":{"title":"S&P: Crna Gora je zemlja visokog rizika - Lajme nga Ulqini","robots":{"index":"index","follow":"follow","max-snippet":"max-snippet:-1","max-image-preview":"max-image-preview:large","max-video-preview":"max-video-preview:-1"},"canonical":"https:\/\/www.visit-ulcinj.com\/blog\/2008\/08\/12\/sp-crna-gora-je-zemlja-visokog-rizika\/","og_locale":"en_US","og_type":"article","og_title":"S&P: Crna Gora je zemlja visokog rizika - Lajme nga Ulqini","og_url":"https:\/\/www.visit-ulcinj.com\/blog\/2008\/08\/12\/sp-crna-gora-je-zemlja-visokog-rizika\/","og_site_name":"Lajme nga Ulqini","article_published_time":"2008-08-12T21:02:46+00:00","article_modified_time":"2008-08-12T21:04:34+00:00","og_image":[{"url":"http:\/\/www.product-reviews.net\/wp-content\/userimages\/2007\/08\/standard-poors.jpg"}],"twitter_misc":{"Written by":"ulqini","Est. reading time":"1 minute"},"schema":{"@context":"https:\/\/schema.org","@graph":[{"@type":"WebSite","@id":"https:\/\/www.visit-ulcinj.com\/blog\/#website","url":"https:\/\/www.visit-ulcinj.com\/blog\/","name":"Lajme nga Ulqini","description":"Lajme,Vijesti,Ulqini,Ulqin,Crna Gora,Mali i Zi","potentialAction":[{"@type":"SearchAction","target":{"@type":"EntryPoint","urlTemplate":"https:\/\/www.visit-ulcinj.com\/blog\/?s={search_term_string}"},"query-input":"required name=search_term_string"}],"inLanguage":"en-US"},{"@type":"ImageObject","inLanguage":"en-US","@id":"https:\/\/www.visit-ulcinj.com\/blog\/2008\/08\/12\/sp-crna-gora-je-zemlja-visokog-rizika\/#primaryimage","url":"http:\/\/www.product-reviews.net\/wp-content\/userimages\/2007\/08\/standard-poors.jpg","contentUrl":"http:\/\/www.product-reviews.net\/wp-content\/userimages\/2007\/08\/standard-poors.jpg"},{"@type":"WebPage","@id":"https:\/\/www.visit-ulcinj.com\/blog\/2008\/08\/12\/sp-crna-gora-je-zemlja-visokog-rizika\/#webpage","url":"https:\/\/www.visit-ulcinj.com\/blog\/2008\/08\/12\/sp-crna-gora-je-zemlja-visokog-rizika\/","name":"S&P: Crna Gora je zemlja visokog rizika - Lajme nga Ulqini","isPartOf":{"@id":"https:\/\/www.visit-ulcinj.com\/blog\/#website"},"primaryImageOfPage":{"@id":"https:\/\/www.visit-ulcinj.com\/blog\/2008\/08\/12\/sp-crna-gora-je-zemlja-visokog-rizika\/#primaryimage"},"datePublished":"2008-08-12T21:02:46+00:00","dateModified":"2008-08-12T21:04:34+00:00","author":{"@id":"https:\/\/www.visit-ulcinj.com\/blog\/#\/schema\/person\/dcab619c614d3038751c63bc2aadc06d"},"breadcrumb":{"@id":"https:\/\/www.visit-ulcinj.com\/blog\/2008\/08\/12\/sp-crna-gora-je-zemlja-visokog-rizika\/#breadcrumb"},"inLanguage":"en-US","potentialAction":[{"@type":"ReadAction","target":["https:\/\/www.visit-ulcinj.com\/blog\/2008\/08\/12\/sp-crna-gora-je-zemlja-visokog-rizika\/"]}]},{"@type":"BreadcrumbList","@id":"https:\/\/www.visit-ulcinj.com\/blog\/2008\/08\/12\/sp-crna-gora-je-zemlja-visokog-rizika\/#breadcrumb","itemListElement":[{"@type":"ListItem","position":1,"name":"S&#038;P: Crna Gora je zemlja visokog rizika"}]},{"@type":"Person","@id":"https:\/\/www.visit-ulcinj.com\/blog\/#\/schema\/person\/dcab619c614d3038751c63bc2aadc06d","name":"ulqini","sameAs":["http:\/\/www.visit-ulcinj.com"],"url":"https:\/\/www.visit-ulcinj.com\/blog\/author\/admin\/"}]}},"jetpack_featured_media_url":"","jetpack_sharing_enabled":true,"jetpack_shortlink":"https:\/\/wp.me\/pe6lTn-Cz","_links":{"self":[{"href":"https:\/\/www.visit-ulcinj.com\/blog\/wp-json\/wp\/v2\/posts\/2391"}],"collection":[{"href":"https:\/\/www.visit-ulcinj.com\/blog\/wp-json\/wp\/v2\/posts"}],"about":[{"href":"https:\/\/www.visit-ulcinj.com\/blog\/wp-json\/wp\/v2\/types\/post"}],"author":[{"embeddable":true,"href":"https:\/\/www.visit-ulcinj.com\/blog\/wp-json\/wp\/v2\/users\/1"}],"replies":[{"embeddable":true,"href":"https:\/\/www.visit-ulcinj.com\/blog\/wp-json\/wp\/v2\/comments?post=2391"}],"version-history":[{"count":0,"href":"https:\/\/www.visit-ulcinj.com\/blog\/wp-json\/wp\/v2\/posts\/2391\/revisions"}],"wp:attachment":[{"href":"https:\/\/www.visit-ulcinj.com\/blog\/wp-json\/wp\/v2\/media?parent=2391"}],"wp:term":[{"taxonomy":"category","embeddable":true,"href":"https:\/\/www.visit-ulcinj.com\/blog\/wp-json\/wp\/v2\/categories?post=2391"},{"taxonomy":"post_tag","embeddable":true,"href":"https:\/\/www.visit-ulcinj.com\/blog\/wp-json\/wp\/v2\/tags?post=2391"}],"curies":[{"name":"wp","href":"https:\/\/api.w.org\/{rel}","templated":true}]}}