{"id":23949,"date":"2009-08-02T20:27:48","date_gmt":"2009-08-02T18:27:48","guid":{"rendered":"http:\/\/www.visit-ulcinj.com\/blog\/?p=23949"},"modified":"2009-08-02T20:33:20","modified_gmt":"2009-08-02T18:33:20","slug":"genta-ismajli-aksidentohet-ne-nje-lojefortesh-operon-doren-e-djathte","status":"publish","type":"post","link":"https:\/\/www.visit-ulcinj.com\/blog\/2009\/08\/02\/genta-ismajli-aksidentohet-ne-nje-lojefortesh-operon-doren-e-djathte\/","title":{"rendered":"Genta Ismajli aksidentohet, operon dor\u00ebn e djatht\u00eb"},"content":{"rendered":"<p><a href=\"http:\/\/www.visit-ulcinj.com\/blog\/wp-content\/uploads\/2009\/08\/genta-ismajli6.jpg\"><img loading=\"lazy\" class=\"alignleft size-full wp-image-23955\" title=\"genta-ismajli6\" src=\"http:\/\/www.visit-ulcinj.com\/blog\/wp-content\/uploads\/2009\/08\/genta-ismajli6.jpg\" alt=\"genta-ismajli6\" width=\"580\" height=\"400\" \/><\/a>Ka qen\u00eb n\u00eb nj\u00eb koncert\u00a0ekzaltues t\u00eb h\u00ebn\u00ebn n\u00eb\u00a0mbr\u00ebmje dhe ka p\u00ebrfunduar\u00a0urgjent n\u00eb spital. Mesa duket\u00a0k\u00ebng\u00ebtarja seksi arg\u00ebtimin\u00a0pas koncertit e ka me loj\u00ebra t\u00eb\u00a0\u00e7uditshme q\u00eb t\u00eb kujton bashk\u00ebpunimin\u00a0e saj me Getoarin\u00a0n\u00eb klipin ku shfaqet revoltuese,\u00a0dhe shum\u00eb sportive.\u00a0B\u00ebhet fjal\u00eb p\u00ebr k\u00ebng\u00ebtaren\u00a0kosovare Genta Ismajli, e cila\u00a0t\u00eb h\u00ebn\u00ebn n\u00eb mbr\u00ebmje ka kaluar\u00a0nj\u00eb nat\u00eb t\u00eb \u00e7uditshme nga\u00a0skena e diskos verore Rio n\u00eb\u00a0Golem (Durr\u00ebs), duke p\u00ebrfunduar\u00a0n\u00eb or\u00ebn 01:00 t\u00eb mesnat\u00ebs\u00a0s\u00eb t\u00eb mart\u00ebs n\u00eb\u00a0urgjenc\u00ebn e Spitalit Ushtarak\u00a0n\u00eb Tiran\u00eb. Ajo q\u00eb i ka\u00a0ndodhur k\u00ebng\u00ebtares ka nisur\u00a0n\u00eb fillim si loj\u00eb dhe ka p\u00ebrfundur\u00a0keq. Pasi ka mbaruar\u00a0koncertin ku ishte e ftuar n\u00eb\u00a0diskon \u201cRio\u201d t\u00eb k\u00ebndonte\u00a0p\u00ebr plazhist\u00ebt, k\u00ebng\u00ebtarja ka\u00a0filluar t\u00eb b\u00ebj\u00eb nj\u00eb loj\u00eb t\u00eb rrezikshme\u00a0me nj\u00eb mikun e saj,\u00a0emri i t\u00eb cilit \u00ebsht\u00eb mbajtur\u00a0sekret, duke matur forc\u00ebn me\u00a0t\u00eb dhe duke q\u00eblluar me grusht\u00a0n\u00eb mur, kush duronte m\u00eb\u00a0shum\u00eb dhembjen. Pas disa\u00a0tentativave t\u00eb tilla ajo q\u00ebllon\u00a0n\u00eb xham dhe d\u00ebmton dy gishtat\u00a0e fundit t\u00eb dor\u00ebs s\u00eb djatht\u00eb.\u00a0Nga dhembjet e shumta\u00a0dhe rrjedhja e gjakut, q\u00eb nuk\u00a0mund t\u00eb ndalohej, pronar\u00ebt e\u00a0\u201cRios\u201d e kan\u00eb transportuar\u00a0n\u00eb m\u00ebnyr\u00eb urgjente\u00a0k\u00ebng\u00ebtaren drejt Spitalit Ushtarak,\u00a0ku i \u00ebsht\u00eb b\u00ebr\u00eb\u00a0ekzaminimi pas d\u00ebmtimit t\u00eb\u00a0gishtave t\u00eb dor\u00ebs s\u00eb djatht\u00eb,\u00a0d\u00ebmtime q\u00eb nuk mund t\u00eb\u00a0kaloheshin me nj\u00eb mjekim t\u00eb\u00a0leht\u00eb. K\u00ebshtu q\u00eb t\u00eb mart\u00ebn\u00a0rreth mesdit\u00ebs ajo \u00ebsht\u00eb transportuar\u00a0s\u00ebrish n\u00eb nj\u00eb klinik\u00eb\u00a0private n\u00eb Tiran\u00eb, ku i \u00ebsht\u00eb\u00a0n\u00ebnshtruar nj\u00eb nd\u00ebrhyrjeje\u00a0kirurgjikale, q\u00eb ka zgjatur<br \/>\nrreth 1 or\u00eb e 30 minuta. Ajo\u00a0q\u00eb \u00ebsht\u00eb v\u00ebn\u00eb re \u00ebsht\u00eb se Gent\u00ebn\u00a0nuk e ka shoq\u00ebruar n\u00eb\u00a0klinik\u00eb asnj\u00eb familjar apo\u00a0mik, pra artistja ka qen\u00eb e vetme.\u00a0Burimet tona kan\u00eb\u00a0treguar se sipas mjek\u00ebve edhe\u00a0pse ka qen\u00eb nj\u00eb operacion jo i\u00a0thjesht\u00eb, k\u00ebng\u00ebtarja nuk do t\u00eb\u00a0ket\u00eb asnj\u00eb pasoj\u00eb m\u00eb von\u00eb.\u00a0Nd\u00ebrkoh\u00eb q\u00eb nuk dihet se\u00a0\u00e7far\u00eb do t\u00eb b\u00ebj\u00eb Genta p\u00ebr\u00a0koncertet e planifikuara gjat\u00eb\u00a0muajit gusht, n\u00ebse do vendos\u00eb\u00a0t\u00eb dal\u00eb e t\u00eb k\u00ebndoj\u00eb me\u00a0dor\u00ebn e fashuar, apo n\u00ebse ka\u00a0menduar t\u00eb b\u00ebj\u00eb pak pushim.\u00a0Shum\u00eb koncerte t\u00eb saj n\u00eb ver\u00eb\u00a0jan\u00eb planifikuar n\u00eb plazhet e\u00a0Shqip\u00ebris\u00eb, sidomos n\u00eb Golem\u00a0e Durr\u00ebs ku dihet q\u00eb vijn\u00eb\u00a0shum\u00eb pushues nga Kosova,\u00a0adhurues t\u00eb saj. Mesa duket\u00a0ky ka qen\u00eb viti i operacioneve\u00a0p\u00ebr Gent\u00ebn, pasi ky \u00ebsht\u00eb operacioni\u00a0i dyt\u00eb q\u00eb ajo i n\u00ebnshtrohet\u00a0brenda vitit, pas nd\u00ebrhyrjes\u00a0kirurgjikale n\u00eb hund\u00eb\u00a0p\u00ebr t\u00eb cilin u p\u00ebrfol disa muaj\u00a0m\u00eb par\u00eb. P\u00ebr k\u00ebt\u00eb arsye ajo nuk\u00a0mori pjes\u00eb n\u00eb asnj\u00eb koncert\u00a0apo aktivitet gjat\u00eb muajit\u00a0mars. Edhe pse k\u00ebng\u00ebtarja\u00a0udh\u00ebtonte n\u00eb gjith\u00eb bot\u00ebn, u\u00a0tha q\u00eb operacionin plastik n\u00eb\u00a0hund\u00eb ajo e b\u00ebri tek nj\u00eb kirurg\u00a0i njohur n\u00eb Prishtin\u00eb. Nd\u00ebrkoh\u00eb\u00a0q\u00eb pas pushimeve n\u00eb Turqi\u00a0me look t\u00eb perfeksionuar,\u00a0Genta ka pasur rast q\u00eb t\u00eb\u00a0shfaqet edhe m\u00eb e bukur e tipare\u00a0t\u00eb rregullta m\u00eb 12 prill,\u00a0n\u00eb fest\u00ebn e dit\u00eblindjes s\u00eb saj.\u00a0Ajo e festoi me shum\u00eb buj\u00eb\u00a0p\u00ebrvjetorin e saj n\u00eb diskon\u00a0\u201cRinora 4\u201d n\u00eb Zvic\u00ebr. Si gjithmon\u00eb\u00a0Genta edhe n\u00eb dit\u00eblindjen\u00a0e saj ka qen\u00eb protagoniste\u00a0n\u00eb nj\u00eb \u201cshow\u201d t\u00eb papar\u00eb, me\u00a0t\u00eb cil\u00ebn arg\u00ebtoi veten dhe t\u00eb\u00a0ftuarit n\u00eb k\u00ebt\u00eb fest\u00eb. Nuk dihet\u00a0se ku ekzak\u00ebsisht ajo do ta\u00a0kaloj\u00eb muajin gusht.<\/p>\n<p><strong>Panorama Plus<\/strong><\/p>\n<p><strong>\n\t\t<style type=\"text\/css\">\n\t\t\t#gallery-1 {\n\t\t\t\tmargin: auto;\n\t\t\t}\n\t\t\t#gallery-1 .gallery-item {\n\t\t\t\tfloat: left;\n\t\t\t\tmargin-top: 10px;\n\t\t\t\ttext-align: center;\n\t\t\t\twidth: 33%;\n\t\t\t}\n\t\t\t#gallery-1 img {\n\t\t\t\tborder: 2px solid #cfcfcf;\n\t\t\t}\n\t\t\t#gallery-1 .gallery-caption {\n\t\t\t\tmargin-left: 0;\n\t\t\t}\n\t\t\t\/* see gallery_shortcode() in wp-includes\/media.php *\/\n\t\t<\/style>\n\t\t<div id='gallery-1' class='gallery galleryid-23949 gallery-columns-3 gallery-size-thumbnail'><dl class='gallery-item'>\n\t\t\t<dt class='gallery-icon portrait'>\n\t\t\t\t<a href='https:\/\/www.visit-ulcinj.com\/blog\/wp-content\/uploads\/2009\/08\/genta-ismajli1.jpg'><img width=\"150\" height=\"150\" src=\"https:\/\/www.visit-ulcinj.com\/blog\/wp-content\/uploads\/2009\/08\/genta-ismajli1-150x150.jpg\" class=\"attachment-thumbnail size-thumbnail\" alt=\"\" loading=\"lazy\" \/><\/a>\n\t\t\t<\/dt><\/dl><dl class='gallery-item'>\n\t\t\t<dt class='gallery-icon portrait'>\n\t\t\t\t<a href='https:\/\/www.visit-ulcinj.com\/blog\/wp-content\/uploads\/2009\/08\/genta-ismajli2.jpg'><img width=\"150\" height=\"150\" src=\"https:\/\/www.visit-ulcinj.com\/blog\/wp-content\/uploads\/2009\/08\/genta-ismajli2-150x150.jpg\" class=\"attachment-thumbnail size-thumbnail\" alt=\"\" loading=\"lazy\" \/><\/a>\n\t\t\t<\/dt><\/dl><dl class='gallery-item'>\n\t\t\t<dt class='gallery-icon portrait'>\n\t\t\t\t<a href='https:\/\/www.visit-ulcinj.com\/blog\/wp-content\/uploads\/2009\/08\/genta-ismajli3.jpg'><img width=\"150\" height=\"150\" src=\"https:\/\/www.visit-ulcinj.com\/blog\/wp-content\/uploads\/2009\/08\/genta-ismajli3-150x150.jpg\" class=\"attachment-thumbnail size-thumbnail\" alt=\"\" loading=\"lazy\" \/><\/a>\n\t\t\t<\/dt><\/dl><br style=\"clear: both\" \/><dl class='gallery-item'>\n\t\t\t<dt class='gallery-icon portrait'>\n\t\t\t\t<a href='https:\/\/www.visit-ulcinj.com\/blog\/wp-content\/uploads\/2009\/08\/genta-ismajli4.jpg'><img width=\"150\" height=\"150\" src=\"https:\/\/www.visit-ulcinj.com\/blog\/wp-content\/uploads\/2009\/08\/genta-ismajli4-150x150.jpg\" class=\"attachment-thumbnail size-thumbnail\" alt=\"\" loading=\"lazy\" \/><\/a>\n\t\t\t<\/dt><\/dl><dl class='gallery-item'>\n\t\t\t<dt class='gallery-icon portrait'>\n\t\t\t\t<a href='https:\/\/www.visit-ulcinj.com\/blog\/wp-content\/uploads\/2009\/08\/genta-ismajli5.jpg'><img width=\"150\" height=\"150\" src=\"https:\/\/www.visit-ulcinj.com\/blog\/wp-content\/uploads\/2009\/08\/genta-ismajli5-150x150.jpg\" class=\"attachment-thumbnail size-thumbnail\" alt=\"\" loading=\"lazy\" \/><\/a>\n\t\t\t<\/dt><\/dl><dl class='gallery-item'>\n\t\t\t<dt class='gallery-icon landscape'>\n\t\t\t\t<a href='https:\/\/www.visit-ulcinj.com\/blog\/wp-content\/uploads\/2009\/08\/genta-ismajli6.jpg'><img width=\"150\" height=\"150\" src=\"https:\/\/www.visit-ulcinj.com\/blog\/wp-content\/uploads\/2009\/08\/genta-ismajli6-150x150.jpg\" class=\"attachment-thumbnail size-thumbnail\" alt=\"\" loading=\"lazy\" \/><\/a>\n\t\t\t<\/dt><\/dl><br style=\"clear: both\" \/>\n\t\t<\/div>\n<br \/>\n<!--YouTube Error: bad URL entered--><br \/>\n<\/strong><\/p>\n","protected":false},"excerpt":{"rendered":"<p>Ka qen\u00eb n\u00eb nj\u00eb koncert\u00a0ekzaltues t\u00eb h\u00ebn\u00ebn n\u00eb\u00a0mbr\u00ebmje dhe ka p\u00ebrfunduar\u00a0urgjent n\u00eb spital. Mesa duket\u00a0k\u00ebng\u00ebtarja seksi arg\u00ebtimin\u00a0pas koncertit e ka me loj\u00ebra t\u00eb\u00a0\u00e7uditshme q\u00eb t\u00eb kujton bashk\u00ebpunimin\u00a0e saj me Getoarin\u00a0n\u00eb klipin ku shfaqet revoltuese,\u00a0dhe shum\u00eb sportive.\u00a0B\u00ebhet fjal\u00eb p\u00ebr k\u00ebng\u00ebtaren\u00a0kosovare Genta Ismajli, e cila\u00a0t\u00eb h\u00ebn\u00ebn n\u00eb mbr\u00ebmje ka kaluar\u00a0nj\u00eb nat\u00eb t\u00eb \u00e7uditshme nga\u00a0skena e diskos verore [&hellip;]<\/p>\n","protected":false},"author":1,"featured_media":0,"comment_status":"open","ping_status":"closed","sticky":false,"template":"","format":"standard","meta":{"spay_email":"","jetpack_publicize_message":"","jetpack_is_tweetstorm":false,"jetpack_publicize_feature_enabled":true},"categories":[1],"tags":[323,11802,11803],"jetpack_publicize_connections":[],"yoast_head":"<!-- This site is optimized with the Yoast SEO plugin v19.1 - https:\/\/yoast.com\/wordpress\/plugins\/seo\/ -->\n<title>Genta Ismajli aksidentohet, operon dor\u00ebn e djatht\u00eb - Lajme nga Ulqini<\/title>\n<meta name=\"description\" content=\"Ka qen\u00eb n\u00eb nj\u00eb koncert\u00a0ekzaltues t\u00eb h\u00ebn\u00ebn n\u00eb\u00a0mbr\u00ebmje dhe ka p\u00ebrfunduar\u00a0urgjent n\u00eb spital. Mesa duket\u00a0k\u00ebng\u00ebtarja seksi arg\u00ebtimin\u00a0pas koncertit e ka me\" \/>\n<meta name=\"robots\" content=\"index, follow, max-snippet:-1, max-image-preview:large, max-video-preview:-1\" \/>\n<link rel=\"canonical\" href=\"https:\/\/www.visit-ulcinj.com\/blog\/2009\/08\/02\/genta-ismajli-aksidentohet-ne-nje-lojefortesh-operon-doren-e-djathte\/\" \/>\n<meta property=\"og:locale\" content=\"en_US\" \/>\n<meta property=\"og:type\" content=\"article\" \/>\n<meta property=\"og:title\" content=\"Genta Ismajli aksidentohet, operon dor\u00ebn e djatht\u00eb - Lajme nga Ulqini\" \/>\n<meta property=\"og:description\" content=\"Ka qen\u00eb n\u00eb nj\u00eb koncert\u00a0ekzaltues t\u00eb h\u00ebn\u00ebn n\u00eb\u00a0mbr\u00ebmje dhe ka p\u00ebrfunduar\u00a0urgjent n\u00eb spital. Mesa duket\u00a0k\u00ebng\u00ebtarja seksi arg\u00ebtimin\u00a0pas koncertit e ka me\" \/>\n<meta property=\"og:url\" content=\"https:\/\/www.visit-ulcinj.com\/blog\/2009\/08\/02\/genta-ismajli-aksidentohet-ne-nje-lojefortesh-operon-doren-e-djathte\/\" \/>\n<meta property=\"og:site_name\" content=\"Lajme nga Ulqini\" \/>\n<meta property=\"article:published_time\" content=\"2009-08-02T18:27:48+00:00\" \/>\n<meta property=\"article:modified_time\" content=\"2009-08-02T18:33:20+00:00\" \/>\n<meta property=\"og:image\" content=\"https:\/\/www.visit-ulcinj.com\/blog\/wp-content\/uploads\/2009\/08\/genta-ismajli1-150x150.jpg\" \/>\n<meta name=\"twitter:label1\" content=\"Written by\" \/>\n\t<meta name=\"twitter:data1\" content=\"ulqini\" \/>\n\t<meta name=\"twitter:label2\" content=\"Est. reading time\" \/>\n\t<meta name=\"twitter:data2\" content=\"3 minutes\" \/>\n<script type=\"application\/ld+json\" class=\"yoast-schema-graph\">{\"@context\":\"https:\/\/schema.org\",\"@graph\":[{\"@type\":\"WebSite\",\"@id\":\"https:\/\/www.visit-ulcinj.com\/blog\/#website\",\"url\":\"https:\/\/www.visit-ulcinj.com\/blog\/\",\"name\":\"Lajme nga Ulqini\",\"description\":\"Lajme,Vijesti,Ulqini,Ulqin,Crna Gora,Mali i Zi\",\"potentialAction\":[{\"@type\":\"SearchAction\",\"target\":{\"@type\":\"EntryPoint\",\"urlTemplate\":\"https:\/\/www.visit-ulcinj.com\/blog\/?s={search_term_string}\"},\"query-input\":\"required name=search_term_string\"}],\"inLanguage\":\"en-US\"},{\"@type\":\"ImageObject\",\"inLanguage\":\"en-US\",\"@id\":\"https:\/\/www.visit-ulcinj.com\/blog\/2009\/08\/02\/genta-ismajli-aksidentohet-ne-nje-lojefortesh-operon-doren-e-djathte\/#primaryimage\",\"url\":\"https:\/\/www.visit-ulcinj.com\/blog\/wp-content\/uploads\/2009\/08\/genta-ismajli6.jpg\",\"contentUrl\":\"https:\/\/www.visit-ulcinj.com\/blog\/wp-content\/uploads\/2009\/08\/genta-ismajli6.jpg\",\"width\":\"600\",\"height\":\"450\"},{\"@type\":\"WebPage\",\"@id\":\"https:\/\/www.visit-ulcinj.com\/blog\/2009\/08\/02\/genta-ismajli-aksidentohet-ne-nje-lojefortesh-operon-doren-e-djathte\/#webpage\",\"url\":\"https:\/\/www.visit-ulcinj.com\/blog\/2009\/08\/02\/genta-ismajli-aksidentohet-ne-nje-lojefortesh-operon-doren-e-djathte\/\",\"name\":\"Genta Ismajli aksidentohet, operon dor\u00ebn e djatht\u00eb - Lajme nga Ulqini\",\"isPartOf\":{\"@id\":\"https:\/\/www.visit-ulcinj.com\/blog\/#website\"},\"primaryImageOfPage\":{\"@id\":\"https:\/\/www.visit-ulcinj.com\/blog\/2009\/08\/02\/genta-ismajli-aksidentohet-ne-nje-lojefortesh-operon-doren-e-djathte\/#primaryimage\"},\"datePublished\":\"2009-08-02T18:27:48+00:00\",\"dateModified\":\"2009-08-02T18:33:20+00:00\",\"author\":{\"@id\":\"https:\/\/www.visit-ulcinj.com\/blog\/#\/schema\/person\/dcab619c614d3038751c63bc2aadc06d\"},\"description\":\"Ka qen\u00eb n\u00eb nj\u00eb koncert\u00a0ekzaltues t\u00eb h\u00ebn\u00ebn n\u00eb\u00a0mbr\u00ebmje dhe ka p\u00ebrfunduar\u00a0urgjent n\u00eb spital. Mesa duket\u00a0k\u00ebng\u00ebtarja seksi arg\u00ebtimin\u00a0pas koncertit e ka me\",\"breadcrumb\":{\"@id\":\"https:\/\/www.visit-ulcinj.com\/blog\/2009\/08\/02\/genta-ismajli-aksidentohet-ne-nje-lojefortesh-operon-doren-e-djathte\/#breadcrumb\"},\"inLanguage\":\"en-US\",\"potentialAction\":[{\"@type\":\"ReadAction\",\"target\":[\"https:\/\/www.visit-ulcinj.com\/blog\/2009\/08\/02\/genta-ismajli-aksidentohet-ne-nje-lojefortesh-operon-doren-e-djathte\/\"]}]},{\"@type\":\"BreadcrumbList\",\"@id\":\"https:\/\/www.visit-ulcinj.com\/blog\/2009\/08\/02\/genta-ismajli-aksidentohet-ne-nje-lojefortesh-operon-doren-e-djathte\/#breadcrumb\",\"itemListElement\":[{\"@type\":\"ListItem\",\"position\":1,\"name\":\"Genta Ismajli aksidentohet, operon dor\u00ebn e djatht\u00eb\"}]},{\"@type\":\"Person\",\"@id\":\"https:\/\/www.visit-ulcinj.com\/blog\/#\/schema\/person\/dcab619c614d3038751c63bc2aadc06d\",\"name\":\"ulqini\",\"sameAs\":[\"http:\/\/www.visit-ulcinj.com\"],\"url\":\"https:\/\/www.visit-ulcinj.com\/blog\/author\/admin\/\"}]}<\/script>\n<!-- \/ Yoast SEO plugin. -->","yoast_head_json":{"title":"Genta Ismajli aksidentohet, operon dor\u00ebn e djatht\u00eb - Lajme nga Ulqini","description":"Ka qen\u00eb n\u00eb nj\u00eb koncert\u00a0ekzaltues t\u00eb h\u00ebn\u00ebn n\u00eb\u00a0mbr\u00ebmje dhe ka p\u00ebrfunduar\u00a0urgjent n\u00eb spital. Mesa duket\u00a0k\u00ebng\u00ebtarja seksi arg\u00ebtimin\u00a0pas koncertit e ka me","robots":{"index":"index","follow":"follow","max-snippet":"max-snippet:-1","max-image-preview":"max-image-preview:large","max-video-preview":"max-video-preview:-1"},"canonical":"https:\/\/www.visit-ulcinj.com\/blog\/2009\/08\/02\/genta-ismajli-aksidentohet-ne-nje-lojefortesh-operon-doren-e-djathte\/","og_locale":"en_US","og_type":"article","og_title":"Genta Ismajli aksidentohet, operon dor\u00ebn e djatht\u00eb - Lajme nga Ulqini","og_description":"Ka qen\u00eb n\u00eb nj\u00eb koncert\u00a0ekzaltues t\u00eb h\u00ebn\u00ebn n\u00eb\u00a0mbr\u00ebmje dhe ka p\u00ebrfunduar\u00a0urgjent n\u00eb spital. Mesa duket\u00a0k\u00ebng\u00ebtarja seksi arg\u00ebtimin\u00a0pas koncertit e ka me","og_url":"https:\/\/www.visit-ulcinj.com\/blog\/2009\/08\/02\/genta-ismajli-aksidentohet-ne-nje-lojefortesh-operon-doren-e-djathte\/","og_site_name":"Lajme nga Ulqini","article_published_time":"2009-08-02T18:27:48+00:00","article_modified_time":"2009-08-02T18:33:20+00:00","og_image":[{"url":"https:\/\/www.visit-ulcinj.com\/blog\/wp-content\/uploads\/2009\/08\/genta-ismajli1-150x150.jpg"}],"twitter_misc":{"Written by":"ulqini","Est. reading time":"3 minutes"},"schema":{"@context":"https:\/\/schema.org","@graph":[{"@type":"WebSite","@id":"https:\/\/www.visit-ulcinj.com\/blog\/#website","url":"https:\/\/www.visit-ulcinj.com\/blog\/","name":"Lajme nga Ulqini","description":"Lajme,Vijesti,Ulqini,Ulqin,Crna Gora,Mali i Zi","potentialAction":[{"@type":"SearchAction","target":{"@type":"EntryPoint","urlTemplate":"https:\/\/www.visit-ulcinj.com\/blog\/?s={search_term_string}"},"query-input":"required name=search_term_string"}],"inLanguage":"en-US"},{"@type":"ImageObject","inLanguage":"en-US","@id":"https:\/\/www.visit-ulcinj.com\/blog\/2009\/08\/02\/genta-ismajli-aksidentohet-ne-nje-lojefortesh-operon-doren-e-djathte\/#primaryimage","url":"https:\/\/www.visit-ulcinj.com\/blog\/wp-content\/uploads\/2009\/08\/genta-ismajli6.jpg","contentUrl":"https:\/\/www.visit-ulcinj.com\/blog\/wp-content\/uploads\/2009\/08\/genta-ismajli6.jpg","width":"600","height":"450"},{"@type":"WebPage","@id":"https:\/\/www.visit-ulcinj.com\/blog\/2009\/08\/02\/genta-ismajli-aksidentohet-ne-nje-lojefortesh-operon-doren-e-djathte\/#webpage","url":"https:\/\/www.visit-ulcinj.com\/blog\/2009\/08\/02\/genta-ismajli-aksidentohet-ne-nje-lojefortesh-operon-doren-e-djathte\/","name":"Genta Ismajli aksidentohet, operon dor\u00ebn e djatht\u00eb - Lajme nga Ulqini","isPartOf":{"@id":"https:\/\/www.visit-ulcinj.com\/blog\/#website"},"primaryImageOfPage":{"@id":"https:\/\/www.visit-ulcinj.com\/blog\/2009\/08\/02\/genta-ismajli-aksidentohet-ne-nje-lojefortesh-operon-doren-e-djathte\/#primaryimage"},"datePublished":"2009-08-02T18:27:48+00:00","dateModified":"2009-08-02T18:33:20+00:00","author":{"@id":"https:\/\/www.visit-ulcinj.com\/blog\/#\/schema\/person\/dcab619c614d3038751c63bc2aadc06d"},"description":"Ka qen\u00eb n\u00eb nj\u00eb koncert\u00a0ekzaltues t\u00eb h\u00ebn\u00ebn n\u00eb\u00a0mbr\u00ebmje dhe ka p\u00ebrfunduar\u00a0urgjent n\u00eb spital. Mesa duket\u00a0k\u00ebng\u00ebtarja seksi arg\u00ebtimin\u00a0pas koncertit e ka me","breadcrumb":{"@id":"https:\/\/www.visit-ulcinj.com\/blog\/2009\/08\/02\/genta-ismajli-aksidentohet-ne-nje-lojefortesh-operon-doren-e-djathte\/#breadcrumb"},"inLanguage":"en-US","potentialAction":[{"@type":"ReadAction","target":["https:\/\/www.visit-ulcinj.com\/blog\/2009\/08\/02\/genta-ismajli-aksidentohet-ne-nje-lojefortesh-operon-doren-e-djathte\/"]}]},{"@type":"BreadcrumbList","@id":"https:\/\/www.visit-ulcinj.com\/blog\/2009\/08\/02\/genta-ismajli-aksidentohet-ne-nje-lojefortesh-operon-doren-e-djathte\/#breadcrumb","itemListElement":[{"@type":"ListItem","position":1,"name":"Genta Ismajli aksidentohet, operon dor\u00ebn e djatht\u00eb"}]},{"@type":"Person","@id":"https:\/\/www.visit-ulcinj.com\/blog\/#\/schema\/person\/dcab619c614d3038751c63bc2aadc06d","name":"ulqini","sameAs":["http:\/\/www.visit-ulcinj.com"],"url":"https:\/\/www.visit-ulcinj.com\/blog\/author\/admin\/"}]}},"jetpack_featured_media_url":"","jetpack_sharing_enabled":true,"jetpack_shortlink":"https:\/\/wp.me\/pe6lTn-6eh","_links":{"self":[{"href":"https:\/\/www.visit-ulcinj.com\/blog\/wp-json\/wp\/v2\/posts\/23949"}],"collection":[{"href":"https:\/\/www.visit-ulcinj.com\/blog\/wp-json\/wp\/v2\/posts"}],"about":[{"href":"https:\/\/www.visit-ulcinj.com\/blog\/wp-json\/wp\/v2\/types\/post"}],"author":[{"embeddable":true,"href":"https:\/\/www.visit-ulcinj.com\/blog\/wp-json\/wp\/v2\/users\/1"}],"replies":[{"embeddable":true,"href":"https:\/\/www.visit-ulcinj.com\/blog\/wp-json\/wp\/v2\/comments?post=23949"}],"version-history":[{"count":0,"href":"https:\/\/www.visit-ulcinj.com\/blog\/wp-json\/wp\/v2\/posts\/23949\/revisions"}],"wp:attachment":[{"href":"https:\/\/www.visit-ulcinj.com\/blog\/wp-json\/wp\/v2\/media?parent=23949"}],"wp:term":[{"taxonomy":"category","embeddable":true,"href":"https:\/\/www.visit-ulcinj.com\/blog\/wp-json\/wp\/v2\/categories?post=23949"},{"taxonomy":"post_tag","embeddable":true,"href":"https:\/\/www.visit-ulcinj.com\/blog\/wp-json\/wp\/v2\/tags?post=23949"}],"curies":[{"name":"wp","href":"https:\/\/api.w.org\/{rel}","templated":true}]}}