{"id":23962,"date":"2009-08-02T21:02:06","date_gmt":"2009-08-02T19:02:06","guid":{"rendered":"http:\/\/www.visit-ulcinj.com\/blog\/?p=23962"},"modified":"2009-08-02T21:03:09","modified_gmt":"2009-08-02T19:03:09","slug":"sulmohen-turistet-kosovare-ne-mal-te-zi","status":"publish","type":"post","link":"https:\/\/www.visit-ulcinj.com\/blog\/2009\/08\/02\/sulmohen-turistet-kosovare-ne-mal-te-zi\/","title":{"rendered":"Sulmohen turistet kosovar\u00eb n\u00eb Mal t\u00eb Zi"},"content":{"rendered":"<p><a href=\"http:\/\/www.visit-ulcinj.com\/blog\/wp-content\/uploads\/2009\/08\/turistet-ulqin.jpg\"><img loading=\"lazy\" class=\"alignleft size-full wp-image-23963\" title=\"turistet-ulqin\" src=\"http:\/\/www.visit-ulcinj.com\/blog\/wp-content\/uploads\/2009\/08\/turistet-ulqin.jpg\" alt=\"turistet-ulqin\" width=\"374\" height=\"280\" \/><\/a>Pikerisht ne diten kur serbet e ardhur nga Serbia festonin te ashtuquajturen \u201cBeteja e Kosoves\u201d ne Prishtine, serbet e shperngulur nga Kosova pas luftes ne fshatrat e rrethit te Podgorices sulmuan 10 autobuse qe po udhetonin nga Kosova per ne Ulqin.<br \/>\nKjo ngjarje dhe provokimet e vazhdueshme nga ana e serbeve lokale detyruan policine e Malit te Zi\u00a0 te sigurojne shtetasit kosovare te cilet duan t\u2019i kalojne pushimet ne bregdetin e Ulqinit.<br \/>\nDhjetra autobuse te mbushur me kosovare dhe automjete te tjera me targa Kosove, me urdher te policise malazeze grumbullohen ne hyrje te qytetit te Podgorices.<br \/>\nFshatrat neper te cilat duhet te percillen automjetet kosovare jane te banuara me qytetare serbe te shperngulur nga Kosova. 30 kilometra nga fshati Gollubovc deri tek liqeni i Shkodres eshte segmenti rrugor neper te cilin policia e Malit te Zi duhet te ofroje siguri per kosovaret.<br \/>\n\u201cKjo ndodh sepse ndermjet datave 20-22 qershor nje grup huliganash me siguri serbe te ardhur nga Kosova qe jetojne refugjate ne Gollubovc kane sulmuar disa autobusa. Prej asaj dite kemi bere kerkesa te kryetari i Ulqinit dhe kemi thene se nese vazhdon keshtu ne do ta nderprejme transportin e udhetareve\u201d, eshte shprehur Sami Dili, perfaqesues i \u201cFSF\u2013Reisen\u201d.<br \/>\nPavaresisht perpjekjeve\u00a0 ishte e pamundur te kontaktoheshin zyrtaret e policise se Malit te Zi.<br \/>\nKryetari i Komunes se Ulqinit, Gezim Hajdinaga konfirmoi se jane identifikuar shkaktaret e incidenteve te cilat per here te pare ndodhin ne fillim te sezonit turistik.<br \/>\nSituata e ngjashme krijohet edhe pergjate rruges se kthimit te pushuesve ne Kosove.<br \/>\n<strong><br \/>\nTop Channel<\/strong><\/p>\n<p><strong>[flv width=&#8221;580&#8243; height=&#8221;380&#8243;]http:\/\/shqiphost.top-channel.tv\/18754796\/flv\/kronika\/ulqin.flv[\/flv]<br \/>\n<\/strong><\/p>\n","protected":false},"excerpt":{"rendered":"<p>Pikerisht ne diten kur serbet e ardhur nga Serbia festonin te ashtuquajturen \u201cBeteja e Kosoves\u201d ne Prishtine, serbet e shperngulur nga Kosova pas luftes ne fshatrat e rrethit te Podgorices sulmuan 10 autobuse qe po udhetonin nga Kosova per ne Ulqin. Kjo ngjarje dhe provokimet e vazhdueshme nga ana e serbeve lokale detyruan policine e [&hellip;]<\/p>\n","protected":false},"author":1,"featured_media":0,"comment_status":"open","ping_status":"closed","sticky":false,"template":"","format":"standard","meta":{"spay_email":"","jetpack_publicize_message":"","jetpack_is_tweetstorm":false,"jetpack_publicize_feature_enabled":true},"categories":[1],"tags":[5922,11804],"jetpack_publicize_connections":[],"yoast_head":"<!-- This site is optimized with the Yoast SEO plugin v19.1 - https:\/\/yoast.com\/wordpress\/plugins\/seo\/ -->\n<title>Sulmohen turistet kosovar\u00eb n\u00eb Mal t\u00eb Zi - Lajme nga Ulqini<\/title>\n<meta name=\"description\" content=\"Pikerisht ne diten kur serbet e ardhur nga Serbia festonin te ashtuquajturen \u201cBeteja e Kosoves\u201d ne Prishtine, serbet e shperngulur nga Kosova pas luftes\" \/>\n<meta name=\"robots\" content=\"index, follow, max-snippet:-1, max-image-preview:large, max-video-preview:-1\" \/>\n<link rel=\"canonical\" href=\"https:\/\/www.visit-ulcinj.com\/blog\/2009\/08\/02\/sulmohen-turistet-kosovare-ne-mal-te-zi\/\" \/>\n<meta property=\"og:locale\" content=\"en_US\" \/>\n<meta property=\"og:type\" content=\"article\" \/>\n<meta property=\"og:title\" content=\"Sulmohen turistet kosovar\u00eb n\u00eb Mal t\u00eb Zi - Lajme nga Ulqini\" \/>\n<meta property=\"og:description\" content=\"Pikerisht ne diten kur serbet e ardhur nga Serbia festonin te ashtuquajturen \u201cBeteja e Kosoves\u201d ne Prishtine, serbet e shperngulur nga Kosova pas luftes\" \/>\n<meta property=\"og:url\" content=\"https:\/\/www.visit-ulcinj.com\/blog\/2009\/08\/02\/sulmohen-turistet-kosovare-ne-mal-te-zi\/\" \/>\n<meta property=\"og:site_name\" content=\"Lajme nga Ulqini\" \/>\n<meta property=\"article:published_time\" content=\"2009-08-02T19:02:06+00:00\" \/>\n<meta property=\"article:modified_time\" content=\"2009-08-02T19:03:09+00:00\" \/>\n<meta property=\"og:image\" content=\"http:\/\/www.visit-ulcinj.com\/blog\/wp-content\/uploads\/2009\/08\/turistet-ulqin.jpg\" \/>\n<meta name=\"twitter:label1\" content=\"Written by\" \/>\n\t<meta name=\"twitter:data1\" content=\"ulqini\" \/>\n\t<meta name=\"twitter:label2\" content=\"Est. reading time\" \/>\n\t<meta name=\"twitter:data2\" content=\"1 minute\" \/>\n<script type=\"application\/ld+json\" class=\"yoast-schema-graph\">{\"@context\":\"https:\/\/schema.org\",\"@graph\":[{\"@type\":\"WebSite\",\"@id\":\"https:\/\/www.visit-ulcinj.com\/blog\/#website\",\"url\":\"https:\/\/www.visit-ulcinj.com\/blog\/\",\"name\":\"Lajme nga Ulqini\",\"description\":\"Lajme,Vijesti,Ulqini,Ulqin,Crna Gora,Mali i Zi\",\"potentialAction\":[{\"@type\":\"SearchAction\",\"target\":{\"@type\":\"EntryPoint\",\"urlTemplate\":\"https:\/\/www.visit-ulcinj.com\/blog\/?s={search_term_string}\"},\"query-input\":\"required name=search_term_string\"}],\"inLanguage\":\"en-US\"},{\"@type\":\"ImageObject\",\"inLanguage\":\"en-US\",\"@id\":\"https:\/\/www.visit-ulcinj.com\/blog\/2009\/08\/02\/sulmohen-turistet-kosovare-ne-mal-te-zi\/#primaryimage\",\"url\":\"https:\/\/www.visit-ulcinj.com\/blog\/wp-content\/uploads\/2009\/08\/turistet-ulqin.jpg\",\"contentUrl\":\"https:\/\/www.visit-ulcinj.com\/blog\/wp-content\/uploads\/2009\/08\/turistet-ulqin.jpg\",\"width\":\"240\",\"height\":\"180\"},{\"@type\":\"WebPage\",\"@id\":\"https:\/\/www.visit-ulcinj.com\/blog\/2009\/08\/02\/sulmohen-turistet-kosovare-ne-mal-te-zi\/#webpage\",\"url\":\"https:\/\/www.visit-ulcinj.com\/blog\/2009\/08\/02\/sulmohen-turistet-kosovare-ne-mal-te-zi\/\",\"name\":\"Sulmohen turistet kosovar\u00eb n\u00eb Mal t\u00eb Zi - Lajme nga Ulqini\",\"isPartOf\":{\"@id\":\"https:\/\/www.visit-ulcinj.com\/blog\/#website\"},\"primaryImageOfPage\":{\"@id\":\"https:\/\/www.visit-ulcinj.com\/blog\/2009\/08\/02\/sulmohen-turistet-kosovare-ne-mal-te-zi\/#primaryimage\"},\"datePublished\":\"2009-08-02T19:02:06+00:00\",\"dateModified\":\"2009-08-02T19:03:09+00:00\",\"author\":{\"@id\":\"https:\/\/www.visit-ulcinj.com\/blog\/#\/schema\/person\/dcab619c614d3038751c63bc2aadc06d\"},\"description\":\"Pikerisht ne diten kur serbet e ardhur nga Serbia festonin te ashtuquajturen \u201cBeteja e Kosoves\u201d ne Prishtine, serbet e shperngulur nga Kosova pas luftes\",\"breadcrumb\":{\"@id\":\"https:\/\/www.visit-ulcinj.com\/blog\/2009\/08\/02\/sulmohen-turistet-kosovare-ne-mal-te-zi\/#breadcrumb\"},\"inLanguage\":\"en-US\",\"potentialAction\":[{\"@type\":\"ReadAction\",\"target\":[\"https:\/\/www.visit-ulcinj.com\/blog\/2009\/08\/02\/sulmohen-turistet-kosovare-ne-mal-te-zi\/\"]}]},{\"@type\":\"BreadcrumbList\",\"@id\":\"https:\/\/www.visit-ulcinj.com\/blog\/2009\/08\/02\/sulmohen-turistet-kosovare-ne-mal-te-zi\/#breadcrumb\",\"itemListElement\":[{\"@type\":\"ListItem\",\"position\":1,\"name\":\"Sulmohen turistet kosovar\u00eb n\u00eb Mal t\u00eb Zi\"}]},{\"@type\":\"Person\",\"@id\":\"https:\/\/www.visit-ulcinj.com\/blog\/#\/schema\/person\/dcab619c614d3038751c63bc2aadc06d\",\"name\":\"ulqini\",\"sameAs\":[\"http:\/\/www.visit-ulcinj.com\"],\"url\":\"https:\/\/www.visit-ulcinj.com\/blog\/author\/admin\/\"}]}<\/script>\n<!-- \/ Yoast SEO plugin. -->","yoast_head_json":{"title":"Sulmohen turistet kosovar\u00eb n\u00eb Mal t\u00eb Zi - Lajme nga Ulqini","description":"Pikerisht ne diten kur serbet e ardhur nga Serbia festonin te ashtuquajturen \u201cBeteja e Kosoves\u201d ne Prishtine, serbet e shperngulur nga Kosova pas luftes","robots":{"index":"index","follow":"follow","max-snippet":"max-snippet:-1","max-image-preview":"max-image-preview:large","max-video-preview":"max-video-preview:-1"},"canonical":"https:\/\/www.visit-ulcinj.com\/blog\/2009\/08\/02\/sulmohen-turistet-kosovare-ne-mal-te-zi\/","og_locale":"en_US","og_type":"article","og_title":"Sulmohen turistet kosovar\u00eb n\u00eb Mal t\u00eb Zi - Lajme nga Ulqini","og_description":"Pikerisht ne diten kur serbet e ardhur nga Serbia festonin te ashtuquajturen \u201cBeteja e Kosoves\u201d ne Prishtine, serbet e shperngulur nga Kosova pas luftes","og_url":"https:\/\/www.visit-ulcinj.com\/blog\/2009\/08\/02\/sulmohen-turistet-kosovare-ne-mal-te-zi\/","og_site_name":"Lajme nga Ulqini","article_published_time":"2009-08-02T19:02:06+00:00","article_modified_time":"2009-08-02T19:03:09+00:00","og_image":[{"url":"http:\/\/www.visit-ulcinj.com\/blog\/wp-content\/uploads\/2009\/08\/turistet-ulqin.jpg"}],"twitter_misc":{"Written by":"ulqini","Est. reading time":"1 minute"},"schema":{"@context":"https:\/\/schema.org","@graph":[{"@type":"WebSite","@id":"https:\/\/www.visit-ulcinj.com\/blog\/#website","url":"https:\/\/www.visit-ulcinj.com\/blog\/","name":"Lajme nga Ulqini","description":"Lajme,Vijesti,Ulqini,Ulqin,Crna Gora,Mali i Zi","potentialAction":[{"@type":"SearchAction","target":{"@type":"EntryPoint","urlTemplate":"https:\/\/www.visit-ulcinj.com\/blog\/?s={search_term_string}"},"query-input":"required name=search_term_string"}],"inLanguage":"en-US"},{"@type":"ImageObject","inLanguage":"en-US","@id":"https:\/\/www.visit-ulcinj.com\/blog\/2009\/08\/02\/sulmohen-turistet-kosovare-ne-mal-te-zi\/#primaryimage","url":"https:\/\/www.visit-ulcinj.com\/blog\/wp-content\/uploads\/2009\/08\/turistet-ulqin.jpg","contentUrl":"https:\/\/www.visit-ulcinj.com\/blog\/wp-content\/uploads\/2009\/08\/turistet-ulqin.jpg","width":"240","height":"180"},{"@type":"WebPage","@id":"https:\/\/www.visit-ulcinj.com\/blog\/2009\/08\/02\/sulmohen-turistet-kosovare-ne-mal-te-zi\/#webpage","url":"https:\/\/www.visit-ulcinj.com\/blog\/2009\/08\/02\/sulmohen-turistet-kosovare-ne-mal-te-zi\/","name":"Sulmohen turistet kosovar\u00eb n\u00eb Mal t\u00eb Zi - Lajme nga Ulqini","isPartOf":{"@id":"https:\/\/www.visit-ulcinj.com\/blog\/#website"},"primaryImageOfPage":{"@id":"https:\/\/www.visit-ulcinj.com\/blog\/2009\/08\/02\/sulmohen-turistet-kosovare-ne-mal-te-zi\/#primaryimage"},"datePublished":"2009-08-02T19:02:06+00:00","dateModified":"2009-08-02T19:03:09+00:00","author":{"@id":"https:\/\/www.visit-ulcinj.com\/blog\/#\/schema\/person\/dcab619c614d3038751c63bc2aadc06d"},"description":"Pikerisht ne diten kur serbet e ardhur nga Serbia festonin te ashtuquajturen \u201cBeteja e Kosoves\u201d ne Prishtine, serbet e shperngulur nga Kosova pas luftes","breadcrumb":{"@id":"https:\/\/www.visit-ulcinj.com\/blog\/2009\/08\/02\/sulmohen-turistet-kosovare-ne-mal-te-zi\/#breadcrumb"},"inLanguage":"en-US","potentialAction":[{"@type":"ReadAction","target":["https:\/\/www.visit-ulcinj.com\/blog\/2009\/08\/02\/sulmohen-turistet-kosovare-ne-mal-te-zi\/"]}]},{"@type":"BreadcrumbList","@id":"https:\/\/www.visit-ulcinj.com\/blog\/2009\/08\/02\/sulmohen-turistet-kosovare-ne-mal-te-zi\/#breadcrumb","itemListElement":[{"@type":"ListItem","position":1,"name":"Sulmohen turistet kosovar\u00eb n\u00eb Mal t\u00eb Zi"}]},{"@type":"Person","@id":"https:\/\/www.visit-ulcinj.com\/blog\/#\/schema\/person\/dcab619c614d3038751c63bc2aadc06d","name":"ulqini","sameAs":["http:\/\/www.visit-ulcinj.com"],"url":"https:\/\/www.visit-ulcinj.com\/blog\/author\/admin\/"}]}},"jetpack_featured_media_url":"","jetpack_sharing_enabled":true,"jetpack_shortlink":"https:\/\/wp.me\/pe6lTn-6eu","_links":{"self":[{"href":"https:\/\/www.visit-ulcinj.com\/blog\/wp-json\/wp\/v2\/posts\/23962"}],"collection":[{"href":"https:\/\/www.visit-ulcinj.com\/blog\/wp-json\/wp\/v2\/posts"}],"about":[{"href":"https:\/\/www.visit-ulcinj.com\/blog\/wp-json\/wp\/v2\/types\/post"}],"author":[{"embeddable":true,"href":"https:\/\/www.visit-ulcinj.com\/blog\/wp-json\/wp\/v2\/users\/1"}],"replies":[{"embeddable":true,"href":"https:\/\/www.visit-ulcinj.com\/blog\/wp-json\/wp\/v2\/comments?post=23962"}],"version-history":[{"count":0,"href":"https:\/\/www.visit-ulcinj.com\/blog\/wp-json\/wp\/v2\/posts\/23962\/revisions"}],"wp:attachment":[{"href":"https:\/\/www.visit-ulcinj.com\/blog\/wp-json\/wp\/v2\/media?parent=23962"}],"wp:term":[{"taxonomy":"category","embeddable":true,"href":"https:\/\/www.visit-ulcinj.com\/blog\/wp-json\/wp\/v2\/categories?post=23962"},{"taxonomy":"post_tag","embeddable":true,"href":"https:\/\/www.visit-ulcinj.com\/blog\/wp-json\/wp\/v2\/tags?post=23962"}],"curies":[{"name":"wp","href":"https:\/\/api.w.org\/{rel}","templated":true}]}}