{"id":23967,"date":"2009-08-02T22:19:20","date_gmt":"2009-08-02T20:19:20","guid":{"rendered":"http:\/\/www.visit-ulcinj.com\/blog\/?p=23967"},"modified":"2009-08-04T18:29:57","modified_gmt":"2009-08-04T16:29:57","slug":"presidenti-topi-ne-celjen-e-panairit-te-librit-ne-ulqin","status":"publish","type":"post","link":"https:\/\/www.visit-ulcinj.com\/blog\/2009\/08\/02\/presidenti-topi-ne-celjen-e-panairit-te-librit-ne-ulqin\/","title":{"rendered":"Presidenti Topi n\u00eb \u00e7eljen e panairit t\u00eb librit n\u00eb Ulqin"},"content":{"rendered":"<p><strong><a href=\"http:\/\/www.visit-ulcinj.com\/blog\/wp-content\/uploads\/2009\/08\/presidenti-Topi-_Vujanovic-n\u00eb-celjen-e-panairit-t\u00eb-librit.jpg\"><img loading=\"lazy\" class=\"alignleft size-full wp-image-23968\" title=\"presidenti Topi _Vujanovic n\u00eb celjen e panairit t\u00eb librit\" src=\"http:\/\/www.visit-ulcinj.com\/blog\/wp-content\/uploads\/2009\/08\/presidenti-Topi-_Vujanovic-n\u00eb-celjen-e-panairit-t\u00eb-librit.jpg\" alt=\"presidenti Topi _Vujanovic n\u00eb celjen e panairit t\u00eb librit\" width=\"371\" height=\"276\" \/><\/a>Presidenti shqiptar Bamir Topi mori pjes\u00eb n\u00eb celjen e panirit shqiptar te librit n\u00eb Ulqin. I shoq\u00ebruar nga homologu i tij malazez Vujanovic, Topi perkufizoi aktivitetin si tregues t\u00eb nj\u00eb klime t\u00eb re e t\u00eb p\u00ebrbashk\u00ebt p\u00ebr integrim.<\/strong><br \/>\nULQIN- Presidenti Bamir Topi i shoqeruar nga zonja e pare Teuta i se bashku me homologun malazez Filip Vujanovic p\u00ebruruan ne Ulqin Panairin e N\u00ebnt\u00eb t\u00eb librit. \u201eNj\u00eb panair libri \u00ebsht\u00eb nj\u00eb fest\u00eb e mendjes dhe e zemr\u00ebs, tha mes t\u00eb tjerash n\u00eb fjal\u00ebn e tij presidenti shqiptar. Duke bere nje rrefim mbi historin\u00eb dhe p\u00ebrqasjen e kulturave mes vendeve te Ballkanit prsidenti shqiptar e p\u00ebrkufizoi jo t\u00eb leht\u00eb rrugetimin e librit ne histori<\/p>\n<p>Duke u ndaluar m\u00eb tej n\u00eb r\u00ebnd\u00ebsin\u00eb e k\u00ebtij Panairi t\u00eb Librit, kreu i shtetit shqiptar vuri n\u00eb dukje se- \u201cSht\u00ebpite botuese q\u00eb vijn\u00eb nga Shqiperia Maqedonia, Bosnja, Mali i Zi e nga shteti i ri i Kosov\u00ebs me librat e tyre t\u00eb shum\u00ebllojsh\u00ebm, jan\u00eb tregues t\u00eb nj\u00eb klime t\u00eb re demokratike, t\u00eb nj\u00eb vendosm\u00ebrie shpirt\u00ebrore e intelektuale p\u00ebr t\u00eb l\u00ebn\u00eb pas \u00e7do reminishenc\u00eb t\u00eb s\u00eb kaluar\u00ebs.\u201c<br \/>\nPresidenti i e mbylli fjal\u00ebn e tij p\u00ebrsh\u00ebndet\u00ebse duke n\u00ebnvizuar edhe efektin e k\u00ebtij ekspozimi t\u00eb kultur\u00ebs s\u00eb shkruar shqiptare n\u00eb rajon si nj\u00eb p\u00ebrpar\u00ebsi t\u00eb politikave t\u00eb afrimit mes popujve dhe bashk\u00ebjetes\u00ebs e bashk\u00ebpunimit n\u00eb rrug\u00ebn e p\u00ebrbashk\u00ebt drejt integrimit<\/p>\n<p>N\u00eb fest\u00ebn p\u00ebrururese t\u00eb Panairit IX t\u00eb Librit n\u00eb Ulqin, ishin t\u00eb pranish\u00ebm politikan\u00eb, shkrimtar\u00eb, artist\u00eb, personalitete t\u00eb shquara n\u00eb fush\u00ebn e kultur\u00ebs dhe t\u00eb let\u00ebrsis\u00eb, botues si dhe pushues duke vizituar stendat e shumta ku ishin t\u00eb ekspozuar mij\u00ebra tituj dhe n\u00eb t\u00eb mor\u00ebn pjes\u00eb dhjet\u00ebra sht\u00ebpi botuese shqiptare nga mbar\u00eb rajoni.<\/p>\n<p><strong>(s.g\/BalkanWeb)<\/strong><\/p>\n<p><strong>\n\t\t<style type=\"text\/css\">\n\t\t\t#gallery-1 {\n\t\t\t\tmargin: auto;\n\t\t\t}\n\t\t\t#gallery-1 .gallery-item {\n\t\t\t\tfloat: left;\n\t\t\t\tmargin-top: 10px;\n\t\t\t\ttext-align: center;\n\t\t\t\twidth: 33%;\n\t\t\t}\n\t\t\t#gallery-1 img {\n\t\t\t\tborder: 2px solid #cfcfcf;\n\t\t\t}\n\t\t\t#gallery-1 .gallery-caption {\n\t\t\t\tmargin-left: 0;\n\t\t\t}\n\t\t\t\/* see gallery_shortcode() in wp-includes\/media.php *\/\n\t\t<\/style>\n\t\t<div id='gallery-1' class='gallery galleryid-23967 gallery-columns-3 gallery-size-thumbnail'><dl class='gallery-item'>\n\t\t\t<dt class='gallery-icon '>\n\t\t\t\t<a href='https:\/\/www.visit-ulcinj.com\/blog\/wp-content\/uploads\/2009\/08\/President-Topi-and-President-Vujanovi\u00c4\u2021-inaugurating-the-opening-of-the-Ninth-Book-Fair-Ulcinj.jpg'><img width=\"1\" height=\"1\" src=\"https:\/\/www.visit-ulcinj.com\/blog\/wp-content\/uploads\/2009\/08\/President-Topi-and-President-Vujanovi\u00c4\u2021-inaugurating-the-opening-of-the-Ninth-Book-Fair-Ulcinj.jpg\" class=\"attachment-thumbnail size-thumbnail\" alt=\"\" loading=\"lazy\" \/><\/a>\n\t\t\t<\/dt><\/dl><dl class='gallery-item'>\n\t\t\t<dt class='gallery-icon landscape'>\n\t\t\t\t<a href='https:\/\/www.visit-ulcinj.com\/blog\/wp-content\/uploads\/2009\/08\/President-Topi-and-the-First-Lady-Teuta-Topi-visiting-the-books-exhibited-at-the-Ulcinj-Book-Fair.jpg'><img width=\"150\" height=\"150\" src=\"https:\/\/www.visit-ulcinj.com\/blog\/wp-content\/uploads\/2009\/08\/President-Topi-and-the-First-Lady-Teuta-Topi-visiting-the-books-exhibited-at-the-Ulcinj-Book-Fair-150x150.jpg\" class=\"attachment-thumbnail size-thumbnail\" alt=\"\" loading=\"lazy\" \/><\/a>\n\t\t\t<\/dt><\/dl><dl class='gallery-item'>\n\t\t\t<dt class='gallery-icon landscape'>\n\t\t\t\t<a href='https:\/\/www.visit-ulcinj.com\/blog\/wp-content\/uploads\/2009\/08\/President-Topi-greeting-the-opening-of-the-Ninth-Book-Fair-Ulcinj.jpg'><img width=\"150\" height=\"150\" src=\"https:\/\/www.visit-ulcinj.com\/blog\/wp-content\/uploads\/2009\/08\/President-Topi-greeting-the-opening-of-the-Ninth-Book-Fair-Ulcinj-150x150.jpg\" class=\"attachment-thumbnail size-thumbnail\" alt=\"\" loading=\"lazy\" \/><\/a>\n\t\t\t<\/dt><\/dl><br style=\"clear: both\" \/>\n\t\t<\/div>\n<\/strong><br \/>\n<strong><object classid=\"clsid:6bf52a52-394a-11d3-b153-00c04f79faa6\" width=\"540\" height=\"400\" codebase=\"http:\/\/activex.microsoft.com\/activex\/controls\/mplayer\/en\/nsmp2inf.cab#Version=5,1,52,701\"><param name=\"url\" value=\"http:\/\/balkanweb.com\/sitev4\/upload\/multimedia\/1248863919.wmv\" \/><param name=\"src\" value=\"http:\/\/balkanweb.com\/sitev4\/upload\/multimedia\/1248863919.wmv\" \/><\/object><br \/>\n<\/strong><\/p>\n","protected":false},"excerpt":{"rendered":"<p>Presidenti shqiptar Bamir Topi mori pjes\u00eb n\u00eb celjen e panirit shqiptar te librit n\u00eb Ulqin. I shoq\u00ebruar nga homologu i tij malazez Vujanovic, Topi perkufizoi aktivitetin si tregues t\u00eb nj\u00eb klime t\u00eb re e t\u00eb p\u00ebrbashk\u00ebt p\u00ebr integrim. ULQIN- Presidenti Bamir Topi i shoqeruar nga zonja e pare Teuta i se bashku me homologun malazez [&hellip;]<\/p>\n","protected":false},"author":1,"featured_media":0,"comment_status":"open","ping_status":"closed","sticky":false,"template":"","format":"standard","meta":{"spay_email":"","jetpack_publicize_message":"","jetpack_is_tweetstorm":false,"jetpack_publicize_feature_enabled":true},"categories":[4],"tags":[11805],"jetpack_publicize_connections":[],"yoast_head":"<!-- This site is optimized with the Yoast SEO plugin v19.1 - https:\/\/yoast.com\/wordpress\/plugins\/seo\/ -->\n<title>Presidenti Topi n\u00eb \u00e7eljen e panairit t\u00eb librit n\u00eb Ulqin - Lajme nga Ulqini<\/title>\n<meta name=\"description\" content=\"Presidenti shqiptar Bamir Topi mori pjes\u00eb n\u00eb celjen e panirit shqiptar te librit n\u00eb Ulqin. I shoq\u00ebruar nga homologu i tij malazez Vujanovic, Topi\" \/>\n<meta name=\"robots\" content=\"index, follow, max-snippet:-1, max-image-preview:large, max-video-preview:-1\" \/>\n<link rel=\"canonical\" href=\"https:\/\/www.visit-ulcinj.com\/blog\/2009\/08\/02\/presidenti-topi-ne-celjen-e-panairit-te-librit-ne-ulqin\/\" \/>\n<meta property=\"og:locale\" content=\"en_US\" \/>\n<meta property=\"og:type\" content=\"article\" \/>\n<meta property=\"og:title\" content=\"Presidenti Topi n\u00eb \u00e7eljen e panairit t\u00eb librit n\u00eb Ulqin - Lajme nga Ulqini\" \/>\n<meta property=\"og:description\" content=\"Presidenti shqiptar Bamir Topi mori pjes\u00eb n\u00eb celjen e panirit shqiptar te librit n\u00eb Ulqin. I shoq\u00ebruar nga homologu i tij malazez Vujanovic, Topi\" \/>\n<meta property=\"og:url\" content=\"https:\/\/www.visit-ulcinj.com\/blog\/2009\/08\/02\/presidenti-topi-ne-celjen-e-panairit-te-librit-ne-ulqin\/\" \/>\n<meta property=\"og:site_name\" content=\"Lajme nga Ulqini\" \/>\n<meta property=\"article:published_time\" content=\"2009-08-02T20:19:20+00:00\" \/>\n<meta property=\"article:modified_time\" content=\"2009-08-04T16:29:57+00:00\" \/>\n<meta property=\"og:image\" content=\"https:\/\/www.visit-ulcinj.com\/blog\/wp-content\/uploads\/2009\/08\/President-Topi-and-President-Vujanovi\u00c4\u2021-inaugurating-the-opening-of-the-Ninth-Book-Fair-Ulcinj.jpg\" \/>\n<meta name=\"twitter:label1\" content=\"Written by\" \/>\n\t<meta name=\"twitter:data1\" content=\"ulqini\" \/>\n\t<meta name=\"twitter:label2\" content=\"Est. reading time\" \/>\n\t<meta name=\"twitter:data2\" content=\"2 minutes\" \/>\n<script type=\"application\/ld+json\" class=\"yoast-schema-graph\">{\"@context\":\"https:\/\/schema.org\",\"@graph\":[{\"@type\":\"WebSite\",\"@id\":\"https:\/\/www.visit-ulcinj.com\/blog\/#website\",\"url\":\"https:\/\/www.visit-ulcinj.com\/blog\/\",\"name\":\"Lajme nga Ulqini\",\"description\":\"Lajme,Vijesti,Ulqini,Ulqin,Crna Gora,Mali i Zi\",\"potentialAction\":[{\"@type\":\"SearchAction\",\"target\":{\"@type\":\"EntryPoint\",\"urlTemplate\":\"https:\/\/www.visit-ulcinj.com\/blog\/?s={search_term_string}\"},\"query-input\":\"required name=search_term_string\"}],\"inLanguage\":\"en-US\"},{\"@type\":\"WebPage\",\"@id\":\"https:\/\/www.visit-ulcinj.com\/blog\/2009\/08\/02\/presidenti-topi-ne-celjen-e-panairit-te-librit-ne-ulqin\/#webpage\",\"url\":\"https:\/\/www.visit-ulcinj.com\/blog\/2009\/08\/02\/presidenti-topi-ne-celjen-e-panairit-te-librit-ne-ulqin\/\",\"name\":\"Presidenti Topi n\u00eb \u00e7eljen e panairit t\u00eb librit n\u00eb Ulqin - Lajme nga Ulqini\",\"isPartOf\":{\"@id\":\"https:\/\/www.visit-ulcinj.com\/blog\/#website\"},\"datePublished\":\"2009-08-02T20:19:20+00:00\",\"dateModified\":\"2009-08-04T16:29:57+00:00\",\"author\":{\"@id\":\"https:\/\/www.visit-ulcinj.com\/blog\/#\/schema\/person\/dcab619c614d3038751c63bc2aadc06d\"},\"description\":\"Presidenti shqiptar Bamir Topi mori pjes\u00eb n\u00eb celjen e panirit shqiptar te librit n\u00eb Ulqin. I shoq\u00ebruar nga homologu i tij malazez Vujanovic, Topi\",\"breadcrumb\":{\"@id\":\"https:\/\/www.visit-ulcinj.com\/blog\/2009\/08\/02\/presidenti-topi-ne-celjen-e-panairit-te-librit-ne-ulqin\/#breadcrumb\"},\"inLanguage\":\"en-US\",\"potentialAction\":[{\"@type\":\"ReadAction\",\"target\":[\"https:\/\/www.visit-ulcinj.com\/blog\/2009\/08\/02\/presidenti-topi-ne-celjen-e-panairit-te-librit-ne-ulqin\/\"]}]},{\"@type\":\"BreadcrumbList\",\"@id\":\"https:\/\/www.visit-ulcinj.com\/blog\/2009\/08\/02\/presidenti-topi-ne-celjen-e-panairit-te-librit-ne-ulqin\/#breadcrumb\",\"itemListElement\":[{\"@type\":\"ListItem\",\"position\":1,\"name\":\"Presidenti Topi n\u00eb \u00e7eljen e panairit t\u00eb librit n\u00eb Ulqin\"}]},{\"@type\":\"Person\",\"@id\":\"https:\/\/www.visit-ulcinj.com\/blog\/#\/schema\/person\/dcab619c614d3038751c63bc2aadc06d\",\"name\":\"ulqini\",\"sameAs\":[\"http:\/\/www.visit-ulcinj.com\"],\"url\":\"https:\/\/www.visit-ulcinj.com\/blog\/author\/admin\/\"}]}<\/script>\n<!-- \/ Yoast SEO plugin. -->","yoast_head_json":{"title":"Presidenti Topi n\u00eb \u00e7eljen e panairit t\u00eb librit n\u00eb Ulqin - Lajme nga Ulqini","description":"Presidenti shqiptar Bamir Topi mori pjes\u00eb n\u00eb celjen e panirit shqiptar te librit n\u00eb Ulqin. I shoq\u00ebruar nga homologu i tij malazez Vujanovic, Topi","robots":{"index":"index","follow":"follow","max-snippet":"max-snippet:-1","max-image-preview":"max-image-preview:large","max-video-preview":"max-video-preview:-1"},"canonical":"https:\/\/www.visit-ulcinj.com\/blog\/2009\/08\/02\/presidenti-topi-ne-celjen-e-panairit-te-librit-ne-ulqin\/","og_locale":"en_US","og_type":"article","og_title":"Presidenti Topi n\u00eb \u00e7eljen e panairit t\u00eb librit n\u00eb Ulqin - Lajme nga Ulqini","og_description":"Presidenti shqiptar Bamir Topi mori pjes\u00eb n\u00eb celjen e panirit shqiptar te librit n\u00eb Ulqin. I shoq\u00ebruar nga homologu i tij malazez Vujanovic, Topi","og_url":"https:\/\/www.visit-ulcinj.com\/blog\/2009\/08\/02\/presidenti-topi-ne-celjen-e-panairit-te-librit-ne-ulqin\/","og_site_name":"Lajme nga Ulqini","article_published_time":"2009-08-02T20:19:20+00:00","article_modified_time":"2009-08-04T16:29:57+00:00","og_image":[{"url":"https:\/\/www.visit-ulcinj.com\/blog\/wp-content\/uploads\/2009\/08\/President-Topi-and-President-Vujanovi\u00c4\u2021-inaugurating-the-opening-of-the-Ninth-Book-Fair-Ulcinj.jpg"}],"twitter_misc":{"Written by":"ulqini","Est. reading time":"2 minutes"},"schema":{"@context":"https:\/\/schema.org","@graph":[{"@type":"WebSite","@id":"https:\/\/www.visit-ulcinj.com\/blog\/#website","url":"https:\/\/www.visit-ulcinj.com\/blog\/","name":"Lajme nga Ulqini","description":"Lajme,Vijesti,Ulqini,Ulqin,Crna Gora,Mali i Zi","potentialAction":[{"@type":"SearchAction","target":{"@type":"EntryPoint","urlTemplate":"https:\/\/www.visit-ulcinj.com\/blog\/?s={search_term_string}"},"query-input":"required name=search_term_string"}],"inLanguage":"en-US"},{"@type":"WebPage","@id":"https:\/\/www.visit-ulcinj.com\/blog\/2009\/08\/02\/presidenti-topi-ne-celjen-e-panairit-te-librit-ne-ulqin\/#webpage","url":"https:\/\/www.visit-ulcinj.com\/blog\/2009\/08\/02\/presidenti-topi-ne-celjen-e-panairit-te-librit-ne-ulqin\/","name":"Presidenti Topi n\u00eb \u00e7eljen e panairit t\u00eb librit n\u00eb Ulqin - Lajme nga Ulqini","isPartOf":{"@id":"https:\/\/www.visit-ulcinj.com\/blog\/#website"},"datePublished":"2009-08-02T20:19:20+00:00","dateModified":"2009-08-04T16:29:57+00:00","author":{"@id":"https:\/\/www.visit-ulcinj.com\/blog\/#\/schema\/person\/dcab619c614d3038751c63bc2aadc06d"},"description":"Presidenti shqiptar Bamir Topi mori pjes\u00eb n\u00eb celjen e panirit shqiptar te librit n\u00eb Ulqin. I shoq\u00ebruar nga homologu i tij malazez Vujanovic, Topi","breadcrumb":{"@id":"https:\/\/www.visit-ulcinj.com\/blog\/2009\/08\/02\/presidenti-topi-ne-celjen-e-panairit-te-librit-ne-ulqin\/#breadcrumb"},"inLanguage":"en-US","potentialAction":[{"@type":"ReadAction","target":["https:\/\/www.visit-ulcinj.com\/blog\/2009\/08\/02\/presidenti-topi-ne-celjen-e-panairit-te-librit-ne-ulqin\/"]}]},{"@type":"BreadcrumbList","@id":"https:\/\/www.visit-ulcinj.com\/blog\/2009\/08\/02\/presidenti-topi-ne-celjen-e-panairit-te-librit-ne-ulqin\/#breadcrumb","itemListElement":[{"@type":"ListItem","position":1,"name":"Presidenti Topi n\u00eb \u00e7eljen e panairit t\u00eb librit n\u00eb Ulqin"}]},{"@type":"Person","@id":"https:\/\/www.visit-ulcinj.com\/blog\/#\/schema\/person\/dcab619c614d3038751c63bc2aadc06d","name":"ulqini","sameAs":["http:\/\/www.visit-ulcinj.com"],"url":"https:\/\/www.visit-ulcinj.com\/blog\/author\/admin\/"}]}},"jetpack_featured_media_url":"","jetpack_sharing_enabled":true,"jetpack_shortlink":"https:\/\/wp.me\/pe6lTn-6ez","_links":{"self":[{"href":"https:\/\/www.visit-ulcinj.com\/blog\/wp-json\/wp\/v2\/posts\/23967"}],"collection":[{"href":"https:\/\/www.visit-ulcinj.com\/blog\/wp-json\/wp\/v2\/posts"}],"about":[{"href":"https:\/\/www.visit-ulcinj.com\/blog\/wp-json\/wp\/v2\/types\/post"}],"author":[{"embeddable":true,"href":"https:\/\/www.visit-ulcinj.com\/blog\/wp-json\/wp\/v2\/users\/1"}],"replies":[{"embeddable":true,"href":"https:\/\/www.visit-ulcinj.com\/blog\/wp-json\/wp\/v2\/comments?post=23967"}],"version-history":[{"count":0,"href":"https:\/\/www.visit-ulcinj.com\/blog\/wp-json\/wp\/v2\/posts\/23967\/revisions"}],"wp:attachment":[{"href":"https:\/\/www.visit-ulcinj.com\/blog\/wp-json\/wp\/v2\/media?parent=23967"}],"wp:term":[{"taxonomy":"category","embeddable":true,"href":"https:\/\/www.visit-ulcinj.com\/blog\/wp-json\/wp\/v2\/categories?post=23967"},{"taxonomy":"post_tag","embeddable":true,"href":"https:\/\/www.visit-ulcinj.com\/blog\/wp-json\/wp\/v2\/tags?post=23967"}],"curies":[{"name":"wp","href":"https:\/\/api.w.org\/{rel}","templated":true}]}}