{"id":24061,"date":"2009-08-03T11:49:36","date_gmt":"2009-08-03T09:49:36","guid":{"rendered":"http:\/\/www.visit-ulcinj.com\/blog\/?p=24061"},"modified":"2016-03-21T23:03:29","modified_gmt":"2016-03-21T22:03:29","slug":"auto-camp-tropicana-ulcinj-montenegro","status":"publish","type":"post","link":"https:\/\/www.visit-ulcinj.com\/blog\/2009\/08\/03\/auto-camp-tropicana-ulcinj-montenegro\/","title":{"rendered":"Auto kamp &#8211; Tropicana &#8211; Ulcinj &#8211; Crna Gora"},"content":{"rendered":"<p><strong><a href=\"http:\/\/www.visit-ulcinj.com\/\" target=\"_blank\"><img loading=\"lazy\" class=\"alignleft size-full wp-image-24062\" title=\"AUTO CAMP - TROPICANA - ULCINJ - MONTENEGRO\" src=\"http:\/\/www.visit-ulcinj.com\/blog\/wp-content\/uploads\/2009\/08\/AUTO-CAMP-TROPICANA-ULCINJ-MONTENEGRO.jpg\" alt=\"AUTO CAMP - TROPICANA - ULCINJ - MONTENEGRO\" width=\"580\" height=\"400\" \/><\/a><\/strong><strong><a href=\"http:\/\/www.visit-ulcinj.com\/\" target=\"_blank\">AUTO\u00a0 KAMP &#8211; TROPICANA &#8211; ULCINJ &#8211; MONTENEGRO <\/a><\/strong><\/p>\n<p><a href=\"http:\/\/www.visit-ulcinj.com\/\" target=\"_blank\">Auto kamp Tropicana\u00a0 se nalazi na trecem kilometru Velike pla\u017ee, na putu za Adu Bojanu. Posjeduje\u00a0 kapacitete od 100 kamperskih jedinica, sa modernizovanim sanitarnim cvorom, prikljucke za struju, pojedinacno svaki prikljucak na elektro mre\u017eu. Kamp se nalazi na 20 metara od plaze, sa sopstvenim putem koji vodi do nje. Osim kamperskih jedinica posjedujemo dvokrevetne i trokrevetne sobe sa kupatilima i balkonima i klimatizacjom.<br \/>\nTropicana vec niz godina prednjaci u kvalitetu, sadr\u017eaju i usluzi koju nudi sada vec svojim vjernim posjetiocima. Pla\u017ea raspola\u017ee sa 300 suncobrana i 600 le\u017ealjki, 2 pla\u017ena bara, restoranom i parkingom (300 m2), svlacionaicama, tu\u0161evima, modernim sanitarnim cvorom, sportskim terenima kao i zanimljivim propratnim programima poput sportova na vodi i jahanja. U vecernjim casovima posjetiocima je dostupan i Disco Club kao i mogucnost atraktivnog nocnog kupanja uz budno oko kvalifikovanih spasioca. O svemu ovome brine ljubazno osoblje koje ce vam u svakom trenutku izaci u susret. Od ove godine plaza Tropicana je dobila plavu\u00a0\u00a0 zastavu i time je jedina pla\u017ea u Ulcinju kojoj je ona dodijeljena.Takodje ove godine nudimo i zabavni park za djecu kao i novi ambijent prepun palmi koji ce uciniti va\u0161 boravak nezaboravnim.<\/a><\/p>\n<p><a href=\"http:\/\/www.visit-ulcinj.com\/\" target=\"_blank\">Kamp koji se nalazi neposredno iza pjescane obale pravi je izbor za one koji \u017eele istovremeno ugodan smje\u0161taj, puno sunca, odmor u hladu i kupanje u kristalno cistom moru. Raznovrsnost va\u0161em odmoru dace i bogata sportska i animacijska ponuda za djecu i odrasle u kampu i njegovoj neposrednoj blizini.<br \/>\nSlika koja samo doprinosi pomalo ruralnom i poljskom izgledu zaleda pla\u017ee. Tik uz pla\u017eu nude Vam se pedoline, camci, sitna oprema za pla\u017eu, grickalice i pice, a tu je i restoran sa bogatom ponudom hrane &#8211; u slucaju da Va\u0161i poku\u0161aji za ulovom cipola, orade, lice ili makar girice, ne urode plodom. Kamp pla\u017ee Tropicane, sa kapacitetom od 100 mjesta za kamp prikolice, raspola\u017ee sa modernim sanitarnim cvorom. U ponudi jos izdvajamo \u0161est apartmana koji se nalaze u blizini autokampa.<\/a><a href=\"http:\/\/www.visit-ulcinj.com\/\" target=\"_blank\"><strong><br \/>\n<\/strong><\/a><\/p>\n<p><a href=\"http:\/\/www.visit-ulcinj.com\/\" target=\"_blank\"><strong>Auto Kamp Tropicana Ulcinj<\/strong><\/a><\/p>\n<p><a href=\"http:\/\/www.visit-ulcinj.com\/\" target=\"_blank\">Auto Kamp Tropicanaje smje\u0161ten u slikovitoj uvali\u00a0 razvedene obale ciji gosti za ljetnih \u017eega u\u017eivaju u hladovini zimzelene vegetacije i najci\u0161cem moru na Mediteranu. Udoban i uslu\u017ean, s brojnim sadr\u017eajima i ponudom po mjeri svakog zaljubljenika u camping turizam. Darovi dare\u017eljive prirode ovdje se svakodnevno \u0161irokogrudno primaju. U tom osuncanom zelenilu, okru\u017eeno nepreglednom modrinom mora, putniku koji je doputovao iz daleka tek su potrebne drage mu osobe da bi tu ljepotu neseb?no podijelio s njima.<\/a><\/p>\n<p><a href=\"http:\/\/www.visit-ulcinj.com\/\" target=\"_blank\"><strong>Polo\u017eaj<\/strong><br \/>\nAuto Kamp Tropicana Ulcinj je smje\u0161ten u slikovitoj uvali razvedene obale i kristalno ?istim morem.<\/a><\/p>\n<p><a href=\"http:\/\/www.visit-ulcinj.com\/\" target=\"_blank\"><strong>Smje\u0161tajne jedinice<\/strong><br \/>\nAuto Kamp Tropicana raspola\u017ee sa 100 Auto Kamp jedinica s priklju\u00e7cima na struju. Kapacitet kampa je 900 osoba.Auto Kamp Tropicana nudi parcele uz more.<br \/>\nSadr\u017eaji:<\/a><\/p>\n<ul>\n<li><a href=\"http:\/\/www.visit-ulcinj.com\/\" target=\"_blank\"> * sanitarije, sanitarije za invalide<\/a><\/li>\n<li><a href=\"http:\/\/www.visit-ulcinj.com\/\" target=\"_blank\"> * Minimarket<\/a><\/li>\n<li><a href=\"http:\/\/www.visit-ulcinj.com\/\" target=\"_blank\"> * Restoran, riblji restoran, snack bar, pivnica, aperitiv bar<\/a><\/li>\n<li><a href=\"http:\/\/www.visit-ulcinj.com\/\" target=\"_blank\"> * Parking automobila sa hladovinom<\/a><\/li>\n<li><a href=\"http:\/\/www.visit-ulcinj.com\/\" target=\"_blank\"> * razni zabavni i sportski sadr\u017eaji u kampu i u neposrednoj blizini kampa<\/a><\/li>\n<li><a href=\"http:\/\/www.visit-ulcinj.com\/\" target=\"_blank\"> * zasebne kabine<\/a><\/li>\n<li><a href=\"http:\/\/www.visit-ulcinj.com\/\" target=\"_blank\"> * kamper parking<\/a><\/li>\n<li><a href=\"http:\/\/www.visit-ulcinj.com\/\" target=\"_blank\"> * dje\u00e7ja igrali\u0161ta i dje?ja pla\u017ea<\/a><\/li>\n<\/ul>\n<p><a href=\"http:\/\/www.visit-ulcinj.com\/\" target=\"_blank\"><strong>Pla\u017ea<\/strong><\/a><\/p>\n<ul>\n<li><a href=\"http:\/\/www.visit-ulcinj.com\/\" target=\"_blank\"> * Pla\u017ea je pje\u0161cana<\/a><\/li>\n<li><a href=\"http:\/\/www.visit-ulcinj.com\/\" target=\"_blank\"> * Plava zastava<\/a><\/li>\n<\/ul>\n<p><a href=\"http:\/\/www.visit-ulcinj.com\/\" target=\"_blank\"><strong><br \/>\nSport \/ Rekreacija<br \/>\n<\/strong><\/a><\/p>\n<ul>\n<li><a href=\"http:\/\/www.visit-ulcinj.com\/\" target=\"_blank\">Mali nogomet<\/a><\/li>\n<li><a href=\"http:\/\/www.visit-ulcinj.com\/\" target=\"_blank\">Rukomet<\/a><\/li>\n<li><a href=\"http:\/\/www.visit-ulcinj.com\/\" target=\"_blank\">Ko\u0161arka<\/a><\/li>\n<li><a href=\"http:\/\/www.visit-ulcinj.com\/\" target=\"_blank\">Odbojka<\/a><\/li>\n<li><a href=\"http:\/\/www.visit-ulcinj.com\/\" target=\"_blank\">Odbojka na pijesku<\/a><\/li>\n<li><a href=\"http:\/\/www.visit-ulcinj.com\/\" target=\"_blank\">Najam bicikli<\/a><\/li>\n<li><a href=\"http:\/\/www.visit-ulcinj.com\/\" target=\"_blank\">Stolni tenis<\/a><\/li>\n<li><a href=\"http:\/\/www.visit-ulcinj.com\/\" target=\"_blank\">Najam camaca<\/a><\/li>\n<li><a href=\"http:\/\/www.visit-ulcinj.com\/\" target=\"_blank\">Ronjenje<\/a><\/li>\n<li><a href=\"http:\/\/www.visit-ulcinj.com\/\" target=\"_blank\">Jedrenje<\/a><\/li>\n<li><a href=\"http:\/\/www.visit-ulcinj.com\/\" target=\"_blank\">Surfanje<\/a><\/li>\n<li><a href=\"http:\/\/www.visit-ulcinj.com\/\" target=\"_blank\">Vo\u017enja bananom i kolutima na moru<\/a><\/li>\n<li><a href=\"http:\/\/www.visit-ulcinj.com\/\" target=\"_blank\">Skijanje na moru<\/a><\/li>\n<li><a href=\"http:\/\/www.visit-ulcinj.com\/\" target=\"_blank\">Ostali vodeni sportovi (pedaline, sandoline i sl.)<\/a><\/li>\n<\/ul>\n<p><a href=\"http:\/\/www.visit-ulcinj.com\/\" target=\"_blank\"><strong>Zabava i animacija<\/strong><br \/>\nBogati zabavni i animacijski programi za sve uzraste odvijaju se u naselju Tropicana Beach i na raspolaganju su gostima kampa.<\/a><\/p>\n<p><a href=\"http:\/\/www.visit-ulcinj.com\/\" target=\"_blank\"><strong>Za sve informacije molimo vas kontaktirajte nas<\/strong>:<\/a><\/p>\n\n\t\t<style type=\"text\/css\">\n\t\t\t#gallery-1 {\n\t\t\t\tmargin: auto;\n\t\t\t}\n\t\t\t#gallery-1 .gallery-item {\n\t\t\t\tfloat: left;\n\t\t\t\tmargin-top: 10px;\n\t\t\t\ttext-align: center;\n\t\t\t\twidth: 33%;\n\t\t\t}\n\t\t\t#gallery-1 img {\n\t\t\t\tborder: 2px solid #cfcfcf;\n\t\t\t}\n\t\t\t#gallery-1 .gallery-caption {\n\t\t\t\tmargin-left: 0;\n\t\t\t}\n\t\t\t\/* see gallery_shortcode() in wp-includes\/media.php *\/\n\t\t<\/style>\n\t\t<div id='gallery-1' class='gallery galleryid-24061 gallery-columns-3 gallery-size-thumbnail'><dl class='gallery-item'>\n\t\t\t<dt class='gallery-icon landscape'>\n\t\t\t\t<a href='https:\/\/www.visit-ulcinj.com\/blog\/wp-content\/uploads\/2009\/08\/AUTO-CAMP-TROPICANA-ULCINJ-MONTENEGRO.jpg'><img width=\"150\" height=\"150\" src=\"https:\/\/www.visit-ulcinj.com\/blog\/wp-content\/uploads\/2009\/08\/AUTO-CAMP-TROPICANA-ULCINJ-MONTENEGRO-150x150.jpg\" class=\"attachment-thumbnail size-thumbnail\" alt=\"\" loading=\"lazy\" \/><\/a>\n\t\t\t<\/dt><\/dl><dl class='gallery-item'>\n\t\t\t<dt class='gallery-icon landscape'>\n\t\t\t\t<a href='https:\/\/www.visit-ulcinj.com\/blog\/wp-content\/uploads\/2009\/08\/AUTO-CAMP-TROPICANA-ULCINJ-MONTENEGRO.1.jpg'><img width=\"150\" height=\"150\" src=\"https:\/\/www.visit-ulcinj.com\/blog\/wp-content\/uploads\/2009\/08\/AUTO-CAMP-TROPICANA-ULCINJ-MONTENEGRO.1-150x150.jpg\" class=\"attachment-thumbnail size-thumbnail\" alt=\"\" loading=\"lazy\" \/><\/a>\n\t\t\t<\/dt><\/dl><dl class='gallery-item'>\n\t\t\t<dt class='gallery-icon landscape'>\n\t\t\t\t<a href='https:\/\/www.visit-ulcinj.com\/blog\/wp-content\/uploads\/2009\/08\/AUTO-CAMP-TROPICANA-ULCINJ-MONTENEGRO.2.jpg'><img width=\"150\" height=\"150\" src=\"https:\/\/www.visit-ulcinj.com\/blog\/wp-content\/uploads\/2009\/08\/AUTO-CAMP-TROPICANA-ULCINJ-MONTENEGRO.2-150x150.jpg\" class=\"attachment-thumbnail size-thumbnail\" alt=\"\" loading=\"lazy\" \/><\/a>\n\t\t\t<\/dt><\/dl><br style=\"clear: both\" \/><dl class='gallery-item'>\n\t\t\t<dt class='gallery-icon landscape'>\n\t\t\t\t<a href='https:\/\/www.visit-ulcinj.com\/blog\/wp-content\/uploads\/2009\/08\/AUTO-CAMP-TROPICANA-ULCINJ-MONTENEGRO.3.jpg'><img width=\"150\" height=\"150\" src=\"https:\/\/www.visit-ulcinj.com\/blog\/wp-content\/uploads\/2009\/08\/AUTO-CAMP-TROPICANA-ULCINJ-MONTENEGRO.3-150x150.jpg\" class=\"attachment-thumbnail size-thumbnail\" alt=\"\" loading=\"lazy\" \/><\/a>\n\t\t\t<\/dt><\/dl><dl class='gallery-item'>\n\t\t\t<dt class='gallery-icon landscape'>\n\t\t\t\t<a href='https:\/\/www.visit-ulcinj.com\/blog\/wp-content\/uploads\/2009\/08\/AUTO-CAMP-TROPICANA-ULCINJ-MONTENEGRO.4.jpg'><img width=\"150\" height=\"150\" src=\"https:\/\/www.visit-ulcinj.com\/blog\/wp-content\/uploads\/2009\/08\/AUTO-CAMP-TROPICANA-ULCINJ-MONTENEGRO.4-150x150.jpg\" class=\"attachment-thumbnail size-thumbnail\" alt=\"\" loading=\"lazy\" \/><\/a>\n\t\t\t<\/dt><\/dl><dl class='gallery-item'>\n\t\t\t<dt class='gallery-icon landscape'>\n\t\t\t\t<a href='https:\/\/www.visit-ulcinj.com\/blog\/wp-content\/uploads\/2009\/08\/AUTO-CAMP-TROPICANA-ULCINJ-MONTENEGRO.6.JPG'><img width=\"150\" height=\"150\" src=\"https:\/\/www.visit-ulcinj.com\/blog\/wp-content\/uploads\/2009\/08\/AUTO-CAMP-TROPICANA-ULCINJ-MONTENEGRO.6-150x150.jpg\" class=\"attachment-thumbnail size-thumbnail\" alt=\"\" loading=\"lazy\" \/><\/a>\n\t\t\t<\/dt><\/dl><br style=\"clear: both\" \/><dl class='gallery-item'>\n\t\t\t<dt class='gallery-icon landscape'>\n\t\t\t\t<a href='https:\/\/www.visit-ulcinj.com\/blog\/wp-content\/uploads\/2009\/08\/AUTO-CAMP-TROPICANA-ULCINJ-MONTENEGRO.7.JPG'><img width=\"150\" height=\"150\" src=\"https:\/\/www.visit-ulcinj.com\/blog\/wp-content\/uploads\/2009\/08\/AUTO-CAMP-TROPICANA-ULCINJ-MONTENEGRO.7-150x150.jpg\" class=\"attachment-thumbnail size-thumbnail\" alt=\"\" loading=\"lazy\" \/><\/a>\n\t\t\t<\/dt><\/dl><dl class='gallery-item'>\n\t\t\t<dt class='gallery-icon landscape'>\n\t\t\t\t<a href='https:\/\/www.visit-ulcinj.com\/blog\/wp-content\/uploads\/2009\/08\/AUTO-CAMP-TROPICANA-ULCINJ-MONTENEGRO.01.JPG'><img width=\"150\" height=\"150\" src=\"https:\/\/www.visit-ulcinj.com\/blog\/wp-content\/uploads\/2009\/08\/AUTO-CAMP-TROPICANA-ULCINJ-MONTENEGRO.01-150x150.jpg\" class=\"attachment-thumbnail size-thumbnail\" alt=\"\" loading=\"lazy\" \/><\/a>\n\t\t\t<\/dt><\/dl><dl class='gallery-item'>\n\t\t\t<dt class='gallery-icon landscape'>\n\t\t\t\t<a href='https:\/\/www.visit-ulcinj.com\/blog\/wp-content\/uploads\/2009\/08\/AUTO-CAMP-TROPICANA-ULCINJ-MONTENEGRO.5.JPG'><img width=\"150\" height=\"150\" src=\"https:\/\/www.visit-ulcinj.com\/blog\/wp-content\/uploads\/2009\/08\/AUTO-CAMP-TROPICANA-ULCINJ-MONTENEGRO.5-150x150.jpg\" class=\"attachment-thumbnail size-thumbnail\" alt=\"\" loading=\"lazy\" \/><\/a>\n\t\t\t<\/dt><\/dl><br style=\"clear: both\" \/><dl class='gallery-item'>\n\t\t\t<dt class='gallery-icon landscape'>\n\t\t\t\t<a href='https:\/\/www.visit-ulcinj.com\/blog\/wp-content\/uploads\/2009\/08\/AUTO-CAMP-TROPICANA-ULCINJ-MONTENEGRO.8.JPG'><img width=\"150\" height=\"150\" src=\"https:\/\/www.visit-ulcinj.com\/blog\/wp-content\/uploads\/2009\/08\/AUTO-CAMP-TROPICANA-ULCINJ-MONTENEGRO.8-150x150.jpg\" class=\"attachment-thumbnail size-thumbnail\" alt=\"\" loading=\"lazy\" \/><\/a>\n\t\t\t<\/dt><\/dl><dl class='gallery-item'>\n\t\t\t<dt class='gallery-icon landscape'>\n\t\t\t\t<a href='https:\/\/www.visit-ulcinj.com\/blog\/wp-content\/uploads\/2009\/08\/AUTO-CAMP-TROPICANA-ULCINJ-MONTENEGRO.9.JPG'><img width=\"150\" height=\"150\" src=\"https:\/\/www.visit-ulcinj.com\/blog\/wp-content\/uploads\/2009\/08\/AUTO-CAMP-TROPICANA-ULCINJ-MONTENEGRO.9-150x150.jpg\" class=\"attachment-thumbnail size-thumbnail\" alt=\"\" loading=\"lazy\" \/><\/a>\n\t\t\t<\/dt><\/dl><dl class='gallery-item'>\n\t\t\t<dt class='gallery-icon landscape'>\n\t\t\t\t<a href='https:\/\/www.visit-ulcinj.com\/blog\/wp-content\/uploads\/2009\/08\/AUTO-CAMP-TROPICANA-ULCINJ-MONTENEGRO.13.JPG'><img width=\"150\" height=\"150\" src=\"https:\/\/www.visit-ulcinj.com\/blog\/wp-content\/uploads\/2009\/08\/AUTO-CAMP-TROPICANA-ULCINJ-MONTENEGRO.13-150x150.jpg\" class=\"attachment-thumbnail size-thumbnail\" alt=\"\" loading=\"lazy\" \/><\/a>\n\t\t\t<\/dt><\/dl><br style=\"clear: both\" \/><dl class='gallery-item'>\n\t\t\t<dt class='gallery-icon landscape'>\n\t\t\t\t<a href='https:\/\/www.visit-ulcinj.com\/blog\/wp-content\/uploads\/2009\/08\/AUTO-CAMP-TROPICANA-ULCINJ-MONTENEGRO.14.JPG'><img width=\"150\" height=\"150\" src=\"https:\/\/www.visit-ulcinj.com\/blog\/wp-content\/uploads\/2009\/08\/AUTO-CAMP-TROPICANA-ULCINJ-MONTENEGRO.14-150x150.jpg\" class=\"attachment-thumbnail size-thumbnail\" alt=\"\" loading=\"lazy\" \/><\/a>\n\t\t\t<\/dt><\/dl><dl class='gallery-item'>\n\t\t\t<dt class='gallery-icon landscape'>\n\t\t\t\t<a href='https:\/\/www.visit-ulcinj.com\/blog\/wp-content\/uploads\/2009\/08\/AUTO-CAMP-TROPICANA-ULCINJ-MONTENEGRO.15.JPG'><img width=\"150\" height=\"150\" src=\"https:\/\/www.visit-ulcinj.com\/blog\/wp-content\/uploads\/2009\/08\/AUTO-CAMP-TROPICANA-ULCINJ-MONTENEGRO.15-150x150.jpg\" class=\"attachment-thumbnail size-thumbnail\" alt=\"\" loading=\"lazy\" \/><\/a>\n\t\t\t<\/dt><\/dl><dl class='gallery-item'>\n\t\t\t<dt class='gallery-icon landscape'>\n\t\t\t\t<a href='https:\/\/www.visit-ulcinj.com\/blog\/wp-content\/uploads\/2009\/08\/AUTO-CAMP-TROPICANA-ULCINJ-MONTENEGRO.16.JPG'><img width=\"150\" height=\"150\" src=\"https:\/\/www.visit-ulcinj.com\/blog\/wp-content\/uploads\/2009\/08\/AUTO-CAMP-TROPICANA-ULCINJ-MONTENEGRO.16-150x150.jpg\" class=\"attachment-thumbnail size-thumbnail\" alt=\"\" loading=\"lazy\" \/><\/a>\n\t\t\t<\/dt><\/dl><br style=\"clear: both\" \/><dl class='gallery-item'>\n\t\t\t<dt class='gallery-icon landscape'>\n\t\t\t\t<a href='https:\/\/www.visit-ulcinj.com\/blog\/wp-content\/uploads\/2009\/08\/AUTO-CAMP-TROPICANA-ULCINJ-MONTENEGRO.17.JPG'><img width=\"150\" height=\"150\" src=\"https:\/\/www.visit-ulcinj.com\/blog\/wp-content\/uploads\/2009\/08\/AUTO-CAMP-TROPICANA-ULCINJ-MONTENEGRO.17-150x150.jpg\" class=\"attachment-thumbnail size-thumbnail\" alt=\"\" loading=\"lazy\" \/><\/a>\n\t\t\t<\/dt><\/dl><dl class='gallery-item'>\n\t\t\t<dt class='gallery-icon landscape'>\n\t\t\t\t<a href='https:\/\/www.visit-ulcinj.com\/blog\/wp-content\/uploads\/2009\/08\/AUTO-CAMP-TROPICANA-ULCINJ-MONTENEGRO.18.JPG'><img width=\"150\" height=\"150\" src=\"https:\/\/www.visit-ulcinj.com\/blog\/wp-content\/uploads\/2009\/08\/AUTO-CAMP-TROPICANA-ULCINJ-MONTENEGRO.18-150x150.jpg\" class=\"attachment-thumbnail size-thumbnail\" alt=\"\" loading=\"lazy\" \/><\/a>\n\t\t\t<\/dt><\/dl><dl class='gallery-item'>\n\t\t\t<dt class='gallery-icon landscape'>\n\t\t\t\t<a href='https:\/\/www.visit-ulcinj.com\/blog\/wp-content\/uploads\/2009\/08\/AUTO-CAMP-TROPICANA-ULCINJ-MONTENEGRO.21.JPG'><img width=\"150\" height=\"150\" src=\"https:\/\/www.visit-ulcinj.com\/blog\/wp-content\/uploads\/2009\/08\/AUTO-CAMP-TROPICANA-ULCINJ-MONTENEGRO.21-150x150.jpg\" class=\"attachment-thumbnail size-thumbnail\" alt=\"\" loading=\"lazy\" \/><\/a>\n\t\t\t<\/dt><\/dl><br style=\"clear: both\" \/><dl class='gallery-item'>\n\t\t\t<dt class='gallery-icon landscape'>\n\t\t\t\t<a href='https:\/\/www.visit-ulcinj.com\/blog\/wp-content\/uploads\/2009\/08\/AUTO-CAMP-TROPICANA-ULCINJ-MONTENEGRO.22.JPG'><img width=\"150\" height=\"150\" src=\"https:\/\/www.visit-ulcinj.com\/blog\/wp-content\/uploads\/2009\/08\/AUTO-CAMP-TROPICANA-ULCINJ-MONTENEGRO.22-150x150.jpg\" class=\"attachment-thumbnail size-thumbnail\" alt=\"\" loading=\"lazy\" \/><\/a>\n\t\t\t<\/dt><\/dl><dl class='gallery-item'>\n\t\t\t<dt class='gallery-icon landscape'>\n\t\t\t\t<a href='https:\/\/www.visit-ulcinj.com\/blog\/wp-content\/uploads\/2009\/08\/AUTO-CAMP-TROPICANA-ULCINJ-MONTENEGRO.23.JPG'><img width=\"150\" height=\"150\" src=\"https:\/\/www.visit-ulcinj.com\/blog\/wp-content\/uploads\/2009\/08\/AUTO-CAMP-TROPICANA-ULCINJ-MONTENEGRO.23-150x150.jpg\" class=\"attachment-thumbnail size-thumbnail\" alt=\"\" loading=\"lazy\" \/><\/a>\n\t\t\t<\/dt><\/dl><dl class='gallery-item'>\n\t\t\t<dt class='gallery-icon landscape'>\n\t\t\t\t<a href='https:\/\/www.visit-ulcinj.com\/blog\/wp-content\/uploads\/2009\/08\/AUTO-CAMP-TROPICANA-ULCINJ-MONTENEGRO.24.JPG'><img width=\"150\" height=\"150\" src=\"https:\/\/www.visit-ulcinj.com\/blog\/wp-content\/uploads\/2009\/08\/AUTO-CAMP-TROPICANA-ULCINJ-MONTENEGRO.24-150x150.jpg\" class=\"attachment-thumbnail size-thumbnail\" alt=\"\" loading=\"lazy\" \/><\/a>\n\t\t\t<\/dt><\/dl><br style=\"clear: both\" \/>\n\t\t<\/div>\n\n<p><strong><br \/>\n<\/strong><!--YouTube Error: bad URL entered--><\/p>\n","protected":false},"excerpt":{"rendered":"<p>AUTO\u00a0 KAMP &#8211; TROPICANA &#8211; ULCINJ &#8211; MONTENEGRO Auto kamp Tropicana\u00a0 se nalazi na trecem kilometru Velike pla\u017ee, na putu za Adu Bojanu. Posjeduje\u00a0 kapacitete od 100 kamperskih jedinica, sa modernizovanim sanitarnim cvorom, prikljucke za struju, pojedinacno svaki prikljucak na elektro mre\u017eu. Kamp se nalazi na 20 metara od plaze, sa sopstvenim putem koji vodi [&hellip;]<\/p>\n","protected":false},"author":1,"featured_media":0,"comment_status":"open","ping_status":"closed","sticky":false,"template":"","format":"standard","meta":{"spay_email":"","jetpack_publicize_message":"","jetpack_is_tweetstorm":false,"jetpack_publicize_feature_enabled":true},"categories":[7679],"tags":[4032,11852,11829,11825,11828,11823,11832,11831,11824,11818,11817,11826,11827,11822,11809,11806,11813,12166,12165,11808,20,11807,1398,11844,11855,11846,11812,11811,11810,11837,10343,11814,11835,11841,11845,11840,11838,11839,10345,11851,11821,11830,11833,11819,11579,11836,11853,11815,11816,11849,11820,11843,22009,11842,11847,11834,19,11848,11850,11854],"jetpack_publicize_connections":[],"yoast_head":"<!-- This site is optimized with the Yoast SEO plugin v19.1 - https:\/\/yoast.com\/wordpress\/plugins\/seo\/ -->\n<title>Auto kamp - Tropicana - Ulcinj - Crna Gora - Lajme nga Ulqini<\/title>\n<meta name=\"description\" content=\"AUTO\u00a0 KAMP - TROPICANA - ULCINJ - MONTENEGRO Auto kamp Tropicana\u00a0 se nalazi na trecem kilometru Velike pla\u017ee, na putu za Adu Bojanu. Posjeduje\u00a0 kapacitete\" \/>\n<meta name=\"robots\" content=\"index, follow, max-snippet:-1, max-image-preview:large, max-video-preview:-1\" \/>\n<link rel=\"canonical\" href=\"https:\/\/www.visit-ulcinj.com\/blog\/2009\/08\/03\/auto-camp-tropicana-ulcinj-montenegro\/\" \/>\n<meta property=\"og:locale\" content=\"en_US\" \/>\n<meta property=\"og:type\" content=\"article\" \/>\n<meta property=\"og:title\" content=\"Auto kamp - Tropicana - Ulcinj - Crna Gora - Lajme nga Ulqini\" \/>\n<meta property=\"og:description\" content=\"AUTO\u00a0 KAMP - TROPICANA - ULCINJ - MONTENEGRO Auto kamp Tropicana\u00a0 se nalazi na trecem kilometru Velike pla\u017ee, na putu za Adu Bojanu. Posjeduje\u00a0 kapacitete\" \/>\n<meta property=\"og:url\" content=\"https:\/\/www.visit-ulcinj.com\/blog\/2009\/08\/03\/auto-camp-tropicana-ulcinj-montenegro\/\" \/>\n<meta property=\"og:site_name\" content=\"Lajme nga Ulqini\" \/>\n<meta property=\"article:published_time\" content=\"2009-08-03T09:49:36+00:00\" \/>\n<meta property=\"article:modified_time\" content=\"2016-03-21T22:03:29+00:00\" \/>\n<meta property=\"og:image\" content=\"https:\/\/www.visit-ulcinj.com\/blog\/wp-content\/uploads\/2009\/08\/AUTO-CAMP-TROPICANA-ULCINJ-MONTENEGRO-150x150.jpg\" \/>\n<meta name=\"twitter:label1\" content=\"Written by\" \/>\n\t<meta name=\"twitter:data1\" content=\"ulqini\" \/>\n\t<meta name=\"twitter:label2\" content=\"Est. reading time\" \/>\n\t<meta name=\"twitter:data2\" content=\"3 minutes\" \/>\n<script type=\"application\/ld+json\" class=\"yoast-schema-graph\">{\"@context\":\"https:\/\/schema.org\",\"@graph\":[{\"@type\":\"WebSite\",\"@id\":\"https:\/\/www.visit-ulcinj.com\/blog\/#website\",\"url\":\"https:\/\/www.visit-ulcinj.com\/blog\/\",\"name\":\"Lajme nga Ulqini\",\"description\":\"Lajme,Vijesti,Ulqini,Ulqin,Crna Gora,Mali i Zi\",\"potentialAction\":[{\"@type\":\"SearchAction\",\"target\":{\"@type\":\"EntryPoint\",\"urlTemplate\":\"https:\/\/www.visit-ulcinj.com\/blog\/?s={search_term_string}\"},\"query-input\":\"required name=search_term_string\"}],\"inLanguage\":\"en-US\"},{\"@type\":\"ImageObject\",\"inLanguage\":\"en-US\",\"@id\":\"https:\/\/www.visit-ulcinj.com\/blog\/2009\/08\/03\/auto-camp-tropicana-ulcinj-montenegro\/#primaryimage\",\"url\":\"https:\/\/www.visit-ulcinj.com\/blog\/wp-content\/uploads\/2009\/08\/AUTO-CAMP-TROPICANA-ULCINJ-MONTENEGRO.jpg\",\"contentUrl\":\"https:\/\/www.visit-ulcinj.com\/blog\/wp-content\/uploads\/2009\/08\/AUTO-CAMP-TROPICANA-ULCINJ-MONTENEGRO.jpg\",\"width\":\"800\",\"height\":\"600\"},{\"@type\":\"WebPage\",\"@id\":\"https:\/\/www.visit-ulcinj.com\/blog\/2009\/08\/03\/auto-camp-tropicana-ulcinj-montenegro\/#webpage\",\"url\":\"https:\/\/www.visit-ulcinj.com\/blog\/2009\/08\/03\/auto-camp-tropicana-ulcinj-montenegro\/\",\"name\":\"Auto kamp - Tropicana - Ulcinj - Crna Gora - Lajme nga Ulqini\",\"isPartOf\":{\"@id\":\"https:\/\/www.visit-ulcinj.com\/blog\/#website\"},\"primaryImageOfPage\":{\"@id\":\"https:\/\/www.visit-ulcinj.com\/blog\/2009\/08\/03\/auto-camp-tropicana-ulcinj-montenegro\/#primaryimage\"},\"datePublished\":\"2009-08-03T09:49:36+00:00\",\"dateModified\":\"2016-03-21T22:03:29+00:00\",\"author\":{\"@id\":\"https:\/\/www.visit-ulcinj.com\/blog\/#\/schema\/person\/dcab619c614d3038751c63bc2aadc06d\"},\"description\":\"AUTO\u00a0 KAMP - TROPICANA - ULCINJ - MONTENEGRO Auto kamp Tropicana\u00a0 se nalazi na trecem kilometru Velike pla\u017ee, na putu za Adu Bojanu. Posjeduje\u00a0 kapacitete\",\"breadcrumb\":{\"@id\":\"https:\/\/www.visit-ulcinj.com\/blog\/2009\/08\/03\/auto-camp-tropicana-ulcinj-montenegro\/#breadcrumb\"},\"inLanguage\":\"en-US\",\"potentialAction\":[{\"@type\":\"ReadAction\",\"target\":[\"https:\/\/www.visit-ulcinj.com\/blog\/2009\/08\/03\/auto-camp-tropicana-ulcinj-montenegro\/\"]}]},{\"@type\":\"BreadcrumbList\",\"@id\":\"https:\/\/www.visit-ulcinj.com\/blog\/2009\/08\/03\/auto-camp-tropicana-ulcinj-montenegro\/#breadcrumb\",\"itemListElement\":[{\"@type\":\"ListItem\",\"position\":1,\"name\":\"Auto kamp &#8211; Tropicana &#8211; Ulcinj &#8211; Crna Gora\"}]},{\"@type\":\"Person\",\"@id\":\"https:\/\/www.visit-ulcinj.com\/blog\/#\/schema\/person\/dcab619c614d3038751c63bc2aadc06d\",\"name\":\"ulqini\",\"sameAs\":[\"http:\/\/www.visit-ulcinj.com\"],\"url\":\"https:\/\/www.visit-ulcinj.com\/blog\/author\/admin\/\"}]}<\/script>\n<!-- \/ Yoast SEO plugin. -->","yoast_head_json":{"title":"Auto kamp - Tropicana - Ulcinj - Crna Gora - Lajme nga Ulqini","description":"AUTO\u00a0 KAMP - TROPICANA - ULCINJ - MONTENEGRO Auto kamp Tropicana\u00a0 se nalazi na trecem kilometru Velike pla\u017ee, na putu za Adu Bojanu. Posjeduje\u00a0 kapacitete","robots":{"index":"index","follow":"follow","max-snippet":"max-snippet:-1","max-image-preview":"max-image-preview:large","max-video-preview":"max-video-preview:-1"},"canonical":"https:\/\/www.visit-ulcinj.com\/blog\/2009\/08\/03\/auto-camp-tropicana-ulcinj-montenegro\/","og_locale":"en_US","og_type":"article","og_title":"Auto kamp - Tropicana - Ulcinj - Crna Gora - Lajme nga Ulqini","og_description":"AUTO\u00a0 KAMP - TROPICANA - ULCINJ - MONTENEGRO Auto kamp Tropicana\u00a0 se nalazi na trecem kilometru Velike pla\u017ee, na putu za Adu Bojanu. Posjeduje\u00a0 kapacitete","og_url":"https:\/\/www.visit-ulcinj.com\/blog\/2009\/08\/03\/auto-camp-tropicana-ulcinj-montenegro\/","og_site_name":"Lajme nga Ulqini","article_published_time":"2009-08-03T09:49:36+00:00","article_modified_time":"2016-03-21T22:03:29+00:00","og_image":[{"url":"https:\/\/www.visit-ulcinj.com\/blog\/wp-content\/uploads\/2009\/08\/AUTO-CAMP-TROPICANA-ULCINJ-MONTENEGRO-150x150.jpg"}],"twitter_misc":{"Written by":"ulqini","Est. reading time":"3 minutes"},"schema":{"@context":"https:\/\/schema.org","@graph":[{"@type":"WebSite","@id":"https:\/\/www.visit-ulcinj.com\/blog\/#website","url":"https:\/\/www.visit-ulcinj.com\/blog\/","name":"Lajme nga Ulqini","description":"Lajme,Vijesti,Ulqini,Ulqin,Crna Gora,Mali i Zi","potentialAction":[{"@type":"SearchAction","target":{"@type":"EntryPoint","urlTemplate":"https:\/\/www.visit-ulcinj.com\/blog\/?s={search_term_string}"},"query-input":"required name=search_term_string"}],"inLanguage":"en-US"},{"@type":"ImageObject","inLanguage":"en-US","@id":"https:\/\/www.visit-ulcinj.com\/blog\/2009\/08\/03\/auto-camp-tropicana-ulcinj-montenegro\/#primaryimage","url":"https:\/\/www.visit-ulcinj.com\/blog\/wp-content\/uploads\/2009\/08\/AUTO-CAMP-TROPICANA-ULCINJ-MONTENEGRO.jpg","contentUrl":"https:\/\/www.visit-ulcinj.com\/blog\/wp-content\/uploads\/2009\/08\/AUTO-CAMP-TROPICANA-ULCINJ-MONTENEGRO.jpg","width":"800","height":"600"},{"@type":"WebPage","@id":"https:\/\/www.visit-ulcinj.com\/blog\/2009\/08\/03\/auto-camp-tropicana-ulcinj-montenegro\/#webpage","url":"https:\/\/www.visit-ulcinj.com\/blog\/2009\/08\/03\/auto-camp-tropicana-ulcinj-montenegro\/","name":"Auto kamp - Tropicana - Ulcinj - Crna Gora - Lajme nga Ulqini","isPartOf":{"@id":"https:\/\/www.visit-ulcinj.com\/blog\/#website"},"primaryImageOfPage":{"@id":"https:\/\/www.visit-ulcinj.com\/blog\/2009\/08\/03\/auto-camp-tropicana-ulcinj-montenegro\/#primaryimage"},"datePublished":"2009-08-03T09:49:36+00:00","dateModified":"2016-03-21T22:03:29+00:00","author":{"@id":"https:\/\/www.visit-ulcinj.com\/blog\/#\/schema\/person\/dcab619c614d3038751c63bc2aadc06d"},"description":"AUTO\u00a0 KAMP - TROPICANA - ULCINJ - MONTENEGRO Auto kamp Tropicana\u00a0 se nalazi na trecem kilometru Velike pla\u017ee, na putu za Adu Bojanu. Posjeduje\u00a0 kapacitete","breadcrumb":{"@id":"https:\/\/www.visit-ulcinj.com\/blog\/2009\/08\/03\/auto-camp-tropicana-ulcinj-montenegro\/#breadcrumb"},"inLanguage":"en-US","potentialAction":[{"@type":"ReadAction","target":["https:\/\/www.visit-ulcinj.com\/blog\/2009\/08\/03\/auto-camp-tropicana-ulcinj-montenegro\/"]}]},{"@type":"BreadcrumbList","@id":"https:\/\/www.visit-ulcinj.com\/blog\/2009\/08\/03\/auto-camp-tropicana-ulcinj-montenegro\/#breadcrumb","itemListElement":[{"@type":"ListItem","position":1,"name":"Auto kamp &#8211; Tropicana &#8211; Ulcinj &#8211; Crna Gora"}]},{"@type":"Person","@id":"https:\/\/www.visit-ulcinj.com\/blog\/#\/schema\/person\/dcab619c614d3038751c63bc2aadc06d","name":"ulqini","sameAs":["http:\/\/www.visit-ulcinj.com"],"url":"https:\/\/www.visit-ulcinj.com\/blog\/author\/admin\/"}]}},"jetpack_featured_media_url":"","jetpack_sharing_enabled":true,"jetpack_shortlink":"https:\/\/wp.me\/pe6lTn-6g5","_links":{"self":[{"href":"https:\/\/www.visit-ulcinj.com\/blog\/wp-json\/wp\/v2\/posts\/24061"}],"collection":[{"href":"https:\/\/www.visit-ulcinj.com\/blog\/wp-json\/wp\/v2\/posts"}],"about":[{"href":"https:\/\/www.visit-ulcinj.com\/blog\/wp-json\/wp\/v2\/types\/post"}],"author":[{"embeddable":true,"href":"https:\/\/www.visit-ulcinj.com\/blog\/wp-json\/wp\/v2\/users\/1"}],"replies":[{"embeddable":true,"href":"https:\/\/www.visit-ulcinj.com\/blog\/wp-json\/wp\/v2\/comments?post=24061"}],"version-history":[{"count":4,"href":"https:\/\/www.visit-ulcinj.com\/blog\/wp-json\/wp\/v2\/posts\/24061\/revisions"}],"predecessor-version":[{"id":95444,"href":"https:\/\/www.visit-ulcinj.com\/blog\/wp-json\/wp\/v2\/posts\/24061\/revisions\/95444"}],"wp:attachment":[{"href":"https:\/\/www.visit-ulcinj.com\/blog\/wp-json\/wp\/v2\/media?parent=24061"}],"wp:term":[{"taxonomy":"category","embeddable":true,"href":"https:\/\/www.visit-ulcinj.com\/blog\/wp-json\/wp\/v2\/categories?post=24061"},{"taxonomy":"post_tag","embeddable":true,"href":"https:\/\/www.visit-ulcinj.com\/blog\/wp-json\/wp\/v2\/tags?post=24061"}],"curies":[{"name":"wp","href":"https:\/\/api.w.org\/{rel}","templated":true}]}}