{"id":24101,"date":"2009-08-03T18:47:27","date_gmt":"2009-08-03T16:47:27","guid":{"rendered":"http:\/\/www.visit-ulcinj.com\/blog\/?p=24101"},"modified":"2023-04-01T13:42:59","modified_gmt":"2023-04-01T12:42:59","slug":"u-ulcinjuzenska-plaza-hit-leta","status":"publish","type":"post","link":"https:\/\/www.visit-ulcinj.com\/blog\/2009\/08\/03\/u-ulcinjuzenska-plaza-hit-leta\/","title":{"rendered":"U Ulcinju\u201e\u017denska pla\u017ea\u201d hit leta"},"content":{"rendered":"<p><a href=\"http:\/\/www.visit-ulcinj.com\/blog\/wp-content\/uploads\/2009\/08\/zenska-plaza-ulcinj1.jpg\"><img loading=\"lazy\" class=\"alignleft size-full wp-image-24102\" title=\"zenska-plaza-ulcinj1\" src=\"http:\/\/www.visit-ulcinj.com\/blog\/wp-content\/uploads\/2009\/08\/zenska-plaza-ulcinj1.jpg\" alt=\"zenska-plaza-ulcinj1\" width=\"580\" height=\"400\" \/><\/a><strong>Mobil: Viber + Whatsapp: +382 69 335 534\u00a0 : +382 69 335 512<\/strong><\/p>\n<p>Ulcinj \u2013 \u201eTamo gde se reka Bojana i Jadransko more sastaju u strasnom zagrljaju, gde stari grad kao usidreni brod vi\u0161e od dva milenijuma prkosi talasima, a stoletne masline skrivaju nevinost doline mira \u2013 Valdanosa, kao i uvale Kru?e u kojoj je mir nalazio i Justinijan, gde je more ?isto kao suza, sa pla\u017eama od najfinijeg peska, gde su nudisti?ki raj Ada i mrtvi grad \u0160as sa ostacima 365 crkava \u2013 sme\u0161ten je Ulcinj.\u201d Ovako Ulcinjani pozivaju turiste u goste. Ali, ove godine, kao da ih uzalud zovu.<br \/>\n\u2013 I golim okom se moglo videti da je turista sve do 15. jula bilo mnogo manje nego minulih godina. Nije bilo, kao nekad, velikih gu\u017evi na pla\u017eama, na ulicama, u restoranima, u prodavnicama&#8230; U poslednja dva-tri dana do\u0161lo je dosta autobusa i privatnih vozila, uglavnom sa Kosova. Istina, ovde je oduvek bilo te\u0161ko utvrditi koliko ima gostiju i koliko je kreveta u privatnom sme\u0161taju, ka\u017ee nam Aleksandar Janinovi?, dugogodi\u0161nji ulcinjski novinar, sada penzioner.<br \/>\nUlcinjska morska obala duga?ka je 33 kilometara, od ?ega pla\u017eama pripada ?ak 18 kilometara. Najpoznatija je Velika pla\u017ea, ali su atraktivnije male pla\u017ee du\u017e borove \u0161ume, izme?u hotela \u201eAlbatros\u201d i \u201eGaleb\u201d.<br \/>\nTu je i pla\u017ea na koju godinama dolaze samo \u017eene, zbog ?ega je nazvana \u201e\u017denska pla\u017ea\u201d. U moru pored nje izvire sumporna voda, koja poma\u017ee, ka\u017eu ginekolozi, u le?enju steriliteta. I ove godine \u201e\u017eenska pla\u017ea\u201d je puna. \u017dene dolaze iz raznih krajeva, iz okru\u017eenja, ali i iz evropskih zemalja. Nekada je najvi\u0161e bilo Nemica, a najmanje \u017eena sa Kosova i Metohije, iako su one ovde najbrojniji gosti. Na \u201e\u017eenskoj pla\u017ei\u201d voda je prvi put ispitana pre vi\u0161e od osam decenija i jo\u0161 tada je ukazano na njena delotvorna dejstva.<br \/>\n\u2013 Sumporna pla\u017ea nalazi se u uvali, u sredi\u0161tu borove \u0161ume \u0161to predstavlja dobar ambijent za le?enje bolesti steriliteta, ali i probavnog trakta i disajnih organa, prirodnim faktorima. Sumporna voda izvire u pli?aku. Talasi ?iste morske vode, u sadejstvu sa sumpornom vodom, stvaraju idealne mikromolekule i makromolekule pogodne za prirodnu aerosol terapiju, obja\u0161njava primarijus dr Gani Karamanaga i dodaje da ginekolozi tvrde da ima napretka posle sun?anja i kupanja u sumpornoj vodi, naravno, uz medicinski tretman.<\/p>\n<p>Po\u017eeljno je da nerotkinja do?e rano, u osvit zore, na \u201e\u017eensku pla\u017eu\u201d, sun?a se i kupa potpuno naga. Od maja do oktobra, pla\u017eu isklju?ivo koriste \u017eene. Zaklonjena je borovom \u0161umom pa se ne vidi odozgo, sa \u0161etali\u0161ne staze. Pla\u017ea je ve?im delom \u0161ljunkovita. Ulcinjani \u201es kolena na koleno\u201d po\u0161tuju intimu \u201e\u017eenske pla\u017ee\u201d.<br \/>\nNa pla\u017eu dolaze uglavnom \u017eene zbog ginekolo\u0161kih problema, ali i druge koje vole taj slobodni \u017eenski kutak, bez znati\u017eeljnog mu\u0161kog oka.<\/p>\n<p><strong>Milan Vujovi?<br \/>\n<a href=\"http:\/\/www.politika.rs\/rubrike\/exyu\/Zenska-plaza-hit-leta.lt.html\" target=\"_blank\" rel=\"noopener\">Politika<\/a><\/strong><\/p>\n\n\t\t<style type=\"text\/css\">\n\t\t\t#gallery-1 {\n\t\t\t\tmargin: auto;\n\t\t\t}\n\t\t\t#gallery-1 .gallery-item {\n\t\t\t\tfloat: left;\n\t\t\t\tmargin-top: 10px;\n\t\t\t\ttext-align: center;\n\t\t\t\twidth: 33%;\n\t\t\t}\n\t\t\t#gallery-1 img {\n\t\t\t\tborder: 2px solid #cfcfcf;\n\t\t\t}\n\t\t\t#gallery-1 .gallery-caption {\n\t\t\t\tmargin-left: 0;\n\t\t\t}\n\t\t\t\/* see gallery_shortcode() in wp-includes\/media.php *\/\n\t\t<\/style>\n\t\t<div id='gallery-1' class='gallery galleryid-24101 gallery-columns-3 gallery-size-thumbnail'><dl class='gallery-item'>\n\t\t\t<dt class='gallery-icon landscape'>\n\t\t\t\t<a href='https:\/\/www.visit-ulcinj.com\/blog\/wp-content\/uploads\/2009\/08\/zenska-plaza-ulcinj1.jpg'><img width=\"150\" height=\"150\" src=\"https:\/\/www.visit-ulcinj.com\/blog\/wp-content\/uploads\/2009\/08\/zenska-plaza-ulcinj1-150x150.jpg\" class=\"attachment-thumbnail size-thumbnail\" alt=\"\" loading=\"lazy\" \/><\/a>\n\t\t\t<\/dt><\/dl><dl class='gallery-item'>\n\t\t\t<dt class='gallery-icon landscape'>\n\t\t\t\t<a href='https:\/\/www.visit-ulcinj.com\/blog\/wp-content\/uploads\/2009\/08\/zenska-plaza-ulcinj.jpg'><img width=\"150\" height=\"150\" src=\"https:\/\/www.visit-ulcinj.com\/blog\/wp-content\/uploads\/2009\/08\/zenska-plaza-ulcinj-150x150.jpg\" class=\"attachment-thumbnail size-thumbnail\" alt=\"\" loading=\"lazy\" \/><\/a>\n\t\t\t<\/dt><\/dl><dl class='gallery-item'>\n\t\t\t<dt class='gallery-icon landscape'>\n\t\t\t\t<a href='https:\/\/www.visit-ulcinj.com\/blog\/wp-content\/uploads\/2009\/08\/zenska-plaza-ulcinj_1.jpg'><img width=\"150\" height=\"150\" src=\"https:\/\/www.visit-ulcinj.com\/blog\/wp-content\/uploads\/2009\/08\/zenska-plaza-ulcinj_1-150x150.jpg\" class=\"attachment-thumbnail size-thumbnail\" alt=\"\" loading=\"lazy\" \/><\/a>\n\t\t\t<\/dt><\/dl><br style=\"clear: both\" \/><dl class='gallery-item'>\n\t\t\t<dt class='gallery-icon landscape'>\n\t\t\t\t<a href='https:\/\/www.visit-ulcinj.com\/blog\/wp-content\/uploads\/2009\/08\/zenska-plaza-ulcinj_2.jpg'><img width=\"150\" height=\"150\" src=\"https:\/\/www.visit-ulcinj.com\/blog\/wp-content\/uploads\/2009\/08\/zenska-plaza-ulcinj_2-150x150.jpg\" class=\"attachment-thumbnail size-thumbnail\" alt=\"\" loading=\"lazy\" \/><\/a>\n\t\t\t<\/dt><\/dl><dl class='gallery-item'>\n\t\t\t<dt class='gallery-icon landscape'>\n\t\t\t\t<a href='https:\/\/www.visit-ulcinj.com\/blog\/wp-content\/uploads\/2009\/08\/zenska-plaza-ulcinj_3.jpg'><img width=\"150\" height=\"150\" src=\"https:\/\/www.visit-ulcinj.com\/blog\/wp-content\/uploads\/2009\/08\/zenska-plaza-ulcinj_3-150x150.jpg\" class=\"attachment-thumbnail size-thumbnail\" alt=\"\" loading=\"lazy\" \/><\/a>\n\t\t\t<\/dt><\/dl><dl class='gallery-item'>\n\t\t\t<dt class='gallery-icon landscape'>\n\t\t\t\t<a href='https:\/\/www.visit-ulcinj.com\/blog\/wp-content\/uploads\/2009\/08\/zenska-plaza-ulcinj_4.jpg'><img width=\"150\" height=\"150\" src=\"https:\/\/www.visit-ulcinj.com\/blog\/wp-content\/uploads\/2009\/08\/zenska-plaza-ulcinj_4-150x150.jpg\" class=\"attachment-thumbnail size-thumbnail\" alt=\"\" loading=\"lazy\" \/><\/a>\n\t\t\t<\/dt><\/dl><br style=\"clear: both\" \/><dl class='gallery-item'>\n\t\t\t<dt class='gallery-icon landscape'>\n\t\t\t\t<a href='https:\/\/www.visit-ulcinj.com\/blog\/wp-content\/uploads\/2009\/08\/zenska-plaza-ulcinj_5.jpg'><img width=\"150\" height=\"150\" src=\"https:\/\/www.visit-ulcinj.com\/blog\/wp-content\/uploads\/2009\/08\/zenska-plaza-ulcinj_5-150x150.jpg\" class=\"attachment-thumbnail size-thumbnail\" alt=\"\" loading=\"lazy\" \/><\/a>\n\t\t\t<\/dt><\/dl><dl class='gallery-item'>\n\t\t\t<dt class='gallery-icon landscape'>\n\t\t\t\t<a href='https:\/\/www.visit-ulcinj.com\/blog\/wp-content\/uploads\/2009\/08\/zenska-plaza-ulcinj_6.jpg'><img width=\"150\" height=\"150\" src=\"https:\/\/www.visit-ulcinj.com\/blog\/wp-content\/uploads\/2009\/08\/zenska-plaza-ulcinj_6-150x150.jpg\" class=\"attachment-thumbnail size-thumbnail\" alt=\"\" loading=\"lazy\" \/><\/a>\n\t\t\t<\/dt><\/dl><dl class='gallery-item'>\n\t\t\t<dt class='gallery-icon landscape'>\n\t\t\t\t<a href='https:\/\/www.visit-ulcinj.com\/blog\/wp-content\/uploads\/2009\/08\/Womens-Beach-Ulcinj.jpg'><img width=\"150\" height=\"150\" src=\"https:\/\/www.visit-ulcinj.com\/blog\/wp-content\/uploads\/2009\/08\/Womens-Beach-Ulcinj-150x150.jpg\" class=\"attachment-thumbnail size-thumbnail\" alt=\"\" loading=\"lazy\" \/><\/a>\n\t\t\t<\/dt><\/dl><br style=\"clear: both\" \/>\n\t\t<\/div>\n\n<p><strong>\u00a0<\/strong><\/p>\n<div><object width=\"580\" height=\"386\" classid=\"clsid:d27cdb6e-ae6d-11cf-96b8-444553540000\" codebase=\"http:\/\/download.macromedia.com\/pub\/shockwave\/cabs\/flash\/swflash.cab#version=6,0,40,0\"><param name=\"allowFullScreen\" value=\"true\" \/><param name=\"allowScriptAccess\" value=\"always\" \/><param name=\"src\" value=\"http:\/\/www.dailymotion.com\/swf\/xa1jp1_mcm-beach-ulcinj-ulqini-montenegro_travel&amp;autoPlay=1&amp;related=1\" \/><param name=\"allowfullscreen\" value=\"true\" \/><\/object><\/div>\n","protected":false},"excerpt":{"rendered":"<p>Mobil: Viber + Whatsapp: +382 69 335 534\u00a0 : +382 69 335 512 Ulcinj \u2013 \u201eTamo gde se reka Bojana i Jadransko more sastaju u strasnom zagrljaju, gde stari grad kao usidreni brod vi\u0161e od dva milenijuma prkosi talasima, a stoletne masline skrivaju nevinost doline mira \u2013 Valdanosa, kao i uvale Kru?e u kojoj je [&hellip;]<\/p>\n","protected":false},"author":1,"featured_media":0,"comment_status":"open","ping_status":"closed","sticky":false,"template":"","format":"standard","meta":{"spay_email":"","jetpack_publicize_message":"","jetpack_is_tweetstorm":false,"jetpack_publicize_feature_enabled":true},"categories":[15],"tags":[20,19,11856],"jetpack_publicize_connections":[],"yoast_head":"<!-- This site is optimized with the Yoast SEO plugin v19.1 - https:\/\/yoast.com\/wordpress\/plugins\/seo\/ -->\n<title>U Ulcinju\u201e\u017denska pla\u017ea\u201d hit leta - Lajme nga Ulqini<\/title>\n<meta name=\"description\" content=\"Mobil: Viber + Whatsapp: +382 69 335 534\u00a0 : +382 69 335 512 Ulcinj \u2013 \u201eTamo gde se reka Bojana i Jadransko more sastaju u strasnom zagrljaju, gde stari\" \/>\n<meta name=\"robots\" content=\"index, follow, max-snippet:-1, max-image-preview:large, max-video-preview:-1\" \/>\n<link rel=\"canonical\" href=\"https:\/\/www.visit-ulcinj.com\/blog\/2009\/08\/03\/u-ulcinjuzenska-plaza-hit-leta\/\" \/>\n<meta property=\"og:locale\" content=\"en_US\" \/>\n<meta property=\"og:type\" content=\"article\" \/>\n<meta property=\"og:title\" content=\"U Ulcinju\u201e\u017denska pla\u017ea\u201d hit leta - Lajme nga Ulqini\" \/>\n<meta property=\"og:description\" content=\"Mobil: Viber + Whatsapp: +382 69 335 534\u00a0 : +382 69 335 512 Ulcinj \u2013 \u201eTamo gde se reka Bojana i Jadransko more sastaju u strasnom zagrljaju, gde stari\" \/>\n<meta property=\"og:url\" content=\"https:\/\/www.visit-ulcinj.com\/blog\/2009\/08\/03\/u-ulcinjuzenska-plaza-hit-leta\/\" \/>\n<meta property=\"og:site_name\" content=\"Lajme nga Ulqini\" \/>\n<meta property=\"article:published_time\" content=\"2009-08-03T16:47:27+00:00\" \/>\n<meta property=\"article:modified_time\" content=\"2023-04-01T12:42:59+00:00\" \/>\n<meta property=\"og:image\" content=\"http:\/\/www.visit-ulcinj.com\/blog\/wp-content\/uploads\/2009\/08\/zenska-plaza-ulcinj1-150x150.jpg\" \/>\n<meta name=\"twitter:label1\" content=\"Written by\" \/>\n\t<meta name=\"twitter:data1\" content=\"ulqini\" \/>\n\t<meta name=\"twitter:label2\" content=\"Est. reading time\" \/>\n\t<meta name=\"twitter:data2\" content=\"3 minutes\" \/>\n<script type=\"application\/ld+json\" class=\"yoast-schema-graph\">{\"@context\":\"https:\/\/schema.org\",\"@graph\":[{\"@type\":\"WebSite\",\"@id\":\"https:\/\/www.visit-ulcinj.com\/blog\/#website\",\"url\":\"https:\/\/www.visit-ulcinj.com\/blog\/\",\"name\":\"Lajme nga Ulqini\",\"description\":\"Lajme,Vijesti,Ulqini,Ulqin,Crna Gora,Mali i Zi\",\"potentialAction\":[{\"@type\":\"SearchAction\",\"target\":{\"@type\":\"EntryPoint\",\"urlTemplate\":\"https:\/\/www.visit-ulcinj.com\/blog\/?s={search_term_string}\"},\"query-input\":\"required name=search_term_string\"}],\"inLanguage\":\"en-US\"},{\"@type\":\"ImageObject\",\"inLanguage\":\"en-US\",\"@id\":\"https:\/\/www.visit-ulcinj.com\/blog\/2009\/08\/03\/u-ulcinjuzenska-plaza-hit-leta\/#primaryimage\",\"url\":\"https:\/\/www.visit-ulcinj.com\/blog\/wp-content\/uploads\/2009\/08\/zenska-plaza-ulcinj1.jpg\",\"contentUrl\":\"https:\/\/www.visit-ulcinj.com\/blog\/wp-content\/uploads\/2009\/08\/zenska-plaza-ulcinj1.jpg\",\"width\":\"811\",\"height\":\"573\"},{\"@type\":\"WebPage\",\"@id\":\"https:\/\/www.visit-ulcinj.com\/blog\/2009\/08\/03\/u-ulcinjuzenska-plaza-hit-leta\/#webpage\",\"url\":\"https:\/\/www.visit-ulcinj.com\/blog\/2009\/08\/03\/u-ulcinjuzenska-plaza-hit-leta\/\",\"name\":\"U Ulcinju\u201e\u017denska pla\u017ea\u201d hit leta - Lajme nga Ulqini\",\"isPartOf\":{\"@id\":\"https:\/\/www.visit-ulcinj.com\/blog\/#website\"},\"primaryImageOfPage\":{\"@id\":\"https:\/\/www.visit-ulcinj.com\/blog\/2009\/08\/03\/u-ulcinjuzenska-plaza-hit-leta\/#primaryimage\"},\"datePublished\":\"2009-08-03T16:47:27+00:00\",\"dateModified\":\"2023-04-01T12:42:59+00:00\",\"author\":{\"@id\":\"https:\/\/www.visit-ulcinj.com\/blog\/#\/schema\/person\/dcab619c614d3038751c63bc2aadc06d\"},\"description\":\"Mobil: Viber + Whatsapp: +382 69 335 534\u00a0 : +382 69 335 512 Ulcinj \u2013 \u201eTamo gde se reka Bojana i Jadransko more sastaju u strasnom zagrljaju, gde stari\",\"breadcrumb\":{\"@id\":\"https:\/\/www.visit-ulcinj.com\/blog\/2009\/08\/03\/u-ulcinjuzenska-plaza-hit-leta\/#breadcrumb\"},\"inLanguage\":\"en-US\",\"potentialAction\":[{\"@type\":\"ReadAction\",\"target\":[\"https:\/\/www.visit-ulcinj.com\/blog\/2009\/08\/03\/u-ulcinjuzenska-plaza-hit-leta\/\"]}]},{\"@type\":\"BreadcrumbList\",\"@id\":\"https:\/\/www.visit-ulcinj.com\/blog\/2009\/08\/03\/u-ulcinjuzenska-plaza-hit-leta\/#breadcrumb\",\"itemListElement\":[{\"@type\":\"ListItem\",\"position\":1,\"name\":\"U Ulcinju\u201e\u017denska pla\u017ea\u201d hit leta\"}]},{\"@type\":\"Person\",\"@id\":\"https:\/\/www.visit-ulcinj.com\/blog\/#\/schema\/person\/dcab619c614d3038751c63bc2aadc06d\",\"name\":\"ulqini\",\"sameAs\":[\"http:\/\/www.visit-ulcinj.com\"],\"url\":\"https:\/\/www.visit-ulcinj.com\/blog\/author\/admin\/\"}]}<\/script>\n<!-- \/ Yoast SEO plugin. -->","yoast_head_json":{"title":"U Ulcinju\u201e\u017denska pla\u017ea\u201d hit leta - Lajme nga Ulqini","description":"Mobil: Viber + Whatsapp: +382 69 335 534\u00a0 : +382 69 335 512 Ulcinj \u2013 \u201eTamo gde se reka Bojana i Jadransko more sastaju u strasnom zagrljaju, gde stari","robots":{"index":"index","follow":"follow","max-snippet":"max-snippet:-1","max-image-preview":"max-image-preview:large","max-video-preview":"max-video-preview:-1"},"canonical":"https:\/\/www.visit-ulcinj.com\/blog\/2009\/08\/03\/u-ulcinjuzenska-plaza-hit-leta\/","og_locale":"en_US","og_type":"article","og_title":"U Ulcinju\u201e\u017denska pla\u017ea\u201d hit leta - Lajme nga Ulqini","og_description":"Mobil: Viber + Whatsapp: +382 69 335 534\u00a0 : +382 69 335 512 Ulcinj \u2013 \u201eTamo gde se reka Bojana i Jadransko more sastaju u strasnom zagrljaju, gde stari","og_url":"https:\/\/www.visit-ulcinj.com\/blog\/2009\/08\/03\/u-ulcinjuzenska-plaza-hit-leta\/","og_site_name":"Lajme nga Ulqini","article_published_time":"2009-08-03T16:47:27+00:00","article_modified_time":"2023-04-01T12:42:59+00:00","og_image":[{"url":"http:\/\/www.visit-ulcinj.com\/blog\/wp-content\/uploads\/2009\/08\/zenska-plaza-ulcinj1-150x150.jpg"}],"twitter_misc":{"Written by":"ulqini","Est. reading time":"3 minutes"},"schema":{"@context":"https:\/\/schema.org","@graph":[{"@type":"WebSite","@id":"https:\/\/www.visit-ulcinj.com\/blog\/#website","url":"https:\/\/www.visit-ulcinj.com\/blog\/","name":"Lajme nga Ulqini","description":"Lajme,Vijesti,Ulqini,Ulqin,Crna Gora,Mali i Zi","potentialAction":[{"@type":"SearchAction","target":{"@type":"EntryPoint","urlTemplate":"https:\/\/www.visit-ulcinj.com\/blog\/?s={search_term_string}"},"query-input":"required name=search_term_string"}],"inLanguage":"en-US"},{"@type":"ImageObject","inLanguage":"en-US","@id":"https:\/\/www.visit-ulcinj.com\/blog\/2009\/08\/03\/u-ulcinjuzenska-plaza-hit-leta\/#primaryimage","url":"https:\/\/www.visit-ulcinj.com\/blog\/wp-content\/uploads\/2009\/08\/zenska-plaza-ulcinj1.jpg","contentUrl":"https:\/\/www.visit-ulcinj.com\/blog\/wp-content\/uploads\/2009\/08\/zenska-plaza-ulcinj1.jpg","width":"811","height":"573"},{"@type":"WebPage","@id":"https:\/\/www.visit-ulcinj.com\/blog\/2009\/08\/03\/u-ulcinjuzenska-plaza-hit-leta\/#webpage","url":"https:\/\/www.visit-ulcinj.com\/blog\/2009\/08\/03\/u-ulcinjuzenska-plaza-hit-leta\/","name":"U Ulcinju\u201e\u017denska pla\u017ea\u201d hit leta - Lajme nga Ulqini","isPartOf":{"@id":"https:\/\/www.visit-ulcinj.com\/blog\/#website"},"primaryImageOfPage":{"@id":"https:\/\/www.visit-ulcinj.com\/blog\/2009\/08\/03\/u-ulcinjuzenska-plaza-hit-leta\/#primaryimage"},"datePublished":"2009-08-03T16:47:27+00:00","dateModified":"2023-04-01T12:42:59+00:00","author":{"@id":"https:\/\/www.visit-ulcinj.com\/blog\/#\/schema\/person\/dcab619c614d3038751c63bc2aadc06d"},"description":"Mobil: Viber + Whatsapp: +382 69 335 534\u00a0 : +382 69 335 512 Ulcinj \u2013 \u201eTamo gde se reka Bojana i Jadransko more sastaju u strasnom zagrljaju, gde stari","breadcrumb":{"@id":"https:\/\/www.visit-ulcinj.com\/blog\/2009\/08\/03\/u-ulcinjuzenska-plaza-hit-leta\/#breadcrumb"},"inLanguage":"en-US","potentialAction":[{"@type":"ReadAction","target":["https:\/\/www.visit-ulcinj.com\/blog\/2009\/08\/03\/u-ulcinjuzenska-plaza-hit-leta\/"]}]},{"@type":"BreadcrumbList","@id":"https:\/\/www.visit-ulcinj.com\/blog\/2009\/08\/03\/u-ulcinjuzenska-plaza-hit-leta\/#breadcrumb","itemListElement":[{"@type":"ListItem","position":1,"name":"U Ulcinju\u201e\u017denska pla\u017ea\u201d hit leta"}]},{"@type":"Person","@id":"https:\/\/www.visit-ulcinj.com\/blog\/#\/schema\/person\/dcab619c614d3038751c63bc2aadc06d","name":"ulqini","sameAs":["http:\/\/www.visit-ulcinj.com"],"url":"https:\/\/www.visit-ulcinj.com\/blog\/author\/admin\/"}]}},"jetpack_featured_media_url":"","jetpack_sharing_enabled":true,"jetpack_shortlink":"https:\/\/wp.me\/pe6lTn-6gJ","_links":{"self":[{"href":"https:\/\/www.visit-ulcinj.com\/blog\/wp-json\/wp\/v2\/posts\/24101"}],"collection":[{"href":"https:\/\/www.visit-ulcinj.com\/blog\/wp-json\/wp\/v2\/posts"}],"about":[{"href":"https:\/\/www.visit-ulcinj.com\/blog\/wp-json\/wp\/v2\/types\/post"}],"author":[{"embeddable":true,"href":"https:\/\/www.visit-ulcinj.com\/blog\/wp-json\/wp\/v2\/users\/1"}],"replies":[{"embeddable":true,"href":"https:\/\/www.visit-ulcinj.com\/blog\/wp-json\/wp\/v2\/comments?post=24101"}],"version-history":[{"count":1,"href":"https:\/\/www.visit-ulcinj.com\/blog\/wp-json\/wp\/v2\/posts\/24101\/revisions"}],"predecessor-version":[{"id":106918,"href":"https:\/\/www.visit-ulcinj.com\/blog\/wp-json\/wp\/v2\/posts\/24101\/revisions\/106918"}],"wp:attachment":[{"href":"https:\/\/www.visit-ulcinj.com\/blog\/wp-json\/wp\/v2\/media?parent=24101"}],"wp:term":[{"taxonomy":"category","embeddable":true,"href":"https:\/\/www.visit-ulcinj.com\/blog\/wp-json\/wp\/v2\/categories?post=24101"},{"taxonomy":"post_tag","embeddable":true,"href":"https:\/\/www.visit-ulcinj.com\/blog\/wp-json\/wp\/v2\/tags?post=24101"}],"curies":[{"name":"wp","href":"https:\/\/api.w.org\/{rel}","templated":true}]}}