{"id":24123,"date":"2009-08-03T20:35:10","date_gmt":"2009-08-03T18:35:10","guid":{"rendered":"http:\/\/www.visit-ulcinj.com\/blog\/?p=24123"},"modified":"2009-08-03T20:38:05","modified_gmt":"2009-08-03T18:38:05","slug":"ferhat-dinosa-zauzeo-tiranu-i-njujork","status":"publish","type":"post","link":"https:\/\/www.visit-ulcinj.com\/blog\/2009\/08\/03\/ferhat-dinosa-zauzeo-tiranu-i-njujork\/","title":{"rendered":"Ferhat Dino\u0161a zauzeo Tiranu i Njujork"},"content":{"rendered":"<p><a href=\"http:\/\/www.visit-ulcinj.com\/blog\/wp-content\/uploads\/2009\/08\/genci-nimanbegu_Forca_ulcinj.jpg\"><img loading=\"lazy\" class=\"alignleft size-full wp-image-24124\" title=\"genci nimanbegu_Forca_ulcinj\" src=\"http:\/\/www.visit-ulcinj.com\/blog\/wp-content\/uploads\/2009\/08\/genci-nimanbegu_Forca_ulcinj.jpg\" alt=\"genci nimanbegu_Forca_ulcinj\" width=\"216\" height=\"397\" srcset=\"https:\/\/www.visit-ulcinj.com\/blog\/wp-content\/uploads\/2009\/08\/genci-nimanbegu_Forca_ulcinj.jpg 300w, https:\/\/www.visit-ulcinj.com\/blog\/wp-content\/uploads\/2009\/08\/genci-nimanbegu_Forca_ulcinj-163x300.jpg 163w\" sizes=\"(max-width: 216px) 100vw, 216px\" \/><\/a>Nova demokratska snaga FORCA saop\u0161tila je ju?e da je dio zaposlenih u diplomatskim predstavni\u0161tvima Crne Gore u Tirani i Njujorku zaposlenje dobio zbog ?lanstva u Demokratskoj uniji Albanaca (DUA), na ?ijem ?elu je Ferhat Dino\u0161a.<br \/>\nDUA je u koaliciji ca Demokratskom partijom socijalista i SDP, a Dino\u0161a je trenutno na funkciji ministra za ljudska i manjinska prava, podsje?a Dan.<br \/>\nPoslanik albanske opozicione partije FORCA Genc Nimanbegu saop\u0161tio je Danu da su neki ?lanovi DUA na\u0161li uhljebljenje u diplomatskoj slu\u017ebi, a kao primjere je naveo ambasadu u prijestonici Albanije i konzulat u Sjedinjenim Ameri?kim Dr\u017eavama.<br \/>\n&#8221;Tra\u017eimo da se jednom kona?no prekine s praksom zapo\u0161ljavanja zalu\u017enih kadrova iz pojedinih politi?kih partija, a \u0161to je trend nekako posebno vi?en u crnogorskoj diplomatsko-konzularnoj mre\u017ei&#8221;, kazao je Nimanbegu.<\/p>\n<p><strong>Izvor \/ Dan<\/strong><\/p>\n","protected":false},"excerpt":{"rendered":"<p>Nova demokratska snaga FORCA saop\u0161tila je ju?e da je dio zaposlenih u diplomatskim predstavni\u0161tvima Crne Gore u Tirani i Njujorku zaposlenje dobio zbog ?lanstva u Demokratskoj uniji Albanaca (DUA), na ?ijem ?elu je Ferhat Dino\u0161a. DUA je u koaliciji ca Demokratskom partijom socijalista i SDP, a Dino\u0161a je trenutno na funkciji ministra za ljudska i [&hellip;]<\/p>\n","protected":false},"author":1,"featured_media":0,"comment_status":"open","ping_status":"closed","sticky":false,"template":"","format":"standard","meta":{"spay_email":"","jetpack_publicize_message":"","jetpack_is_tweetstorm":false,"jetpack_publicize_feature_enabled":true},"categories":[8337],"tags":[88,4666,11860],"jetpack_publicize_connections":[],"yoast_head":"<!-- This site is optimized with the Yoast SEO plugin v19.1 - https:\/\/yoast.com\/wordpress\/plugins\/seo\/ -->\n<title>Ferhat Dino\u0161a zauzeo Tiranu i Njujork - Lajme nga Ulqini<\/title>\n<meta name=\"description\" content=\"Nova demokratska snaga FORCA saop\u0161tila je ju?e da je dio zaposlenih u diplomatskim predstavni\u0161tvima Crne Gore u Tirani i Njujorku zaposlenje dobio zbog\" \/>\n<meta name=\"robots\" content=\"index, follow, max-snippet:-1, max-image-preview:large, max-video-preview:-1\" \/>\n<link rel=\"canonical\" href=\"https:\/\/www.visit-ulcinj.com\/blog\/2009\/08\/03\/ferhat-dinosa-zauzeo-tiranu-i-njujork\/\" \/>\n<meta property=\"og:locale\" content=\"en_US\" \/>\n<meta property=\"og:type\" content=\"article\" \/>\n<meta property=\"og:title\" content=\"Ferhat Dino\u0161a zauzeo Tiranu i Njujork - Lajme nga Ulqini\" \/>\n<meta property=\"og:description\" content=\"Nova demokratska snaga FORCA saop\u0161tila je ju?e da je dio zaposlenih u diplomatskim predstavni\u0161tvima Crne Gore u Tirani i Njujorku zaposlenje dobio zbog\" \/>\n<meta property=\"og:url\" content=\"https:\/\/www.visit-ulcinj.com\/blog\/2009\/08\/03\/ferhat-dinosa-zauzeo-tiranu-i-njujork\/\" \/>\n<meta property=\"og:site_name\" content=\"Lajme nga Ulqini\" \/>\n<meta property=\"article:published_time\" content=\"2009-08-03T18:35:10+00:00\" \/>\n<meta property=\"article:modified_time\" content=\"2009-08-03T18:38:05+00:00\" \/>\n<meta property=\"og:image\" content=\"http:\/\/www.visit-ulcinj.com\/blog\/wp-content\/uploads\/2009\/08\/genci-nimanbegu_Forca_ulcinj.jpg\" \/>\n<meta name=\"twitter:label1\" content=\"Written by\" \/>\n\t<meta name=\"twitter:data1\" content=\"ulqini\" \/>\n\t<meta name=\"twitter:label2\" content=\"Est. reading time\" \/>\n\t<meta name=\"twitter:data2\" content=\"1 minute\" \/>\n<script type=\"application\/ld+json\" class=\"yoast-schema-graph\">{\"@context\":\"https:\/\/schema.org\",\"@graph\":[{\"@type\":\"WebSite\",\"@id\":\"https:\/\/www.visit-ulcinj.com\/blog\/#website\",\"url\":\"https:\/\/www.visit-ulcinj.com\/blog\/\",\"name\":\"Lajme nga Ulqini\",\"description\":\"Lajme,Vijesti,Ulqini,Ulqin,Crna Gora,Mali i Zi\",\"potentialAction\":[{\"@type\":\"SearchAction\",\"target\":{\"@type\":\"EntryPoint\",\"urlTemplate\":\"https:\/\/www.visit-ulcinj.com\/blog\/?s={search_term_string}\"},\"query-input\":\"required name=search_term_string\"}],\"inLanguage\":\"en-US\"},{\"@type\":\"ImageObject\",\"inLanguage\":\"en-US\",\"@id\":\"https:\/\/www.visit-ulcinj.com\/blog\/2009\/08\/03\/ferhat-dinosa-zauzeo-tiranu-i-njujork\/#primaryimage\",\"url\":\"https:\/\/www.visit-ulcinj.com\/blog\/wp-content\/uploads\/2009\/08\/genci-nimanbegu_Forca_ulcinj.jpg\",\"contentUrl\":\"https:\/\/www.visit-ulcinj.com\/blog\/wp-content\/uploads\/2009\/08\/genci-nimanbegu_Forca_ulcinj.jpg\",\"width\":\"300\",\"height\":\"552\"},{\"@type\":\"WebPage\",\"@id\":\"https:\/\/www.visit-ulcinj.com\/blog\/2009\/08\/03\/ferhat-dinosa-zauzeo-tiranu-i-njujork\/#webpage\",\"url\":\"https:\/\/www.visit-ulcinj.com\/blog\/2009\/08\/03\/ferhat-dinosa-zauzeo-tiranu-i-njujork\/\",\"name\":\"Ferhat Dino\u0161a zauzeo Tiranu i Njujork - Lajme nga Ulqini\",\"isPartOf\":{\"@id\":\"https:\/\/www.visit-ulcinj.com\/blog\/#website\"},\"primaryImageOfPage\":{\"@id\":\"https:\/\/www.visit-ulcinj.com\/blog\/2009\/08\/03\/ferhat-dinosa-zauzeo-tiranu-i-njujork\/#primaryimage\"},\"datePublished\":\"2009-08-03T18:35:10+00:00\",\"dateModified\":\"2009-08-03T18:38:05+00:00\",\"author\":{\"@id\":\"https:\/\/www.visit-ulcinj.com\/blog\/#\/schema\/person\/dcab619c614d3038751c63bc2aadc06d\"},\"description\":\"Nova demokratska snaga FORCA saop\u0161tila je ju?e da je dio zaposlenih u diplomatskim predstavni\u0161tvima Crne Gore u Tirani i Njujorku zaposlenje dobio zbog\",\"breadcrumb\":{\"@id\":\"https:\/\/www.visit-ulcinj.com\/blog\/2009\/08\/03\/ferhat-dinosa-zauzeo-tiranu-i-njujork\/#breadcrumb\"},\"inLanguage\":\"en-US\",\"potentialAction\":[{\"@type\":\"ReadAction\",\"target\":[\"https:\/\/www.visit-ulcinj.com\/blog\/2009\/08\/03\/ferhat-dinosa-zauzeo-tiranu-i-njujork\/\"]}]},{\"@type\":\"BreadcrumbList\",\"@id\":\"https:\/\/www.visit-ulcinj.com\/blog\/2009\/08\/03\/ferhat-dinosa-zauzeo-tiranu-i-njujork\/#breadcrumb\",\"itemListElement\":[{\"@type\":\"ListItem\",\"position\":1,\"name\":\"Ferhat Dino\u0161a zauzeo Tiranu i Njujork\"}]},{\"@type\":\"Person\",\"@id\":\"https:\/\/www.visit-ulcinj.com\/blog\/#\/schema\/person\/dcab619c614d3038751c63bc2aadc06d\",\"name\":\"ulqini\",\"sameAs\":[\"http:\/\/www.visit-ulcinj.com\"],\"url\":\"https:\/\/www.visit-ulcinj.com\/blog\/author\/admin\/\"}]}<\/script>\n<!-- \/ Yoast SEO plugin. -->","yoast_head_json":{"title":"Ferhat Dino\u0161a zauzeo Tiranu i Njujork - Lajme nga Ulqini","description":"Nova demokratska snaga FORCA saop\u0161tila je ju?e da je dio zaposlenih u diplomatskim predstavni\u0161tvima Crne Gore u Tirani i Njujorku zaposlenje dobio zbog","robots":{"index":"index","follow":"follow","max-snippet":"max-snippet:-1","max-image-preview":"max-image-preview:large","max-video-preview":"max-video-preview:-1"},"canonical":"https:\/\/www.visit-ulcinj.com\/blog\/2009\/08\/03\/ferhat-dinosa-zauzeo-tiranu-i-njujork\/","og_locale":"en_US","og_type":"article","og_title":"Ferhat Dino\u0161a zauzeo Tiranu i Njujork - Lajme nga Ulqini","og_description":"Nova demokratska snaga FORCA saop\u0161tila je ju?e da je dio zaposlenih u diplomatskim predstavni\u0161tvima Crne Gore u Tirani i Njujorku zaposlenje dobio zbog","og_url":"https:\/\/www.visit-ulcinj.com\/blog\/2009\/08\/03\/ferhat-dinosa-zauzeo-tiranu-i-njujork\/","og_site_name":"Lajme nga Ulqini","article_published_time":"2009-08-03T18:35:10+00:00","article_modified_time":"2009-08-03T18:38:05+00:00","og_image":[{"url":"http:\/\/www.visit-ulcinj.com\/blog\/wp-content\/uploads\/2009\/08\/genci-nimanbegu_Forca_ulcinj.jpg"}],"twitter_misc":{"Written by":"ulqini","Est. reading time":"1 minute"},"schema":{"@context":"https:\/\/schema.org","@graph":[{"@type":"WebSite","@id":"https:\/\/www.visit-ulcinj.com\/blog\/#website","url":"https:\/\/www.visit-ulcinj.com\/blog\/","name":"Lajme nga Ulqini","description":"Lajme,Vijesti,Ulqini,Ulqin,Crna Gora,Mali i Zi","potentialAction":[{"@type":"SearchAction","target":{"@type":"EntryPoint","urlTemplate":"https:\/\/www.visit-ulcinj.com\/blog\/?s={search_term_string}"},"query-input":"required name=search_term_string"}],"inLanguage":"en-US"},{"@type":"ImageObject","inLanguage":"en-US","@id":"https:\/\/www.visit-ulcinj.com\/blog\/2009\/08\/03\/ferhat-dinosa-zauzeo-tiranu-i-njujork\/#primaryimage","url":"https:\/\/www.visit-ulcinj.com\/blog\/wp-content\/uploads\/2009\/08\/genci-nimanbegu_Forca_ulcinj.jpg","contentUrl":"https:\/\/www.visit-ulcinj.com\/blog\/wp-content\/uploads\/2009\/08\/genci-nimanbegu_Forca_ulcinj.jpg","width":"300","height":"552"},{"@type":"WebPage","@id":"https:\/\/www.visit-ulcinj.com\/blog\/2009\/08\/03\/ferhat-dinosa-zauzeo-tiranu-i-njujork\/#webpage","url":"https:\/\/www.visit-ulcinj.com\/blog\/2009\/08\/03\/ferhat-dinosa-zauzeo-tiranu-i-njujork\/","name":"Ferhat Dino\u0161a zauzeo Tiranu i Njujork - Lajme nga Ulqini","isPartOf":{"@id":"https:\/\/www.visit-ulcinj.com\/blog\/#website"},"primaryImageOfPage":{"@id":"https:\/\/www.visit-ulcinj.com\/blog\/2009\/08\/03\/ferhat-dinosa-zauzeo-tiranu-i-njujork\/#primaryimage"},"datePublished":"2009-08-03T18:35:10+00:00","dateModified":"2009-08-03T18:38:05+00:00","author":{"@id":"https:\/\/www.visit-ulcinj.com\/blog\/#\/schema\/person\/dcab619c614d3038751c63bc2aadc06d"},"description":"Nova demokratska snaga FORCA saop\u0161tila je ju?e da je dio zaposlenih u diplomatskim predstavni\u0161tvima Crne Gore u Tirani i Njujorku zaposlenje dobio zbog","breadcrumb":{"@id":"https:\/\/www.visit-ulcinj.com\/blog\/2009\/08\/03\/ferhat-dinosa-zauzeo-tiranu-i-njujork\/#breadcrumb"},"inLanguage":"en-US","potentialAction":[{"@type":"ReadAction","target":["https:\/\/www.visit-ulcinj.com\/blog\/2009\/08\/03\/ferhat-dinosa-zauzeo-tiranu-i-njujork\/"]}]},{"@type":"BreadcrumbList","@id":"https:\/\/www.visit-ulcinj.com\/blog\/2009\/08\/03\/ferhat-dinosa-zauzeo-tiranu-i-njujork\/#breadcrumb","itemListElement":[{"@type":"ListItem","position":1,"name":"Ferhat Dino\u0161a zauzeo Tiranu i Njujork"}]},{"@type":"Person","@id":"https:\/\/www.visit-ulcinj.com\/blog\/#\/schema\/person\/dcab619c614d3038751c63bc2aadc06d","name":"ulqini","sameAs":["http:\/\/www.visit-ulcinj.com"],"url":"https:\/\/www.visit-ulcinj.com\/blog\/author\/admin\/"}]}},"jetpack_featured_media_url":"","jetpack_sharing_enabled":true,"jetpack_shortlink":"https:\/\/wp.me\/pe6lTn-6h5","_links":{"self":[{"href":"https:\/\/www.visit-ulcinj.com\/blog\/wp-json\/wp\/v2\/posts\/24123"}],"collection":[{"href":"https:\/\/www.visit-ulcinj.com\/blog\/wp-json\/wp\/v2\/posts"}],"about":[{"href":"https:\/\/www.visit-ulcinj.com\/blog\/wp-json\/wp\/v2\/types\/post"}],"author":[{"embeddable":true,"href":"https:\/\/www.visit-ulcinj.com\/blog\/wp-json\/wp\/v2\/users\/1"}],"replies":[{"embeddable":true,"href":"https:\/\/www.visit-ulcinj.com\/blog\/wp-json\/wp\/v2\/comments?post=24123"}],"version-history":[{"count":0,"href":"https:\/\/www.visit-ulcinj.com\/blog\/wp-json\/wp\/v2\/posts\/24123\/revisions"}],"wp:attachment":[{"href":"https:\/\/www.visit-ulcinj.com\/blog\/wp-json\/wp\/v2\/media?parent=24123"}],"wp:term":[{"taxonomy":"category","embeddable":true,"href":"https:\/\/www.visit-ulcinj.com\/blog\/wp-json\/wp\/v2\/categories?post=24123"},{"taxonomy":"post_tag","embeddable":true,"href":"https:\/\/www.visit-ulcinj.com\/blog\/wp-json\/wp\/v2\/tags?post=24123"}],"curies":[{"name":"wp","href":"https:\/\/api.w.org\/{rel}","templated":true}]}}