{"id":24136,"date":"2009-08-03T21:02:56","date_gmt":"2009-08-03T19:02:56","guid":{"rendered":"http:\/\/www.visit-ulcinj.com\/blog\/?p=24136"},"modified":"2009-08-03T21:03:37","modified_gmt":"2009-08-03T19:03:37","slug":"dinosha-kerkon-ligjesimin-e-mandateve-te-garantuara","status":"publish","type":"post","link":"https:\/\/www.visit-ulcinj.com\/blog\/2009\/08\/03\/dinosha-kerkon-ligjesimin-e-mandateve-te-garantuara\/","title":{"rendered":"Dinosha k\u00ebrkon ligj\u00ebsimin e mandateve t\u00eb garantuara"},"content":{"rendered":"<p><a href=\"http:\/\/www.visit-ulcinj.com\/blog\/wp-content\/uploads\/2009\/08\/Roderik-mur_ferhat-dinosha.jpg\"><img loading=\"lazy\" class=\"alignleft size-full wp-image-24137\" title=\"Roderik mur_ferhat dinosha\" src=\"http:\/\/www.visit-ulcinj.com\/blog\/wp-content\/uploads\/2009\/08\/Roderik-mur_ferhat-dinosha.jpg\" alt=\"Roderik mur_ferhat dinosha\" width=\"570\" height=\"262\" \/><\/a>Podgoric\u00eb &#8211; Ministri p\u00ebr t\u00eb Drejtat e Njeriut dhe Pakicave, Ferhat Dinosha, priti t\u00eb premten Ambasadorin e SHBA-s\u00eb n\u00eb Podgoric\u00eb, Roderik Mur.<br \/>\nN\u00eb deklarat\u00ebn p\u00ebr shtyp t\u00eb l\u00ebshuar nga kjo ministri thuhet se gjat\u00eb bised\u00ebs s\u00eb ngroht\u00eb dhe t\u00eb p\u00ebrzem\u00ebrt u b\u00eb fjal\u00eb p\u00ebr aktivitetet dhe fush\u00ebveprimin e pun\u00ebs s\u00eb Ministris\u00eb s\u00eb t\u00eb Drejtave t\u00eb Njeriut dhe Pakicave, si dhe p\u00ebr bashk\u00ebpunimin gjithnj\u00eb e m\u00eb t\u00eb mir\u00eb n\u00eb mes SHBA-s\u00eb dhe Malit t\u00eb Zi n\u00eb rrug\u00ebn drejt integrimeve euro-atlantike<br \/>\n\u201cSi detyr\u00eb prioritare n\u00eb angazhimin e vet, ministri Dinosha theksoi definimin e mekanizmit t\u00eb p\u00ebrfaq\u00ebsimit politik t\u00eb pakicave n\u00eb Parlamentin e Malit e Zi. Si zgjidhje optimale, z. Dinosha theksoi kthimin e vendimit t\u00eb Ligjit p\u00ebr t\u00eb Drejtat dhe Lirit\u00eb e Pakicave, i cili parashikon mandatet e garantuara p\u00ebr pakica. Zbatimi i garancive kushtetuese p\u00ebr p\u00ebrfaq\u00ebsimin proporcional t\u00eb pakicave n\u00eb organet shtet\u00ebrore dhe t\u00eb qeverisjes lokale \u00ebsht\u00eb gjithashtu nj\u00eb prej detyrave themelore n\u00eb pun\u00ebn e m\u00ebtutjeshme t\u00eb kesaj ministrie\u201d, ka th\u00ebn\u00eb ministri Dinosha<br \/>\nAmbasadori amerikan u njoftua edhe me aktivitetet dhe projektet kryesore t\u00eb cilat i ka realizuar kjo ministri n\u00eb t\u00eb kaluar\u00ebn, si dhe me ato q\u00eb jan\u00eb n\u00eb realizim.<br \/>\nN\u00eb fund t\u00eb bised\u00ebs u n\u00ebnvizua bashk\u00ebpunimi i mir\u00eb i Ambasad\u00ebs s\u00eb SHBA-s\u00eb dhe k\u00ebsaj ministrie, si dhe nevoja q\u00eb ajo t\u00eb vazhdohet dhe t\u00eb avancohet, thuhet n\u00eb deklarat\u00ebn p\u00ebr shtyp.<\/p>\n<p><strong>Kohapress<\/strong><\/p>\n","protected":false},"excerpt":{"rendered":"<p>Podgoric\u00eb &#8211; Ministri p\u00ebr t\u00eb Drejtat e Njeriut dhe Pakicave, Ferhat Dinosha, priti t\u00eb premten Ambasadorin e SHBA-s\u00eb n\u00eb Podgoric\u00eb, Roderik Mur. N\u00eb deklarat\u00ebn p\u00ebr shtyp t\u00eb l\u00ebshuar nga kjo ministri thuhet se gjat\u00eb bised\u00ebs s\u00eb ngroht\u00eb dhe t\u00eb p\u00ebrzem\u00ebrt u b\u00eb fjal\u00eb p\u00ebr aktivitetet dhe fush\u00ebveprimin e pun\u00ebs s\u00eb Ministris\u00eb s\u00eb t\u00eb Drejtave t\u00eb [&hellip;]<\/p>\n","protected":false},"author":1,"featured_media":0,"comment_status":"open","ping_status":"closed","sticky":false,"template":"","format":"standard","meta":{"spay_email":"","jetpack_publicize_message":"","jetpack_is_tweetstorm":false,"jetpack_publicize_feature_enabled":true},"categories":[6],"tags":[1101,97,1099],"jetpack_publicize_connections":[],"yoast_head":"<!-- This site is optimized with the Yoast SEO plugin v19.1 - https:\/\/yoast.com\/wordpress\/plugins\/seo\/ -->\n<title>Dinosha k\u00ebrkon ligj\u00ebsimin e mandateve t\u00eb garantuara - Lajme nga Ulqini<\/title>\n<meta name=\"description\" content=\"Podgoric\u00eb - Ministri p\u00ebr t\u00eb Drejtat e Njeriut dhe Pakicave, Ferhat Dinosha, priti t\u00eb premten Ambasadorin e SHBA-s\u00eb n\u00eb Podgoric\u00eb, Roderik Mur. N\u00eb\" \/>\n<meta name=\"robots\" content=\"index, follow, max-snippet:-1, max-image-preview:large, max-video-preview:-1\" \/>\n<link rel=\"canonical\" href=\"https:\/\/www.visit-ulcinj.com\/blog\/2009\/08\/03\/dinosha-kerkon-ligjesimin-e-mandateve-te-garantuara\/\" \/>\n<meta property=\"og:locale\" content=\"en_US\" \/>\n<meta property=\"og:type\" content=\"article\" \/>\n<meta property=\"og:title\" content=\"Dinosha k\u00ebrkon ligj\u00ebsimin e mandateve t\u00eb garantuara - Lajme nga Ulqini\" \/>\n<meta property=\"og:description\" content=\"Podgoric\u00eb - Ministri p\u00ebr t\u00eb Drejtat e Njeriut dhe Pakicave, Ferhat Dinosha, priti t\u00eb premten Ambasadorin e SHBA-s\u00eb n\u00eb Podgoric\u00eb, Roderik Mur. N\u00eb\" \/>\n<meta property=\"og:url\" content=\"https:\/\/www.visit-ulcinj.com\/blog\/2009\/08\/03\/dinosha-kerkon-ligjesimin-e-mandateve-te-garantuara\/\" \/>\n<meta property=\"og:site_name\" content=\"Lajme nga Ulqini\" \/>\n<meta property=\"article:published_time\" content=\"2009-08-03T19:02:56+00:00\" \/>\n<meta property=\"article:modified_time\" content=\"2009-08-03T19:03:37+00:00\" \/>\n<meta property=\"og:image\" content=\"http:\/\/www.visit-ulcinj.com\/blog\/wp-content\/uploads\/2009\/08\/Roderik-mur_ferhat-dinosha.jpg\" \/>\n<meta name=\"twitter:label1\" content=\"Written by\" \/>\n\t<meta name=\"twitter:data1\" content=\"ulqini\" \/>\n\t<meta name=\"twitter:label2\" content=\"Est. reading time\" \/>\n\t<meta name=\"twitter:data2\" content=\"1 minute\" \/>\n<script type=\"application\/ld+json\" class=\"yoast-schema-graph\">{\"@context\":\"https:\/\/schema.org\",\"@graph\":[{\"@type\":\"WebSite\",\"@id\":\"https:\/\/www.visit-ulcinj.com\/blog\/#website\",\"url\":\"https:\/\/www.visit-ulcinj.com\/blog\/\",\"name\":\"Lajme nga Ulqini\",\"description\":\"Lajme,Vijesti,Ulqini,Ulqin,Crna Gora,Mali i Zi\",\"potentialAction\":[{\"@type\":\"SearchAction\",\"target\":{\"@type\":\"EntryPoint\",\"urlTemplate\":\"https:\/\/www.visit-ulcinj.com\/blog\/?s={search_term_string}\"},\"query-input\":\"required name=search_term_string\"}],\"inLanguage\":\"en-US\"},{\"@type\":\"ImageObject\",\"inLanguage\":\"en-US\",\"@id\":\"https:\/\/www.visit-ulcinj.com\/blog\/2009\/08\/03\/dinosha-kerkon-ligjesimin-e-mandateve-te-garantuara\/#primaryimage\",\"url\":\"https:\/\/www.visit-ulcinj.com\/blog\/wp-content\/uploads\/2009\/08\/Roderik-mur_ferhat-dinosha.jpg\",\"contentUrl\":\"https:\/\/www.visit-ulcinj.com\/blog\/wp-content\/uploads\/2009\/08\/Roderik-mur_ferhat-dinosha.jpg\",\"width\":\"524\",\"height\":\"262\"},{\"@type\":\"WebPage\",\"@id\":\"https:\/\/www.visit-ulcinj.com\/blog\/2009\/08\/03\/dinosha-kerkon-ligjesimin-e-mandateve-te-garantuara\/#webpage\",\"url\":\"https:\/\/www.visit-ulcinj.com\/blog\/2009\/08\/03\/dinosha-kerkon-ligjesimin-e-mandateve-te-garantuara\/\",\"name\":\"Dinosha k\u00ebrkon ligj\u00ebsimin e mandateve t\u00eb garantuara - Lajme nga Ulqini\",\"isPartOf\":{\"@id\":\"https:\/\/www.visit-ulcinj.com\/blog\/#website\"},\"primaryImageOfPage\":{\"@id\":\"https:\/\/www.visit-ulcinj.com\/blog\/2009\/08\/03\/dinosha-kerkon-ligjesimin-e-mandateve-te-garantuara\/#primaryimage\"},\"datePublished\":\"2009-08-03T19:02:56+00:00\",\"dateModified\":\"2009-08-03T19:03:37+00:00\",\"author\":{\"@id\":\"https:\/\/www.visit-ulcinj.com\/blog\/#\/schema\/person\/dcab619c614d3038751c63bc2aadc06d\"},\"description\":\"Podgoric\u00eb - Ministri p\u00ebr t\u00eb Drejtat e Njeriut dhe Pakicave, Ferhat Dinosha, priti t\u00eb premten Ambasadorin e SHBA-s\u00eb n\u00eb Podgoric\u00eb, Roderik Mur. N\u00eb\",\"breadcrumb\":{\"@id\":\"https:\/\/www.visit-ulcinj.com\/blog\/2009\/08\/03\/dinosha-kerkon-ligjesimin-e-mandateve-te-garantuara\/#breadcrumb\"},\"inLanguage\":\"en-US\",\"potentialAction\":[{\"@type\":\"ReadAction\",\"target\":[\"https:\/\/www.visit-ulcinj.com\/blog\/2009\/08\/03\/dinosha-kerkon-ligjesimin-e-mandateve-te-garantuara\/\"]}]},{\"@type\":\"BreadcrumbList\",\"@id\":\"https:\/\/www.visit-ulcinj.com\/blog\/2009\/08\/03\/dinosha-kerkon-ligjesimin-e-mandateve-te-garantuara\/#breadcrumb\",\"itemListElement\":[{\"@type\":\"ListItem\",\"position\":1,\"name\":\"Dinosha k\u00ebrkon ligj\u00ebsimin e mandateve t\u00eb garantuara\"}]},{\"@type\":\"Person\",\"@id\":\"https:\/\/www.visit-ulcinj.com\/blog\/#\/schema\/person\/dcab619c614d3038751c63bc2aadc06d\",\"name\":\"ulqini\",\"sameAs\":[\"http:\/\/www.visit-ulcinj.com\"],\"url\":\"https:\/\/www.visit-ulcinj.com\/blog\/author\/admin\/\"}]}<\/script>\n<!-- \/ Yoast SEO plugin. -->","yoast_head_json":{"title":"Dinosha k\u00ebrkon ligj\u00ebsimin e mandateve t\u00eb garantuara - Lajme nga Ulqini","description":"Podgoric\u00eb - Ministri p\u00ebr t\u00eb Drejtat e Njeriut dhe Pakicave, Ferhat Dinosha, priti t\u00eb premten Ambasadorin e SHBA-s\u00eb n\u00eb Podgoric\u00eb, Roderik Mur. N\u00eb","robots":{"index":"index","follow":"follow","max-snippet":"max-snippet:-1","max-image-preview":"max-image-preview:large","max-video-preview":"max-video-preview:-1"},"canonical":"https:\/\/www.visit-ulcinj.com\/blog\/2009\/08\/03\/dinosha-kerkon-ligjesimin-e-mandateve-te-garantuara\/","og_locale":"en_US","og_type":"article","og_title":"Dinosha k\u00ebrkon ligj\u00ebsimin e mandateve t\u00eb garantuara - Lajme nga Ulqini","og_description":"Podgoric\u00eb - Ministri p\u00ebr t\u00eb Drejtat e Njeriut dhe Pakicave, Ferhat Dinosha, priti t\u00eb premten Ambasadorin e SHBA-s\u00eb n\u00eb Podgoric\u00eb, Roderik Mur. N\u00eb","og_url":"https:\/\/www.visit-ulcinj.com\/blog\/2009\/08\/03\/dinosha-kerkon-ligjesimin-e-mandateve-te-garantuara\/","og_site_name":"Lajme nga Ulqini","article_published_time":"2009-08-03T19:02:56+00:00","article_modified_time":"2009-08-03T19:03:37+00:00","og_image":[{"url":"http:\/\/www.visit-ulcinj.com\/blog\/wp-content\/uploads\/2009\/08\/Roderik-mur_ferhat-dinosha.jpg"}],"twitter_misc":{"Written by":"ulqini","Est. reading time":"1 minute"},"schema":{"@context":"https:\/\/schema.org","@graph":[{"@type":"WebSite","@id":"https:\/\/www.visit-ulcinj.com\/blog\/#website","url":"https:\/\/www.visit-ulcinj.com\/blog\/","name":"Lajme nga Ulqini","description":"Lajme,Vijesti,Ulqini,Ulqin,Crna Gora,Mali i Zi","potentialAction":[{"@type":"SearchAction","target":{"@type":"EntryPoint","urlTemplate":"https:\/\/www.visit-ulcinj.com\/blog\/?s={search_term_string}"},"query-input":"required name=search_term_string"}],"inLanguage":"en-US"},{"@type":"ImageObject","inLanguage":"en-US","@id":"https:\/\/www.visit-ulcinj.com\/blog\/2009\/08\/03\/dinosha-kerkon-ligjesimin-e-mandateve-te-garantuara\/#primaryimage","url":"https:\/\/www.visit-ulcinj.com\/blog\/wp-content\/uploads\/2009\/08\/Roderik-mur_ferhat-dinosha.jpg","contentUrl":"https:\/\/www.visit-ulcinj.com\/blog\/wp-content\/uploads\/2009\/08\/Roderik-mur_ferhat-dinosha.jpg","width":"524","height":"262"},{"@type":"WebPage","@id":"https:\/\/www.visit-ulcinj.com\/blog\/2009\/08\/03\/dinosha-kerkon-ligjesimin-e-mandateve-te-garantuara\/#webpage","url":"https:\/\/www.visit-ulcinj.com\/blog\/2009\/08\/03\/dinosha-kerkon-ligjesimin-e-mandateve-te-garantuara\/","name":"Dinosha k\u00ebrkon ligj\u00ebsimin e mandateve t\u00eb garantuara - Lajme nga Ulqini","isPartOf":{"@id":"https:\/\/www.visit-ulcinj.com\/blog\/#website"},"primaryImageOfPage":{"@id":"https:\/\/www.visit-ulcinj.com\/blog\/2009\/08\/03\/dinosha-kerkon-ligjesimin-e-mandateve-te-garantuara\/#primaryimage"},"datePublished":"2009-08-03T19:02:56+00:00","dateModified":"2009-08-03T19:03:37+00:00","author":{"@id":"https:\/\/www.visit-ulcinj.com\/blog\/#\/schema\/person\/dcab619c614d3038751c63bc2aadc06d"},"description":"Podgoric\u00eb - Ministri p\u00ebr t\u00eb Drejtat e Njeriut dhe Pakicave, Ferhat Dinosha, priti t\u00eb premten Ambasadorin e SHBA-s\u00eb n\u00eb Podgoric\u00eb, Roderik Mur. N\u00eb","breadcrumb":{"@id":"https:\/\/www.visit-ulcinj.com\/blog\/2009\/08\/03\/dinosha-kerkon-ligjesimin-e-mandateve-te-garantuara\/#breadcrumb"},"inLanguage":"en-US","potentialAction":[{"@type":"ReadAction","target":["https:\/\/www.visit-ulcinj.com\/blog\/2009\/08\/03\/dinosha-kerkon-ligjesimin-e-mandateve-te-garantuara\/"]}]},{"@type":"BreadcrumbList","@id":"https:\/\/www.visit-ulcinj.com\/blog\/2009\/08\/03\/dinosha-kerkon-ligjesimin-e-mandateve-te-garantuara\/#breadcrumb","itemListElement":[{"@type":"ListItem","position":1,"name":"Dinosha k\u00ebrkon ligj\u00ebsimin e mandateve t\u00eb garantuara"}]},{"@type":"Person","@id":"https:\/\/www.visit-ulcinj.com\/blog\/#\/schema\/person\/dcab619c614d3038751c63bc2aadc06d","name":"ulqini","sameAs":["http:\/\/www.visit-ulcinj.com"],"url":"https:\/\/www.visit-ulcinj.com\/blog\/author\/admin\/"}]}},"jetpack_featured_media_url":"","jetpack_sharing_enabled":true,"jetpack_shortlink":"https:\/\/wp.me\/pe6lTn-6hi","_links":{"self":[{"href":"https:\/\/www.visit-ulcinj.com\/blog\/wp-json\/wp\/v2\/posts\/24136"}],"collection":[{"href":"https:\/\/www.visit-ulcinj.com\/blog\/wp-json\/wp\/v2\/posts"}],"about":[{"href":"https:\/\/www.visit-ulcinj.com\/blog\/wp-json\/wp\/v2\/types\/post"}],"author":[{"embeddable":true,"href":"https:\/\/www.visit-ulcinj.com\/blog\/wp-json\/wp\/v2\/users\/1"}],"replies":[{"embeddable":true,"href":"https:\/\/www.visit-ulcinj.com\/blog\/wp-json\/wp\/v2\/comments?post=24136"}],"version-history":[{"count":0,"href":"https:\/\/www.visit-ulcinj.com\/blog\/wp-json\/wp\/v2\/posts\/24136\/revisions"}],"wp:attachment":[{"href":"https:\/\/www.visit-ulcinj.com\/blog\/wp-json\/wp\/v2\/media?parent=24136"}],"wp:term":[{"taxonomy":"category","embeddable":true,"href":"https:\/\/www.visit-ulcinj.com\/blog\/wp-json\/wp\/v2\/categories?post=24136"},{"taxonomy":"post_tag","embeddable":true,"href":"https:\/\/www.visit-ulcinj.com\/blog\/wp-json\/wp\/v2\/tags?post=24136"}],"curies":[{"name":"wp","href":"https:\/\/api.w.org\/{rel}","templated":true}]}}