{"id":24153,"date":"2009-08-03T22:17:16","date_gmt":"2009-08-03T20:17:16","guid":{"rendered":"http:\/\/www.visit-ulcinj.com\/blog\/?p=24153"},"modified":"2009-08-12T16:00:03","modified_gmt":"2009-08-12T14:00:03","slug":"paralajmerohet-tubim-protestues-me-8-gusht-mbi-valdanosin","status":"publish","type":"post","link":"https:\/\/www.visit-ulcinj.com\/blog\/2009\/08\/03\/paralajmerohet-tubim-protestues-me-8-gusht-mbi-valdanosin\/","title":{"rendered":"Paralajm\u00ebrohet tubim protestues m\u00eb 8 gusht mbi Valdanosin"},"content":{"rendered":"<p><a href=\"http:\/\/www.visit-ulcinj.com\/blog\/wp-content\/uploads\/2009\/08\/DELEGACIJA-VLADE-U-ULCINJ1.jpg\"><img loading=\"lazy\" class=\"alignleft size-full wp-image-23852\" title=\"DELEGACIJA VLADE U ULCINJ\" src=\"http:\/\/www.visit-ulcinj.com\/blog\/wp-content\/uploads\/2009\/08\/DELEGACIJA-VLADE-U-ULCINJ1.jpg\" alt=\"DELEGACIJA VLADE U ULCINJ\" width=\"570\" height=\"302\" \/><\/a>Ulqin \u2013 Takimi i disa dit\u00ebve m\u00eb par\u00eb mbi Valdanosin n\u00eb Shas ka nxitur reagime t\u00eb ndryshme tek ish pronar\u00ebt e Ullisht\u00ebs s\u00eb Valdanosit dhe grupi i organizatave joqeveritare t\u00eb Ulqinit dhe intelektual\u00ebve t\u00eb pavarur q\u00eb kan\u00eb inicuar grumbullimin e n\u00ebnshkrimeve p\u00ebr miratimin e Deklarat\u00ebs mbi Valdanosin n\u00eb Kuvendin e Komun\u00ebs s\u00eb Ulqinit. Nd\u00ebrsa K\u00ebshilli i ish pronar\u00ebve t\u00eb ullishtave n\u00eb Valdanos ka shprehur pak\u00ebnaq\u00ebsi lidhur me m\u00ebnyr\u00ebn e organizimit t\u00eb takimit n\u00eb Shas nga ana e kryetarit t\u00eb Komun\u00ebs s\u00eb Ulqinit, G\u00ebzim Hajdinaga, grupi i OJQ-ve nga Ulqini dhe i intelektual\u00ebve t\u00eb pavarur ka shprehur k\u00ebnaq\u00ebsi me rrjedh\u00ebn e p\u00ebrgjithshme t\u00eb ngjarjeve lidhur me t\u00eb ardhmen e Ulqinit.<br \/>\nN\u00eb deklarat\u00ebn p\u00ebr shtyp t\u00eb K\u00ebshillit t\u00eb ish pronar\u00ebve t\u00eb ullishtave n\u00eb Valdanos thuhet se ata i kan\u00eb mashtruar q\u00eb nga viti 2006.<br \/>\n\u201cKemi shpresuar se p\u00ebrfaq\u00ebsuesit e Qeveris\u00eb dhe qeverisjes lokale do t\u00eb na deklarojn\u00eb se m\u00eb n\u00eb fund mund t\u00eb hyjm\u00eb n\u00eb pronat tona. Por, kemi qen\u00eb t\u00eb befasuar p\u00ebr t\u00eb keq kur na \u00ebsht\u00eb th\u00ebn\u00eb prerazi se nuk ka kthim, madje as q\u00eb b\u00ebhet fjal\u00eb p\u00ebr qiramarrje, p\u00ebr \u00e7far\u00eb na \u00ebsht\u00eb folur q\u00eb prej tre vjet\u00ebsh. Dometh\u00ebn\u00eb, neve na kan\u00eb mashtruar q\u00eb nga viti 2006, gjegj\u00ebsisht kan\u00eb bler\u00eb koh\u00ebn p\u00ebr hapjen dhe mbylljen e tenderit. N\u00eb em\u00ebr t\u00eb interesave t\u00eb kujt dhe p\u00ebr llogari t\u00eb kujt manipulohet me pron\u00ebn ton\u00eb?\u201d, pyesin n\u00eb K\u00ebshillin e ish pronar\u00ebve t\u00eb ullishtave n\u00eb Valdanos.<br \/>\nK\u00ebshilli n\u00eb fjal\u00eb i ka b\u00ebr\u00eb thirrje Qeveris\u00eb dhe Komisionit t\u00eb tenderit p\u00ebr Valdanosin q\u00eb t\u00eb respektojn\u00eb ligjet dhe dokumentet e veta, si dhe Kuvendin e Komun\u00ebs s\u00eb Ulqinit, dhe t\u00eb implementoj\u00eb vendimin e vet nga maji i vitit 2007 mbi ekspropriimin e tok\u00ebs n\u00eb Valdanos.<br \/>\n<a href=\"http:\/\/www.visit-ulcinj.com\/blog\/wp-content\/uploads\/2009\/08\/bivsi-vlasnici-maslina-iz-ulcinja_crna-gora.jpg\"><img loading=\"lazy\" class=\"alignleft size-full wp-image-23848\" title=\"bivsi-vlasnici-maslina-iz-ulcinja_crna-gora\" src=\"http:\/\/www.visit-ulcinj.com\/blog\/wp-content\/uploads\/2009\/08\/bivsi-vlasnici-maslina-iz-ulcinja_crna-gora.jpg\" alt=\"bivsi-vlasnici-maslina-iz-ulcinja_crna-gora\" width=\"300\" height=\"204\" \/><\/a>\u201c\u00c7do gj\u00eb tjet\u00ebr p\u00ebrb\u00ebn humbje t\u00eb koh\u00ebs dhe nervave dhe shpenzim t\u00eb parave\u201d, thuhet n\u00eb kumtes\u00ebn e K\u00ebshillit t\u00eb ish pronar\u00ebve, t\u00eb n\u00ebnshkruar nga kryetari Lluka \u2013 Batko Gjakonoviq.<br \/>\nK\u00ebshilli i ish pronar\u00ebve t\u00eb ullishtave n\u00eb Valdanos ka paralajm\u00ebruar se m\u00eb 8 gusht do t\u00eb organizoj\u00eb tubim protestues dhe se do t\u2019i njoftoj\u00eb pronar\u00ebt e ullisht\u00ebs mbi aktivitetet e ardhshme.<br \/>\nNd\u00ebrkoh\u00eb, Grupi i OJQ-ve t\u00eb Ulqinit dhe intelektual\u00ebve t\u00eb pavarur e ka arsyetuar k\u00ebnaq\u00ebsin\u00eb e vet lidhur me takimin mbi Valdanosin t\u00eb organizuar n\u00eb Shas me faktin se m\u00eb n\u00eb fund ka filluar t\u00eb flitet hapur p\u00ebr Valdanosin dhe t\u00eb ardhmen e qytetit t\u00eb Ulqinit.<br \/>\n\u201cMe asnj\u00eb lloj vonese dhe keqinterpretimeve ligjore nuk do t\u00eb mund t\u00eb anashkalohet diskutimi mbi iniciativ\u00ebn e qytetar\u00ebve, respektivisht mbi Deklarat\u00ebn e dor\u00ebzuar n\u00eb m\u00ebnyr\u00eb t\u00eb rregullt Parlamentit komunal\u201d, thuhet n\u00eb deklarat\u00ebn p\u00ebr shtyp t\u00eb Grupit t\u00eb OJQ-ve t\u00eb Ulqinit dhe intelektual\u00ebve t\u00eb pavarur.<a href=\"http:\/\/www.visit-ulcinj.com\/blog\/wp-content\/uploads\/2009\/08\/Gzim-Hajdinaga-nakon-sastanka-sa-delegacijom-Vlade-Crne-Gore.1.jpg\"><img loading=\"lazy\" class=\"alignleft size-full wp-image-24432\" title=\"Gzim Hajdinaga nakon sastanka sa delegacijom Vlade Crne Gore.1\" src=\"http:\/\/www.visit-ulcinj.com\/blog\/wp-content\/uploads\/2009\/08\/Gzim-Hajdinaga-nakon-sastanka-sa-delegacijom-Vlade-Crne-Gore.1.jpg\" alt=\"Gzim Hajdinaga nakon sastanka sa delegacijom Vlade Crne Gore.1\" width=\"570\" height=\"400\" \/><\/a><br \/>\nN\u00eb deklarat\u00eb thuhet po ashtu se i g\u00ebzon fakti q\u00eb ata q\u00eb tentojn\u00eb pa vendimin e Kuvendit t\u00eb Komun\u00ebs s\u00eb Ulqinit t\u00eb realizojn\u00eb tendera joligjor\u00eb p\u00ebr dh\u00ebnien me qira shum\u00ebvje\u00e7are t\u00eb pron\u00ebs son\u00eb, edhe n\u00eb k\u00ebt\u00eb takim kan\u00eb mundur t\u00eb d\u00ebgjojn\u00eb qart\u00eb q\u00ebndrimin e pjes\u00ebs d\u00ebrmuese t\u00eb ulqinak\u00ebve.<br \/>\n\u201eDo ta d\u00ebgjojn\u00eb akoma m\u00eb tep\u00ebr n\u00eb t\u00eb ardhmen sepse t\u00eb gjitha rrjedhat e ngjarjeve, nga Tivati, p\u00ebrmes Sh\u00ebn Stefanit deri n\u00eb Petrovac, konfirmojn\u00eb vler\u00ebsimet, q\u00ebndrimet dhe opinionet tona se tender\u00ebt p\u00ebr Valdanos, Plazhin e Madh dhe Ad\u00eb jan\u00eb t\u00eb d\u00ebmsh\u00ebm p\u00ebr t\u00eb ardhmen e qytetit ton\u00eb\u201c, thuhet n\u00eb deklarat\u00eb.<br \/>\nGrupi i OJQ-ve dhe intelektual\u00ebve t\u00eb pavarur thekson n\u00eb deklarat\u00eb se askush nuk ka t\u00eb drejt\u00eb t\u00eb thot\u00eb se nuk e din se p\u00ebr \u00e7far\u00eb, n\u00eb fakt, b\u00ebhet fjal\u00eb.<br \/>\n\u201e\u00c7do gj\u00eb \u00ebsht\u00eb e qart\u00eb si drita e diellit. Nuk shohin vet\u00ebm ata q\u00eb nuk duan\u201c, thuhet nd\u00ebr t\u00eb tjera n\u00eb deklarat\u00eb.<\/p>\n<p><strong>Kohapress<\/strong><\/p>\n<!--YouTube Error: bad URL entered-->\n","protected":false},"excerpt":{"rendered":"<p>Ulqin \u2013 Takimi i disa dit\u00ebve m\u00eb par\u00eb mbi Valdanosin n\u00eb Shas ka nxitur reagime t\u00eb ndryshme tek ish pronar\u00ebt e Ullisht\u00ebs s\u00eb Valdanosit dhe grupi i organizatave joqeveritare t\u00eb Ulqinit dhe intelektual\u00ebve t\u00eb pavarur q\u00eb kan\u00eb inicuar grumbullimin e n\u00ebnshkrimeve p\u00ebr miratimin e Deklarat\u00ebs mbi Valdanosin n\u00eb Kuvendin e Komun\u00ebs s\u00eb Ulqinit. Nd\u00ebrsa K\u00ebshilli [&hellip;]<\/p>\n","protected":false},"author":1,"featured_media":0,"comment_status":"open","ping_status":"closed","sticky":false,"template":"","format":"standard","meta":{"spay_email":"","jetpack_publicize_message":"","jetpack_is_tweetstorm":false,"jetpack_publicize_feature_enabled":true},"categories":[11],"tags":[11867,10521,11868,11866],"jetpack_publicize_connections":[],"yoast_head":"<!-- This site is optimized with the Yoast SEO plugin v19.1 - https:\/\/yoast.com\/wordpress\/plugins\/seo\/ -->\n<title>Paralajm\u00ebrohet tubim protestues m\u00eb 8 gusht mbi Valdanosin - Lajme nga Ulqini<\/title>\n<meta name=\"description\" content=\"Ulqin \u2013 Takimi i disa dit\u00ebve m\u00eb par\u00eb mbi Valdanosin n\u00eb Shas ka nxitur reagime t\u00eb ndryshme tek ish pronar\u00ebt e Ullisht\u00ebs s\u00eb Valdanosit dhe grupi i\" \/>\n<meta name=\"robots\" content=\"index, follow, max-snippet:-1, max-image-preview:large, max-video-preview:-1\" \/>\n<link rel=\"canonical\" href=\"https:\/\/www.visit-ulcinj.com\/blog\/2009\/08\/03\/paralajmerohet-tubim-protestues-me-8-gusht-mbi-valdanosin\/\" \/>\n<meta property=\"og:locale\" content=\"en_US\" \/>\n<meta property=\"og:type\" content=\"article\" \/>\n<meta property=\"og:title\" content=\"Paralajm\u00ebrohet tubim protestues m\u00eb 8 gusht mbi Valdanosin - Lajme nga Ulqini\" \/>\n<meta property=\"og:description\" content=\"Ulqin \u2013 Takimi i disa dit\u00ebve m\u00eb par\u00eb mbi Valdanosin n\u00eb Shas ka nxitur reagime t\u00eb ndryshme tek ish pronar\u00ebt e Ullisht\u00ebs s\u00eb Valdanosit dhe grupi i\" \/>\n<meta property=\"og:url\" content=\"https:\/\/www.visit-ulcinj.com\/blog\/2009\/08\/03\/paralajmerohet-tubim-protestues-me-8-gusht-mbi-valdanosin\/\" \/>\n<meta property=\"og:site_name\" content=\"Lajme nga Ulqini\" \/>\n<meta property=\"article:published_time\" content=\"2009-08-03T20:17:16+00:00\" \/>\n<meta property=\"article:modified_time\" content=\"2009-08-12T14:00:03+00:00\" \/>\n<meta property=\"og:image\" content=\"http:\/\/www.visit-ulcinj.com\/blog\/wp-content\/uploads\/2009\/08\/DELEGACIJA-VLADE-U-ULCINJ1.jpg\" \/>\n<meta name=\"twitter:label1\" content=\"Written by\" \/>\n\t<meta name=\"twitter:data1\" content=\"ulqini\" \/>\n\t<meta name=\"twitter:label2\" content=\"Est. reading time\" \/>\n\t<meta name=\"twitter:data2\" content=\"3 minutes\" \/>\n<script type=\"application\/ld+json\" class=\"yoast-schema-graph\">{\"@context\":\"https:\/\/schema.org\",\"@graph\":[{\"@type\":\"WebSite\",\"@id\":\"https:\/\/www.visit-ulcinj.com\/blog\/#website\",\"url\":\"https:\/\/www.visit-ulcinj.com\/blog\/\",\"name\":\"Lajme nga Ulqini\",\"description\":\"Lajme,Vijesti,Ulqini,Ulqin,Crna Gora,Mali i Zi\",\"potentialAction\":[{\"@type\":\"SearchAction\",\"target\":{\"@type\":\"EntryPoint\",\"urlTemplate\":\"https:\/\/www.visit-ulcinj.com\/blog\/?s={search_term_string}\"},\"query-input\":\"required name=search_term_string\"}],\"inLanguage\":\"en-US\"},{\"@type\":\"ImageObject\",\"inLanguage\":\"en-US\",\"@id\":\"https:\/\/www.visit-ulcinj.com\/blog\/2009\/08\/03\/paralajmerohet-tubim-protestues-me-8-gusht-mbi-valdanosin\/#primaryimage\",\"url\":\"https:\/\/www.visit-ulcinj.com\/blog\/wp-content\/uploads\/2009\/08\/DELEGACIJA-VLADE-U-ULCINJ1.jpg\",\"contentUrl\":\"https:\/\/www.visit-ulcinj.com\/blog\/wp-content\/uploads\/2009\/08\/DELEGACIJA-VLADE-U-ULCINJ1.jpg\",\"width\":\"407\",\"height\":\"302\"},{\"@type\":\"WebPage\",\"@id\":\"https:\/\/www.visit-ulcinj.com\/blog\/2009\/08\/03\/paralajmerohet-tubim-protestues-me-8-gusht-mbi-valdanosin\/#webpage\",\"url\":\"https:\/\/www.visit-ulcinj.com\/blog\/2009\/08\/03\/paralajmerohet-tubim-protestues-me-8-gusht-mbi-valdanosin\/\",\"name\":\"Paralajm\u00ebrohet tubim protestues m\u00eb 8 gusht mbi Valdanosin - Lajme nga Ulqini\",\"isPartOf\":{\"@id\":\"https:\/\/www.visit-ulcinj.com\/blog\/#website\"},\"primaryImageOfPage\":{\"@id\":\"https:\/\/www.visit-ulcinj.com\/blog\/2009\/08\/03\/paralajmerohet-tubim-protestues-me-8-gusht-mbi-valdanosin\/#primaryimage\"},\"datePublished\":\"2009-08-03T20:17:16+00:00\",\"dateModified\":\"2009-08-12T14:00:03+00:00\",\"author\":{\"@id\":\"https:\/\/www.visit-ulcinj.com\/blog\/#\/schema\/person\/dcab619c614d3038751c63bc2aadc06d\"},\"description\":\"Ulqin \u2013 Takimi i disa dit\u00ebve m\u00eb par\u00eb mbi Valdanosin n\u00eb Shas ka nxitur reagime t\u00eb ndryshme tek ish pronar\u00ebt e Ullisht\u00ebs s\u00eb Valdanosit dhe grupi i\",\"breadcrumb\":{\"@id\":\"https:\/\/www.visit-ulcinj.com\/blog\/2009\/08\/03\/paralajmerohet-tubim-protestues-me-8-gusht-mbi-valdanosin\/#breadcrumb\"},\"inLanguage\":\"en-US\",\"potentialAction\":[{\"@type\":\"ReadAction\",\"target\":[\"https:\/\/www.visit-ulcinj.com\/blog\/2009\/08\/03\/paralajmerohet-tubim-protestues-me-8-gusht-mbi-valdanosin\/\"]}]},{\"@type\":\"BreadcrumbList\",\"@id\":\"https:\/\/www.visit-ulcinj.com\/blog\/2009\/08\/03\/paralajmerohet-tubim-protestues-me-8-gusht-mbi-valdanosin\/#breadcrumb\",\"itemListElement\":[{\"@type\":\"ListItem\",\"position\":1,\"name\":\"Paralajm\u00ebrohet tubim protestues m\u00eb 8 gusht mbi Valdanosin\"}]},{\"@type\":\"Person\",\"@id\":\"https:\/\/www.visit-ulcinj.com\/blog\/#\/schema\/person\/dcab619c614d3038751c63bc2aadc06d\",\"name\":\"ulqini\",\"sameAs\":[\"http:\/\/www.visit-ulcinj.com\"],\"url\":\"https:\/\/www.visit-ulcinj.com\/blog\/author\/admin\/\"}]}<\/script>\n<!-- \/ Yoast SEO plugin. -->","yoast_head_json":{"title":"Paralajm\u00ebrohet tubim protestues m\u00eb 8 gusht mbi Valdanosin - Lajme nga Ulqini","description":"Ulqin \u2013 Takimi i disa dit\u00ebve m\u00eb par\u00eb mbi Valdanosin n\u00eb Shas ka nxitur reagime t\u00eb ndryshme tek ish pronar\u00ebt e Ullisht\u00ebs s\u00eb Valdanosit dhe grupi i","robots":{"index":"index","follow":"follow","max-snippet":"max-snippet:-1","max-image-preview":"max-image-preview:large","max-video-preview":"max-video-preview:-1"},"canonical":"https:\/\/www.visit-ulcinj.com\/blog\/2009\/08\/03\/paralajmerohet-tubim-protestues-me-8-gusht-mbi-valdanosin\/","og_locale":"en_US","og_type":"article","og_title":"Paralajm\u00ebrohet tubim protestues m\u00eb 8 gusht mbi Valdanosin - Lajme nga Ulqini","og_description":"Ulqin \u2013 Takimi i disa dit\u00ebve m\u00eb par\u00eb mbi Valdanosin n\u00eb Shas ka nxitur reagime t\u00eb ndryshme tek ish pronar\u00ebt e Ullisht\u00ebs s\u00eb Valdanosit dhe grupi i","og_url":"https:\/\/www.visit-ulcinj.com\/blog\/2009\/08\/03\/paralajmerohet-tubim-protestues-me-8-gusht-mbi-valdanosin\/","og_site_name":"Lajme nga Ulqini","article_published_time":"2009-08-03T20:17:16+00:00","article_modified_time":"2009-08-12T14:00:03+00:00","og_image":[{"url":"http:\/\/www.visit-ulcinj.com\/blog\/wp-content\/uploads\/2009\/08\/DELEGACIJA-VLADE-U-ULCINJ1.jpg"}],"twitter_misc":{"Written by":"ulqini","Est. reading time":"3 minutes"},"schema":{"@context":"https:\/\/schema.org","@graph":[{"@type":"WebSite","@id":"https:\/\/www.visit-ulcinj.com\/blog\/#website","url":"https:\/\/www.visit-ulcinj.com\/blog\/","name":"Lajme nga Ulqini","description":"Lajme,Vijesti,Ulqini,Ulqin,Crna Gora,Mali i Zi","potentialAction":[{"@type":"SearchAction","target":{"@type":"EntryPoint","urlTemplate":"https:\/\/www.visit-ulcinj.com\/blog\/?s={search_term_string}"},"query-input":"required name=search_term_string"}],"inLanguage":"en-US"},{"@type":"ImageObject","inLanguage":"en-US","@id":"https:\/\/www.visit-ulcinj.com\/blog\/2009\/08\/03\/paralajmerohet-tubim-protestues-me-8-gusht-mbi-valdanosin\/#primaryimage","url":"https:\/\/www.visit-ulcinj.com\/blog\/wp-content\/uploads\/2009\/08\/DELEGACIJA-VLADE-U-ULCINJ1.jpg","contentUrl":"https:\/\/www.visit-ulcinj.com\/blog\/wp-content\/uploads\/2009\/08\/DELEGACIJA-VLADE-U-ULCINJ1.jpg","width":"407","height":"302"},{"@type":"WebPage","@id":"https:\/\/www.visit-ulcinj.com\/blog\/2009\/08\/03\/paralajmerohet-tubim-protestues-me-8-gusht-mbi-valdanosin\/#webpage","url":"https:\/\/www.visit-ulcinj.com\/blog\/2009\/08\/03\/paralajmerohet-tubim-protestues-me-8-gusht-mbi-valdanosin\/","name":"Paralajm\u00ebrohet tubim protestues m\u00eb 8 gusht mbi Valdanosin - Lajme nga Ulqini","isPartOf":{"@id":"https:\/\/www.visit-ulcinj.com\/blog\/#website"},"primaryImageOfPage":{"@id":"https:\/\/www.visit-ulcinj.com\/blog\/2009\/08\/03\/paralajmerohet-tubim-protestues-me-8-gusht-mbi-valdanosin\/#primaryimage"},"datePublished":"2009-08-03T20:17:16+00:00","dateModified":"2009-08-12T14:00:03+00:00","author":{"@id":"https:\/\/www.visit-ulcinj.com\/blog\/#\/schema\/person\/dcab619c614d3038751c63bc2aadc06d"},"description":"Ulqin \u2013 Takimi i disa dit\u00ebve m\u00eb par\u00eb mbi Valdanosin n\u00eb Shas ka nxitur reagime t\u00eb ndryshme tek ish pronar\u00ebt e Ullisht\u00ebs s\u00eb Valdanosit dhe grupi i","breadcrumb":{"@id":"https:\/\/www.visit-ulcinj.com\/blog\/2009\/08\/03\/paralajmerohet-tubim-protestues-me-8-gusht-mbi-valdanosin\/#breadcrumb"},"inLanguage":"en-US","potentialAction":[{"@type":"ReadAction","target":["https:\/\/www.visit-ulcinj.com\/blog\/2009\/08\/03\/paralajmerohet-tubim-protestues-me-8-gusht-mbi-valdanosin\/"]}]},{"@type":"BreadcrumbList","@id":"https:\/\/www.visit-ulcinj.com\/blog\/2009\/08\/03\/paralajmerohet-tubim-protestues-me-8-gusht-mbi-valdanosin\/#breadcrumb","itemListElement":[{"@type":"ListItem","position":1,"name":"Paralajm\u00ebrohet tubim protestues m\u00eb 8 gusht mbi Valdanosin"}]},{"@type":"Person","@id":"https:\/\/www.visit-ulcinj.com\/blog\/#\/schema\/person\/dcab619c614d3038751c63bc2aadc06d","name":"ulqini","sameAs":["http:\/\/www.visit-ulcinj.com"],"url":"https:\/\/www.visit-ulcinj.com\/blog\/author\/admin\/"}]}},"jetpack_featured_media_url":"","jetpack_sharing_enabled":true,"jetpack_shortlink":"https:\/\/wp.me\/pe6lTn-6hz","_links":{"self":[{"href":"https:\/\/www.visit-ulcinj.com\/blog\/wp-json\/wp\/v2\/posts\/24153"}],"collection":[{"href":"https:\/\/www.visit-ulcinj.com\/blog\/wp-json\/wp\/v2\/posts"}],"about":[{"href":"https:\/\/www.visit-ulcinj.com\/blog\/wp-json\/wp\/v2\/types\/post"}],"author":[{"embeddable":true,"href":"https:\/\/www.visit-ulcinj.com\/blog\/wp-json\/wp\/v2\/users\/1"}],"replies":[{"embeddable":true,"href":"https:\/\/www.visit-ulcinj.com\/blog\/wp-json\/wp\/v2\/comments?post=24153"}],"version-history":[{"count":0,"href":"https:\/\/www.visit-ulcinj.com\/blog\/wp-json\/wp\/v2\/posts\/24153\/revisions"}],"wp:attachment":[{"href":"https:\/\/www.visit-ulcinj.com\/blog\/wp-json\/wp\/v2\/media?parent=24153"}],"wp:term":[{"taxonomy":"category","embeddable":true,"href":"https:\/\/www.visit-ulcinj.com\/blog\/wp-json\/wp\/v2\/categories?post=24153"},{"taxonomy":"post_tag","embeddable":true,"href":"https:\/\/www.visit-ulcinj.com\/blog\/wp-json\/wp\/v2\/tags?post=24153"}],"curies":[{"name":"wp","href":"https:\/\/api.w.org\/{rel}","templated":true}]}}