{"id":2417,"date":"2008-08-13T12:35:04","date_gmt":"2008-08-13T17:35:04","guid":{"rendered":"http:\/\/www.visit-ulcinj.com\/blog\/?p=2417"},"modified":"2008-08-13T13:01:10","modified_gmt":"2008-08-13T18:01:10","slug":"bryan-barnett-me-delegacionin-e-vetevizitoje-ulqinin","status":"publish","type":"post","link":"https:\/\/www.visit-ulcinj.com\/blog\/2008\/08\/13\/bryan-barnett-me-delegacionin-e-vetevizitoje-ulqinin\/","title":{"rendered":"Bryan Barnett me delegacionin e vet\u00eb,vizitoj\u00eb Ulqinin"},"content":{"rendered":"<p><a href=\"http:\/\/www.visit-ulcinj.com\/blog\/wp-content\/uploads\/2008\/08\/barnett_ulqin_1.jpg\"><img loading=\"lazy\" class=\"alignleft size-medium wp-image-2418\" title=\"barnett_ulqin_1\" src=\"http:\/\/www.visit-ulcinj.com\/blog\/wp-content\/uploads\/2008\/08\/barnett_ulqin_1-300x224.jpg\" alt=\"\" width=\"242\" height=\"181\" srcset=\"https:\/\/www.visit-ulcinj.com\/blog\/wp-content\/uploads\/2008\/08\/barnett_ulqin_1-300x224.jpg 300w, https:\/\/www.visit-ulcinj.com\/blog\/wp-content\/uploads\/2008\/08\/barnett_ulqin_1.jpg 495w\" sizes=\"(max-width: 242px) 100vw, 242px\" \/><\/a><strong>M\u00eb 11.08.2008 z.Barnett me delegacionin e vet\u00eb q\u00ebndroi n\u00eb Ulqin.<\/strong><br \/>\nM\u00eb par\u00eb, n\u00eb Ostros, te busti i Skenderbeut, ata i priti Kryetari i LDn\u00ebMZ, nj\u00ebkoh\u00ebsihst edhe deputet n\u00eb Kuv\u00ebndin e MZ, z. Mehmet Bardhi<br \/>\nme bashkpuntor\u00eb e vet, i cili, p\u00ebr musafir\u00ebt e lart\u00eb nga SHBA, shtroi nj\u00eb drek\u00eb .<br \/>\nPas drek\u00ebs delegacioni p\u00ebrve\u00e7 t\u00eb tjerash shetiti Plazhin e madh, qytetin e vjet\u00ebr-Kalan\u00eb dhe Ullishtat e Valdanosit.<\/p>\n<p>N\u00eb k\u00ebt\u00eb vizit\u00eb z.Barnett e shoq\u00ebroi edhe Kryetari i Kuvendit t\u00eb KU t\u00eb Tuzit z. Nikoll\u00eb Camaj.<br \/>\nDy dit\u00ebt n\u00eb vijim z.Barnett me bashk\u00ebpuntor\u00ebt e vet si dhe me kryetarin e KU Smail \u00c7unmulaj do q\u00ebndroj\u00eb n\u00eb Dubrovnik.<strong><br \/>\nBurimi \/ <\/strong><strong>MALESIA.ORG<\/strong><\/p>\n<p>\n\t\t<style type=\"text\/css\">\n\t\t\t#gallery-1 {\n\t\t\t\tmargin: auto;\n\t\t\t}\n\t\t\t#gallery-1 .gallery-item {\n\t\t\t\tfloat: left;\n\t\t\t\tmargin-top: 10px;\n\t\t\t\ttext-align: center;\n\t\t\t\twidth: 33%;\n\t\t\t}\n\t\t\t#gallery-1 img {\n\t\t\t\tborder: 2px solid #cfcfcf;\n\t\t\t}\n\t\t\t#gallery-1 .gallery-caption {\n\t\t\t\tmargin-left: 0;\n\t\t\t}\n\t\t\t\/* see gallery_shortcode() in wp-includes\/media.php *\/\n\t\t<\/style>\n\t\t<div id='gallery-1' class='gallery galleryid-2417 gallery-columns-3 gallery-size-thumbnail'><dl class='gallery-item'>\n\t\t\t<dt class='gallery-icon landscape'>\n\t\t\t\t<a href='https:\/\/www.visit-ulcinj.com\/blog\/2008\/08\/13\/bryan-barnett-me-delegacionin-e-vetevizitoje-ulqinin\/barnett_ulqin_3_bardhi\/'><img width=\"150\" height=\"150\" src=\"https:\/\/www.visit-ulcinj.com\/blog\/wp-content\/uploads\/2008\/08\/barnett_ulqin_3_bardhi-150x150.jpg\" class=\"attachment-thumbnail size-thumbnail\" alt=\"\" loading=\"lazy\" \/><\/a>\n\t\t\t<\/dt><\/dl><dl class='gallery-item'>\n\t\t\t<dt class='gallery-icon landscape'>\n\t\t\t\t<a href='https:\/\/www.visit-ulcinj.com\/blog\/2008\/08\/13\/bryan-barnett-me-delegacionin-e-vetevizitoje-ulqinin\/barnett_ulqin_4_bardhi\/'><img width=\"150\" height=\"150\" src=\"https:\/\/www.visit-ulcinj.com\/blog\/wp-content\/uploads\/2008\/08\/barnett_ulqin_4_bardhi-150x150.jpg\" class=\"attachment-thumbnail size-thumbnail\" alt=\"\" loading=\"lazy\" \/><\/a>\n\t\t\t<\/dt><\/dl><dl class='gallery-item'>\n\t\t\t<dt class='gallery-icon landscape'>\n\t\t\t\t<a href='https:\/\/www.visit-ulcinj.com\/blog\/2008\/08\/13\/bryan-barnett-me-delegacionin-e-vetevizitoje-ulqinin\/barnett_ulqin_2_bardhi\/'><img width=\"150\" height=\"150\" src=\"https:\/\/www.visit-ulcinj.com\/blog\/wp-content\/uploads\/2008\/08\/barnett_ulqin_2_bardhi-150x150.jpg\" class=\"attachment-thumbnail size-thumbnail\" alt=\"\" loading=\"lazy\" \/><\/a>\n\t\t\t<\/dt><\/dl><br style=\"clear: both\" \/><dl class='gallery-item'>\n\t\t\t<dt class='gallery-icon landscape'>\n\t\t\t\t<a href='https:\/\/www.visit-ulcinj.com\/blog\/2008\/08\/13\/bryan-barnett-me-delegacionin-e-vetevizitoje-ulqinin\/barnett_ulqin_1\/'><img width=\"150\" height=\"150\" src=\"https:\/\/www.visit-ulcinj.com\/blog\/wp-content\/uploads\/2008\/08\/barnett_ulqin_1-150x150.jpg\" class=\"attachment-thumbnail size-thumbnail\" alt=\"\" loading=\"lazy\" \/><\/a>\n\t\t\t<\/dt><\/dl>\n\t\t\t<br style='clear: both' \/>\n\t\t<\/div>\n<strong><br \/>\n<\/strong><strong><\/strong><\/p>\n<!-- vimeo error: not a vimeo video -->\n","protected":false},"excerpt":{"rendered":"<p><img loading=\"lazy\" class=\"alignleft size-medium wp-image-2418\" title=\"barnett_ulqin_1\" src=\"http:\/\/www.visit-ulcinj.com\/blog\/wp-content\/uploads\/2008\/08\/barnett_ulqin_1-300x224.jpg\" alt=\"\" width=\"140\" height=\"140\" \/><\/p>\n","protected":false},"author":1,"featured_media":0,"comment_status":"open","ping_status":"closed","sticky":false,"template":"","format":"standard","meta":{"spay_email":"","jetpack_publicize_message":"","jetpack_is_tweetstorm":false,"jetpack_publicize_feature_enabled":true},"categories":[1,12],"tags":[4321],"jetpack_publicize_connections":[],"yoast_head":"<!-- This site is optimized with the Yoast SEO plugin v19.1 - https:\/\/yoast.com\/wordpress\/plugins\/seo\/ -->\n<title>Bryan Barnett me delegacionin e vet\u00eb,vizitoj\u00eb Ulqinin - Lajme nga Ulqini<\/title>\n<meta name=\"robots\" content=\"index, follow, max-snippet:-1, max-image-preview:large, max-video-preview:-1\" \/>\n<link rel=\"canonical\" href=\"https:\/\/www.visit-ulcinj.com\/blog\/2008\/08\/13\/bryan-barnett-me-delegacionin-e-vetevizitoje-ulqinin\/\" \/>\n<meta property=\"og:locale\" content=\"en_US\" \/>\n<meta property=\"og:type\" content=\"article\" \/>\n<meta property=\"og:title\" content=\"Bryan Barnett me delegacionin e vet\u00eb,vizitoj\u00eb Ulqinin - Lajme nga Ulqini\" \/>\n<meta property=\"og:url\" content=\"https:\/\/www.visit-ulcinj.com\/blog\/2008\/08\/13\/bryan-barnett-me-delegacionin-e-vetevizitoje-ulqinin\/\" \/>\n<meta property=\"og:site_name\" content=\"Lajme nga Ulqini\" \/>\n<meta property=\"article:published_time\" content=\"2008-08-13T17:35:04+00:00\" \/>\n<meta property=\"article:modified_time\" content=\"2008-08-13T18:01:10+00:00\" \/>\n<meta property=\"og:image\" content=\"https:\/\/www.visit-ulcinj.com\/blog\/wp-content\/uploads\/2008\/08\/barnett_ulqin_3_bardhi-150x150.jpg\" \/>\n<meta name=\"twitter:label1\" content=\"Written by\" \/>\n\t<meta name=\"twitter:data1\" content=\"ulqini\" \/>\n\t<meta name=\"twitter:label2\" content=\"Est. reading time\" \/>\n\t<meta name=\"twitter:data2\" content=\"1 minute\" \/>\n<script type=\"application\/ld+json\" class=\"yoast-schema-graph\">{\"@context\":\"https:\/\/schema.org\",\"@graph\":[{\"@type\":\"WebSite\",\"@id\":\"https:\/\/www.visit-ulcinj.com\/blog\/#website\",\"url\":\"https:\/\/www.visit-ulcinj.com\/blog\/\",\"name\":\"Lajme nga Ulqini\",\"description\":\"Lajme,Vijesti,Ulqini,Ulqin,Crna Gora,Mali i Zi\",\"potentialAction\":[{\"@type\":\"SearchAction\",\"target\":{\"@type\":\"EntryPoint\",\"urlTemplate\":\"https:\/\/www.visit-ulcinj.com\/blog\/?s={search_term_string}\"},\"query-input\":\"required name=search_term_string\"}],\"inLanguage\":\"en-US\"},{\"@type\":\"ImageObject\",\"inLanguage\":\"en-US\",\"@id\":\"https:\/\/www.visit-ulcinj.com\/blog\/2008\/08\/13\/bryan-barnett-me-delegacionin-e-vetevizitoje-ulqinin\/#primaryimage\",\"url\":\"http:\/\/www.visit-ulcinj.com\/blog\/wp-content\/uploads\/2008\/08\/barnett_ulqin_1-300x224.jpg\",\"contentUrl\":\"http:\/\/www.visit-ulcinj.com\/blog\/wp-content\/uploads\/2008\/08\/barnett_ulqin_1-300x224.jpg\"},{\"@type\":\"WebPage\",\"@id\":\"https:\/\/www.visit-ulcinj.com\/blog\/2008\/08\/13\/bryan-barnett-me-delegacionin-e-vetevizitoje-ulqinin\/#webpage\",\"url\":\"https:\/\/www.visit-ulcinj.com\/blog\/2008\/08\/13\/bryan-barnett-me-delegacionin-e-vetevizitoje-ulqinin\/\",\"name\":\"Bryan Barnett me delegacionin e vet\u00eb,vizitoj\u00eb Ulqinin - Lajme nga Ulqini\",\"isPartOf\":{\"@id\":\"https:\/\/www.visit-ulcinj.com\/blog\/#website\"},\"primaryImageOfPage\":{\"@id\":\"https:\/\/www.visit-ulcinj.com\/blog\/2008\/08\/13\/bryan-barnett-me-delegacionin-e-vetevizitoje-ulqinin\/#primaryimage\"},\"datePublished\":\"2008-08-13T17:35:04+00:00\",\"dateModified\":\"2008-08-13T18:01:10+00:00\",\"author\":{\"@id\":\"https:\/\/www.visit-ulcinj.com\/blog\/#\/schema\/person\/dcab619c614d3038751c63bc2aadc06d\"},\"breadcrumb\":{\"@id\":\"https:\/\/www.visit-ulcinj.com\/blog\/2008\/08\/13\/bryan-barnett-me-delegacionin-e-vetevizitoje-ulqinin\/#breadcrumb\"},\"inLanguage\":\"en-US\",\"potentialAction\":[{\"@type\":\"ReadAction\",\"target\":[\"https:\/\/www.visit-ulcinj.com\/blog\/2008\/08\/13\/bryan-barnett-me-delegacionin-e-vetevizitoje-ulqinin\/\"]}]},{\"@type\":\"BreadcrumbList\",\"@id\":\"https:\/\/www.visit-ulcinj.com\/blog\/2008\/08\/13\/bryan-barnett-me-delegacionin-e-vetevizitoje-ulqinin\/#breadcrumb\",\"itemListElement\":[{\"@type\":\"ListItem\",\"position\":1,\"name\":\"Bryan Barnett me delegacionin e vet\u00eb,vizitoj\u00eb Ulqinin\"}]},{\"@type\":\"Person\",\"@id\":\"https:\/\/www.visit-ulcinj.com\/blog\/#\/schema\/person\/dcab619c614d3038751c63bc2aadc06d\",\"name\":\"ulqini\",\"sameAs\":[\"http:\/\/www.visit-ulcinj.com\"],\"url\":\"https:\/\/www.visit-ulcinj.com\/blog\/author\/admin\/\"}]}<\/script>\n<!-- \/ Yoast SEO plugin. -->","yoast_head_json":{"title":"Bryan Barnett me delegacionin e vet\u00eb,vizitoj\u00eb Ulqinin - Lajme nga Ulqini","robots":{"index":"index","follow":"follow","max-snippet":"max-snippet:-1","max-image-preview":"max-image-preview:large","max-video-preview":"max-video-preview:-1"},"canonical":"https:\/\/www.visit-ulcinj.com\/blog\/2008\/08\/13\/bryan-barnett-me-delegacionin-e-vetevizitoje-ulqinin\/","og_locale":"en_US","og_type":"article","og_title":"Bryan Barnett me delegacionin e vet\u00eb,vizitoj\u00eb Ulqinin - Lajme nga Ulqini","og_url":"https:\/\/www.visit-ulcinj.com\/blog\/2008\/08\/13\/bryan-barnett-me-delegacionin-e-vetevizitoje-ulqinin\/","og_site_name":"Lajme nga Ulqini","article_published_time":"2008-08-13T17:35:04+00:00","article_modified_time":"2008-08-13T18:01:10+00:00","og_image":[{"url":"https:\/\/www.visit-ulcinj.com\/blog\/wp-content\/uploads\/2008\/08\/barnett_ulqin_3_bardhi-150x150.jpg"}],"twitter_misc":{"Written by":"ulqini","Est. reading time":"1 minute"},"schema":{"@context":"https:\/\/schema.org","@graph":[{"@type":"WebSite","@id":"https:\/\/www.visit-ulcinj.com\/blog\/#website","url":"https:\/\/www.visit-ulcinj.com\/blog\/","name":"Lajme nga Ulqini","description":"Lajme,Vijesti,Ulqini,Ulqin,Crna Gora,Mali i Zi","potentialAction":[{"@type":"SearchAction","target":{"@type":"EntryPoint","urlTemplate":"https:\/\/www.visit-ulcinj.com\/blog\/?s={search_term_string}"},"query-input":"required name=search_term_string"}],"inLanguage":"en-US"},{"@type":"ImageObject","inLanguage":"en-US","@id":"https:\/\/www.visit-ulcinj.com\/blog\/2008\/08\/13\/bryan-barnett-me-delegacionin-e-vetevizitoje-ulqinin\/#primaryimage","url":"http:\/\/www.visit-ulcinj.com\/blog\/wp-content\/uploads\/2008\/08\/barnett_ulqin_1-300x224.jpg","contentUrl":"http:\/\/www.visit-ulcinj.com\/blog\/wp-content\/uploads\/2008\/08\/barnett_ulqin_1-300x224.jpg"},{"@type":"WebPage","@id":"https:\/\/www.visit-ulcinj.com\/blog\/2008\/08\/13\/bryan-barnett-me-delegacionin-e-vetevizitoje-ulqinin\/#webpage","url":"https:\/\/www.visit-ulcinj.com\/blog\/2008\/08\/13\/bryan-barnett-me-delegacionin-e-vetevizitoje-ulqinin\/","name":"Bryan Barnett me delegacionin e vet\u00eb,vizitoj\u00eb Ulqinin - Lajme nga Ulqini","isPartOf":{"@id":"https:\/\/www.visit-ulcinj.com\/blog\/#website"},"primaryImageOfPage":{"@id":"https:\/\/www.visit-ulcinj.com\/blog\/2008\/08\/13\/bryan-barnett-me-delegacionin-e-vetevizitoje-ulqinin\/#primaryimage"},"datePublished":"2008-08-13T17:35:04+00:00","dateModified":"2008-08-13T18:01:10+00:00","author":{"@id":"https:\/\/www.visit-ulcinj.com\/blog\/#\/schema\/person\/dcab619c614d3038751c63bc2aadc06d"},"breadcrumb":{"@id":"https:\/\/www.visit-ulcinj.com\/blog\/2008\/08\/13\/bryan-barnett-me-delegacionin-e-vetevizitoje-ulqinin\/#breadcrumb"},"inLanguage":"en-US","potentialAction":[{"@type":"ReadAction","target":["https:\/\/www.visit-ulcinj.com\/blog\/2008\/08\/13\/bryan-barnett-me-delegacionin-e-vetevizitoje-ulqinin\/"]}]},{"@type":"BreadcrumbList","@id":"https:\/\/www.visit-ulcinj.com\/blog\/2008\/08\/13\/bryan-barnett-me-delegacionin-e-vetevizitoje-ulqinin\/#breadcrumb","itemListElement":[{"@type":"ListItem","position":1,"name":"Bryan Barnett me delegacionin e vet\u00eb,vizitoj\u00eb Ulqinin"}]},{"@type":"Person","@id":"https:\/\/www.visit-ulcinj.com\/blog\/#\/schema\/person\/dcab619c614d3038751c63bc2aadc06d","name":"ulqini","sameAs":["http:\/\/www.visit-ulcinj.com"],"url":"https:\/\/www.visit-ulcinj.com\/blog\/author\/admin\/"}]}},"jetpack_featured_media_url":"","jetpack_sharing_enabled":true,"jetpack_shortlink":"https:\/\/wp.me\/pe6lTn-CZ","_links":{"self":[{"href":"https:\/\/www.visit-ulcinj.com\/blog\/wp-json\/wp\/v2\/posts\/2417"}],"collection":[{"href":"https:\/\/www.visit-ulcinj.com\/blog\/wp-json\/wp\/v2\/posts"}],"about":[{"href":"https:\/\/www.visit-ulcinj.com\/blog\/wp-json\/wp\/v2\/types\/post"}],"author":[{"embeddable":true,"href":"https:\/\/www.visit-ulcinj.com\/blog\/wp-json\/wp\/v2\/users\/1"}],"replies":[{"embeddable":true,"href":"https:\/\/www.visit-ulcinj.com\/blog\/wp-json\/wp\/v2\/comments?post=2417"}],"version-history":[{"count":0,"href":"https:\/\/www.visit-ulcinj.com\/blog\/wp-json\/wp\/v2\/posts\/2417\/revisions"}],"wp:attachment":[{"href":"https:\/\/www.visit-ulcinj.com\/blog\/wp-json\/wp\/v2\/media?parent=2417"}],"wp:term":[{"taxonomy":"category","embeddable":true,"href":"https:\/\/www.visit-ulcinj.com\/blog\/wp-json\/wp\/v2\/categories?post=2417"},{"taxonomy":"post_tag","embeddable":true,"href":"https:\/\/www.visit-ulcinj.com\/blog\/wp-json\/wp\/v2\/tags?post=2417"}],"curies":[{"name":"wp","href":"https:\/\/api.w.org\/{rel}","templated":true}]}}