{"id":24182,"date":"2009-08-04T14:53:05","date_gmt":"2009-08-04T12:53:05","guid":{"rendered":"http:\/\/www.visit-ulcinj.com\/blog\/?p=24182"},"modified":"2011-03-12T21:09:33","modified_gmt":"2011-03-12T20:09:33","slug":"cungu-vece-ingerencije-lokalnim-samoupravama","status":"publish","type":"post","link":"https:\/\/www.visit-ulcinj.com\/blog\/2009\/08\/04\/cungu-vece-ingerencije-lokalnim-samoupravama\/","title":{"rendered":"Cungu: Vece ingerencije lokalnim samoupravama"},"content":{"rendered":"<p><a href=\"http:\/\/www.visit-ulcinj.com\/blog\/wp-content\/uploads\/2009\/08\/Nazif_Cungu_Forca_ulqin.jpg\"><img loading=\"lazy\" class=\"alignleft size-full wp-image-24183\" title=\"Nazif_Cungu_Forca_ulqin\" src=\"http:\/\/www.visit-ulcinj.com\/blog\/wp-content\/uploads\/2009\/08\/Nazif_Cungu_Forca_ulqin.jpg\" alt=\"Nazif_Cungu_Forca_ulqin\" width=\"570\" height=\"368\" \/><\/a>Ulcinj, (MINA) &#8211; Nova demokratska snaga Forca insistira?e na davanju ve?ih ingerencija lokalnim samoupravama, posebno onima u kojima Albanci ?ine ve?inu, najavio je danas lider te stranke, Nazif Cungu.<br \/>\nOn je agenciji MINA, komentari\u0161u?i Nacrt zakona o teritorijalnoj organizaciji Crne Gore, kazao da je decentralizacija vlasti preduslov za dalju demokratizaciju.<br \/>\n&#8220;Kroz taj zakon, koji ce dosljedno po\u0161tovati Evropsku povelju o lokalnoj samoupravi, u mogu?nosti smo da Evropskoj uniji (EU) po\u0161aljemo jo\u0161 jedan pozitivan signal o na\u0161oj spremnosti za po\u0161tovanje principa decentralizacije vlasti, kao jednog od uslova za pristup Uniji u skoroj budu?nosti&#8221;, smatra Cungu.<br \/>\nPrema njegovim rije?ima, FORCA ?e &#8220;transparentno iznijeti svoje mi\u0161ljenje o Nacrtu zakona i instirati na davanju ve?ih ingerencija lokalnim samoupravama, osobito lokalnim upravama u kojima Albanci ?ine ve?inu&#8221;.<br \/>\n&#8220;To bi trebalo da se potvrdi i omogu?avanjem da Tuzi dobiju status punopravne op\u0161tine&#8221;, zaklju?io je Cungu.<\/p>\n<p><strong>Izvor \/ MINA<\/strong><\/p>\n","protected":false},"excerpt":{"rendered":"<p>Ulcinj, (MINA) &#8211; Nova demokratska snaga Forca insistira?e na davanju ve?ih ingerencija lokalnim samoupravama, posebno onima u kojima Albanci ?ine ve?inu, najavio je danas lider te stranke, Nazif Cungu. On je agenciji MINA, komentari\u0161u?i Nacrt zakona o teritorijalnoj organizaciji Crne Gore, kazao da je decentralizacija vlasti preduslov za dalju demokratizaciju. &#8220;Kroz taj zakon, koji ce [&hellip;]<\/p>\n","protected":false},"author":1,"featured_media":0,"comment_status":"open","ping_status":"closed","sticky":false,"template":"","format":"standard","meta":{"spay_email":"","jetpack_publicize_message":"","jetpack_is_tweetstorm":false,"jetpack_publicize_feature_enabled":true},"categories":[8337],"tags":[824,118],"jetpack_publicize_connections":[],"yoast_head":"<!-- This site is optimized with the Yoast SEO plugin v19.1 - https:\/\/yoast.com\/wordpress\/plugins\/seo\/ -->\n<title>Cungu: Vece ingerencije lokalnim samoupravama - Lajme nga Ulqini<\/title>\n<meta name=\"description\" content=\"Ulcinj, (MINA) - Nova demokratska snaga Forca insistira?e na davanju ve?ih ingerencija lokalnim samoupravama, posebno onima u kojima Albanci ?ine ve?inu,\" \/>\n<meta name=\"robots\" content=\"index, follow, max-snippet:-1, max-image-preview:large, max-video-preview:-1\" \/>\n<link rel=\"canonical\" href=\"https:\/\/www.visit-ulcinj.com\/blog\/2009\/08\/04\/cungu-vece-ingerencije-lokalnim-samoupravama\/\" \/>\n<meta property=\"og:locale\" content=\"en_US\" \/>\n<meta property=\"og:type\" content=\"article\" \/>\n<meta property=\"og:title\" content=\"Cungu: Vece ingerencije lokalnim samoupravama - Lajme nga Ulqini\" \/>\n<meta property=\"og:description\" content=\"Ulcinj, (MINA) - Nova demokratska snaga Forca insistira?e na davanju ve?ih ingerencija lokalnim samoupravama, posebno onima u kojima Albanci ?ine ve?inu,\" \/>\n<meta property=\"og:url\" content=\"https:\/\/www.visit-ulcinj.com\/blog\/2009\/08\/04\/cungu-vece-ingerencije-lokalnim-samoupravama\/\" \/>\n<meta property=\"og:site_name\" content=\"Lajme nga Ulqini\" \/>\n<meta property=\"article:published_time\" content=\"2009-08-04T12:53:05+00:00\" \/>\n<meta property=\"article:modified_time\" content=\"2011-03-12T20:09:33+00:00\" \/>\n<meta property=\"og:image\" content=\"http:\/\/www.visit-ulcinj.com\/blog\/wp-content\/uploads\/2009\/08\/Nazif_Cungu_Forca_ulqin.jpg\" \/>\n<meta name=\"twitter:label1\" content=\"Written by\" \/>\n\t<meta name=\"twitter:data1\" content=\"ulqini\" \/>\n\t<meta name=\"twitter:label2\" content=\"Est. reading time\" \/>\n\t<meta name=\"twitter:data2\" content=\"1 minute\" \/>\n<script type=\"application\/ld+json\" class=\"yoast-schema-graph\">{\"@context\":\"https:\/\/schema.org\",\"@graph\":[{\"@type\":\"WebSite\",\"@id\":\"https:\/\/www.visit-ulcinj.com\/blog\/#website\",\"url\":\"https:\/\/www.visit-ulcinj.com\/blog\/\",\"name\":\"Lajme nga Ulqini\",\"description\":\"Lajme,Vijesti,Ulqini,Ulqin,Crna Gora,Mali i Zi\",\"potentialAction\":[{\"@type\":\"SearchAction\",\"target\":{\"@type\":\"EntryPoint\",\"urlTemplate\":\"https:\/\/www.visit-ulcinj.com\/blog\/?s={search_term_string}\"},\"query-input\":\"required name=search_term_string\"}],\"inLanguage\":\"en-US\"},{\"@type\":\"ImageObject\",\"inLanguage\":\"en-US\",\"@id\":\"https:\/\/www.visit-ulcinj.com\/blog\/2009\/08\/04\/cungu-vece-ingerencije-lokalnim-samoupravama\/#primaryimage\",\"url\":\"https:\/\/www.visit-ulcinj.com\/blog\/wp-content\/uploads\/2009\/08\/Nazif_Cungu_Forca_ulqin.jpg\",\"contentUrl\":\"https:\/\/www.visit-ulcinj.com\/blog\/wp-content\/uploads\/2009\/08\/Nazif_Cungu_Forca_ulqin.jpg\",\"width\":\"500\",\"height\":\"368\"},{\"@type\":\"WebPage\",\"@id\":\"https:\/\/www.visit-ulcinj.com\/blog\/2009\/08\/04\/cungu-vece-ingerencije-lokalnim-samoupravama\/#webpage\",\"url\":\"https:\/\/www.visit-ulcinj.com\/blog\/2009\/08\/04\/cungu-vece-ingerencije-lokalnim-samoupravama\/\",\"name\":\"Cungu: Vece ingerencije lokalnim samoupravama - Lajme nga Ulqini\",\"isPartOf\":{\"@id\":\"https:\/\/www.visit-ulcinj.com\/blog\/#website\"},\"primaryImageOfPage\":{\"@id\":\"https:\/\/www.visit-ulcinj.com\/blog\/2009\/08\/04\/cungu-vece-ingerencije-lokalnim-samoupravama\/#primaryimage\"},\"datePublished\":\"2009-08-04T12:53:05+00:00\",\"dateModified\":\"2011-03-12T20:09:33+00:00\",\"author\":{\"@id\":\"https:\/\/www.visit-ulcinj.com\/blog\/#\/schema\/person\/dcab619c614d3038751c63bc2aadc06d\"},\"description\":\"Ulcinj, (MINA) - Nova demokratska snaga Forca insistira?e na davanju ve?ih ingerencija lokalnim samoupravama, posebno onima u kojima Albanci ?ine ve?inu,\",\"breadcrumb\":{\"@id\":\"https:\/\/www.visit-ulcinj.com\/blog\/2009\/08\/04\/cungu-vece-ingerencije-lokalnim-samoupravama\/#breadcrumb\"},\"inLanguage\":\"en-US\",\"potentialAction\":[{\"@type\":\"ReadAction\",\"target\":[\"https:\/\/www.visit-ulcinj.com\/blog\/2009\/08\/04\/cungu-vece-ingerencije-lokalnim-samoupravama\/\"]}]},{\"@type\":\"BreadcrumbList\",\"@id\":\"https:\/\/www.visit-ulcinj.com\/blog\/2009\/08\/04\/cungu-vece-ingerencije-lokalnim-samoupravama\/#breadcrumb\",\"itemListElement\":[{\"@type\":\"ListItem\",\"position\":1,\"name\":\"Cungu: Vece ingerencije lokalnim samoupravama\"}]},{\"@type\":\"Person\",\"@id\":\"https:\/\/www.visit-ulcinj.com\/blog\/#\/schema\/person\/dcab619c614d3038751c63bc2aadc06d\",\"name\":\"ulqini\",\"sameAs\":[\"http:\/\/www.visit-ulcinj.com\"],\"url\":\"https:\/\/www.visit-ulcinj.com\/blog\/author\/admin\/\"}]}<\/script>\n<!-- \/ Yoast SEO plugin. -->","yoast_head_json":{"title":"Cungu: Vece ingerencije lokalnim samoupravama - Lajme nga Ulqini","description":"Ulcinj, (MINA) - Nova demokratska snaga Forca insistira?e na davanju ve?ih ingerencija lokalnim samoupravama, posebno onima u kojima Albanci ?ine ve?inu,","robots":{"index":"index","follow":"follow","max-snippet":"max-snippet:-1","max-image-preview":"max-image-preview:large","max-video-preview":"max-video-preview:-1"},"canonical":"https:\/\/www.visit-ulcinj.com\/blog\/2009\/08\/04\/cungu-vece-ingerencije-lokalnim-samoupravama\/","og_locale":"en_US","og_type":"article","og_title":"Cungu: Vece ingerencije lokalnim samoupravama - Lajme nga Ulqini","og_description":"Ulcinj, (MINA) - Nova demokratska snaga Forca insistira?e na davanju ve?ih ingerencija lokalnim samoupravama, posebno onima u kojima Albanci ?ine ve?inu,","og_url":"https:\/\/www.visit-ulcinj.com\/blog\/2009\/08\/04\/cungu-vece-ingerencije-lokalnim-samoupravama\/","og_site_name":"Lajme nga Ulqini","article_published_time":"2009-08-04T12:53:05+00:00","article_modified_time":"2011-03-12T20:09:33+00:00","og_image":[{"url":"http:\/\/www.visit-ulcinj.com\/blog\/wp-content\/uploads\/2009\/08\/Nazif_Cungu_Forca_ulqin.jpg"}],"twitter_misc":{"Written by":"ulqini","Est. reading time":"1 minute"},"schema":{"@context":"https:\/\/schema.org","@graph":[{"@type":"WebSite","@id":"https:\/\/www.visit-ulcinj.com\/blog\/#website","url":"https:\/\/www.visit-ulcinj.com\/blog\/","name":"Lajme nga Ulqini","description":"Lajme,Vijesti,Ulqini,Ulqin,Crna Gora,Mali i Zi","potentialAction":[{"@type":"SearchAction","target":{"@type":"EntryPoint","urlTemplate":"https:\/\/www.visit-ulcinj.com\/blog\/?s={search_term_string}"},"query-input":"required name=search_term_string"}],"inLanguage":"en-US"},{"@type":"ImageObject","inLanguage":"en-US","@id":"https:\/\/www.visit-ulcinj.com\/blog\/2009\/08\/04\/cungu-vece-ingerencije-lokalnim-samoupravama\/#primaryimage","url":"https:\/\/www.visit-ulcinj.com\/blog\/wp-content\/uploads\/2009\/08\/Nazif_Cungu_Forca_ulqin.jpg","contentUrl":"https:\/\/www.visit-ulcinj.com\/blog\/wp-content\/uploads\/2009\/08\/Nazif_Cungu_Forca_ulqin.jpg","width":"500","height":"368"},{"@type":"WebPage","@id":"https:\/\/www.visit-ulcinj.com\/blog\/2009\/08\/04\/cungu-vece-ingerencije-lokalnim-samoupravama\/#webpage","url":"https:\/\/www.visit-ulcinj.com\/blog\/2009\/08\/04\/cungu-vece-ingerencije-lokalnim-samoupravama\/","name":"Cungu: Vece ingerencije lokalnim samoupravama - Lajme nga Ulqini","isPartOf":{"@id":"https:\/\/www.visit-ulcinj.com\/blog\/#website"},"primaryImageOfPage":{"@id":"https:\/\/www.visit-ulcinj.com\/blog\/2009\/08\/04\/cungu-vece-ingerencije-lokalnim-samoupravama\/#primaryimage"},"datePublished":"2009-08-04T12:53:05+00:00","dateModified":"2011-03-12T20:09:33+00:00","author":{"@id":"https:\/\/www.visit-ulcinj.com\/blog\/#\/schema\/person\/dcab619c614d3038751c63bc2aadc06d"},"description":"Ulcinj, (MINA) - Nova demokratska snaga Forca insistira?e na davanju ve?ih ingerencija lokalnim samoupravama, posebno onima u kojima Albanci ?ine ve?inu,","breadcrumb":{"@id":"https:\/\/www.visit-ulcinj.com\/blog\/2009\/08\/04\/cungu-vece-ingerencije-lokalnim-samoupravama\/#breadcrumb"},"inLanguage":"en-US","potentialAction":[{"@type":"ReadAction","target":["https:\/\/www.visit-ulcinj.com\/blog\/2009\/08\/04\/cungu-vece-ingerencije-lokalnim-samoupravama\/"]}]},{"@type":"BreadcrumbList","@id":"https:\/\/www.visit-ulcinj.com\/blog\/2009\/08\/04\/cungu-vece-ingerencije-lokalnim-samoupravama\/#breadcrumb","itemListElement":[{"@type":"ListItem","position":1,"name":"Cungu: Vece ingerencije lokalnim samoupravama"}]},{"@type":"Person","@id":"https:\/\/www.visit-ulcinj.com\/blog\/#\/schema\/person\/dcab619c614d3038751c63bc2aadc06d","name":"ulqini","sameAs":["http:\/\/www.visit-ulcinj.com"],"url":"https:\/\/www.visit-ulcinj.com\/blog\/author\/admin\/"}]}},"jetpack_featured_media_url":"","jetpack_sharing_enabled":true,"jetpack_shortlink":"https:\/\/wp.me\/pe6lTn-6i2","_links":{"self":[{"href":"https:\/\/www.visit-ulcinj.com\/blog\/wp-json\/wp\/v2\/posts\/24182"}],"collection":[{"href":"https:\/\/www.visit-ulcinj.com\/blog\/wp-json\/wp\/v2\/posts"}],"about":[{"href":"https:\/\/www.visit-ulcinj.com\/blog\/wp-json\/wp\/v2\/types\/post"}],"author":[{"embeddable":true,"href":"https:\/\/www.visit-ulcinj.com\/blog\/wp-json\/wp\/v2\/users\/1"}],"replies":[{"embeddable":true,"href":"https:\/\/www.visit-ulcinj.com\/blog\/wp-json\/wp\/v2\/comments?post=24182"}],"version-history":[{"count":0,"href":"https:\/\/www.visit-ulcinj.com\/blog\/wp-json\/wp\/v2\/posts\/24182\/revisions"}],"wp:attachment":[{"href":"https:\/\/www.visit-ulcinj.com\/blog\/wp-json\/wp\/v2\/media?parent=24182"}],"wp:term":[{"taxonomy":"category","embeddable":true,"href":"https:\/\/www.visit-ulcinj.com\/blog\/wp-json\/wp\/v2\/categories?post=24182"},{"taxonomy":"post_tag","embeddable":true,"href":"https:\/\/www.visit-ulcinj.com\/blog\/wp-json\/wp\/v2\/tags?post=24182"}],"curies":[{"name":"wp","href":"https:\/\/api.w.org\/{rel}","templated":true}]}}