{"id":242,"date":"2008-01-23T12:30:28","date_gmt":"2008-01-23T17:30:28","guid":{"rendered":"http:\/\/www.visit-ulcinj.com\/blog\/2008\/01\/23\/ljuid-skreljanecemo-nista-prepustiti-zaboravu\/"},"modified":"2008-02-12T19:35:50","modified_gmt":"2008-02-13T00:35:50","slug":"ljuid-skreljanecemo-nista-prepustiti-zaboravu","status":"publish","type":"post","link":"https:\/\/www.visit-ulcinj.com\/blog\/2008\/01\/23\/ljuid-skreljanecemo-nista-prepustiti-zaboravu\/","title":{"rendered":"Ljui? \u0160krelja:Ne?emo ni\u0161ta prepustiti zaboravu"},"content":{"rendered":"<p><a href=\"http:\/\/www.visit-ulcinj.com\/blog\/2008\/01\/23\/ljuid-skreljanecemo-nista-prepustiti-zaboravu\/luigj-shkrelamontenegrin-parlament-member\/\" rel=\"attachment wp-att-243\" title=\"Luigj Shkrela,Montenegrin Parlament Member\"><img loading=\"lazy\" src=\"http:\/\/www.visit-ulcinj.com\/blog\/wp-content\/uploads\/2008\/01\/luigj-shkrela.jpg\" alt=\"Luigj Shkrela,Montenegrin Parlament Member\" align=\"left\" height=\"120\" hspace=\"2\" vspace=\"2\" width=\"181\" \/><\/a>Ulcinj &#8211; Ulcinjska Skup\u0161tina ju?e je, bez prisustva ve?eg dijela opozicije, jednoglasno usvojila odluku o zavr\u0161nim ra?unima<br \/>\nbud\u017eeta op\u0161tine za 2004, 2005. i 2006. &#8220;uz po\u0161tovanje, primjenu i obavezu otklanjanja svih nepravilnosti koje su uo?ile dr\u017eavne revizorske institucije&#8221;. <!--more-->Osim toga, zaklju?kom koji je predlo\u017eila aktuelna parlamentarna ve?ina (DUA, DPS, SDP i PDP), nadle\u017ene op\u0161tinske strukture obavezane su da Skup\u0161tini, u roku od 30 dana, podnesu izvje\u0161taj o preuzetim i obavljenim aktivnostima po preporukama i sugestijama revizora.<br \/>\nGlasanju nijesu prisustvovali odbornici &#8220;Force&#8221; i DS, dok je odborni?ki klub DJA ostao podijeljen &#8211; lider te partije Ali Doda napustio je salu sa opozicijom, dok je njegov partijski kolega Ragip \u0160aptahovi? ostao i glasao za usvajanje odluke.<br \/>\nOdbornici &#8220;Force&#8221; Nazif Cungu i D\u017eaudet Cakuli tra\u017eili su da parlament ne usvoji odluke o zavr\u0161nim ra?unima jer ?e u suprotnom &#8220;biti prekr\u0161eni zakoni koji reguli\u0161u tu materiju&#8221;.<br \/>\nCungu je jo\u0161 jednom pozvao biv\u0161eg predsjednika Op\u0161tine Fuada Nimanija da, &#8220;zbog katastrofalnih izvje\u0161taja revizora&#8221;, podnese ostavku na funkciju ministra manjina.<br \/>\n&#8211; Izvje\u0161taj o reviziji zavr\u0161nog ra?una bud\u017eeta za 2005, dr\u017eavna revizorska ku?a dostavila je Nacionalnoj komisiji za borbu protiv korupcije i organizovanog kriminala. Najodgovorniji ?ovjek za takav na?in poslovanja Op\u0161tine, uzimaju?i u obzir sva tri izvje\u0161taja revizora, svakako je tada\u0161nji predsjednik Nimani &#8211; kazao je Cungu.<br \/>\nOdbornici DS tra\u017eili su odlaganje rasprave o toj ta?ki dnevnog reda, a odbornik i \u0161ef ulcinjske DPS Ljui? \u0160krelja optu\u017eio je opoziciju da cijeli slu?aj \u017eeli da prepusti zaboravu.<br \/>\n&#8211; Ho?emo da usvojimo ove odluke zajedno sa svim sugestijama i primjedbama dr\u017eavnog revizora. Tada ?e to postati slu\u017ebeni akti dostupni svim nadle\u017enim revizorima koji \u017eele da poslovanje Op\u0161tine iz tog perioda rasvijetle do kraja i utvrde eventualne odgovornosti svakog pojedinca &#8211; istakao je \u0160krelja zamjeraju?i opoziciji \u0161to za sve optu\u017euje Nimanija.<br \/>\n&#8211; Nemam namjeru da branim Nimanija, ali u izvje\u0161tajima revizora se navode i poslovi svih sekretarijata i javnih preduze?a. Ne?e biti da je samo on odgovoran &#8211; kazao je \u0160krelja.<\/p>\n<p><a href=\"http:\/\/www.visit-ulcinj.com\/blog\/2008\/01\/23\/ljuid-skreljanecemo-nista-prepustiti-zaboravu\/hatixhe-gjoni-udsh-ja\/\" rel=\"attachment wp-att-244\" title=\"Hatixhe Gjoni -Udsh-ja\"><img loading=\"lazy\" src=\"http:\/\/www.visit-ulcinj.com\/blog\/wp-content\/uploads\/2008\/01\/hatixhe-gjoni-2.jpg\" alt=\"Hatixhe Gjoni -Udsh-ja\" align=\"left\" height=\"144\" hspace=\"2\" vspace=\"2\" width=\"129\" \/><\/a><strong>?oni:Svi treba da su odgovorni<\/strong><br \/>\n\u0160ef kluba DUA Hatid\u017ea ?oni zamjerila je biv\u0161im koalicionim partnerima da &#8220;sada \u017eele da amnestiraju sebe od odgovornosti&#8221;.<br \/>\n&#8211; Imali su 60 odsto vlasti u rukama, a sada optu\u017euju DUA da snosi svu odgovornost za izvje\u0161taje revizora. Korektno bi bilo da ka\u017eu da smo zajedno vr\u0161ili vlast i da zajedno snosimo odgovornost za sve iz tog perioda. Ovako, sve mi li?i na politi?ko licemjerje &#8211; kazala je ?oni.<\/p>\n<p>S.A.<br \/>\nwww.vijesti.cg.yu<\/p>\n","protected":false},"excerpt":{"rendered":"<p><img loading=\"lazy\" src=\"http:\/\/www.visit-ulcinj.com\/blog\/wp-content\/uploads\/2008\/01\/luigj-shkrela.jpg\" alt=\"Luigj Shkrela,Montenegrin Parlament Member\" height=\"140\" width=\"140\" \/><\/p>\n","protected":false},"author":1,"featured_media":0,"comment_status":"open","ping_status":"closed","sticky":false,"template":"","format":"standard","meta":{"spay_email":"","jetpack_publicize_message":"","jetpack_is_tweetstorm":false,"jetpack_publicize_feature_enabled":true},"categories":[1],"tags":[1224,704,530,703,87,700,117,106,696,118,699,694,702,697,701,698,695],"jetpack_publicize_connections":[],"yoast_head":"<!-- This site is optimized with the Yoast SEO plugin v19.1 - https:\/\/yoast.com\/wordpress\/plugins\/seo\/ -->\n<title>Ljui? \u0160krelja:Ne?emo ni\u0161ta prepustiti zaboravu - Lajme nga Ulqini<\/title>\n<meta name=\"robots\" content=\"index, follow, max-snippet:-1, max-image-preview:large, max-video-preview:-1\" \/>\n<link rel=\"canonical\" href=\"https:\/\/www.visit-ulcinj.com\/blog\/2008\/01\/23\/ljuid-skreljanecemo-nista-prepustiti-zaboravu\/\" \/>\n<meta property=\"og:locale\" content=\"en_US\" \/>\n<meta property=\"og:type\" content=\"article\" \/>\n<meta property=\"og:title\" content=\"Ljui? \u0160krelja:Ne?emo ni\u0161ta prepustiti zaboravu - Lajme nga Ulqini\" \/>\n<meta property=\"og:url\" content=\"https:\/\/www.visit-ulcinj.com\/blog\/2008\/01\/23\/ljuid-skreljanecemo-nista-prepustiti-zaboravu\/\" \/>\n<meta property=\"og:site_name\" content=\"Lajme nga Ulqini\" \/>\n<meta property=\"article:published_time\" content=\"2008-01-23T17:30:28+00:00\" \/>\n<meta property=\"article:modified_time\" content=\"2008-02-13T00:35:50+00:00\" \/>\n<meta property=\"og:image\" content=\"http:\/\/www.visit-ulcinj.com\/blog\/wp-content\/uploads\/2008\/01\/luigj-shkrela.jpg\" \/>\n<meta name=\"twitter:label1\" content=\"Written by\" \/>\n\t<meta name=\"twitter:data1\" content=\"ulqini\" \/>\n\t<meta name=\"twitter:label2\" content=\"Est. reading time\" \/>\n\t<meta name=\"twitter:data2\" content=\"2 minutes\" \/>\n<script type=\"application\/ld+json\" class=\"yoast-schema-graph\">{\"@context\":\"https:\/\/schema.org\",\"@graph\":[{\"@type\":\"WebSite\",\"@id\":\"https:\/\/www.visit-ulcinj.com\/blog\/#website\",\"url\":\"https:\/\/www.visit-ulcinj.com\/blog\/\",\"name\":\"Lajme nga Ulqini\",\"description\":\"Lajme,Vijesti,Ulqini,Ulqin,Crna Gora,Mali i Zi\",\"potentialAction\":[{\"@type\":\"SearchAction\",\"target\":{\"@type\":\"EntryPoint\",\"urlTemplate\":\"https:\/\/www.visit-ulcinj.com\/blog\/?s={search_term_string}\"},\"query-input\":\"required name=search_term_string\"}],\"inLanguage\":\"en-US\"},{\"@type\":\"ImageObject\",\"inLanguage\":\"en-US\",\"@id\":\"https:\/\/www.visit-ulcinj.com\/blog\/2008\/01\/23\/ljuid-skreljanecemo-nista-prepustiti-zaboravu\/#primaryimage\",\"url\":\"http:\/\/www.visit-ulcinj.com\/blog\/wp-content\/uploads\/2008\/01\/luigj-shkrela.jpg\",\"contentUrl\":\"http:\/\/www.visit-ulcinj.com\/blog\/wp-content\/uploads\/2008\/01\/luigj-shkrela.jpg\"},{\"@type\":\"WebPage\",\"@id\":\"https:\/\/www.visit-ulcinj.com\/blog\/2008\/01\/23\/ljuid-skreljanecemo-nista-prepustiti-zaboravu\/#webpage\",\"url\":\"https:\/\/www.visit-ulcinj.com\/blog\/2008\/01\/23\/ljuid-skreljanecemo-nista-prepustiti-zaboravu\/\",\"name\":\"Ljui? \u0160krelja:Ne?emo ni\u0161ta prepustiti zaboravu - Lajme nga Ulqini\",\"isPartOf\":{\"@id\":\"https:\/\/www.visit-ulcinj.com\/blog\/#website\"},\"primaryImageOfPage\":{\"@id\":\"https:\/\/www.visit-ulcinj.com\/blog\/2008\/01\/23\/ljuid-skreljanecemo-nista-prepustiti-zaboravu\/#primaryimage\"},\"datePublished\":\"2008-01-23T17:30:28+00:00\",\"dateModified\":\"2008-02-13T00:35:50+00:00\",\"author\":{\"@id\":\"https:\/\/www.visit-ulcinj.com\/blog\/#\/schema\/person\/dcab619c614d3038751c63bc2aadc06d\"},\"breadcrumb\":{\"@id\":\"https:\/\/www.visit-ulcinj.com\/blog\/2008\/01\/23\/ljuid-skreljanecemo-nista-prepustiti-zaboravu\/#breadcrumb\"},\"inLanguage\":\"en-US\",\"potentialAction\":[{\"@type\":\"ReadAction\",\"target\":[\"https:\/\/www.visit-ulcinj.com\/blog\/2008\/01\/23\/ljuid-skreljanecemo-nista-prepustiti-zaboravu\/\"]}]},{\"@type\":\"BreadcrumbList\",\"@id\":\"https:\/\/www.visit-ulcinj.com\/blog\/2008\/01\/23\/ljuid-skreljanecemo-nista-prepustiti-zaboravu\/#breadcrumb\",\"itemListElement\":[{\"@type\":\"ListItem\",\"position\":1,\"name\":\"Ljui? \u0160krelja:Ne?emo ni\u0161ta prepustiti zaboravu\"}]},{\"@type\":\"Person\",\"@id\":\"https:\/\/www.visit-ulcinj.com\/blog\/#\/schema\/person\/dcab619c614d3038751c63bc2aadc06d\",\"name\":\"ulqini\",\"sameAs\":[\"http:\/\/www.visit-ulcinj.com\"],\"url\":\"https:\/\/www.visit-ulcinj.com\/blog\/author\/admin\/\"}]}<\/script>\n<!-- \/ Yoast SEO plugin. -->","yoast_head_json":{"title":"Ljui? \u0160krelja:Ne?emo ni\u0161ta prepustiti zaboravu - Lajme nga Ulqini","robots":{"index":"index","follow":"follow","max-snippet":"max-snippet:-1","max-image-preview":"max-image-preview:large","max-video-preview":"max-video-preview:-1"},"canonical":"https:\/\/www.visit-ulcinj.com\/blog\/2008\/01\/23\/ljuid-skreljanecemo-nista-prepustiti-zaboravu\/","og_locale":"en_US","og_type":"article","og_title":"Ljui? \u0160krelja:Ne?emo ni\u0161ta prepustiti zaboravu - Lajme nga Ulqini","og_url":"https:\/\/www.visit-ulcinj.com\/blog\/2008\/01\/23\/ljuid-skreljanecemo-nista-prepustiti-zaboravu\/","og_site_name":"Lajme nga Ulqini","article_published_time":"2008-01-23T17:30:28+00:00","article_modified_time":"2008-02-13T00:35:50+00:00","og_image":[{"url":"http:\/\/www.visit-ulcinj.com\/blog\/wp-content\/uploads\/2008\/01\/luigj-shkrela.jpg"}],"twitter_misc":{"Written by":"ulqini","Est. reading time":"2 minutes"},"schema":{"@context":"https:\/\/schema.org","@graph":[{"@type":"WebSite","@id":"https:\/\/www.visit-ulcinj.com\/blog\/#website","url":"https:\/\/www.visit-ulcinj.com\/blog\/","name":"Lajme nga Ulqini","description":"Lajme,Vijesti,Ulqini,Ulqin,Crna Gora,Mali i Zi","potentialAction":[{"@type":"SearchAction","target":{"@type":"EntryPoint","urlTemplate":"https:\/\/www.visit-ulcinj.com\/blog\/?s={search_term_string}"},"query-input":"required name=search_term_string"}],"inLanguage":"en-US"},{"@type":"ImageObject","inLanguage":"en-US","@id":"https:\/\/www.visit-ulcinj.com\/blog\/2008\/01\/23\/ljuid-skreljanecemo-nista-prepustiti-zaboravu\/#primaryimage","url":"http:\/\/www.visit-ulcinj.com\/blog\/wp-content\/uploads\/2008\/01\/luigj-shkrela.jpg","contentUrl":"http:\/\/www.visit-ulcinj.com\/blog\/wp-content\/uploads\/2008\/01\/luigj-shkrela.jpg"},{"@type":"WebPage","@id":"https:\/\/www.visit-ulcinj.com\/blog\/2008\/01\/23\/ljuid-skreljanecemo-nista-prepustiti-zaboravu\/#webpage","url":"https:\/\/www.visit-ulcinj.com\/blog\/2008\/01\/23\/ljuid-skreljanecemo-nista-prepustiti-zaboravu\/","name":"Ljui? \u0160krelja:Ne?emo ni\u0161ta prepustiti zaboravu - Lajme nga Ulqini","isPartOf":{"@id":"https:\/\/www.visit-ulcinj.com\/blog\/#website"},"primaryImageOfPage":{"@id":"https:\/\/www.visit-ulcinj.com\/blog\/2008\/01\/23\/ljuid-skreljanecemo-nista-prepustiti-zaboravu\/#primaryimage"},"datePublished":"2008-01-23T17:30:28+00:00","dateModified":"2008-02-13T00:35:50+00:00","author":{"@id":"https:\/\/www.visit-ulcinj.com\/blog\/#\/schema\/person\/dcab619c614d3038751c63bc2aadc06d"},"breadcrumb":{"@id":"https:\/\/www.visit-ulcinj.com\/blog\/2008\/01\/23\/ljuid-skreljanecemo-nista-prepustiti-zaboravu\/#breadcrumb"},"inLanguage":"en-US","potentialAction":[{"@type":"ReadAction","target":["https:\/\/www.visit-ulcinj.com\/blog\/2008\/01\/23\/ljuid-skreljanecemo-nista-prepustiti-zaboravu\/"]}]},{"@type":"BreadcrumbList","@id":"https:\/\/www.visit-ulcinj.com\/blog\/2008\/01\/23\/ljuid-skreljanecemo-nista-prepustiti-zaboravu\/#breadcrumb","itemListElement":[{"@type":"ListItem","position":1,"name":"Ljui? \u0160krelja:Ne?emo ni\u0161ta prepustiti zaboravu"}]},{"@type":"Person","@id":"https:\/\/www.visit-ulcinj.com\/blog\/#\/schema\/person\/dcab619c614d3038751c63bc2aadc06d","name":"ulqini","sameAs":["http:\/\/www.visit-ulcinj.com"],"url":"https:\/\/www.visit-ulcinj.com\/blog\/author\/admin\/"}]}},"jetpack_featured_media_url":"","jetpack_sharing_enabled":true,"jetpack_shortlink":"https:\/\/wp.me\/pe6lTn-3U","_links":{"self":[{"href":"https:\/\/www.visit-ulcinj.com\/blog\/wp-json\/wp\/v2\/posts\/242"}],"collection":[{"href":"https:\/\/www.visit-ulcinj.com\/blog\/wp-json\/wp\/v2\/posts"}],"about":[{"href":"https:\/\/www.visit-ulcinj.com\/blog\/wp-json\/wp\/v2\/types\/post"}],"author":[{"embeddable":true,"href":"https:\/\/www.visit-ulcinj.com\/blog\/wp-json\/wp\/v2\/users\/1"}],"replies":[{"embeddable":true,"href":"https:\/\/www.visit-ulcinj.com\/blog\/wp-json\/wp\/v2\/comments?post=242"}],"version-history":[{"count":0,"href":"https:\/\/www.visit-ulcinj.com\/blog\/wp-json\/wp\/v2\/posts\/242\/revisions"}],"wp:attachment":[{"href":"https:\/\/www.visit-ulcinj.com\/blog\/wp-json\/wp\/v2\/media?parent=242"}],"wp:term":[{"taxonomy":"category","embeddable":true,"href":"https:\/\/www.visit-ulcinj.com\/blog\/wp-json\/wp\/v2\/categories?post=242"},{"taxonomy":"post_tag","embeddable":true,"href":"https:\/\/www.visit-ulcinj.com\/blog\/wp-json\/wp\/v2\/tags?post=242"}],"curies":[{"name":"wp","href":"https:\/\/api.w.org\/{rel}","templated":true}]}}