{"id":24205,"date":"2009-08-04T18:43:08","date_gmt":"2009-08-04T16:43:08","guid":{"rendered":"http:\/\/www.visit-ulcinj.com\/blog\/?p=24205"},"modified":"2009-08-04T18:43:08","modified_gmt":"2009-08-04T16:43:08","slug":"mali-i-zi-dergon-trupa-ushtarake-ne-afganistan","status":"publish","type":"post","link":"https:\/\/www.visit-ulcinj.com\/blog\/2009\/08\/04\/mali-i-zi-dergon-trupa-ushtarake-ne-afganistan\/","title":{"rendered":"Mali i Zi dergon trupa ushtarake ne Afganistan"},"content":{"rendered":"<p><a href=\"http:\/\/www.visit-ulcinj.com\/blog\/wp-content\/uploads\/2009\/08\/vojska-crne-gore.jpg\"><img loading=\"lazy\" class=\"alignleft size-full wp-image-24206\" title=\"vojska crne gore\" src=\"http:\/\/www.visit-ulcinj.com\/blog\/wp-content\/uploads\/2009\/08\/vojska-crne-gore.jpg\" alt=\"vojska crne gore\" width=\"570\" height=\"400\" \/><\/a>PODGORICE- Parlamenti i Malit t\u00eb Zi miratoi dje d\u00ebrgimin e trupave n\u00eb Afganistan, n\u00eb kuad\u00ebr t\u00eb misionit t\u00eb udh\u00ebhequr nga NATO-ja.<br \/>\nLigjv\u00ebn\u00ebnsit vendos\u00ebn q\u00eb t\u00eb d\u00ebrgojn\u00eb 40 ushtar\u00eb malazias n\u00eb Afganistan n\u00eb vitin e ardhsh\u00ebm, nd\u00ebrsa pes\u00eb trupa t\u00eb tjer\u00eb do t\u00eb d\u00ebrgohen n\u00eb Liberi dhe Somali.<br \/>\nD\u00ebrgimi i ushtar\u00ebve jasht\u00eb vendit, sipas parlamentit t\u00eb Malit t\u00eb Zi, \u00ebsht\u00eb \u201ci r\u00ebnd\u00ebsish\u00ebm p\u00ebr politik\u00ebn e jashtme\u201d t\u00eb k\u00ebtij shteti.<br \/>\nVendimi i Podgoric\u00ebs p\u00ebr t\u00eb d\u00ebrguar ushtar\u00eb n\u00eb misionin e udh\u00ebhequr nga NATO-ja n\u00eb Afganistan vler\u00ebsohet t\u00eb jet\u00eb b\u00ebr\u00eb n\u00eb kuad\u00ebr t\u00eb p\u00ebrpjekjeve t\u00eb k\u00ebtij shteti p\u00ebr t\u2019ju bashkuar Aleanc\u00ebs Veri-atlantike.<br \/>\nEdhe Shqiperia, do t\u00eb pes\u00ebfishoj\u00eb prezenc\u00ebn ushtarake n\u00eb Afganistan, duke d\u00ebrguar 120 trupa shtes\u00eb p\u00ebr rritjen e siguris\u00eb para zgjedhjeve presidenciale t\u00eb k\u00ebtij vendi n\u00eb muajin e ardhsh\u00ebm<br \/>\n.<br \/>\n<strong>(s.g\/BalkanWeb)<br \/>\n<!--YouTube Error: bad URL entered--><\/strong><\/p>\n","protected":false},"excerpt":{"rendered":"<p>PODGORICE- Parlamenti i Malit t\u00eb Zi miratoi dje d\u00ebrgimin e trupave n\u00eb Afganistan, n\u00eb kuad\u00ebr t\u00eb misionit t\u00eb udh\u00ebhequr nga NATO-ja. Ligjv\u00ebn\u00ebnsit vendos\u00ebn q\u00eb t\u00eb d\u00ebrgojn\u00eb 40 ushtar\u00eb malazias n\u00eb Afganistan n\u00eb vitin e ardhsh\u00ebm, nd\u00ebrsa pes\u00eb trupa t\u00eb tjer\u00eb do t\u00eb d\u00ebrgohen n\u00eb Liberi dhe Somali. D\u00ebrgimi i ushtar\u00ebve jasht\u00eb vendit, sipas parlamentit t\u00eb [&hellip;]<\/p>\n","protected":false},"author":1,"featured_media":0,"comment_status":"open","ping_status":"closed","sticky":false,"template":"","format":"standard","meta":{"spay_email":"","jetpack_publicize_message":"","jetpack_is_tweetstorm":false,"jetpack_publicize_feature_enabled":true},"categories":[12],"tags":[11875,95,1620],"jetpack_publicize_connections":[],"yoast_head":"<!-- This site is optimized with the Yoast SEO plugin v19.1 - https:\/\/yoast.com\/wordpress\/plugins\/seo\/ -->\n<title>Mali i Zi dergon trupa ushtarake ne Afganistan - Lajme nga Ulqini<\/title>\n<meta name=\"description\" content=\"PODGORICE- Parlamenti i Malit t\u00eb Zi miratoi dje d\u00ebrgimin e trupave n\u00eb Afganistan, n\u00eb kuad\u00ebr t\u00eb misionit t\u00eb udh\u00ebhequr nga NATO-ja. Ligjv\u00ebn\u00ebnsit vendos\u00ebn q\u00eb\" \/>\n<meta name=\"robots\" content=\"index, follow, max-snippet:-1, max-image-preview:large, max-video-preview:-1\" \/>\n<link rel=\"canonical\" href=\"https:\/\/www.visit-ulcinj.com\/blog\/2009\/08\/04\/mali-i-zi-dergon-trupa-ushtarake-ne-afganistan\/\" \/>\n<meta property=\"og:locale\" content=\"en_US\" \/>\n<meta property=\"og:type\" content=\"article\" \/>\n<meta property=\"og:title\" content=\"Mali i Zi dergon trupa ushtarake ne Afganistan - Lajme nga Ulqini\" \/>\n<meta property=\"og:description\" content=\"PODGORICE- Parlamenti i Malit t\u00eb Zi miratoi dje d\u00ebrgimin e trupave n\u00eb Afganistan, n\u00eb kuad\u00ebr t\u00eb misionit t\u00eb udh\u00ebhequr nga NATO-ja. Ligjv\u00ebn\u00ebnsit vendos\u00ebn q\u00eb\" \/>\n<meta property=\"og:url\" content=\"https:\/\/www.visit-ulcinj.com\/blog\/2009\/08\/04\/mali-i-zi-dergon-trupa-ushtarake-ne-afganistan\/\" \/>\n<meta property=\"og:site_name\" content=\"Lajme nga Ulqini\" \/>\n<meta property=\"article:published_time\" content=\"2009-08-04T16:43:08+00:00\" \/>\n<meta property=\"og:image\" content=\"http:\/\/www.visit-ulcinj.com\/blog\/wp-content\/uploads\/2009\/08\/vojska-crne-gore.jpg\" \/>\n<meta name=\"twitter:label1\" content=\"Written by\" \/>\n\t<meta name=\"twitter:data1\" content=\"ulqini\" \/>\n\t<meta name=\"twitter:label2\" content=\"Est. reading time\" \/>\n\t<meta name=\"twitter:data2\" content=\"1 minute\" \/>\n<script type=\"application\/ld+json\" class=\"yoast-schema-graph\">{\"@context\":\"https:\/\/schema.org\",\"@graph\":[{\"@type\":\"WebSite\",\"@id\":\"https:\/\/www.visit-ulcinj.com\/blog\/#website\",\"url\":\"https:\/\/www.visit-ulcinj.com\/blog\/\",\"name\":\"Lajme nga Ulqini\",\"description\":\"Lajme,Vijesti,Ulqini,Ulqin,Crna Gora,Mali i Zi\",\"potentialAction\":[{\"@type\":\"SearchAction\",\"target\":{\"@type\":\"EntryPoint\",\"urlTemplate\":\"https:\/\/www.visit-ulcinj.com\/blog\/?s={search_term_string}\"},\"query-input\":\"required name=search_term_string\"}],\"inLanguage\":\"en-US\"},{\"@type\":\"ImageObject\",\"inLanguage\":\"en-US\",\"@id\":\"https:\/\/www.visit-ulcinj.com\/blog\/2009\/08\/04\/mali-i-zi-dergon-trupa-ushtarake-ne-afganistan\/#primaryimage\",\"url\":\"https:\/\/www.visit-ulcinj.com\/blog\/wp-content\/uploads\/2009\/08\/vojska-crne-gore.jpg\",\"contentUrl\":\"https:\/\/www.visit-ulcinj.com\/blog\/wp-content\/uploads\/2009\/08\/vojska-crne-gore.jpg\",\"width\":\"640\",\"height\":\"480\"},{\"@type\":\"WebPage\",\"@id\":\"https:\/\/www.visit-ulcinj.com\/blog\/2009\/08\/04\/mali-i-zi-dergon-trupa-ushtarake-ne-afganistan\/#webpage\",\"url\":\"https:\/\/www.visit-ulcinj.com\/blog\/2009\/08\/04\/mali-i-zi-dergon-trupa-ushtarake-ne-afganistan\/\",\"name\":\"Mali i Zi dergon trupa ushtarake ne Afganistan - Lajme nga Ulqini\",\"isPartOf\":{\"@id\":\"https:\/\/www.visit-ulcinj.com\/blog\/#website\"},\"primaryImageOfPage\":{\"@id\":\"https:\/\/www.visit-ulcinj.com\/blog\/2009\/08\/04\/mali-i-zi-dergon-trupa-ushtarake-ne-afganistan\/#primaryimage\"},\"datePublished\":\"2009-08-04T16:43:08+00:00\",\"dateModified\":\"2009-08-04T16:43:08+00:00\",\"author\":{\"@id\":\"https:\/\/www.visit-ulcinj.com\/blog\/#\/schema\/person\/dcab619c614d3038751c63bc2aadc06d\"},\"description\":\"PODGORICE- Parlamenti i Malit t\u00eb Zi miratoi dje d\u00ebrgimin e trupave n\u00eb Afganistan, n\u00eb kuad\u00ebr t\u00eb misionit t\u00eb udh\u00ebhequr nga NATO-ja. Ligjv\u00ebn\u00ebnsit vendos\u00ebn q\u00eb\",\"breadcrumb\":{\"@id\":\"https:\/\/www.visit-ulcinj.com\/blog\/2009\/08\/04\/mali-i-zi-dergon-trupa-ushtarake-ne-afganistan\/#breadcrumb\"},\"inLanguage\":\"en-US\",\"potentialAction\":[{\"@type\":\"ReadAction\",\"target\":[\"https:\/\/www.visit-ulcinj.com\/blog\/2009\/08\/04\/mali-i-zi-dergon-trupa-ushtarake-ne-afganistan\/\"]}]},{\"@type\":\"BreadcrumbList\",\"@id\":\"https:\/\/www.visit-ulcinj.com\/blog\/2009\/08\/04\/mali-i-zi-dergon-trupa-ushtarake-ne-afganistan\/#breadcrumb\",\"itemListElement\":[{\"@type\":\"ListItem\",\"position\":1,\"name\":\"Mali i Zi dergon trupa ushtarake ne Afganistan\"}]},{\"@type\":\"Person\",\"@id\":\"https:\/\/www.visit-ulcinj.com\/blog\/#\/schema\/person\/dcab619c614d3038751c63bc2aadc06d\",\"name\":\"ulqini\",\"sameAs\":[\"http:\/\/www.visit-ulcinj.com\"],\"url\":\"https:\/\/www.visit-ulcinj.com\/blog\/author\/admin\/\"}]}<\/script>\n<!-- \/ Yoast SEO plugin. -->","yoast_head_json":{"title":"Mali i Zi dergon trupa ushtarake ne Afganistan - Lajme nga Ulqini","description":"PODGORICE- Parlamenti i Malit t\u00eb Zi miratoi dje d\u00ebrgimin e trupave n\u00eb Afganistan, n\u00eb kuad\u00ebr t\u00eb misionit t\u00eb udh\u00ebhequr nga NATO-ja. Ligjv\u00ebn\u00ebnsit vendos\u00ebn q\u00eb","robots":{"index":"index","follow":"follow","max-snippet":"max-snippet:-1","max-image-preview":"max-image-preview:large","max-video-preview":"max-video-preview:-1"},"canonical":"https:\/\/www.visit-ulcinj.com\/blog\/2009\/08\/04\/mali-i-zi-dergon-trupa-ushtarake-ne-afganistan\/","og_locale":"en_US","og_type":"article","og_title":"Mali i Zi dergon trupa ushtarake ne Afganistan - Lajme nga Ulqini","og_description":"PODGORICE- Parlamenti i Malit t\u00eb Zi miratoi dje d\u00ebrgimin e trupave n\u00eb Afganistan, n\u00eb kuad\u00ebr t\u00eb misionit t\u00eb udh\u00ebhequr nga NATO-ja. Ligjv\u00ebn\u00ebnsit vendos\u00ebn q\u00eb","og_url":"https:\/\/www.visit-ulcinj.com\/blog\/2009\/08\/04\/mali-i-zi-dergon-trupa-ushtarake-ne-afganistan\/","og_site_name":"Lajme nga Ulqini","article_published_time":"2009-08-04T16:43:08+00:00","og_image":[{"url":"http:\/\/www.visit-ulcinj.com\/blog\/wp-content\/uploads\/2009\/08\/vojska-crne-gore.jpg"}],"twitter_misc":{"Written by":"ulqini","Est. reading time":"1 minute"},"schema":{"@context":"https:\/\/schema.org","@graph":[{"@type":"WebSite","@id":"https:\/\/www.visit-ulcinj.com\/blog\/#website","url":"https:\/\/www.visit-ulcinj.com\/blog\/","name":"Lajme nga Ulqini","description":"Lajme,Vijesti,Ulqini,Ulqin,Crna Gora,Mali i Zi","potentialAction":[{"@type":"SearchAction","target":{"@type":"EntryPoint","urlTemplate":"https:\/\/www.visit-ulcinj.com\/blog\/?s={search_term_string}"},"query-input":"required name=search_term_string"}],"inLanguage":"en-US"},{"@type":"ImageObject","inLanguage":"en-US","@id":"https:\/\/www.visit-ulcinj.com\/blog\/2009\/08\/04\/mali-i-zi-dergon-trupa-ushtarake-ne-afganistan\/#primaryimage","url":"https:\/\/www.visit-ulcinj.com\/blog\/wp-content\/uploads\/2009\/08\/vojska-crne-gore.jpg","contentUrl":"https:\/\/www.visit-ulcinj.com\/blog\/wp-content\/uploads\/2009\/08\/vojska-crne-gore.jpg","width":"640","height":"480"},{"@type":"WebPage","@id":"https:\/\/www.visit-ulcinj.com\/blog\/2009\/08\/04\/mali-i-zi-dergon-trupa-ushtarake-ne-afganistan\/#webpage","url":"https:\/\/www.visit-ulcinj.com\/blog\/2009\/08\/04\/mali-i-zi-dergon-trupa-ushtarake-ne-afganistan\/","name":"Mali i Zi dergon trupa ushtarake ne Afganistan - Lajme nga Ulqini","isPartOf":{"@id":"https:\/\/www.visit-ulcinj.com\/blog\/#website"},"primaryImageOfPage":{"@id":"https:\/\/www.visit-ulcinj.com\/blog\/2009\/08\/04\/mali-i-zi-dergon-trupa-ushtarake-ne-afganistan\/#primaryimage"},"datePublished":"2009-08-04T16:43:08+00:00","dateModified":"2009-08-04T16:43:08+00:00","author":{"@id":"https:\/\/www.visit-ulcinj.com\/blog\/#\/schema\/person\/dcab619c614d3038751c63bc2aadc06d"},"description":"PODGORICE- Parlamenti i Malit t\u00eb Zi miratoi dje d\u00ebrgimin e trupave n\u00eb Afganistan, n\u00eb kuad\u00ebr t\u00eb misionit t\u00eb udh\u00ebhequr nga NATO-ja. Ligjv\u00ebn\u00ebnsit vendos\u00ebn q\u00eb","breadcrumb":{"@id":"https:\/\/www.visit-ulcinj.com\/blog\/2009\/08\/04\/mali-i-zi-dergon-trupa-ushtarake-ne-afganistan\/#breadcrumb"},"inLanguage":"en-US","potentialAction":[{"@type":"ReadAction","target":["https:\/\/www.visit-ulcinj.com\/blog\/2009\/08\/04\/mali-i-zi-dergon-trupa-ushtarake-ne-afganistan\/"]}]},{"@type":"BreadcrumbList","@id":"https:\/\/www.visit-ulcinj.com\/blog\/2009\/08\/04\/mali-i-zi-dergon-trupa-ushtarake-ne-afganistan\/#breadcrumb","itemListElement":[{"@type":"ListItem","position":1,"name":"Mali i Zi dergon trupa ushtarake ne Afganistan"}]},{"@type":"Person","@id":"https:\/\/www.visit-ulcinj.com\/blog\/#\/schema\/person\/dcab619c614d3038751c63bc2aadc06d","name":"ulqini","sameAs":["http:\/\/www.visit-ulcinj.com"],"url":"https:\/\/www.visit-ulcinj.com\/blog\/author\/admin\/"}]}},"jetpack_featured_media_url":"","jetpack_sharing_enabled":true,"jetpack_shortlink":"https:\/\/wp.me\/pe6lTn-6ip","_links":{"self":[{"href":"https:\/\/www.visit-ulcinj.com\/blog\/wp-json\/wp\/v2\/posts\/24205"}],"collection":[{"href":"https:\/\/www.visit-ulcinj.com\/blog\/wp-json\/wp\/v2\/posts"}],"about":[{"href":"https:\/\/www.visit-ulcinj.com\/blog\/wp-json\/wp\/v2\/types\/post"}],"author":[{"embeddable":true,"href":"https:\/\/www.visit-ulcinj.com\/blog\/wp-json\/wp\/v2\/users\/1"}],"replies":[{"embeddable":true,"href":"https:\/\/www.visit-ulcinj.com\/blog\/wp-json\/wp\/v2\/comments?post=24205"}],"version-history":[{"count":0,"href":"https:\/\/www.visit-ulcinj.com\/blog\/wp-json\/wp\/v2\/posts\/24205\/revisions"}],"wp:attachment":[{"href":"https:\/\/www.visit-ulcinj.com\/blog\/wp-json\/wp\/v2\/media?parent=24205"}],"wp:term":[{"taxonomy":"category","embeddable":true,"href":"https:\/\/www.visit-ulcinj.com\/blog\/wp-json\/wp\/v2\/categories?post=24205"},{"taxonomy":"post_tag","embeddable":true,"href":"https:\/\/www.visit-ulcinj.com\/blog\/wp-json\/wp\/v2\/tags?post=24205"}],"curies":[{"name":"wp","href":"https:\/\/api.w.org\/{rel}","templated":true}]}}