{"id":24209,"date":"2009-08-04T19:02:38","date_gmt":"2009-08-04T17:02:38","guid":{"rendered":"http:\/\/www.visit-ulcinj.com\/blog\/?p=24209"},"modified":"2009-08-04T19:36:49","modified_gmt":"2009-08-04T17:36:49","slug":"vise-turista-samo-u-crnoj-gori","status":"publish","type":"post","link":"https:\/\/www.visit-ulcinj.com\/blog\/2009\/08\/04\/vise-turista-samo-u-crnoj-gori\/","title":{"rendered":"Vi\u0161e turista samo u Crnoj Gori"},"content":{"rendered":"<p><strong><a href=\"http:\/\/www.visit-ulcinj.com\/blog\/wp-content\/uploads\/2009\/08\/welcome-to-montenegro.jpg\"><img loading=\"lazy\" class=\"alignleft size-full wp-image-24210\" title=\"welcome to montenegro\" src=\"http:\/\/www.visit-ulcinj.com\/blog\/wp-content\/uploads\/2009\/08\/welcome-to-montenegro.jpg\" alt=\"welcome to montenegro\" width=\"570\" height=\"400\" \/><\/a>HRVATSKI POSLOVNI DNEVNIK O TURISTI?KOJ SEZONI<\/strong><br \/>\nZagreb(MINA-BUSINESS) &#8211; Crna Gora je, prema dostupnim statisti?kim podacima, za sada jedini dobitnik aktuelne turisti?ke sezone koja je podbacila u ?itavoj Evropi.<br \/>\nU Crnoj Gori boravi skoro 110 hiljada gostiju, \u0161to je dva odsto vi\u0161e nego u istom periodu pro\u0161le godine, a jo\u0161 vi\u0161e optimizma Crnogorcima bi mogla donijeti ova sedmica koja se tradicionalno smatra vrhuncem sezone, pi\u0161e Poslovni dnevnik.<br \/>\nSvjetska turisti?ka organizacija (WTO) prognozirala je ove godine pad turizma na Mediteranu od deset odsto.<br \/>\nPoslovni dnevnik navodi da sve zemlje trenutno nadu pola\u017eu u avgust koji bi, zbog razli?itih okolnosti, prema rezultatima mogao nadma\u0161iti jul.<br \/>\nPrema procjenama crnogorskog Ministarstva turizma, ove godine se o?ekuje posjeta od 1,1 milion turista \u0161to je na nivou pro\u0161logodi\u0161nje.<br \/>\nTuristi bi u ovoj godini mogli ostvariti oko 7,7 miliona no?enja.<br \/>\nNajvi\u0161e se, dodaje Poslovni dnevnik, o?ekuje od Budve koja bilje\u017ei ?ak ?etiri odsto rasta broja no?enja nego pro\u0161le godine, s tim da skoro 95 odsto ostvaruju stranci.<br \/>\nPrema vrstama smje\u0161taja, najve?i je dobitnik crnogorski kamping koji je ovog ljeta privukao ?ak 75 odsto vi\u0161e gostiju.<br \/>\nZa razliku od Crne Gore, konkurenti s Mediterana u ovoj sezoni bilje\u017ee znatno ve?e minuse ?ak i od najavljenog prosjeka. U \u0160paniji je broj stranih turista pao 16,3 odsto, a Gr?ka za sad bilje\u017ei dvocifreni pad.<br \/>\nTuristi iz regiona nijesu iznevjerili Crnu Goru kao turisti?ku destinaciju, smatraju u Me?unarodnom centru za razvoj i unaprje?enje turizma i ugostiteljstva, SACEN interne\u0161nl.<\/p>\n<p>&#8211; Turistima je drago da do?u u Crnu Goru, gdje ve?ina njih ima rodbinu i dugogodi\u0161nja prijateljstva, a jedan od razloga je i taj \u0161to su cijene ove godine redukovane i prilago?ene standardu posjetilaca &#8211; rekao je predsjednik Centra, Dragan Gligorijevi?.<\/p>\n<p>On je agenciji Mina-business kazao da su kvalitet ovogodi\u0161nje turisti?ke sezone diktirale aktuelna ekonomska kriza i veliki broj ki\u0161nih dana.<\/p>\n<p>Gligorijevi? je prije crnogorskog primorja obi\u0161ao Bugarsku, Tursku, Rumuniju, Makedoniju i Bosnu i Hercegovinu.<\/p>\n<p>&#8211; U tim zemljama situacija u turizmu nije sjajna &#8211; ocijenio je Gligorijevi?.<\/p>\n<p>On je dodao da iz SACEN-a, ?ije je sjedi\u0161te u Beogradu, poku\u0161avaju da uti?u na kvalitetan pristup kreiranju turisti?ke ponude.<\/p>\n<p>&#8211; Na\u0161a polazna ta?ka bila je sugestija da se turisti?ke destinacije oslanjaju i svoju ponudu usmjeravaju ka gostima iz zemalja okru\u017eenja, \u0161to se upravo desilo u Crnoj Gori &#8211; objasnio je Gligorijevi?.<\/p>\n<p>Kvalitet sezone, zaklju?io je on, ne mjeri se popunjeno\u0161?u hotela, ve? le\u017eajeva u privatnom smje\u0161taju.<\/p>\n<p><strong>MINA-BUSINESS<\/strong><\/p>\n<p><strong>[flv width=&#8221;580&#8243; height=&#8221;400&#8243;]http:\/\/videooglasi.net\/video-file-280.m4v[\/flv]<br \/>\n<\/strong><\/p>\n","protected":false},"excerpt":{"rendered":"<p>HRVATSKI POSLOVNI DNEVNIK O TURISTI?KOJ SEZONI Zagreb(MINA-BUSINESS) &#8211; Crna Gora je, prema dostupnim statisti?kim podacima, za sada jedini dobitnik aktuelne turisti?ke sezone koja je podbacila u ?itavoj Evropi. U Crnoj Gori boravi skoro 110 hiljada gostiju, \u0161to je dva odsto vi\u0161e nego u istom periodu pro\u0161le godine, a jo\u0161 vi\u0161e optimizma Crnogorcima bi mogla donijeti [&hellip;]<\/p>\n","protected":false},"author":1,"featured_media":0,"comment_status":"open","ping_status":"closed","sticky":false,"template":"","format":"standard","meta":{"spay_email":"","jetpack_publicize_message":"","jetpack_is_tweetstorm":false,"jetpack_publicize_feature_enabled":true},"categories":[7],"tags":[4032,748,3520,10353,10349,21,10342,107,1789,3967,10351,10348,1924,2440,10350,10343,3523,79,10352,10345,3527,10347,10346,9581,1334,3696,19,11876,1923,10344],"jetpack_publicize_connections":[],"yoast_head":"<!-- This site is optimized with the Yoast SEO plugin v19.1 - https:\/\/yoast.com\/wordpress\/plugins\/seo\/ -->\n<title>Vi\u0161e turista samo u Crnoj Gori - Lajme nga Ulqini<\/title>\n<meta name=\"description\" content=\"HRVATSKI POSLOVNI DNEVNIK O TURISTI?KOJ SEZONI Zagreb(MINA-BUSINESS) - Crna Gora je, prema dostupnim statisti?kim podacima, za sada jedini dobitnik\" \/>\n<meta name=\"robots\" content=\"index, follow, max-snippet:-1, max-image-preview:large, max-video-preview:-1\" \/>\n<link rel=\"canonical\" href=\"https:\/\/www.visit-ulcinj.com\/blog\/2009\/08\/04\/vise-turista-samo-u-crnoj-gori\/\" \/>\n<meta property=\"og:locale\" content=\"en_US\" \/>\n<meta property=\"og:type\" content=\"article\" \/>\n<meta property=\"og:title\" content=\"Vi\u0161e turista samo u Crnoj Gori - Lajme nga Ulqini\" \/>\n<meta property=\"og:description\" content=\"HRVATSKI POSLOVNI DNEVNIK O TURISTI?KOJ SEZONI Zagreb(MINA-BUSINESS) - Crna Gora je, prema dostupnim statisti?kim podacima, za sada jedini dobitnik\" \/>\n<meta property=\"og:url\" content=\"https:\/\/www.visit-ulcinj.com\/blog\/2009\/08\/04\/vise-turista-samo-u-crnoj-gori\/\" \/>\n<meta property=\"og:site_name\" content=\"Lajme nga Ulqini\" \/>\n<meta property=\"article:published_time\" content=\"2009-08-04T17:02:38+00:00\" \/>\n<meta property=\"article:modified_time\" content=\"2009-08-04T17:36:49+00:00\" \/>\n<meta property=\"og:image\" content=\"http:\/\/www.visit-ulcinj.com\/blog\/wp-content\/uploads\/2009\/08\/welcome-to-montenegro.jpg\" \/>\n<meta name=\"twitter:label1\" content=\"Written by\" \/>\n\t<meta name=\"twitter:data1\" content=\"ulqini\" \/>\n\t<meta name=\"twitter:label2\" content=\"Est. reading time\" \/>\n\t<meta name=\"twitter:data2\" content=\"2 minutes\" \/>\n<script type=\"application\/ld+json\" class=\"yoast-schema-graph\">{\"@context\":\"https:\/\/schema.org\",\"@graph\":[{\"@type\":\"WebSite\",\"@id\":\"https:\/\/www.visit-ulcinj.com\/blog\/#website\",\"url\":\"https:\/\/www.visit-ulcinj.com\/blog\/\",\"name\":\"Lajme nga Ulqini\",\"description\":\"Lajme,Vijesti,Ulqini,Ulqin,Crna Gora,Mali i Zi\",\"potentialAction\":[{\"@type\":\"SearchAction\",\"target\":{\"@type\":\"EntryPoint\",\"urlTemplate\":\"https:\/\/www.visit-ulcinj.com\/blog\/?s={search_term_string}\"},\"query-input\":\"required name=search_term_string\"}],\"inLanguage\":\"en-US\"},{\"@type\":\"ImageObject\",\"inLanguage\":\"en-US\",\"@id\":\"https:\/\/www.visit-ulcinj.com\/blog\/2009\/08\/04\/vise-turista-samo-u-crnoj-gori\/#primaryimage\",\"url\":\"https:\/\/www.visit-ulcinj.com\/blog\/wp-content\/uploads\/2009\/08\/welcome-to-montenegro.jpg\",\"contentUrl\":\"https:\/\/www.visit-ulcinj.com\/blog\/wp-content\/uploads\/2009\/08\/welcome-to-montenegro.jpg\",\"width\":\"1004\",\"height\":\"753\"},{\"@type\":\"WebPage\",\"@id\":\"https:\/\/www.visit-ulcinj.com\/blog\/2009\/08\/04\/vise-turista-samo-u-crnoj-gori\/#webpage\",\"url\":\"https:\/\/www.visit-ulcinj.com\/blog\/2009\/08\/04\/vise-turista-samo-u-crnoj-gori\/\",\"name\":\"Vi\u0161e turista samo u Crnoj Gori - Lajme nga Ulqini\",\"isPartOf\":{\"@id\":\"https:\/\/www.visit-ulcinj.com\/blog\/#website\"},\"primaryImageOfPage\":{\"@id\":\"https:\/\/www.visit-ulcinj.com\/blog\/2009\/08\/04\/vise-turista-samo-u-crnoj-gori\/#primaryimage\"},\"datePublished\":\"2009-08-04T17:02:38+00:00\",\"dateModified\":\"2009-08-04T17:36:49+00:00\",\"author\":{\"@id\":\"https:\/\/www.visit-ulcinj.com\/blog\/#\/schema\/person\/dcab619c614d3038751c63bc2aadc06d\"},\"description\":\"HRVATSKI POSLOVNI DNEVNIK O TURISTI?KOJ SEZONI Zagreb(MINA-BUSINESS) - Crna Gora je, prema dostupnim statisti?kim podacima, za sada jedini dobitnik\",\"breadcrumb\":{\"@id\":\"https:\/\/www.visit-ulcinj.com\/blog\/2009\/08\/04\/vise-turista-samo-u-crnoj-gori\/#breadcrumb\"},\"inLanguage\":\"en-US\",\"potentialAction\":[{\"@type\":\"ReadAction\",\"target\":[\"https:\/\/www.visit-ulcinj.com\/blog\/2009\/08\/04\/vise-turista-samo-u-crnoj-gori\/\"]}]},{\"@type\":\"BreadcrumbList\",\"@id\":\"https:\/\/www.visit-ulcinj.com\/blog\/2009\/08\/04\/vise-turista-samo-u-crnoj-gori\/#breadcrumb\",\"itemListElement\":[{\"@type\":\"ListItem\",\"position\":1,\"name\":\"Vi\u0161e turista samo u Crnoj Gori\"}]},{\"@type\":\"Person\",\"@id\":\"https:\/\/www.visit-ulcinj.com\/blog\/#\/schema\/person\/dcab619c614d3038751c63bc2aadc06d\",\"name\":\"ulqini\",\"sameAs\":[\"http:\/\/www.visit-ulcinj.com\"],\"url\":\"https:\/\/www.visit-ulcinj.com\/blog\/author\/admin\/\"}]}<\/script>\n<!-- \/ Yoast SEO plugin. -->","yoast_head_json":{"title":"Vi\u0161e turista samo u Crnoj Gori - Lajme nga Ulqini","description":"HRVATSKI POSLOVNI DNEVNIK O TURISTI?KOJ SEZONI Zagreb(MINA-BUSINESS) - Crna Gora je, prema dostupnim statisti?kim podacima, za sada jedini dobitnik","robots":{"index":"index","follow":"follow","max-snippet":"max-snippet:-1","max-image-preview":"max-image-preview:large","max-video-preview":"max-video-preview:-1"},"canonical":"https:\/\/www.visit-ulcinj.com\/blog\/2009\/08\/04\/vise-turista-samo-u-crnoj-gori\/","og_locale":"en_US","og_type":"article","og_title":"Vi\u0161e turista samo u Crnoj Gori - Lajme nga Ulqini","og_description":"HRVATSKI POSLOVNI DNEVNIK O TURISTI?KOJ SEZONI Zagreb(MINA-BUSINESS) - Crna Gora je, prema dostupnim statisti?kim podacima, za sada jedini dobitnik","og_url":"https:\/\/www.visit-ulcinj.com\/blog\/2009\/08\/04\/vise-turista-samo-u-crnoj-gori\/","og_site_name":"Lajme nga Ulqini","article_published_time":"2009-08-04T17:02:38+00:00","article_modified_time":"2009-08-04T17:36:49+00:00","og_image":[{"url":"http:\/\/www.visit-ulcinj.com\/blog\/wp-content\/uploads\/2009\/08\/welcome-to-montenegro.jpg"}],"twitter_misc":{"Written by":"ulqini","Est. reading time":"2 minutes"},"schema":{"@context":"https:\/\/schema.org","@graph":[{"@type":"WebSite","@id":"https:\/\/www.visit-ulcinj.com\/blog\/#website","url":"https:\/\/www.visit-ulcinj.com\/blog\/","name":"Lajme nga Ulqini","description":"Lajme,Vijesti,Ulqini,Ulqin,Crna Gora,Mali i Zi","potentialAction":[{"@type":"SearchAction","target":{"@type":"EntryPoint","urlTemplate":"https:\/\/www.visit-ulcinj.com\/blog\/?s={search_term_string}"},"query-input":"required name=search_term_string"}],"inLanguage":"en-US"},{"@type":"ImageObject","inLanguage":"en-US","@id":"https:\/\/www.visit-ulcinj.com\/blog\/2009\/08\/04\/vise-turista-samo-u-crnoj-gori\/#primaryimage","url":"https:\/\/www.visit-ulcinj.com\/blog\/wp-content\/uploads\/2009\/08\/welcome-to-montenegro.jpg","contentUrl":"https:\/\/www.visit-ulcinj.com\/blog\/wp-content\/uploads\/2009\/08\/welcome-to-montenegro.jpg","width":"1004","height":"753"},{"@type":"WebPage","@id":"https:\/\/www.visit-ulcinj.com\/blog\/2009\/08\/04\/vise-turista-samo-u-crnoj-gori\/#webpage","url":"https:\/\/www.visit-ulcinj.com\/blog\/2009\/08\/04\/vise-turista-samo-u-crnoj-gori\/","name":"Vi\u0161e turista samo u Crnoj Gori - Lajme nga Ulqini","isPartOf":{"@id":"https:\/\/www.visit-ulcinj.com\/blog\/#website"},"primaryImageOfPage":{"@id":"https:\/\/www.visit-ulcinj.com\/blog\/2009\/08\/04\/vise-turista-samo-u-crnoj-gori\/#primaryimage"},"datePublished":"2009-08-04T17:02:38+00:00","dateModified":"2009-08-04T17:36:49+00:00","author":{"@id":"https:\/\/www.visit-ulcinj.com\/blog\/#\/schema\/person\/dcab619c614d3038751c63bc2aadc06d"},"description":"HRVATSKI POSLOVNI DNEVNIK O TURISTI?KOJ SEZONI Zagreb(MINA-BUSINESS) - Crna Gora je, prema dostupnim statisti?kim podacima, za sada jedini dobitnik","breadcrumb":{"@id":"https:\/\/www.visit-ulcinj.com\/blog\/2009\/08\/04\/vise-turista-samo-u-crnoj-gori\/#breadcrumb"},"inLanguage":"en-US","potentialAction":[{"@type":"ReadAction","target":["https:\/\/www.visit-ulcinj.com\/blog\/2009\/08\/04\/vise-turista-samo-u-crnoj-gori\/"]}]},{"@type":"BreadcrumbList","@id":"https:\/\/www.visit-ulcinj.com\/blog\/2009\/08\/04\/vise-turista-samo-u-crnoj-gori\/#breadcrumb","itemListElement":[{"@type":"ListItem","position":1,"name":"Vi\u0161e turista samo u Crnoj Gori"}]},{"@type":"Person","@id":"https:\/\/www.visit-ulcinj.com\/blog\/#\/schema\/person\/dcab619c614d3038751c63bc2aadc06d","name":"ulqini","sameAs":["http:\/\/www.visit-ulcinj.com"],"url":"https:\/\/www.visit-ulcinj.com\/blog\/author\/admin\/"}]}},"jetpack_featured_media_url":"","jetpack_sharing_enabled":true,"jetpack_shortlink":"https:\/\/wp.me\/pe6lTn-6it","_links":{"self":[{"href":"https:\/\/www.visit-ulcinj.com\/blog\/wp-json\/wp\/v2\/posts\/24209"}],"collection":[{"href":"https:\/\/www.visit-ulcinj.com\/blog\/wp-json\/wp\/v2\/posts"}],"about":[{"href":"https:\/\/www.visit-ulcinj.com\/blog\/wp-json\/wp\/v2\/types\/post"}],"author":[{"embeddable":true,"href":"https:\/\/www.visit-ulcinj.com\/blog\/wp-json\/wp\/v2\/users\/1"}],"replies":[{"embeddable":true,"href":"https:\/\/www.visit-ulcinj.com\/blog\/wp-json\/wp\/v2\/comments?post=24209"}],"version-history":[{"count":0,"href":"https:\/\/www.visit-ulcinj.com\/blog\/wp-json\/wp\/v2\/posts\/24209\/revisions"}],"wp:attachment":[{"href":"https:\/\/www.visit-ulcinj.com\/blog\/wp-json\/wp\/v2\/media?parent=24209"}],"wp:term":[{"taxonomy":"category","embeddable":true,"href":"https:\/\/www.visit-ulcinj.com\/blog\/wp-json\/wp\/v2\/categories?post=24209"},{"taxonomy":"post_tag","embeddable":true,"href":"https:\/\/www.visit-ulcinj.com\/blog\/wp-json\/wp\/v2\/tags?post=24209"}],"curies":[{"name":"wp","href":"https:\/\/api.w.org\/{rel}","templated":true}]}}