{"id":24214,"date":"2009-08-04T19:52:10","date_gmt":"2009-08-04T17:52:10","guid":{"rendered":"http:\/\/www.visit-ulcinj.com\/blog\/?p=24214"},"modified":"2009-08-04T19:52:43","modified_gmt":"2009-08-04T17:52:43","slug":"ugrozena-ada-bojana","status":"publish","type":"post","link":"https:\/\/www.visit-ulcinj.com\/blog\/2009\/08\/04\/ugrozena-ada-bojana\/","title":{"rendered":"Ugro\u017eena Ada Bojana?"},"content":{"rendered":"<address><strong><a href=\"http:\/\/www.visit-ulcinj.com\/blog\/wp-content\/uploads\/2009\/08\/ada-bojana.jpg\"><img loading=\"lazy\" class=\"alignleft size-full wp-image-24215\" title=\"ada bojana\" src=\"http:\/\/www.visit-ulcinj.com\/blog\/wp-content\/uploads\/2009\/08\/ada-bojana.jpg\" alt=\"ada bojana\" width=\"570\" height=\"400\" \/><\/a>Namjera Albanije da blizu granice sa Crnom Gorom gradi nuklearnu elektranu bi prema procjenama ekologa ugrozila podru?je Ade Bojane<\/strong><\/address>\n<p>Nakon povremenih informacija o namjerama Albanije da na Skadarskom jezeru, blizu granice sa Crnom Gorom gradi nuklearnu elektranu, doma?u javnost sada zabrinjava i vijest o albanskim planovima za gradnju hidroelektrane na rijeci Drim, opet blizu granice sa Crnom Gorom, ali u reonu Ulcinja. Takav projekat bi, prema procjenama ekologa, mogao pogubno da djeluje na dragocjene ekolo\u0161ke i turisti?ke resurse tog podru?ja.<\/p>\n<p>Tokom ponedeljka nije bilo mogu?e dobiti zvani?nu potvrdu informacije o namjeri Albanije da u blizini granice sa Crnom Gorom gradi hidroelektranu, koja bi navodno ugrozila podru?je Ade Bojane koja se nalazi na samom kraju ulcinjske Velike pla\u017ee. U Ministarstvu ure?enja prostora i za\u0161tite \u017eivotne sredine Crne Gore rekli su da je nadle\u017ena njihova Agencija za za\u0161titu \u017eivotne sredine, ?ija direktorka Daliborka Pejovi? nije bila u mogu?nosti da odgovori na na\u0161 poziv.<\/p>\n<p>Nije bilo mogu?e kontaktirati ni direktora Zavoda za za\u0161titu \u017eivotne sredine Zlatka Buli?a, za koga je re?eno da je odsutan. U ambasadi Albanije u Podgorici tako?e nije bilo mogu?e stupiti u kontakt sa osobom ovla\u0161?enom za komunikaciju s medijima. Lokalne ekolo\u0161ke organizacije, kao i ukupna javnost, ne raspola\u017eu zvani?nim informacijama o izgradnji albanske elektrane koja bi negativno uticala na stanje \u017eivotne sredine na podru?ju Ulcinja.<\/p>\n<p>\u201eU nedelju smo nezvani?no informisani da se sa albanske strane planira gradnja velike hidroelektrane na Drimu. To apsolutno shvatamo kao prvu informaciju koja nije provjerene i koja nije zvani?na,\u201c rekao je Fejzi Hod\u017ea, predsjednik ekolo\u0161kog dru\u0161tva Kalimera iz Ulcinja.<\/p>\n<p>Pored mogu?nosti da Albanija namjerava da gradi elektranu ?iji bi se \u0161tetni uticaj prelivao preko granice sa Crnom Gorom, sporno je i to \u0161to ukupna crnogorska javnost, do sada nije bila upoznata sa takvim planovima. Prema medijskim informacijama nadle\u017ene dr\u017eavne institucije su tek prije desetak dana saznale za ovaj projekat. Prema informacijama podgori?kog dnevnika Vijesti na javnoj tribini \u201eProcjena uticaja izgradnje hidrocentrale A\u0161ta, na Drimu\u201c, nedavno odr\u017eanoj u Albaniji, predstavnici Agencije za za\u0161titu \u017eivotne sredine su bili iznena?eni ?injenicom da Crna Gora do sada nije zvani?no upoznata sa tim projektom.<\/p>\n<p>Prema nezvani?nim saznanjima rad ove elektrane bi razorno djelovao na korito rijeke Bojane, odnosno, postoji mogu?nost da Ada Bojana, koja je zna?ajan ekolo\u0161ki i turisti?ki resurs Crne Gore, mogla djelimi?no ili ?ak u potpunosti da nestane.<\/p>\n<p>Predsjednik ulcinjskog ekolo\u0161kog dru\u0161tva Kalimera Fejzi Hod\u017ea se odlu?no protivi takvom projektu, ali se nada da ?e se rje\u0161enje na?i na dr\u017eavnom nivou, ali i u saradnji ekolo\u0161kih organizacija obje zemlje. \u201eJa sam, kao ekolog, svakako protiv toga. Naravno, ukoliko do toga dodje i i na tome se po?ne ozbiljnije raditi. Takav projekat bi proizveo nesagledive posljedice za ekologiju, biodiverzitet, a normalno, to se onda odra\u017eava i na ekonomiju, turizam&#8230; Ipak, mislim da ?e se o tome razgovarati na dr\u017eavnom nivou. Mi ?emo na\u0161 dio posla apsolutno uraditi ?im budemo imali neke zvani?ne stavove, i mi ?emo kao ekolozi i nevladin sektor dati svoje mi\u0161ljenje. U svakom slu?aju mislim da, uslovno re?eno, mi ?emo biti protiv, i radi?emo i sa nevladinim organizacijama sa albanske strane, u Skadru, sa kojima ve? imamo dobru saradnju,\u201c kazao je Hod\u017ea.<\/p>\n<p>Crna Gora je potpisnica takozvane ESPO konvencije \u0161to je obavezuje da u projekte od zna?aja za \u017eivotnu sredinu, odnosno, u postupak procjene, uklju?i eksperte iz regiona. Ovaj dokument su, navodno, potpisale: Srbija, Bosna i Hercegovina, Hrvatska, Makedonija, Gr?ka, Bugarska, Rumunija, a prema raspolo\u017eivim podacima i Albanija.<br \/>\n<a href=\"http:\/\/www.slobodnaevropa.org\/content\/albanija_crnagora_elektrana\/1791445.html\" target=\"_blank\"><strong>Slobodna Evropa<\/strong><\/a><br \/>\n<!--YouTube Error: bad URL entered--><\/p>\n","protected":false},"excerpt":{"rendered":"<p>Namjera Albanije da blizu granice sa Crnom Gorom gradi nuklearnu elektranu bi prema procjenama ekologa ugrozila podru?je Ade Bojane Nakon povremenih informacija o namjerama Albanije da na Skadarskom jezeru, blizu granice sa Crnom Gorom gradi nuklearnu elektranu, doma?u javnost sada zabrinjava i vijest o albanskim planovima za gradnju hidroelektrane na rijeci Drim, opet blizu granice [&hellip;]<\/p>\n","protected":false},"author":1,"featured_media":0,"comment_status":"open","ping_status":"closed","sticky":false,"template":"","format":"standard","meta":{"spay_email":"","jetpack_publicize_message":"","jetpack_is_tweetstorm":false,"jetpack_publicize_feature_enabled":true},"categories":[7],"tags":[4525,20,11877,11878],"jetpack_publicize_connections":[],"yoast_head":"<!-- This site is optimized with the Yoast SEO plugin v19.1 - https:\/\/yoast.com\/wordpress\/plugins\/seo\/ -->\n<title>Ugro\u017eena Ada Bojana? - Lajme nga Ulqini<\/title>\n<meta name=\"description\" content=\"Namjera Albanije da blizu granice sa Crnom Gorom gradi nuklearnu elektranu bi prema procjenama ekologa ugrozila podru?je Ade BojaneNakon povremenih\" \/>\n<meta name=\"robots\" content=\"index, follow, max-snippet:-1, max-image-preview:large, max-video-preview:-1\" \/>\n<link rel=\"canonical\" href=\"https:\/\/www.visit-ulcinj.com\/blog\/2009\/08\/04\/ugrozena-ada-bojana\/\" \/>\n<meta property=\"og:locale\" content=\"en_US\" \/>\n<meta property=\"og:type\" content=\"article\" \/>\n<meta property=\"og:title\" content=\"Ugro\u017eena Ada Bojana? - Lajme nga Ulqini\" \/>\n<meta property=\"og:description\" content=\"Namjera Albanije da blizu granice sa Crnom Gorom gradi nuklearnu elektranu bi prema procjenama ekologa ugrozila podru?je Ade BojaneNakon povremenih\" \/>\n<meta property=\"og:url\" content=\"https:\/\/www.visit-ulcinj.com\/blog\/2009\/08\/04\/ugrozena-ada-bojana\/\" \/>\n<meta property=\"og:site_name\" content=\"Lajme nga Ulqini\" \/>\n<meta property=\"article:published_time\" content=\"2009-08-04T17:52:10+00:00\" \/>\n<meta property=\"article:modified_time\" content=\"2009-08-04T17:52:43+00:00\" \/>\n<meta property=\"og:image\" content=\"http:\/\/www.visit-ulcinj.com\/blog\/wp-content\/uploads\/2009\/08\/ada-bojana.jpg\" \/>\n<meta name=\"twitter:label1\" content=\"Written by\" \/>\n\t<meta name=\"twitter:data1\" content=\"ulqini\" \/>\n\t<meta name=\"twitter:label2\" content=\"Est. reading time\" \/>\n\t<meta name=\"twitter:data2\" content=\"3 minutes\" \/>\n<script type=\"application\/ld+json\" class=\"yoast-schema-graph\">{\"@context\":\"https:\/\/schema.org\",\"@graph\":[{\"@type\":\"WebSite\",\"@id\":\"https:\/\/www.visit-ulcinj.com\/blog\/#website\",\"url\":\"https:\/\/www.visit-ulcinj.com\/blog\/\",\"name\":\"Lajme nga Ulqini\",\"description\":\"Lajme,Vijesti,Ulqini,Ulqin,Crna Gora,Mali i Zi\",\"potentialAction\":[{\"@type\":\"SearchAction\",\"target\":{\"@type\":\"EntryPoint\",\"urlTemplate\":\"https:\/\/www.visit-ulcinj.com\/blog\/?s={search_term_string}\"},\"query-input\":\"required name=search_term_string\"}],\"inLanguage\":\"en-US\"},{\"@type\":\"ImageObject\",\"inLanguage\":\"en-US\",\"@id\":\"https:\/\/www.visit-ulcinj.com\/blog\/2009\/08\/04\/ugrozena-ada-bojana\/#primaryimage\",\"url\":\"https:\/\/www.visit-ulcinj.com\/blog\/wp-content\/uploads\/2009\/08\/ada-bojana.jpg\",\"contentUrl\":\"https:\/\/www.visit-ulcinj.com\/blog\/wp-content\/uploads\/2009\/08\/ada-bojana.jpg\",\"width\":\"786\",\"height\":\"635\"},{\"@type\":\"WebPage\",\"@id\":\"https:\/\/www.visit-ulcinj.com\/blog\/2009\/08\/04\/ugrozena-ada-bojana\/#webpage\",\"url\":\"https:\/\/www.visit-ulcinj.com\/blog\/2009\/08\/04\/ugrozena-ada-bojana\/\",\"name\":\"Ugro\u017eena Ada Bojana? - Lajme nga Ulqini\",\"isPartOf\":{\"@id\":\"https:\/\/www.visit-ulcinj.com\/blog\/#website\"},\"primaryImageOfPage\":{\"@id\":\"https:\/\/www.visit-ulcinj.com\/blog\/2009\/08\/04\/ugrozena-ada-bojana\/#primaryimage\"},\"datePublished\":\"2009-08-04T17:52:10+00:00\",\"dateModified\":\"2009-08-04T17:52:43+00:00\",\"author\":{\"@id\":\"https:\/\/www.visit-ulcinj.com\/blog\/#\/schema\/person\/dcab619c614d3038751c63bc2aadc06d\"},\"description\":\"Namjera Albanije da blizu granice sa Crnom Gorom gradi nuklearnu elektranu bi prema procjenama ekologa ugrozila podru?je Ade BojaneNakon povremenih\",\"breadcrumb\":{\"@id\":\"https:\/\/www.visit-ulcinj.com\/blog\/2009\/08\/04\/ugrozena-ada-bojana\/#breadcrumb\"},\"inLanguage\":\"en-US\",\"potentialAction\":[{\"@type\":\"ReadAction\",\"target\":[\"https:\/\/www.visit-ulcinj.com\/blog\/2009\/08\/04\/ugrozena-ada-bojana\/\"]}]},{\"@type\":\"BreadcrumbList\",\"@id\":\"https:\/\/www.visit-ulcinj.com\/blog\/2009\/08\/04\/ugrozena-ada-bojana\/#breadcrumb\",\"itemListElement\":[{\"@type\":\"ListItem\",\"position\":1,\"name\":\"Ugro\u017eena Ada Bojana?\"}]},{\"@type\":\"Person\",\"@id\":\"https:\/\/www.visit-ulcinj.com\/blog\/#\/schema\/person\/dcab619c614d3038751c63bc2aadc06d\",\"name\":\"ulqini\",\"sameAs\":[\"http:\/\/www.visit-ulcinj.com\"],\"url\":\"https:\/\/www.visit-ulcinj.com\/blog\/author\/admin\/\"}]}<\/script>\n<!-- \/ Yoast SEO plugin. -->","yoast_head_json":{"title":"Ugro\u017eena Ada Bojana? - Lajme nga Ulqini","description":"Namjera Albanije da blizu granice sa Crnom Gorom gradi nuklearnu elektranu bi prema procjenama ekologa ugrozila podru?je Ade BojaneNakon povremenih","robots":{"index":"index","follow":"follow","max-snippet":"max-snippet:-1","max-image-preview":"max-image-preview:large","max-video-preview":"max-video-preview:-1"},"canonical":"https:\/\/www.visit-ulcinj.com\/blog\/2009\/08\/04\/ugrozena-ada-bojana\/","og_locale":"en_US","og_type":"article","og_title":"Ugro\u017eena Ada Bojana? - Lajme nga Ulqini","og_description":"Namjera Albanije da blizu granice sa Crnom Gorom gradi nuklearnu elektranu bi prema procjenama ekologa ugrozila podru?je Ade BojaneNakon povremenih","og_url":"https:\/\/www.visit-ulcinj.com\/blog\/2009\/08\/04\/ugrozena-ada-bojana\/","og_site_name":"Lajme nga Ulqini","article_published_time":"2009-08-04T17:52:10+00:00","article_modified_time":"2009-08-04T17:52:43+00:00","og_image":[{"url":"http:\/\/www.visit-ulcinj.com\/blog\/wp-content\/uploads\/2009\/08\/ada-bojana.jpg"}],"twitter_misc":{"Written by":"ulqini","Est. reading time":"3 minutes"},"schema":{"@context":"https:\/\/schema.org","@graph":[{"@type":"WebSite","@id":"https:\/\/www.visit-ulcinj.com\/blog\/#website","url":"https:\/\/www.visit-ulcinj.com\/blog\/","name":"Lajme nga Ulqini","description":"Lajme,Vijesti,Ulqini,Ulqin,Crna Gora,Mali i Zi","potentialAction":[{"@type":"SearchAction","target":{"@type":"EntryPoint","urlTemplate":"https:\/\/www.visit-ulcinj.com\/blog\/?s={search_term_string}"},"query-input":"required name=search_term_string"}],"inLanguage":"en-US"},{"@type":"ImageObject","inLanguage":"en-US","@id":"https:\/\/www.visit-ulcinj.com\/blog\/2009\/08\/04\/ugrozena-ada-bojana\/#primaryimage","url":"https:\/\/www.visit-ulcinj.com\/blog\/wp-content\/uploads\/2009\/08\/ada-bojana.jpg","contentUrl":"https:\/\/www.visit-ulcinj.com\/blog\/wp-content\/uploads\/2009\/08\/ada-bojana.jpg","width":"786","height":"635"},{"@type":"WebPage","@id":"https:\/\/www.visit-ulcinj.com\/blog\/2009\/08\/04\/ugrozena-ada-bojana\/#webpage","url":"https:\/\/www.visit-ulcinj.com\/blog\/2009\/08\/04\/ugrozena-ada-bojana\/","name":"Ugro\u017eena Ada Bojana? - Lajme nga Ulqini","isPartOf":{"@id":"https:\/\/www.visit-ulcinj.com\/blog\/#website"},"primaryImageOfPage":{"@id":"https:\/\/www.visit-ulcinj.com\/blog\/2009\/08\/04\/ugrozena-ada-bojana\/#primaryimage"},"datePublished":"2009-08-04T17:52:10+00:00","dateModified":"2009-08-04T17:52:43+00:00","author":{"@id":"https:\/\/www.visit-ulcinj.com\/blog\/#\/schema\/person\/dcab619c614d3038751c63bc2aadc06d"},"description":"Namjera Albanije da blizu granice sa Crnom Gorom gradi nuklearnu elektranu bi prema procjenama ekologa ugrozila podru?je Ade BojaneNakon povremenih","breadcrumb":{"@id":"https:\/\/www.visit-ulcinj.com\/blog\/2009\/08\/04\/ugrozena-ada-bojana\/#breadcrumb"},"inLanguage":"en-US","potentialAction":[{"@type":"ReadAction","target":["https:\/\/www.visit-ulcinj.com\/blog\/2009\/08\/04\/ugrozena-ada-bojana\/"]}]},{"@type":"BreadcrumbList","@id":"https:\/\/www.visit-ulcinj.com\/blog\/2009\/08\/04\/ugrozena-ada-bojana\/#breadcrumb","itemListElement":[{"@type":"ListItem","position":1,"name":"Ugro\u017eena Ada Bojana?"}]},{"@type":"Person","@id":"https:\/\/www.visit-ulcinj.com\/blog\/#\/schema\/person\/dcab619c614d3038751c63bc2aadc06d","name":"ulqini","sameAs":["http:\/\/www.visit-ulcinj.com"],"url":"https:\/\/www.visit-ulcinj.com\/blog\/author\/admin\/"}]}},"jetpack_featured_media_url":"","jetpack_sharing_enabled":true,"jetpack_shortlink":"https:\/\/wp.me\/pe6lTn-6iy","_links":{"self":[{"href":"https:\/\/www.visit-ulcinj.com\/blog\/wp-json\/wp\/v2\/posts\/24214"}],"collection":[{"href":"https:\/\/www.visit-ulcinj.com\/blog\/wp-json\/wp\/v2\/posts"}],"about":[{"href":"https:\/\/www.visit-ulcinj.com\/blog\/wp-json\/wp\/v2\/types\/post"}],"author":[{"embeddable":true,"href":"https:\/\/www.visit-ulcinj.com\/blog\/wp-json\/wp\/v2\/users\/1"}],"replies":[{"embeddable":true,"href":"https:\/\/www.visit-ulcinj.com\/blog\/wp-json\/wp\/v2\/comments?post=24214"}],"version-history":[{"count":0,"href":"https:\/\/www.visit-ulcinj.com\/blog\/wp-json\/wp\/v2\/posts\/24214\/revisions"}],"wp:attachment":[{"href":"https:\/\/www.visit-ulcinj.com\/blog\/wp-json\/wp\/v2\/media?parent=24214"}],"wp:term":[{"taxonomy":"category","embeddable":true,"href":"https:\/\/www.visit-ulcinj.com\/blog\/wp-json\/wp\/v2\/categories?post=24214"},{"taxonomy":"post_tag","embeddable":true,"href":"https:\/\/www.visit-ulcinj.com\/blog\/wp-json\/wp\/v2\/tags?post=24214"}],"curies":[{"name":"wp","href":"https:\/\/api.w.org\/{rel}","templated":true}]}}