{"id":24240,"date":"2009-08-05T19:17:35","date_gmt":"2009-08-05T17:17:35","guid":{"rendered":"http:\/\/www.visit-ulcinj.com\/blog\/?p=24240"},"modified":"2009-08-05T19:17:35","modified_gmt":"2009-08-05T17:17:35","slug":"opstina-ulcinj-pausalno-naplacuje-taksu","status":"publish","type":"post","link":"https:\/\/www.visit-ulcinj.com\/blog\/2009\/08\/05\/opstina-ulcinj-pausalno-naplacuje-taksu\/","title":{"rendered":"Op\u0161tina Ulcinj pau\u0161alno napla?uje taksu"},"content":{"rendered":"<p><strong><a href=\"http:\/\/www.visit-ulcinj.com\/blog\/wp-content\/uploads\/2009\/06\/Fatmir-Gjeka-sekretar-p%C3%ABr-buxhet-dhe-financa-i-Komun%C3%ABs-s%C3%AB-Ulqinit.jpg\"><img loading=\"lazy\" class=\"alignleft\" src=\"http:\/\/www.visit-ulcinj.com\/blog\/wp-content\/uploads\/2009\/06\/Fatmir-Gjeka-sekretar-p%C3%ABr-buxhet-dhe-financa-i-Komun%C3%ABs-s%C3%AB-Ulqinit.jpg\" alt=\"\" width=\"307\" height=\"341\" \/><\/a>U ministarstvu turizma tvrde da ulcinjska lokalna samouprava kr\u0161i zakon<\/strong><\/p>\n<address><strong>Sekretar za finansije i bud\u017eet u Op\u0161tini Ulcinj, Fatmir ?eka, objasnio je da se lokalna uprava za pau\u0161alnu naplatu boravi\u0161ne takse odlu?ila na osnovu ?lana 2 Zakona i dodao da se taj metod napla?ivanja pokazao \u201ckao veoma efikasan\u201d<\/strong><\/address>\n<p>Ulcinj, 4. avgusta (MINA-biznis) \u2013 Op\u0161tina Ulcinj izdavaocima privatnog smje\u0161taja boravi\u0161nu taksu napla?uje pau\u0161alno iako to nije predvi?eno crnogorskim propisima.<br \/>\nIz Ministarstva finansija, koje je nadle\u017eno za nadzor sprovo?enja Zakona o boravi\u0161noj taksi, nijesu precizno saop\u0161tili da li lokalna samouprava ima pravo da izdavaocima privatnog smje\u0161taja pau\u0161alno napla?uje boravi\u0161nu taksu, ali najavljuju da ?e, ukoliko to bude slu?aj, preduzeti mjere u skladu sa svojim ovla\u0161?enjima.<br \/>\nIz Ministarstva turizma je saop\u0161teno da Zakon ne propisuje mogu?nost pau\u0161alnog pla?anja boravi\u0161ne takse.<br \/>\nSekretar za finansije i bud\u017eet u Op\u0161tini Ulcinj, Fatmir ?eka, objasnio je da se lokalna uprava za pau\u0161alnu naplatu boravi\u0161ne takse odlu?ila na osnovu ?lana 2 Zakona i dodao da se taj metod napla?ivanja pokazao \u201ckao veoma efikasan\u201d.<br \/>\nU ?lanu 2 pi\u0161e da je boravi\u0161na taksa pau\u0161alni nov?ani iznos koji pla?a osoba kad izvan svog prebivali\u0161ta koristi usluge smje\u0161taja u smje\u0161tajnom objektu u kojem se obavlja turisti?ka ili ugostiteljska djelatnost. U tom ?lanu nigdje nije navedena obaveza za izdavaoce privatnog smje\u0161taja.<br \/>\nU ?lanu 5 Zakona navodi se da izdavalac smje\u0161taja du\u017ean je da u ra?un za uslugu posebno iska\u017ee iznos boravi\u0161ne takse ili da navede osnov osloba?anja od pla?anja boravi\u0161ne takse.<br \/>\n?eka je kazao da je trend naplate boravi\u0161ne takse pau\u0161alne iznosa ve? nekoliko godina, kao i da iznos utvr?uje op\u0161tinska komisija u zavisnosti od broja le\u017eajeva, kvadrata objekata i gradske zone.<br \/>\nOn je dodao su do jula na takav na?in napla?ivanja boravi\u0161ne takse prikupili 120 hiljada eura.<br \/>\n\u201cMislim da niko nije o\u0161te?en, ni stranka, ni Op\u0161tina, ni gra?anin\u201d, kazao je ?eka .<br \/>\n?eka, ipak, ka\u017ee da vlasnik ima mogu?nost i da naknadu od boravi\u0161ne takse plati naknadno kako je to i predvi?eno Zakonom.<br \/>\nVlasnik smje\u0161taja je, navodi se u Zakonu, obavezan da nadle\u017enom poreskom organu, do 15-og u mjesecu za prethodni mjesec, dostavi izvje\u0161taj o broju korisnika usluga smje\u0161taja i iznosu napla?ene boravi\u0161ne takse. ?lanom \u0161est navodi se da novac od napla?ene boravi\u0161ne takse bude upla?en u roku od pet dana po isteku svakih 15 dana u mjesecu, odnosno na kraju mjeseca. Iznos takse u Ulcinju je 50 centi za gosta.<br \/>\n?eka tvrdi da oni nikoga ne tjeraju da plati taj pau\u0161alni iznos.<br \/>\n\u201cAko neko \u017eeli mo\u017ee, na primjer, za dva mjeseca da plati 200 eura odjednom i to je su\u0161tina svega ovog\u201d, dodao je ?eka.<br \/>\n<strong>MINA-biznis<\/strong><\/p>\n<div><object classid=\"clsid:d27cdb6e-ae6d-11cf-96b8-444553540000\" width=\"580\" height=\"386\" codebase=\"http:\/\/download.macromedia.com\/pub\/shockwave\/cabs\/flash\/swflash.cab#version=6,0,40,0\"><param name=\"allowFullScreen\" value=\"true\" \/><param name=\"allowScriptAccess\" value=\"always\" \/><param name=\"src\" value=\"http:\/\/www.dailymotion.com\/swf\/xa1jp1_mcm-beach-ulcinj-ulqini-montenegro_travel&amp;autoPlay=1&amp;related=1\" \/><param name=\"allowfullscreen\" value=\"true\" \/><\/object><\/div>\n","protected":false},"excerpt":{"rendered":"<p>U ministarstvu turizma tvrde da ulcinjska lokalna samouprava kr\u0161i zakon Sekretar za finansije i bud\u017eet u Op\u0161tini Ulcinj, Fatmir ?eka, objasnio je da se lokalna uprava za pau\u0161alnu naplatu boravi\u0161ne takse odlu?ila na osnovu ?lana 2 Zakona i dodao da se taj metod napla?ivanja pokazao \u201ckao veoma efikasan\u201d Ulcinj, 4. avgusta (MINA-biznis) \u2013 Op\u0161tina Ulcinj [&hellip;]<\/p>\n","protected":false},"author":1,"featured_media":0,"comment_status":"open","ping_status":"closed","sticky":false,"template":"","format":"standard","meta":{"spay_email":"","jetpack_publicize_message":"","jetpack_is_tweetstorm":false,"jetpack_publicize_feature_enabled":true},"categories":[8337],"tags":[4608,12136,12135,12137],"jetpack_publicize_connections":[],"yoast_head":"<!-- This site is optimized with the Yoast SEO plugin v19.1 - https:\/\/yoast.com\/wordpress\/plugins\/seo\/ -->\n<title>Op\u0161tina Ulcinj pau\u0161alno napla?uje taksu - Lajme nga Ulqini<\/title>\n<meta name=\"description\" content=\"U ministarstvu turizma tvrde da ulcinjska lokalna samouprava kr\u0161i zakon Sekretar za finansije i bud\u017eet u Op\u0161tini Ulcinj, Fatmir ?eka, objasnio je da se\" \/>\n<meta name=\"robots\" content=\"index, follow, max-snippet:-1, max-image-preview:large, max-video-preview:-1\" \/>\n<link rel=\"canonical\" href=\"https:\/\/www.visit-ulcinj.com\/blog\/2009\/08\/05\/opstina-ulcinj-pausalno-naplacuje-taksu\/\" \/>\n<meta property=\"og:locale\" content=\"en_US\" \/>\n<meta property=\"og:type\" content=\"article\" \/>\n<meta property=\"og:title\" content=\"Op\u0161tina Ulcinj pau\u0161alno napla?uje taksu - Lajme nga Ulqini\" \/>\n<meta property=\"og:description\" content=\"U ministarstvu turizma tvrde da ulcinjska lokalna samouprava kr\u0161i zakon Sekretar za finansije i bud\u017eet u Op\u0161tini Ulcinj, Fatmir ?eka, objasnio je da se\" \/>\n<meta property=\"og:url\" content=\"https:\/\/www.visit-ulcinj.com\/blog\/2009\/08\/05\/opstina-ulcinj-pausalno-naplacuje-taksu\/\" \/>\n<meta property=\"og:site_name\" content=\"Lajme nga Ulqini\" \/>\n<meta property=\"article:published_time\" content=\"2009-08-05T17:17:35+00:00\" \/>\n<meta property=\"og:image\" content=\"http:\/\/www.visit-ulcinj.com\/blog\/wp-content\/uploads\/2009\/06\/Fatmir-Gjeka-sekretar-p%C3%ABr-buxhet-dhe-financa-i-Komun%C3%ABs-s%C3%AB-Ulqinit.jpg\" \/>\n<meta name=\"twitter:label1\" content=\"Written by\" \/>\n\t<meta name=\"twitter:data1\" content=\"ulqini\" \/>\n\t<meta name=\"twitter:label2\" content=\"Est. reading time\" \/>\n\t<meta name=\"twitter:data2\" content=\"2 minutes\" \/>\n<script type=\"application\/ld+json\" class=\"yoast-schema-graph\">{\"@context\":\"https:\/\/schema.org\",\"@graph\":[{\"@type\":\"WebSite\",\"@id\":\"https:\/\/www.visit-ulcinj.com\/blog\/#website\",\"url\":\"https:\/\/www.visit-ulcinj.com\/blog\/\",\"name\":\"Lajme nga Ulqini\",\"description\":\"Lajme,Vijesti,Ulqini,Ulqin,Crna Gora,Mali i Zi\",\"potentialAction\":[{\"@type\":\"SearchAction\",\"target\":{\"@type\":\"EntryPoint\",\"urlTemplate\":\"https:\/\/www.visit-ulcinj.com\/blog\/?s={search_term_string}\"},\"query-input\":\"required name=search_term_string\"}],\"inLanguage\":\"en-US\"},{\"@type\":\"ImageObject\",\"inLanguage\":\"en-US\",\"@id\":\"https:\/\/www.visit-ulcinj.com\/blog\/2009\/08\/05\/opstina-ulcinj-pausalno-naplacuje-taksu\/#primaryimage\",\"url\":\"http:\/\/www.visit-ulcinj.com\/blog\/wp-content\/uploads\/2009\/06\/Fatmir-Gjeka-sekretar-p%C3%ABr-buxhet-dhe-financa-i-Komun%C3%ABs-s%C3%AB-Ulqinit.jpg\",\"contentUrl\":\"http:\/\/www.visit-ulcinj.com\/blog\/wp-content\/uploads\/2009\/06\/Fatmir-Gjeka-sekretar-p%C3%ABr-buxhet-dhe-financa-i-Komun%C3%ABs-s%C3%AB-Ulqinit.jpg\"},{\"@type\":\"WebPage\",\"@id\":\"https:\/\/www.visit-ulcinj.com\/blog\/2009\/08\/05\/opstina-ulcinj-pausalno-naplacuje-taksu\/#webpage\",\"url\":\"https:\/\/www.visit-ulcinj.com\/blog\/2009\/08\/05\/opstina-ulcinj-pausalno-naplacuje-taksu\/\",\"name\":\"Op\u0161tina Ulcinj pau\u0161alno napla?uje taksu - Lajme nga Ulqini\",\"isPartOf\":{\"@id\":\"https:\/\/www.visit-ulcinj.com\/blog\/#website\"},\"primaryImageOfPage\":{\"@id\":\"https:\/\/www.visit-ulcinj.com\/blog\/2009\/08\/05\/opstina-ulcinj-pausalno-naplacuje-taksu\/#primaryimage\"},\"datePublished\":\"2009-08-05T17:17:35+00:00\",\"dateModified\":\"2009-08-05T17:17:35+00:00\",\"author\":{\"@id\":\"https:\/\/www.visit-ulcinj.com\/blog\/#\/schema\/person\/dcab619c614d3038751c63bc2aadc06d\"},\"description\":\"U ministarstvu turizma tvrde da ulcinjska lokalna samouprava kr\u0161i zakon Sekretar za finansije i bud\u017eet u Op\u0161tini Ulcinj, Fatmir ?eka, objasnio je da se\",\"breadcrumb\":{\"@id\":\"https:\/\/www.visit-ulcinj.com\/blog\/2009\/08\/05\/opstina-ulcinj-pausalno-naplacuje-taksu\/#breadcrumb\"},\"inLanguage\":\"en-US\",\"potentialAction\":[{\"@type\":\"ReadAction\",\"target\":[\"https:\/\/www.visit-ulcinj.com\/blog\/2009\/08\/05\/opstina-ulcinj-pausalno-naplacuje-taksu\/\"]}]},{\"@type\":\"BreadcrumbList\",\"@id\":\"https:\/\/www.visit-ulcinj.com\/blog\/2009\/08\/05\/opstina-ulcinj-pausalno-naplacuje-taksu\/#breadcrumb\",\"itemListElement\":[{\"@type\":\"ListItem\",\"position\":1,\"name\":\"Op\u0161tina Ulcinj pau\u0161alno napla?uje taksu\"}]},{\"@type\":\"Person\",\"@id\":\"https:\/\/www.visit-ulcinj.com\/blog\/#\/schema\/person\/dcab619c614d3038751c63bc2aadc06d\",\"name\":\"ulqini\",\"sameAs\":[\"http:\/\/www.visit-ulcinj.com\"],\"url\":\"https:\/\/www.visit-ulcinj.com\/blog\/author\/admin\/\"}]}<\/script>\n<!-- \/ Yoast SEO plugin. -->","yoast_head_json":{"title":"Op\u0161tina Ulcinj pau\u0161alno napla?uje taksu - Lajme nga Ulqini","description":"U ministarstvu turizma tvrde da ulcinjska lokalna samouprava kr\u0161i zakon Sekretar za finansije i bud\u017eet u Op\u0161tini Ulcinj, Fatmir ?eka, objasnio je da se","robots":{"index":"index","follow":"follow","max-snippet":"max-snippet:-1","max-image-preview":"max-image-preview:large","max-video-preview":"max-video-preview:-1"},"canonical":"https:\/\/www.visit-ulcinj.com\/blog\/2009\/08\/05\/opstina-ulcinj-pausalno-naplacuje-taksu\/","og_locale":"en_US","og_type":"article","og_title":"Op\u0161tina Ulcinj pau\u0161alno napla?uje taksu - Lajme nga Ulqini","og_description":"U ministarstvu turizma tvrde da ulcinjska lokalna samouprava kr\u0161i zakon Sekretar za finansije i bud\u017eet u Op\u0161tini Ulcinj, Fatmir ?eka, objasnio je da se","og_url":"https:\/\/www.visit-ulcinj.com\/blog\/2009\/08\/05\/opstina-ulcinj-pausalno-naplacuje-taksu\/","og_site_name":"Lajme nga Ulqini","article_published_time":"2009-08-05T17:17:35+00:00","og_image":[{"url":"http:\/\/www.visit-ulcinj.com\/blog\/wp-content\/uploads\/2009\/06\/Fatmir-Gjeka-sekretar-p%C3%ABr-buxhet-dhe-financa-i-Komun%C3%ABs-s%C3%AB-Ulqinit.jpg"}],"twitter_misc":{"Written by":"ulqini","Est. reading time":"2 minutes"},"schema":{"@context":"https:\/\/schema.org","@graph":[{"@type":"WebSite","@id":"https:\/\/www.visit-ulcinj.com\/blog\/#website","url":"https:\/\/www.visit-ulcinj.com\/blog\/","name":"Lajme nga Ulqini","description":"Lajme,Vijesti,Ulqini,Ulqin,Crna Gora,Mali i Zi","potentialAction":[{"@type":"SearchAction","target":{"@type":"EntryPoint","urlTemplate":"https:\/\/www.visit-ulcinj.com\/blog\/?s={search_term_string}"},"query-input":"required name=search_term_string"}],"inLanguage":"en-US"},{"@type":"ImageObject","inLanguage":"en-US","@id":"https:\/\/www.visit-ulcinj.com\/blog\/2009\/08\/05\/opstina-ulcinj-pausalno-naplacuje-taksu\/#primaryimage","url":"http:\/\/www.visit-ulcinj.com\/blog\/wp-content\/uploads\/2009\/06\/Fatmir-Gjeka-sekretar-p%C3%ABr-buxhet-dhe-financa-i-Komun%C3%ABs-s%C3%AB-Ulqinit.jpg","contentUrl":"http:\/\/www.visit-ulcinj.com\/blog\/wp-content\/uploads\/2009\/06\/Fatmir-Gjeka-sekretar-p%C3%ABr-buxhet-dhe-financa-i-Komun%C3%ABs-s%C3%AB-Ulqinit.jpg"},{"@type":"WebPage","@id":"https:\/\/www.visit-ulcinj.com\/blog\/2009\/08\/05\/opstina-ulcinj-pausalno-naplacuje-taksu\/#webpage","url":"https:\/\/www.visit-ulcinj.com\/blog\/2009\/08\/05\/opstina-ulcinj-pausalno-naplacuje-taksu\/","name":"Op\u0161tina Ulcinj pau\u0161alno napla?uje taksu - Lajme nga Ulqini","isPartOf":{"@id":"https:\/\/www.visit-ulcinj.com\/blog\/#website"},"primaryImageOfPage":{"@id":"https:\/\/www.visit-ulcinj.com\/blog\/2009\/08\/05\/opstina-ulcinj-pausalno-naplacuje-taksu\/#primaryimage"},"datePublished":"2009-08-05T17:17:35+00:00","dateModified":"2009-08-05T17:17:35+00:00","author":{"@id":"https:\/\/www.visit-ulcinj.com\/blog\/#\/schema\/person\/dcab619c614d3038751c63bc2aadc06d"},"description":"U ministarstvu turizma tvrde da ulcinjska lokalna samouprava kr\u0161i zakon Sekretar za finansije i bud\u017eet u Op\u0161tini Ulcinj, Fatmir ?eka, objasnio je da se","breadcrumb":{"@id":"https:\/\/www.visit-ulcinj.com\/blog\/2009\/08\/05\/opstina-ulcinj-pausalno-naplacuje-taksu\/#breadcrumb"},"inLanguage":"en-US","potentialAction":[{"@type":"ReadAction","target":["https:\/\/www.visit-ulcinj.com\/blog\/2009\/08\/05\/opstina-ulcinj-pausalno-naplacuje-taksu\/"]}]},{"@type":"BreadcrumbList","@id":"https:\/\/www.visit-ulcinj.com\/blog\/2009\/08\/05\/opstina-ulcinj-pausalno-naplacuje-taksu\/#breadcrumb","itemListElement":[{"@type":"ListItem","position":1,"name":"Op\u0161tina Ulcinj pau\u0161alno napla?uje taksu"}]},{"@type":"Person","@id":"https:\/\/www.visit-ulcinj.com\/blog\/#\/schema\/person\/dcab619c614d3038751c63bc2aadc06d","name":"ulqini","sameAs":["http:\/\/www.visit-ulcinj.com"],"url":"https:\/\/www.visit-ulcinj.com\/blog\/author\/admin\/"}]}},"jetpack_featured_media_url":"","jetpack_sharing_enabled":true,"jetpack_shortlink":"https:\/\/wp.me\/pe6lTn-6iY","_links":{"self":[{"href":"https:\/\/www.visit-ulcinj.com\/blog\/wp-json\/wp\/v2\/posts\/24240"}],"collection":[{"href":"https:\/\/www.visit-ulcinj.com\/blog\/wp-json\/wp\/v2\/posts"}],"about":[{"href":"https:\/\/www.visit-ulcinj.com\/blog\/wp-json\/wp\/v2\/types\/post"}],"author":[{"embeddable":true,"href":"https:\/\/www.visit-ulcinj.com\/blog\/wp-json\/wp\/v2\/users\/1"}],"replies":[{"embeddable":true,"href":"https:\/\/www.visit-ulcinj.com\/blog\/wp-json\/wp\/v2\/comments?post=24240"}],"version-history":[{"count":0,"href":"https:\/\/www.visit-ulcinj.com\/blog\/wp-json\/wp\/v2\/posts\/24240\/revisions"}],"wp:attachment":[{"href":"https:\/\/www.visit-ulcinj.com\/blog\/wp-json\/wp\/v2\/media?parent=24240"}],"wp:term":[{"taxonomy":"category","embeddable":true,"href":"https:\/\/www.visit-ulcinj.com\/blog\/wp-json\/wp\/v2\/categories?post=24240"},{"taxonomy":"post_tag","embeddable":true,"href":"https:\/\/www.visit-ulcinj.com\/blog\/wp-json\/wp\/v2\/tags?post=24240"}],"curies":[{"name":"wp","href":"https:\/\/api.w.org\/{rel}","templated":true}]}}