{"id":24244,"date":"2009-08-05T19:49:32","date_gmt":"2009-08-05T17:49:32","guid":{"rendered":"http:\/\/www.visit-ulcinj.com\/blog\/?p=24244"},"modified":"2009-08-05T19:50:12","modified_gmt":"2009-08-05T17:50:12","slug":"a-do-te-rrezikohet-ada","status":"publish","type":"post","link":"https:\/\/www.visit-ulcinj.com\/blog\/2009\/08\/05\/a-do-te-rrezikohet-ada\/","title":{"rendered":"A do t\u00eb rrezikohet Ada?"},"content":{"rendered":"<p><a href=\"http:\/\/www.visit-ulcinj.com\/blog\/wp-content\/uploads\/2009\/08\/ada-bojana1.jpg\"><img loading=\"lazy\" class=\"alignleft size-full wp-image-24245\" title=\"ada bojana\" src=\"http:\/\/www.visit-ulcinj.com\/blog\/wp-content\/uploads\/2009\/08\/ada-bojana1.jpg\" alt=\"ada bojana\" width=\"580\" height=\"400\" \/><\/a>Synimi i Shqip\u00ebris\u00eb, q\u00eb af\u00ebr kufirit me malin e Zi t\u00eb nd\u00ebrtoj\u00eb nj\u00eb central b\u00ebrthamor, sipas disa vler\u00ebsimeve t\u00eb ekolog\u00ebve do t\u00eb rrezikonte edhe zon\u00ebn e Ad\u00ebs s\u00eb Bun\u00ebs, q\u00eb shtrihet n\u00eb fund t\u00eb Plazhit t\u00eb Madh t\u00eb Ulqinit.<br \/>\nPas informacioneve t\u00eb koh\u00ebpaskohshme p\u00ebr synimin e Shqip\u00ebris\u00eb q\u00eb n\u00eb Liqenin e Shkodr\u00ebs, dhe shum\u00eb af\u00ebr kufirit me Malin e Zi t\u00eb nd\u00ebrtoj\u00eb nj\u00eb central b\u00ebrthamor, opinionin malazez tani po e mundon edhe lajmi tjet\u00ebr, se Shqip\u00ebria planifikon t\u00eb nd\u00ebrtoj\u00eb nj\u00eb hidrocentral n\u00eb lumin Drin, s\u00ebrish af\u00ebr kufirit me Malin e Zi, por k\u00ebsaj radhe n\u00eb rajonin e Ulqinit. Nj\u00eb projekt i till\u00eb, sipas vler\u00ebsimit t\u00eb ekolog\u00ebve, do t\u00eb mund t\u00eb ndikonte tejet negativisht n\u00eb resurset e vlefshme ekologjike dhe turistike t\u00eb asaj zone.<\/p>\n<p>T\u00eb h\u00ebn\u00ebn ishte e pamundur t\u00eb merrej ndonj\u00eb informacion zyrtar p\u00ebr synimin e Shqip\u00ebris\u00eb q\u00eb af\u00ebr kufirit me Malin e Zi t\u00eb nd\u00ebrtoj\u00eb hidrocentralin, i cili do t\u00eb mund t\u00eb rrezikonte zon\u00ebn e Ad\u00ebs s\u00eb Bun\u00ebs (Ada Bojana), q\u00eb ndodhet n\u00eb fund t\u00eb Plazhit t\u00eb Madh t\u00eb Ulqinit. N\u00eb Ministrin\u00eb p\u00ebr Rregullimin Hap\u00ebsinor dhe t\u00eb Mbrojtjes s\u00eb Mjedisit t\u00eb Malit t\u00eb Zi than\u00eb se p\u00ebr k\u00ebt\u00eb \u00ebsht\u00eb p\u00ebrgjegj\u00ebse Agjencia e tyre p\u00ebr mbrojtjen e mjedisit, por q\u00eb drejtoresha, Daliborka Pejovic, s\u2019mund t\u2019i p\u00ebrgjigjej pyetjes.<\/p>\n<p>Nuk ishte i mundur as kontaktimi i drejtorit t\u00eb Entit p\u00ebr Mbrojtjen e Mjedisit, Zlatko Bulic, i cili nuk ndodhej n\u00eb zyr\u00eb. N\u00eb Ambasad\u00ebn e Shqip\u00ebris\u00eb n\u00eb Podgoric\u00eb po ashtu s\u2019ishte e mundur t\u00eb kontaktohej me personin e autorizuar p\u00ebr komunikim me media. Organizatat lokale ekologjike, sikurse edhe opinioni lokal, nuk disponojn\u00eb me informacione zyrtare p\u00ebr nd\u00ebrtimin e hidrocentralit shqiptar, i cili do t\u00eb ndikonte negativisht n\u00eb mjedisin jet\u00ebsor t\u00eb zon\u00ebs s\u00eb Ulqinit.<br \/>\n<a href=\"http:\/\/www.visit-ulcinj.com\/blog\/wp-content\/uploads\/2009\/08\/fejzo-hoxha-_profesor-_ekollogu-i-ulqinit.jpg\"><img loading=\"lazy\" class=\"alignleft size-full wp-image-24246\" title=\"fejzo-hoxha-_profesor-_ekollogu-i-ulqinit\" src=\"http:\/\/www.visit-ulcinj.com\/blog\/wp-content\/uploads\/2009\/08\/fejzo-hoxha-_profesor-_ekollogu-i-ulqinit.jpg\" alt=\"fejzo-hoxha-_profesor-_ekollogu-i-ulqinit\" width=\"570\" height=\"358\" \/><\/a><br \/>\n\u201cT\u00eb diel\u00ebn jemi informuar jozyrtarisht se planifikohet t\u00eb nd\u00ebrtohet nj\u00eb hidrocentral i madh n\u00eb lumin Drin. K\u00ebt\u00eb absolutisht e kuptojm\u00eb si nj\u00eb informacion q\u00eb ende s\u2019\u00ebsht\u00eb i konfirmuar dhe zyrtar\u201d, theksoi Fejzi Hoxha, kryetar i Shoqat\u00ebs s\u00eb Ekolog\u00ebve \u2018Kalimera\u2019, nga Ulqini.<br \/>\nP\u00ebrkund\u00ebr mund\u00ebsis\u00eb q\u00eb Shqip\u00ebria t\u00eb nd\u00ebrtoj\u00eb centralin ndikimi negativ i t\u00eb cilit do t\u00eb ndjehej p\u00ebrtej kufirit me Malin e Zi, diskutabile \u00ebsht\u00eb edhe ajo se opinioni malazez deri m\u00eb tani nuk \u00ebsht\u00eb njoftuar me planet e tilla. Sipas informatave mediale, institucionet kompetente shtet\u00ebrore malazeze p\u00ebr k\u00ebt\u00eb projekt kan\u00eb kuptuar tek para dhjet\u00eb dit\u00ebsh. Sipas informacioneve t\u00eb ditores podgoricase \u2018Vijesti\u2019, n\u00eb tribun\u00ebn publike \u2018Vler\u00ebsimi i Ndikimit t\u00eb Nd\u00ebrtimit t\u00eb Hidrocentralit Ashta, n\u00eb Drin\u201d, t\u00eb mbajtur koh\u00eb m\u00eb par\u00eb n Shqip\u00ebri, p\u00ebrfaq\u00ebsuesit e Agjencis\u00eb p\u00ebr Mbrojtjen e Mjedisit ishin t\u00eb habitur me faktin q\u00eb deri m\u00eb tani Mali i Zi nuk ishte njohur zyrtarisht me k\u00ebt\u00eb projekt.<\/p>\n<p>Sipas informatave jozyrtare, puna e k\u00ebtij hidrocentrali do t\u00eb ndikonte katasrofalisht n\u00eb shtratin e lumit Buna, gjegj\u00ebsisht, ekziston mund\u00ebsia q\u00eb Ada e Bun\u00ebs (Ada Bojana), e cila paraqet nj\u00eb resurs t\u00eb r\u00ebnd\u00ebsish\u00ebm ekologjik dhe turistik t\u00eb Malit t\u00eb Zi, t\u00eb zhduket pjes\u00ebrisht, e ndoshta edhe plot\u00ebsisht.<br \/>\nKryetari i Shoqat\u00ebs Ekologjike \u2018Kalimera\u2019, t\u00eb Ulqinit, Fejzi Hoxha, e kund\u00ebrshton fuqish\u00ebm k\u00ebt\u00eb projekt, megjith\u00ebse shpreson se do t\u00eb gjendet zgjidhje n\u00eb nivel shtet\u00ebror, por edhe me bashk\u00ebpunimin e organizatave ekologjike t\u00eb t\u00eb dy shteteve.<\/p>\n<p>\u201cUn\u00eb, si ekolog, gjithsesi jam kund\u00ebr, natyrisht, n\u00ebse vjen deri te nd\u00ebrtimi dhe n\u00ebse fillohet t\u00eb punohet seriozisht n\u00eb at\u00eb drejtim. Nj\u00eb projekt i till\u00eb do t\u00eb prodhonte pasoja t\u00eb paparashikueshme p\u00ebr ekologjin\u00eb, biodiversitetin, dhe kjo pastaj, normalisht, ndikon edhe n\u00eb ekonomi dhe turiz\u00ebm&#8230; Megjithat\u00eb, mendoj se p\u00ebr k\u00ebt\u00eb do t\u00eb bisedohet n\u00eb nivel shtet\u00ebror. Ne pjes\u00ebn ton\u00eb t\u00eb pun\u00ebs gjithsesi do ta b\u00ebjm\u00eb, sapo t\u00eb kemi q\u00ebndrimet zyrtare. Dhe ne, si ekolog\u00eb dhe sektor joqeveritar, do t\u00eb japim mendimin ton\u00eb. Sidoqoft\u00eb, mendoj se, th\u00ebn\u00eb kushtimisht, ne do t\u00eb jemi kund\u00ebr, dhe do t\u00eb punojm\u00eb me organizatat joqeveritare shqiptare, n\u00eb Shkod\u00ebr, me t\u00eb cilat kemi bashk\u00ebpunim t\u00eb mir\u00eb\u201d, sqaroi Hoxha.<\/p>\n<p>Mali i Zi \u00ebsht\u00eb n\u00ebnshkruese e konvent\u00ebs s\u00eb ashtuquajtur ESPO, gj\u00eb q\u00eb e obligon at\u00eb q\u00eb n\u00eb projektet me r\u00ebnd\u00ebsi p\u00ebr mjedisin, gjegj\u00ebsisht n\u00eb procesin e vler\u00ebsimit t\u00eb tyre, t\u00eb p\u00ebrfshij\u00eb edhe ekspert\u00eb nga rajoni. K\u00ebt\u00eb dokument e kan\u00eb n\u00ebnshkruar edhe Serbia, Bosnja e Hercegovina, Bullgaria, Rumania, dhe, sipas t\u00eb dh\u00ebnave n\u00eb dispozicion, edhe Shqip\u00ebria.<\/p>\n<p><strong>Evropa e Lir\u00eb<br \/>\n<!--YouTube Error: bad URL entered--><\/strong><\/p>\n","protected":false},"excerpt":{"rendered":"<p>Synimi i Shqip\u00ebris\u00eb, q\u00eb af\u00ebr kufirit me malin e Zi t\u00eb nd\u00ebrtoj\u00eb nj\u00eb central b\u00ebrthamor, sipas disa vler\u00ebsimeve t\u00eb ekolog\u00ebve do t\u00eb rrezikonte edhe zon\u00ebn e Ad\u00ebs s\u00eb Bun\u00ebs, q\u00eb shtrihet n\u00eb fund t\u00eb Plazhit t\u00eb Madh t\u00eb Ulqinit. Pas informacioneve t\u00eb koh\u00ebpaskohshme p\u00ebr synimin e Shqip\u00ebris\u00eb q\u00eb n\u00eb Liqenin e Shkodr\u00ebs, dhe shum\u00eb af\u00ebr [&hellip;]<\/p>\n","protected":false},"author":1,"featured_media":0,"comment_status":"open","ping_status":"closed","sticky":false,"template":"","format":"standard","meta":{"spay_email":"","jetpack_publicize_message":"","jetpack_is_tweetstorm":false,"jetpack_publicize_feature_enabled":true},"categories":[1],"tags":[138,12141,12139,12138,95,50,12140,200,18],"jetpack_publicize_connections":[],"yoast_head":"<!-- This site is optimized with the Yoast SEO plugin v19.1 - https:\/\/yoast.com\/wordpress\/plugins\/seo\/ -->\n<title>A do t\u00eb rrezikohet Ada? - Lajme nga Ulqini<\/title>\n<meta name=\"description\" content=\"Synimi i Shqip\u00ebris\u00eb, q\u00eb af\u00ebr kufirit me malin e Zi t\u00eb nd\u00ebrtoj\u00eb nj\u00eb central b\u00ebrthamor, sipas disa vler\u00ebsimeve t\u00eb ekolog\u00ebve do t\u00eb rrezikonte edhe zon\u00ebn e\" \/>\n<meta name=\"robots\" content=\"index, follow, max-snippet:-1, max-image-preview:large, max-video-preview:-1\" \/>\n<link rel=\"canonical\" href=\"https:\/\/www.visit-ulcinj.com\/blog\/2009\/08\/05\/a-do-te-rrezikohet-ada\/\" \/>\n<meta property=\"og:locale\" content=\"en_US\" \/>\n<meta property=\"og:type\" content=\"article\" \/>\n<meta property=\"og:title\" content=\"A do t\u00eb rrezikohet Ada? - Lajme nga Ulqini\" \/>\n<meta property=\"og:description\" content=\"Synimi i Shqip\u00ebris\u00eb, q\u00eb af\u00ebr kufirit me malin e Zi t\u00eb nd\u00ebrtoj\u00eb nj\u00eb central b\u00ebrthamor, sipas disa vler\u00ebsimeve t\u00eb ekolog\u00ebve do t\u00eb rrezikonte edhe zon\u00ebn e\" \/>\n<meta property=\"og:url\" content=\"https:\/\/www.visit-ulcinj.com\/blog\/2009\/08\/05\/a-do-te-rrezikohet-ada\/\" \/>\n<meta property=\"og:site_name\" content=\"Lajme nga Ulqini\" \/>\n<meta property=\"article:published_time\" content=\"2009-08-05T17:49:32+00:00\" \/>\n<meta property=\"article:modified_time\" content=\"2009-08-05T17:50:12+00:00\" \/>\n<meta property=\"og:image\" content=\"http:\/\/www.visit-ulcinj.com\/blog\/wp-content\/uploads\/2009\/08\/ada-bojana1.jpg\" \/>\n<meta name=\"twitter:label1\" content=\"Written by\" \/>\n\t<meta name=\"twitter:data1\" content=\"ulqini\" \/>\n\t<meta name=\"twitter:label2\" content=\"Est. reading time\" \/>\n\t<meta name=\"twitter:data2\" content=\"4 minutes\" \/>\n<script type=\"application\/ld+json\" class=\"yoast-schema-graph\">{\"@context\":\"https:\/\/schema.org\",\"@graph\":[{\"@type\":\"WebSite\",\"@id\":\"https:\/\/www.visit-ulcinj.com\/blog\/#website\",\"url\":\"https:\/\/www.visit-ulcinj.com\/blog\/\",\"name\":\"Lajme nga Ulqini\",\"description\":\"Lajme,Vijesti,Ulqini,Ulqin,Crna Gora,Mali i Zi\",\"potentialAction\":[{\"@type\":\"SearchAction\",\"target\":{\"@type\":\"EntryPoint\",\"urlTemplate\":\"https:\/\/www.visit-ulcinj.com\/blog\/?s={search_term_string}\"},\"query-input\":\"required name=search_term_string\"}],\"inLanguage\":\"en-US\"},{\"@type\":\"ImageObject\",\"inLanguage\":\"en-US\",\"@id\":\"https:\/\/www.visit-ulcinj.com\/blog\/2009\/08\/05\/a-do-te-rrezikohet-ada\/#primaryimage\",\"url\":\"https:\/\/www.visit-ulcinj.com\/blog\/wp-content\/uploads\/2009\/08\/ada-bojana1.jpg\",\"contentUrl\":\"https:\/\/www.visit-ulcinj.com\/blog\/wp-content\/uploads\/2009\/08\/ada-bojana1.jpg\",\"width\":\"786\",\"height\":\"635\"},{\"@type\":\"WebPage\",\"@id\":\"https:\/\/www.visit-ulcinj.com\/blog\/2009\/08\/05\/a-do-te-rrezikohet-ada\/#webpage\",\"url\":\"https:\/\/www.visit-ulcinj.com\/blog\/2009\/08\/05\/a-do-te-rrezikohet-ada\/\",\"name\":\"A do t\u00eb rrezikohet Ada? - Lajme nga Ulqini\",\"isPartOf\":{\"@id\":\"https:\/\/www.visit-ulcinj.com\/blog\/#website\"},\"primaryImageOfPage\":{\"@id\":\"https:\/\/www.visit-ulcinj.com\/blog\/2009\/08\/05\/a-do-te-rrezikohet-ada\/#primaryimage\"},\"datePublished\":\"2009-08-05T17:49:32+00:00\",\"dateModified\":\"2009-08-05T17:50:12+00:00\",\"author\":{\"@id\":\"https:\/\/www.visit-ulcinj.com\/blog\/#\/schema\/person\/dcab619c614d3038751c63bc2aadc06d\"},\"description\":\"Synimi i Shqip\u00ebris\u00eb, q\u00eb af\u00ebr kufirit me malin e Zi t\u00eb nd\u00ebrtoj\u00eb nj\u00eb central b\u00ebrthamor, sipas disa vler\u00ebsimeve t\u00eb ekolog\u00ebve do t\u00eb rrezikonte edhe zon\u00ebn e\",\"breadcrumb\":{\"@id\":\"https:\/\/www.visit-ulcinj.com\/blog\/2009\/08\/05\/a-do-te-rrezikohet-ada\/#breadcrumb\"},\"inLanguage\":\"en-US\",\"potentialAction\":[{\"@type\":\"ReadAction\",\"target\":[\"https:\/\/www.visit-ulcinj.com\/blog\/2009\/08\/05\/a-do-te-rrezikohet-ada\/\"]}]},{\"@type\":\"BreadcrumbList\",\"@id\":\"https:\/\/www.visit-ulcinj.com\/blog\/2009\/08\/05\/a-do-te-rrezikohet-ada\/#breadcrumb\",\"itemListElement\":[{\"@type\":\"ListItem\",\"position\":1,\"name\":\"A do t\u00eb rrezikohet Ada?\"}]},{\"@type\":\"Person\",\"@id\":\"https:\/\/www.visit-ulcinj.com\/blog\/#\/schema\/person\/dcab619c614d3038751c63bc2aadc06d\",\"name\":\"ulqini\",\"sameAs\":[\"http:\/\/www.visit-ulcinj.com\"],\"url\":\"https:\/\/www.visit-ulcinj.com\/blog\/author\/admin\/\"}]}<\/script>\n<!-- \/ Yoast SEO plugin. -->","yoast_head_json":{"title":"A do t\u00eb rrezikohet Ada? - Lajme nga Ulqini","description":"Synimi i Shqip\u00ebris\u00eb, q\u00eb af\u00ebr kufirit me malin e Zi t\u00eb nd\u00ebrtoj\u00eb nj\u00eb central b\u00ebrthamor, sipas disa vler\u00ebsimeve t\u00eb ekolog\u00ebve do t\u00eb rrezikonte edhe zon\u00ebn e","robots":{"index":"index","follow":"follow","max-snippet":"max-snippet:-1","max-image-preview":"max-image-preview:large","max-video-preview":"max-video-preview:-1"},"canonical":"https:\/\/www.visit-ulcinj.com\/blog\/2009\/08\/05\/a-do-te-rrezikohet-ada\/","og_locale":"en_US","og_type":"article","og_title":"A do t\u00eb rrezikohet Ada? - Lajme nga Ulqini","og_description":"Synimi i Shqip\u00ebris\u00eb, q\u00eb af\u00ebr kufirit me malin e Zi t\u00eb nd\u00ebrtoj\u00eb nj\u00eb central b\u00ebrthamor, sipas disa vler\u00ebsimeve t\u00eb ekolog\u00ebve do t\u00eb rrezikonte edhe zon\u00ebn e","og_url":"https:\/\/www.visit-ulcinj.com\/blog\/2009\/08\/05\/a-do-te-rrezikohet-ada\/","og_site_name":"Lajme nga Ulqini","article_published_time":"2009-08-05T17:49:32+00:00","article_modified_time":"2009-08-05T17:50:12+00:00","og_image":[{"url":"http:\/\/www.visit-ulcinj.com\/blog\/wp-content\/uploads\/2009\/08\/ada-bojana1.jpg"}],"twitter_misc":{"Written by":"ulqini","Est. reading time":"4 minutes"},"schema":{"@context":"https:\/\/schema.org","@graph":[{"@type":"WebSite","@id":"https:\/\/www.visit-ulcinj.com\/blog\/#website","url":"https:\/\/www.visit-ulcinj.com\/blog\/","name":"Lajme nga Ulqini","description":"Lajme,Vijesti,Ulqini,Ulqin,Crna Gora,Mali i Zi","potentialAction":[{"@type":"SearchAction","target":{"@type":"EntryPoint","urlTemplate":"https:\/\/www.visit-ulcinj.com\/blog\/?s={search_term_string}"},"query-input":"required name=search_term_string"}],"inLanguage":"en-US"},{"@type":"ImageObject","inLanguage":"en-US","@id":"https:\/\/www.visit-ulcinj.com\/blog\/2009\/08\/05\/a-do-te-rrezikohet-ada\/#primaryimage","url":"https:\/\/www.visit-ulcinj.com\/blog\/wp-content\/uploads\/2009\/08\/ada-bojana1.jpg","contentUrl":"https:\/\/www.visit-ulcinj.com\/blog\/wp-content\/uploads\/2009\/08\/ada-bojana1.jpg","width":"786","height":"635"},{"@type":"WebPage","@id":"https:\/\/www.visit-ulcinj.com\/blog\/2009\/08\/05\/a-do-te-rrezikohet-ada\/#webpage","url":"https:\/\/www.visit-ulcinj.com\/blog\/2009\/08\/05\/a-do-te-rrezikohet-ada\/","name":"A do t\u00eb rrezikohet Ada? - Lajme nga Ulqini","isPartOf":{"@id":"https:\/\/www.visit-ulcinj.com\/blog\/#website"},"primaryImageOfPage":{"@id":"https:\/\/www.visit-ulcinj.com\/blog\/2009\/08\/05\/a-do-te-rrezikohet-ada\/#primaryimage"},"datePublished":"2009-08-05T17:49:32+00:00","dateModified":"2009-08-05T17:50:12+00:00","author":{"@id":"https:\/\/www.visit-ulcinj.com\/blog\/#\/schema\/person\/dcab619c614d3038751c63bc2aadc06d"},"description":"Synimi i Shqip\u00ebris\u00eb, q\u00eb af\u00ebr kufirit me malin e Zi t\u00eb nd\u00ebrtoj\u00eb nj\u00eb central b\u00ebrthamor, sipas disa vler\u00ebsimeve t\u00eb ekolog\u00ebve do t\u00eb rrezikonte edhe zon\u00ebn e","breadcrumb":{"@id":"https:\/\/www.visit-ulcinj.com\/blog\/2009\/08\/05\/a-do-te-rrezikohet-ada\/#breadcrumb"},"inLanguage":"en-US","potentialAction":[{"@type":"ReadAction","target":["https:\/\/www.visit-ulcinj.com\/blog\/2009\/08\/05\/a-do-te-rrezikohet-ada\/"]}]},{"@type":"BreadcrumbList","@id":"https:\/\/www.visit-ulcinj.com\/blog\/2009\/08\/05\/a-do-te-rrezikohet-ada\/#breadcrumb","itemListElement":[{"@type":"ListItem","position":1,"name":"A do t\u00eb rrezikohet Ada?"}]},{"@type":"Person","@id":"https:\/\/www.visit-ulcinj.com\/blog\/#\/schema\/person\/dcab619c614d3038751c63bc2aadc06d","name":"ulqini","sameAs":["http:\/\/www.visit-ulcinj.com"],"url":"https:\/\/www.visit-ulcinj.com\/blog\/author\/admin\/"}]}},"jetpack_featured_media_url":"","jetpack_sharing_enabled":true,"jetpack_shortlink":"https:\/\/wp.me\/pe6lTn-6j2","_links":{"self":[{"href":"https:\/\/www.visit-ulcinj.com\/blog\/wp-json\/wp\/v2\/posts\/24244"}],"collection":[{"href":"https:\/\/www.visit-ulcinj.com\/blog\/wp-json\/wp\/v2\/posts"}],"about":[{"href":"https:\/\/www.visit-ulcinj.com\/blog\/wp-json\/wp\/v2\/types\/post"}],"author":[{"embeddable":true,"href":"https:\/\/www.visit-ulcinj.com\/blog\/wp-json\/wp\/v2\/users\/1"}],"replies":[{"embeddable":true,"href":"https:\/\/www.visit-ulcinj.com\/blog\/wp-json\/wp\/v2\/comments?post=24244"}],"version-history":[{"count":0,"href":"https:\/\/www.visit-ulcinj.com\/blog\/wp-json\/wp\/v2\/posts\/24244\/revisions"}],"wp:attachment":[{"href":"https:\/\/www.visit-ulcinj.com\/blog\/wp-json\/wp\/v2\/media?parent=24244"}],"wp:term":[{"taxonomy":"category","embeddable":true,"href":"https:\/\/www.visit-ulcinj.com\/blog\/wp-json\/wp\/v2\/categories?post=24244"},{"taxonomy":"post_tag","embeddable":true,"href":"https:\/\/www.visit-ulcinj.com\/blog\/wp-json\/wp\/v2\/tags?post=24244"}],"curies":[{"name":"wp","href":"https:\/\/api.w.org\/{rel}","templated":true}]}}