{"id":24250,"date":"2009-08-06T20:24:07","date_gmt":"2009-08-06T18:24:07","guid":{"rendered":"http:\/\/www.visit-ulcinj.com\/blog\/?p=24250"},"modified":"2009-08-06T20:27:23","modified_gmt":"2009-08-06T18:27:23","slug":"snajder-ada-nestaje-pred-nasim-ocima","status":"publish","type":"post","link":"https:\/\/www.visit-ulcinj.com\/blog\/2009\/08\/06\/snajder-ada-nestaje-pred-nasim-ocima\/","title":{"rendered":"\u0160najder: Ada nestaje pred na\u0161im o?ima"},"content":{"rendered":"<p><strong><a href=\"http:\/\/www.visit-ulcinj.com\/blog\/wp-content\/uploads\/2009\/08\/Martin-Schneider-Jacoby-von-Euronatur-und-Darko-Saveljic.jpg\"><img loading=\"lazy\" class=\"alignleft size-full wp-image-24251\" title=\"Martin Schneider-Jacoby von Euronatur und Darko Saveljic\" src=\"http:\/\/www.visit-ulcinj.com\/blog\/wp-content\/uploads\/2009\/08\/Martin-Schneider-Jacoby-von-Euronatur-und-Darko-Saveljic.jpg\" alt=\"Martin Schneider-Jacoby von Euronatur und Darko Saveljic\" width=\"580\" height=\"400\" \/><\/a>NJEMA?KI EKSPERT UPOZORIO NA OPASNOST IZGRADNJE NOVE HIDROCENTRALE NA DRIMU U ALBANIJI<\/strong><br \/>\nUlcinj-Nezavisni me?unarodni ekspert Martin \u0160najder izjavio je da bi zbog erozije, ?ak i u postoje?oj konstelaciji vodenih re\u017eima Drima i Bojane, ostrvo Ada kod Ulcinja brzo moglo da nestane. On je upozorio da je proces nestanka Ade sa mape svijeta po?eo prije vi\u0161e destina godina i ocijenio da bi eventualna izgradnja nove hidrocentrale na Drimu, koju najavljuje susjedna Albanija, mogla samo ubrzati nestajanje.<br \/>\n\u201cMe?unarodne ekspertske institucije koje se bave za\u0161titom \u017eivotne sredine ozbiljno su zabrinute namjerom Albanije da na Drimu izgradi novu hidrocentralu. To je vrlo opasan projekat i to sam rekao na javnoj tribini u Albaniji prije deset dana, kada sam tra\u017eio reviziju uz u?e\u0161?e evropskih i svjetskih eksperata,\u201d kazao je \u0160najder ju?e \u201cVijestima\u201d u telefonskom razgovoru.<br \/>\nOn je rekao da je Albanija prekr\u0161ila ESPO konvenciju prema kojoj su zemlje susjedi i potpisnice du\u017ene da u projekte od zna?aja na \u017eivotnu sredinu uklju?e zajedni?ke eksperte u postupak procjene.<br \/>\n\u201cPrekr\u0161ena je me?unarodna konvencija. Crna Gora je morala biti obavije\u0161tena o projektu,\u201d kazao je \u0160najder.<br \/>\n<a href=\"http:\/\/www.visit-ulcinj.com\/blog\/wp-content\/uploads\/2009\/08\/hidrocentrala-u-izgradnji.jpg\"><img loading=\"lazy\" class=\"alignleft size-full wp-image-24252\" title=\"hidrocentrala u izgradnji\" src=\"http:\/\/www.visit-ulcinj.com\/blog\/wp-content\/uploads\/2009\/08\/hidrocentrala-u-izgradnji.jpg\" alt=\"hidrocentrala u izgradnji\" width=\"395\" height=\"260\" srcset=\"https:\/\/www.visit-ulcinj.com\/blog\/wp-content\/uploads\/2009\/08\/hidrocentrala-u-izgradnji.jpg 350w, https:\/\/www.visit-ulcinj.com\/blog\/wp-content\/uploads\/2009\/08\/hidrocentrala-u-izgradnji-300x197.jpg 300w\" sizes=\"(max-width: 395px) 100vw, 395px\" \/><\/a>On je ocijenio da bi nova brana desetkovala eko sistem i biodiverzitet Bojane jer bi dodatno sprije?ila migraciju riba i nanos sedimenta.<br \/>\n\u201cTo bi se kobno reflektovalo na Adu, koja je ionako ve? ugro\u017eena. Do sada smo izgubili najmanje 60 metara ostrvske obale. To se najbolje vidi na uporednoj fotografiji nekih depoa na pla\u017ei, koji su prije 30 godina bili udaljeni 60 metara od mora a danas su u vodi,\u201d upozorio je sagovornik.<br \/>\nZabrinjava da su predstavnici Crne Gore na skupu u Albaniji prvi put ?uli za mogu?u gradnju nove hidrocentrale na Drimu iako je to bila peta javna tribina vezana za realizaciju projekta. Tako?e i ocjena \u0160najdera da bi i u postoje?joj situaciji, Ada mogla brzo nestati sa mape svijeta. Postavlja se pitanje za\u0161to Crna Gora ni\u0161ta ne ?ini da bi za\u0161titila svoje resurse iako je poznata ?injenica, kako je rekao \u0160najder, da je od sedamdesetih godina pro\u0161log vijeka, kada su izgra?ene tri postoje?e hidrocentrale na Drimu, \u201eFierza\u201c, \u201eKomani\u201c i \u201eVaudejes\u201c, po?eo proces koji ?e biti okon?an nestankom Ade.<br \/>\n\u201cBojana je do izgradnje hidrocentrala pijesak donosila u dovoljnim koli?inima i tako ?uvala konture ostrva nastale prije 150 godina. Sada ga, zbog manjeg protoka vode, mnogo manje donosi a more sve vi\u0161e uzima. Ada zato neumoljivo nestaje pred na\u0161im o?ima i strahujemo da bi mogla zavr\u0161iti kao ostrvo jedno bezimeno ostrvo na albanskoj strani, koga vi\u0161e nema,\u201d kazao je \u0160najder.<br \/>\nOn je rekao da je elaborat o procjeni uticaja nove hidrocentrale \u201eA\u0161ta\u201c na \u017eivotnu okolinu, koji je bio tema javne tribine, lo\u0161e ura?en.<br \/>\n\u201cNigdje se ne pominje negativan uticaj brane na biodiverzitet Bojane i Ade. U elaboratu se tvrdi da toga uticaja ?ak i ne?e biti \u0161to je potpuno pogre\u0161no,\u201d ocijenio je on.<br \/>\n\u0160najder je ponovio da je Bojana sa Skadarskim jezerom i Drimom jedna od najve?ih evropskih vrijednosti i ocijenio da bi cijeli lokalitet morao biti pod za\u0161titom UNECO- a.<br \/>\nSkadarsko jezero i Drim u Bojanu unose po 350 kubika vode u sekundi. Sa 700 kubika vode u sekundi Bojana ?ini vi\u0161e od 50 odsto ukupnog sliva Jadranskog mora.<br \/>\nPrema projektu, nova hidrocentrala bila bi visoka 23 metra i u ukupnoj proizvodnji struje u Albaniji u?estvovala bi sa samo \u0161est odsto.<\/p>\n<p><strong>S.ADROVI?<br \/>\n<a href=\"http:\/\/www.vijesti.cg.yu\/index.php?id_pre=312351&amp;godina=2009\" target=\"_blank\">Vijesti<\/a><\/strong><\/p>\n<p><strong><!--YouTube Error: bad URL entered--><br \/>\n<\/strong><\/p>\n","protected":false},"excerpt":{"rendered":"<p>NJEMA?KI EKSPERT UPOZORIO NA OPASNOST IZGRADNJE NOVE HIDROCENTRALE NA DRIMU U ALBANIJI Ulcinj-Nezavisni me?unarodni ekspert Martin \u0160najder izjavio je da bi zbog erozije, ?ak i u postoje?oj konstelaciji vodenih re\u017eima Drima i Bojane, ostrvo Ada kod Ulcinja brzo moglo da nestane. On je upozorio da je proces nestanka Ade sa mape svijeta po?eo prije vi\u0161e [&hellip;]<\/p>\n","protected":false},"author":1,"featured_media":0,"comment_status":"open","ping_status":"closed","sticky":false,"template":"","format":"standard","meta":{"spay_email":"","jetpack_publicize_message":"","jetpack_is_tweetstorm":false,"jetpack_publicize_feature_enabled":true},"categories":[8337],"tags":[138,20,12142,12143,12144,12145,12146],"jetpack_publicize_connections":[],"yoast_head":"<!-- This site is optimized with the Yoast SEO plugin v19.1 - https:\/\/yoast.com\/wordpress\/plugins\/seo\/ -->\n<title>\u0160najder: Ada nestaje pred na\u0161im o?ima - Lajme nga Ulqini<\/title>\n<meta name=\"description\" content=\"NJEMA?KI EKSPERT UPOZORIO NA OPASNOST IZGRADNJE NOVE HIDROCENTRALE NA DRIMU U ALBANIJI Ulcinj-Nezavisni me?unarodni ekspert Martin \u0160najder izjavio je da\" \/>\n<meta name=\"robots\" content=\"index, follow, max-snippet:-1, max-image-preview:large, max-video-preview:-1\" \/>\n<link rel=\"canonical\" href=\"https:\/\/www.visit-ulcinj.com\/blog\/2009\/08\/06\/snajder-ada-nestaje-pred-nasim-ocima\/\" \/>\n<meta property=\"og:locale\" content=\"en_US\" \/>\n<meta property=\"og:type\" content=\"article\" \/>\n<meta property=\"og:title\" content=\"\u0160najder: Ada nestaje pred na\u0161im o?ima - Lajme nga Ulqini\" \/>\n<meta property=\"og:description\" content=\"NJEMA?KI EKSPERT UPOZORIO NA OPASNOST IZGRADNJE NOVE HIDROCENTRALE NA DRIMU U ALBANIJI Ulcinj-Nezavisni me?unarodni ekspert Martin \u0160najder izjavio je da\" \/>\n<meta property=\"og:url\" content=\"https:\/\/www.visit-ulcinj.com\/blog\/2009\/08\/06\/snajder-ada-nestaje-pred-nasim-ocima\/\" \/>\n<meta property=\"og:site_name\" content=\"Lajme nga Ulqini\" \/>\n<meta property=\"article:published_time\" content=\"2009-08-06T18:24:07+00:00\" \/>\n<meta property=\"article:modified_time\" content=\"2009-08-06T18:27:23+00:00\" \/>\n<meta property=\"og:image\" content=\"http:\/\/www.visit-ulcinj.com\/blog\/wp-content\/uploads\/2009\/08\/Martin-Schneider-Jacoby-von-Euronatur-und-Darko-Saveljic.jpg\" \/>\n<meta name=\"twitter:label1\" content=\"Written by\" \/>\n\t<meta name=\"twitter:data1\" content=\"ulqini\" \/>\n\t<meta name=\"twitter:label2\" content=\"Est. reading time\" \/>\n\t<meta name=\"twitter:data2\" content=\"3 minutes\" \/>\n<script type=\"application\/ld+json\" class=\"yoast-schema-graph\">{\"@context\":\"https:\/\/schema.org\",\"@graph\":[{\"@type\":\"WebSite\",\"@id\":\"https:\/\/www.visit-ulcinj.com\/blog\/#website\",\"url\":\"https:\/\/www.visit-ulcinj.com\/blog\/\",\"name\":\"Lajme nga Ulqini\",\"description\":\"Lajme,Vijesti,Ulqini,Ulqin,Crna Gora,Mali i Zi\",\"potentialAction\":[{\"@type\":\"SearchAction\",\"target\":{\"@type\":\"EntryPoint\",\"urlTemplate\":\"https:\/\/www.visit-ulcinj.com\/blog\/?s={search_term_string}\"},\"query-input\":\"required name=search_term_string\"}],\"inLanguage\":\"en-US\"},{\"@type\":\"ImageObject\",\"inLanguage\":\"en-US\",\"@id\":\"https:\/\/www.visit-ulcinj.com\/blog\/2009\/08\/06\/snajder-ada-nestaje-pred-nasim-ocima\/#primaryimage\",\"url\":\"https:\/\/www.visit-ulcinj.com\/blog\/wp-content\/uploads\/2009\/08\/Martin-Schneider-Jacoby-von-Euronatur-und-Darko-Saveljic.jpg\",\"contentUrl\":\"https:\/\/www.visit-ulcinj.com\/blog\/wp-content\/uploads\/2009\/08\/Martin-Schneider-Jacoby-von-Euronatur-und-Darko-Saveljic.jpg\",\"width\":\"700\",\"height\":\"525\"},{\"@type\":\"WebPage\",\"@id\":\"https:\/\/www.visit-ulcinj.com\/blog\/2009\/08\/06\/snajder-ada-nestaje-pred-nasim-ocima\/#webpage\",\"url\":\"https:\/\/www.visit-ulcinj.com\/blog\/2009\/08\/06\/snajder-ada-nestaje-pred-nasim-ocima\/\",\"name\":\"\u0160najder: Ada nestaje pred na\u0161im o?ima - Lajme nga Ulqini\",\"isPartOf\":{\"@id\":\"https:\/\/www.visit-ulcinj.com\/blog\/#website\"},\"primaryImageOfPage\":{\"@id\":\"https:\/\/www.visit-ulcinj.com\/blog\/2009\/08\/06\/snajder-ada-nestaje-pred-nasim-ocima\/#primaryimage\"},\"datePublished\":\"2009-08-06T18:24:07+00:00\",\"dateModified\":\"2009-08-06T18:27:23+00:00\",\"author\":{\"@id\":\"https:\/\/www.visit-ulcinj.com\/blog\/#\/schema\/person\/dcab619c614d3038751c63bc2aadc06d\"},\"description\":\"NJEMA?KI EKSPERT UPOZORIO NA OPASNOST IZGRADNJE NOVE HIDROCENTRALE NA DRIMU U ALBANIJI Ulcinj-Nezavisni me?unarodni ekspert Martin \u0160najder izjavio je da\",\"breadcrumb\":{\"@id\":\"https:\/\/www.visit-ulcinj.com\/blog\/2009\/08\/06\/snajder-ada-nestaje-pred-nasim-ocima\/#breadcrumb\"},\"inLanguage\":\"en-US\",\"potentialAction\":[{\"@type\":\"ReadAction\",\"target\":[\"https:\/\/www.visit-ulcinj.com\/blog\/2009\/08\/06\/snajder-ada-nestaje-pred-nasim-ocima\/\"]}]},{\"@type\":\"BreadcrumbList\",\"@id\":\"https:\/\/www.visit-ulcinj.com\/blog\/2009\/08\/06\/snajder-ada-nestaje-pred-nasim-ocima\/#breadcrumb\",\"itemListElement\":[{\"@type\":\"ListItem\",\"position\":1,\"name\":\"\u0160najder: Ada nestaje pred na\u0161im o?ima\"}]},{\"@type\":\"Person\",\"@id\":\"https:\/\/www.visit-ulcinj.com\/blog\/#\/schema\/person\/dcab619c614d3038751c63bc2aadc06d\",\"name\":\"ulqini\",\"sameAs\":[\"http:\/\/www.visit-ulcinj.com\"],\"url\":\"https:\/\/www.visit-ulcinj.com\/blog\/author\/admin\/\"}]}<\/script>\n<!-- \/ Yoast SEO plugin. -->","yoast_head_json":{"title":"\u0160najder: Ada nestaje pred na\u0161im o?ima - Lajme nga Ulqini","description":"NJEMA?KI EKSPERT UPOZORIO NA OPASNOST IZGRADNJE NOVE HIDROCENTRALE NA DRIMU U ALBANIJI Ulcinj-Nezavisni me?unarodni ekspert Martin \u0160najder izjavio je da","robots":{"index":"index","follow":"follow","max-snippet":"max-snippet:-1","max-image-preview":"max-image-preview:large","max-video-preview":"max-video-preview:-1"},"canonical":"https:\/\/www.visit-ulcinj.com\/blog\/2009\/08\/06\/snajder-ada-nestaje-pred-nasim-ocima\/","og_locale":"en_US","og_type":"article","og_title":"\u0160najder: Ada nestaje pred na\u0161im o?ima - Lajme nga Ulqini","og_description":"NJEMA?KI EKSPERT UPOZORIO NA OPASNOST IZGRADNJE NOVE HIDROCENTRALE NA DRIMU U ALBANIJI Ulcinj-Nezavisni me?unarodni ekspert Martin \u0160najder izjavio je da","og_url":"https:\/\/www.visit-ulcinj.com\/blog\/2009\/08\/06\/snajder-ada-nestaje-pred-nasim-ocima\/","og_site_name":"Lajme nga Ulqini","article_published_time":"2009-08-06T18:24:07+00:00","article_modified_time":"2009-08-06T18:27:23+00:00","og_image":[{"url":"http:\/\/www.visit-ulcinj.com\/blog\/wp-content\/uploads\/2009\/08\/Martin-Schneider-Jacoby-von-Euronatur-und-Darko-Saveljic.jpg"}],"twitter_misc":{"Written by":"ulqini","Est. reading time":"3 minutes"},"schema":{"@context":"https:\/\/schema.org","@graph":[{"@type":"WebSite","@id":"https:\/\/www.visit-ulcinj.com\/blog\/#website","url":"https:\/\/www.visit-ulcinj.com\/blog\/","name":"Lajme nga Ulqini","description":"Lajme,Vijesti,Ulqini,Ulqin,Crna Gora,Mali i Zi","potentialAction":[{"@type":"SearchAction","target":{"@type":"EntryPoint","urlTemplate":"https:\/\/www.visit-ulcinj.com\/blog\/?s={search_term_string}"},"query-input":"required name=search_term_string"}],"inLanguage":"en-US"},{"@type":"ImageObject","inLanguage":"en-US","@id":"https:\/\/www.visit-ulcinj.com\/blog\/2009\/08\/06\/snajder-ada-nestaje-pred-nasim-ocima\/#primaryimage","url":"https:\/\/www.visit-ulcinj.com\/blog\/wp-content\/uploads\/2009\/08\/Martin-Schneider-Jacoby-von-Euronatur-und-Darko-Saveljic.jpg","contentUrl":"https:\/\/www.visit-ulcinj.com\/blog\/wp-content\/uploads\/2009\/08\/Martin-Schneider-Jacoby-von-Euronatur-und-Darko-Saveljic.jpg","width":"700","height":"525"},{"@type":"WebPage","@id":"https:\/\/www.visit-ulcinj.com\/blog\/2009\/08\/06\/snajder-ada-nestaje-pred-nasim-ocima\/#webpage","url":"https:\/\/www.visit-ulcinj.com\/blog\/2009\/08\/06\/snajder-ada-nestaje-pred-nasim-ocima\/","name":"\u0160najder: Ada nestaje pred na\u0161im o?ima - Lajme nga Ulqini","isPartOf":{"@id":"https:\/\/www.visit-ulcinj.com\/blog\/#website"},"primaryImageOfPage":{"@id":"https:\/\/www.visit-ulcinj.com\/blog\/2009\/08\/06\/snajder-ada-nestaje-pred-nasim-ocima\/#primaryimage"},"datePublished":"2009-08-06T18:24:07+00:00","dateModified":"2009-08-06T18:27:23+00:00","author":{"@id":"https:\/\/www.visit-ulcinj.com\/blog\/#\/schema\/person\/dcab619c614d3038751c63bc2aadc06d"},"description":"NJEMA?KI EKSPERT UPOZORIO NA OPASNOST IZGRADNJE NOVE HIDROCENTRALE NA DRIMU U ALBANIJI Ulcinj-Nezavisni me?unarodni ekspert Martin \u0160najder izjavio je da","breadcrumb":{"@id":"https:\/\/www.visit-ulcinj.com\/blog\/2009\/08\/06\/snajder-ada-nestaje-pred-nasim-ocima\/#breadcrumb"},"inLanguage":"en-US","potentialAction":[{"@type":"ReadAction","target":["https:\/\/www.visit-ulcinj.com\/blog\/2009\/08\/06\/snajder-ada-nestaje-pred-nasim-ocima\/"]}]},{"@type":"BreadcrumbList","@id":"https:\/\/www.visit-ulcinj.com\/blog\/2009\/08\/06\/snajder-ada-nestaje-pred-nasim-ocima\/#breadcrumb","itemListElement":[{"@type":"ListItem","position":1,"name":"\u0160najder: Ada nestaje pred na\u0161im o?ima"}]},{"@type":"Person","@id":"https:\/\/www.visit-ulcinj.com\/blog\/#\/schema\/person\/dcab619c614d3038751c63bc2aadc06d","name":"ulqini","sameAs":["http:\/\/www.visit-ulcinj.com"],"url":"https:\/\/www.visit-ulcinj.com\/blog\/author\/admin\/"}]}},"jetpack_featured_media_url":"","jetpack_sharing_enabled":true,"jetpack_shortlink":"https:\/\/wp.me\/pe6lTn-6j8","_links":{"self":[{"href":"https:\/\/www.visit-ulcinj.com\/blog\/wp-json\/wp\/v2\/posts\/24250"}],"collection":[{"href":"https:\/\/www.visit-ulcinj.com\/blog\/wp-json\/wp\/v2\/posts"}],"about":[{"href":"https:\/\/www.visit-ulcinj.com\/blog\/wp-json\/wp\/v2\/types\/post"}],"author":[{"embeddable":true,"href":"https:\/\/www.visit-ulcinj.com\/blog\/wp-json\/wp\/v2\/users\/1"}],"replies":[{"embeddable":true,"href":"https:\/\/www.visit-ulcinj.com\/blog\/wp-json\/wp\/v2\/comments?post=24250"}],"version-history":[{"count":0,"href":"https:\/\/www.visit-ulcinj.com\/blog\/wp-json\/wp\/v2\/posts\/24250\/revisions"}],"wp:attachment":[{"href":"https:\/\/www.visit-ulcinj.com\/blog\/wp-json\/wp\/v2\/media?parent=24250"}],"wp:term":[{"taxonomy":"category","embeddable":true,"href":"https:\/\/www.visit-ulcinj.com\/blog\/wp-json\/wp\/v2\/categories?post=24250"},{"taxonomy":"post_tag","embeddable":true,"href":"https:\/\/www.visit-ulcinj.com\/blog\/wp-json\/wp\/v2\/tags?post=24250"}],"curies":[{"name":"wp","href":"https:\/\/api.w.org\/{rel}","templated":true}]}}