{"id":24257,"date":"2009-08-07T14:46:02","date_gmt":"2009-08-07T12:46:02","guid":{"rendered":"http:\/\/www.visit-ulcinj.com\/blog\/?p=24257"},"modified":"2009-08-07T14:46:42","modified_gmt":"2009-08-07T12:46:42","slug":"deshmi-e-dashamiresise-vellazeroreshembull-i-bashkejeteses","status":"publish","type":"post","link":"https:\/\/www.visit-ulcinj.com\/blog\/2009\/08\/07\/deshmi-e-dashamiresise-vellazeroreshembull-i-bashkejeteses\/","title":{"rendered":"D\u00ebshmi e dashamir\u00ebsis\u00eb v\u00ebllaz\u00ebrore,Shembull i bashk\u00ebjetes\u00ebs"},"content":{"rendered":"<p><a href=\"http:\/\/www.visit-ulcinj.com\/blog\/wp-content\/uploads\/2009\/08\/Kryeimami-Beqir-Gjokaj-_Pater-Pashkut-Goj\u00e7aj_Muhamed-Gjokaj.jpg\"><img loading=\"lazy\" class=\"alignleft size-full wp-image-24258\" title=\"Kryeimami Beqir Gjokaj _Pater Pashkut Goj\u00e7aj_Muhamed Gjokaj\" src=\"http:\/\/www.visit-ulcinj.com\/blog\/wp-content\/uploads\/2009\/08\/Kryeimami-Beqir-Gjokaj-_Pater-Pashkut-Goj\u00e7aj_Muhamed-Gjokaj.jpg\" alt=\"Kryeimami Beqir Gjokaj _Pater Pashkut Goj\u00e7aj_Muhamed Gjokaj\" width=\"415\" height=\"311\" \/><\/a>P\u00ebr arritjen e nj\u00eb harmonie mir\u00ebkuptimi p\u00ebr t\u00eb gjith\u00eb, Mal\u00ebsia p\u00ebrvet\u00ebsoi kodin moral, t\u00eb cilin e thithi nga librat e shenjt\u00eb , Bibla dhe Kur\u2019ani dhe ato vlera hyjnore i zbatuan n\u00eb praktik\u00eb, t\u00eb cilat me kalimin e koh\u00ebs u b\u00ebn\u00eb parime, norma, zakone dhe tradit\u00eb q\u00eb udh\u00ebheqin veprimet e individit ton\u00eb dhe krejt shoq\u00ebris\u00eb n\u00eb marr\u00ebdh\u00ebnjet nd\u00ebrnjer\u00ebzore\u201d. N\u00eb thell\u00ebsin\u00eb e shpirtit t\u00eb besimtarit nga kjo trev\u00eb, mbizot\u00ebron nj\u00eb vler\u00eb e p\u00ebrbashk\u00ebt, \u201cbesimi n\u00eb nj\u00eb Zot\u201d si ur\u00eb e fort\u00eb e komunikimit dhe ur\u00eb nd\u00ebrlidh\u00ebse midis tyre me nj\u00eb mir\u00ebkuptim, v\u00ebllaz\u00ebri dhe kultur\u00eb.<br \/>\nMal\u00ebsia n\u00eb vitet e fundit kaloi n\u00ebp\u00ebr situata tejet t\u00eb v\u00ebshtira, komlekse, plot paragjykime dhe stereotipe t\u00eb injektuara si trup i huaj br\u00ebnda korpusit ton nacional. Mir\u00ebpo, fal\u00eb tradit\u00ebs son\u00eb shekullore, trupi yn\u00eb ka imunitetin e vet i cili i p\u00ebrballont situatat e tilla.<br \/>\nRaste t\u00eb tilla ndodhin se jan\u00eb t\u00eb prodhuara nga anash, q\u00eb nxisin p\u00ebr\u00e7arje dhe urrejte, p\u00ebr q\u00ebllime t\u00eb caktuara.<br \/>\nNe jemi popull pakic\u00eb dhe shum\u00eb leht\u00eb individ\u00eb t\u00eb pand\u00ebrgjegjsh\u00ebm mund t\u00eb keqp\u00ebrdor\u00ebn p\u00ebr q\u00ebllime t\u00eb caktuara n\u00eb k\u00ebt\u00eb drejtim.<br \/>\nPor si\u00e7 thot\u00eb nj\u00eb th\u00ebnje e vjet\u00ebr, \u201cSe n\u00eb v\u00ebshtir\u00ebsi burrat dallohen \u201d, n\u00eb k\u00ebt\u00eb rast personalitetet q\u00eb me autoritetin e vet bashkojn\u00eb dhe udh\u00ebzojn\u00eb n\u00eb rrug\u00eb t\u00eb drejt\u00eb e d\u00ebshmojn\u00eb edhe nj\u00ebher\u00eb se besimi n\u00eb nj\u00eb Zot, bashkon.<br \/>\n\u201cMir\u00eb se vjen n\u00eb Dinosh\u00eb\u201d, ishin fjal\u00ebt e Kryeimamit t\u00eb Dinosh\u00ebs z.Beqir Gjokaj drejtuar z. Pater Pashkut Goj\u00e7aj i cili hyri n\u00eb Xhamin\u00eb e Dinosh\u00ebs dhe u p\u00ebrqafuan v\u00ebllez\u00ebrisht.<br \/>\n\u201cMal\u00ebsia ka qen\u00eb \u00e7doher\u00eb e bashkuar, shembull i v\u00ebrtet\u00eb i bashk\u00ebjetes\u00ebs. K\u00ebto duam edhe ne t\u2019i trash\u00ebgojm\u00eb, si vler\u00eb hyjnore q\u00eb populli yn\u00eb e ka p\u00ebrvet\u00ebsuar\u201d. K\u00ebshtu u shpreh\u00ebn t\u00eb dy klerik\u00ebt ton\u00eb.<br \/>\nNuk fshihej dot, g\u00ebzimi n\u00eb fytyrat e tyre, duke dh\u00ebn\u00eb intervist\u00eb t\u00eb cil\u00ebn e moderonte z. Gani Vila, pronar i Televizionit \u201cAlbanian TV\u201d i Michiganit.<br \/>\nD\u00ebshmitar\u00eb t\u00eb k\u00ebtij takimi ishim un\u00eb dhe Gjok\u00eb Dukaj, me \u00e7rast e vler\u00ebsuam lart gjestin e till\u00eb si d\u00ebshmi origjinale dhe autentike t\u00eb dashamir\u00ebsis\u00eb v\u00ebllaz\u00ebrore n\u00eb k\u00ebto treva.<br \/>\nIshte nj\u00eb moment i ve\u00e7ant\u00eb si vet\u00eb takimi ashtu edhe intervista e zhvilluar brenda Xhamis\u00eb. Intervista dukej me shum\u00eb si nj\u00eb bised\u00eb v\u00ebllez\u00ebrore sesa intervist\u00eb.<br \/>\nFjal\u00ebt q\u00eb renditnin dy klerik\u00ebt ishin plot but\u00ebsi dhe respekt. N\u00eb t\u00eb gjitha temat e shtjelluara v\u00ebrehej nj\u00eb mir\u00ebkuptim i ndersjell\u00eb.<br \/>\nPrandaj besimi te Zoti pasqyrohet jo vet\u00ebm p\u00ebrmes sinqeritetit dhe past\u00ebrtis\u00eb shpirt\u00ebrore t\u00eb besimtarit dhe lidhjes s\u00eb tij me krijuesin, por ajo pasqyrohet edhe p\u00ebrmes ndjenj\u00ebs s\u00eb respektit, mir\u00ebkuptimit, bashk\u00ebjetes\u00ebs ndaj njer\u00ebzve, n\u00eb ve\u00e7anti t\u00eb atyre me bindje dhe besime t\u00eb tjera.<br \/>\nNe jemi d\u00ebshmitar\u00eb t\u00eb vizit\u00ebs s\u00eb Pap\u00ebs Gjon Palit t\u00eb Dyt\u00eb xhamis\u00eb \u201cAl Aksa\u201d n\u00eb Palestin\u00eb dhe pasardh\u00ebsit t\u00eb tij Raicinger, Pap\u00ebs Benedikti XVI \u2013 n\u00eb takimin me udh\u00ebheq\u00ebsit e besimit Islam, me rastin e vizit\u00ebs s\u00eb tij n\u00eb nj\u00eb xhami n\u00eb Turqi.<br \/>\nAto ishin takime q\u00eb kishin p\u00ebrmasa t\u00eb m\u00ebdha bot\u00ebrore ku me siguri se nj\u00eb shtrirje dore dhe nj\u00eb p\u00ebrqafim i p\u00ebrfaq\u00ebsuesve t\u00eb dy besimeve ishte sinjal i fort\u00eb dhe i qart\u00eb p\u00ebr mbar\u00eb bot\u00eb dhe besimtar\u00ebt kudo q\u00eb jetojn\u00eb dhe \u00e7far\u00ebdo besimi q\u00eb i takojn\u00eb, se duhet t\u00eb ruajn\u00eb paqen, toleranc\u00ebn dhe mir\u00ebkuptim nd\u00ebrfetar .<br \/>\nMbase p\u00ebr ne Shqiptar\u00ebt kjo nuk \u00ebsht\u00eb risi, kjo tradit\u00eb n\u00eb mesin e popullit ton\u00eb, ekziston nd\u00ebr shekuj. Realiteti yn\u00eb \u00ebsht\u00eb i mbushur me vlera t\u00eb m\u00ebdha tradicionale shpirt\u00ebrore, kryevlera e t\u00eb cilave \u00ebsht\u00eb ajo e besimit n\u00eb nj\u00eb Zot.<br \/>\nP\u00ebr arritjen e nj\u00eb harmonie mir\u00ebkuptimi p\u00ebr t\u00eb gjith\u00eb, Mal\u00ebsia p\u00ebrvet\u00ebsoi kodin moral, t\u00eb cilin e thithi nga librat e shenjt\u00eb , Bibla dhe Kur\u2019ani dhe ato vlera hyjnore i zbatuan n\u00eb praktik\u00eb, t\u00eb cilat me kalimin e koh\u00ebs u b\u00ebn\u00eb parime, norma, zakone dhe tradit\u00eb q\u00eb udh\u00ebheqin veprimet e individit ton\u00eb dhe krejt shoq\u00ebris\u00eb n\u00eb marr\u00ebdh\u00ebnjet nd\u00ebrnjer\u00ebzore\u201d. N\u00eb thell\u00ebsin\u00eb e shpirtit t\u00eb besimtarit nga kjo trev\u00eb, mbizot\u00ebron nj\u00eb vler\u00eb e p\u00ebrbashk\u00ebt, \u201cbesimi n\u00eb nj\u00eb Zot\u201d si ur\u00eb e fort\u00eb e komunikimit dhe ur\u00eb nd\u00ebrlidh\u00ebse midis tyre me nj\u00eb mir\u00ebkuptim, v\u00ebllaz\u00ebri dhe kultur\u00eb. Imazhi i tyre njer\u00ebzor ka nj\u00eb bot\u00eb t\u00eb brendshme shpirt\u00ebrore t\u00eb pasur e q\u00eb m\u00eb s\u00eb miri pasqyrohet duke ruajtur k\u00ebt\u00eb tradit\u00eb t\u00eb respektit dhe bashk\u00ebjetes\u00ebs.<br \/>\nKjo d\u00ebshmon n\u00eb \u00e7do koh\u00eb identitetin moral dhe rr\u00ebnj\u00ebt e thella t\u00eb besimit t\u00eb v\u00ebrtet\u00eb, te Zoti i vet\u00ebm dhe i p\u00ebrbashk\u00ebt n\u00eb shpirtin, e nd\u00ebrgjegjen e besimtarit fisnik shqiptar, kudo q\u00eb ai jeton apo ndodhet n\u00eb t\u00eb gjitha trevat shqiptare dhe n\u00eb diaspor\u00eb. N\u00ebp\u00ebrmes k\u00ebsaj tradite t\u00eb shk\u00eblqyer, shqiptar\u00ebt kan\u00eb treguar para vetes s\u00eb tyre dhe bot\u00ebs, se besimi n\u00eb Zotin dhe feja nuk \u00ebsht\u00eb dukuri q\u00eb prodhon antagonizma, apo fenomen shkat\u00ebrrues, p\u00ebr\u00e7ar\u00ebs, luft\u00ebnxit\u00ebs, por forca progresive, q\u00eb do t\u00eb thot\u00eb veti civilizuese, v\u00ebllaz\u00ebruese, duke promovuar mir\u00ebsit\u00eb q\u00eb ofron besimi p\u00ebr njer\u00ebzimin, duke ruajtur t\u00eb v\u00ebrtet\u00ebn, moralin dhe bashk\u00ebjetes\u00ebn, n\u00eb koh\u00ebra t\u00eb v\u00ebshtira si\u00e7 din\u00eb t\u00eb jen\u00eb ato edhe sot.<br \/>\nTakimi i Kryeimamit B.Gjokaj dhe Pater Pashkut n\u00eb xhamin\u00eb e Dinosh\u00ebs, tegon, se n\u00ebse niveli kulturor i besimtarit \u00ebsht\u00eb i lart\u00eb dhe cil\u00ebsor, natyrisht edhe interpretimi i vlerave merr karakterin elitar me moral qytet\u00ebrues dhe progresiv. P\u00ebr k\u00ebt\u00eb arsye n\u00eb realitetin ton\u00eb, prania e intelektual\u00ebve n\u00eb jet\u00ebn fetare duhet t\u00eb jet\u00eb m\u00eb prezente, sepse ky frym\u00ebzim i promovuar nga dy klerik\u00ebt \u00ebsht\u00eb n\u00eb frym\u00ebn e dituris\u00eb dhe edukat\u00ebs q\u00eb u japin nj\u00eb dimension bashk\u00ebkohor vlerave tona morale, ku q\u00ebndrojn\u00eb aktivisht t\u00eb gjalla Besa,bujaria dhe mikpritja mal\u00ebsore.<br \/>\nKy frym\u00ebzim q\u00eb promovuan dy klerik\u00ebt nuk \u00ebsht\u00eb gj\u00eb tjet\u00ebr ve\u00e7se tradita jon\u00eb e cila ekziston me shekuj n\u00eb shpirtin e mal\u00ebsor\u00ebve t\u00eb dy besimeve, t\u00eb cil\u00ebt kan\u00eb nd\u00ebrtuar marr\u00ebdh\u00ebnie reciproke t\u00eb vlerave shpirt\u00ebrore, por q\u00eb her\u00eb pas here \u00ebsht\u00eb e nevojshme t\u00eb rifreskohen n\u00eb memorien ton\u00eb, \u00e7far\u00eb edhe e b\u00ebn\u00eb prij\u00ebsit ton\u00eb fetar\u00eb.<br \/>\nK\u00ebt\u00eb shfaqje t\u00eb besimit, dashuris\u00eb v\u00ebllez\u00ebrore, respektit reciprok do t\u00eb duhej ta vler\u00ebsojm\u00eb, jo vet\u00ebm ne si qytetar\u00eb t\u00eb Mal\u00ebsis\u00eb, por krejt shoq\u00ebria n\u00eb Mal t\u00eb Zi, n\u00eb rajon apo n\u00eb mbar\u00eb bot\u00ebn.<br \/>\nKjo t\u00ebr\u00ebsi vlerash n\u00eb realitetin ton\u00eb \u00ebsht\u00eb e vetmja pasaport\u00eb e identiteti ton\u00eb shqiptar, e pranuar nga bota e civilizuar duke na renditur n\u00eb piedestalin m\u00eb t\u00eb lart\u00eb si komb me mir\u00ebkuptim nd\u00ebrfetar, me p\u00ebr nj\u00eb p\u00ebrmbajtje njer\u00ebzore e dinjitoze dhe me respekt t\u00eb bashk\u00ebjetes\u00ebs mes besimeve t\u00eb ndryshme.<br \/>\nPrandaj, \u00e7do shqiptar kudo q\u00eb ai jeton, duhet t\u00eb jet\u00eb mir\u00ebnjoh\u00ebs dhe mbrojt\u00ebs i k\u00ebtyre vlerave qytet\u00ebruese t\u00eb trash\u00ebguara nga lasht\u00ebsija jon\u00eb.<br \/>\n<strong>Muhamed Gjokaj<br \/>\nKoha Javore<\/strong><\/p>\n","protected":false},"excerpt":{"rendered":"<p>P\u00ebr arritjen e nj\u00eb harmonie mir\u00ebkuptimi p\u00ebr t\u00eb gjith\u00eb, Mal\u00ebsia p\u00ebrvet\u00ebsoi kodin moral, t\u00eb cilin e thithi nga librat e shenjt\u00eb , Bibla dhe Kur\u2019ani dhe ato vlera hyjnore i zbatuan n\u00eb praktik\u00eb, t\u00eb cilat me kalimin e koh\u00ebs u b\u00ebn\u00eb parime, norma, zakone dhe tradit\u00eb q\u00eb udh\u00ebheqin veprimet e individit ton\u00eb dhe krejt shoq\u00ebris\u00eb [&hellip;]<\/p>\n","protected":false},"author":1,"featured_media":0,"comment_status":"open","ping_status":"closed","sticky":false,"template":"","format":"standard","meta":{"spay_email":"","jetpack_publicize_message":"","jetpack_is_tweetstorm":false,"jetpack_publicize_feature_enabled":true},"categories":[12],"tags":[12147,2757,12148],"jetpack_publicize_connections":[],"yoast_head":"<!-- This site is optimized with the Yoast SEO plugin v19.1 - https:\/\/yoast.com\/wordpress\/plugins\/seo\/ -->\n<title>D\u00ebshmi e dashamir\u00ebsis\u00eb v\u00ebllaz\u00ebrore,Shembull i bashk\u00ebjetes\u00ebs - Lajme nga Ulqini<\/title>\n<meta name=\"description\" content=\"P\u00ebr arritjen e nj\u00eb harmonie mir\u00ebkuptimi p\u00ebr t\u00eb gjith\u00eb, Mal\u00ebsia p\u00ebrvet\u00ebsoi kodin moral, t\u00eb cilin e thithi nga librat e shenjt\u00eb , Bibla dhe Kur\u2019ani dhe ato\" \/>\n<meta name=\"robots\" content=\"index, follow, max-snippet:-1, max-image-preview:large, max-video-preview:-1\" \/>\n<link rel=\"canonical\" href=\"https:\/\/www.visit-ulcinj.com\/blog\/2009\/08\/07\/deshmi-e-dashamiresise-vellazeroreshembull-i-bashkejeteses\/\" \/>\n<meta property=\"og:locale\" content=\"en_US\" \/>\n<meta property=\"og:type\" content=\"article\" \/>\n<meta property=\"og:title\" content=\"D\u00ebshmi e dashamir\u00ebsis\u00eb v\u00ebllaz\u00ebrore,Shembull i bashk\u00ebjetes\u00ebs - Lajme nga Ulqini\" \/>\n<meta property=\"og:description\" content=\"P\u00ebr arritjen e nj\u00eb harmonie mir\u00ebkuptimi p\u00ebr t\u00eb gjith\u00eb, Mal\u00ebsia p\u00ebrvet\u00ebsoi kodin moral, t\u00eb cilin e thithi nga librat e shenjt\u00eb , Bibla dhe Kur\u2019ani dhe ato\" \/>\n<meta property=\"og:url\" content=\"https:\/\/www.visit-ulcinj.com\/blog\/2009\/08\/07\/deshmi-e-dashamiresise-vellazeroreshembull-i-bashkejeteses\/\" \/>\n<meta property=\"og:site_name\" content=\"Lajme nga Ulqini\" \/>\n<meta property=\"article:published_time\" content=\"2009-08-07T12:46:02+00:00\" \/>\n<meta property=\"article:modified_time\" content=\"2009-08-07T12:46:42+00:00\" \/>\n<meta name=\"twitter:label1\" content=\"Written by\" \/>\n\t<meta name=\"twitter:data1\" content=\"ulqini\" \/>\n\t<meta name=\"twitter:label2\" content=\"Est. reading time\" \/>\n\t<meta name=\"twitter:data2\" content=\"6 minutes\" \/>\n<script type=\"application\/ld+json\" class=\"yoast-schema-graph\">{\"@context\":\"https:\/\/schema.org\",\"@graph\":[{\"@type\":\"WebSite\",\"@id\":\"https:\/\/www.visit-ulcinj.com\/blog\/#website\",\"url\":\"https:\/\/www.visit-ulcinj.com\/blog\/\",\"name\":\"Lajme nga Ulqini\",\"description\":\"Lajme,Vijesti,Ulqini,Ulqin,Crna Gora,Mali i Zi\",\"potentialAction\":[{\"@type\":\"SearchAction\",\"target\":{\"@type\":\"EntryPoint\",\"urlTemplate\":\"https:\/\/www.visit-ulcinj.com\/blog\/?s={search_term_string}\"},\"query-input\":\"required name=search_term_string\"}],\"inLanguage\":\"en-US\"},{\"@type\":\"WebPage\",\"@id\":\"https:\/\/www.visit-ulcinj.com\/blog\/2009\/08\/07\/deshmi-e-dashamiresise-vellazeroreshembull-i-bashkejeteses\/#webpage\",\"url\":\"https:\/\/www.visit-ulcinj.com\/blog\/2009\/08\/07\/deshmi-e-dashamiresise-vellazeroreshembull-i-bashkejeteses\/\",\"name\":\"D\u00ebshmi e dashamir\u00ebsis\u00eb v\u00ebllaz\u00ebrore,Shembull i bashk\u00ebjetes\u00ebs - Lajme nga Ulqini\",\"isPartOf\":{\"@id\":\"https:\/\/www.visit-ulcinj.com\/blog\/#website\"},\"datePublished\":\"2009-08-07T12:46:02+00:00\",\"dateModified\":\"2009-08-07T12:46:42+00:00\",\"author\":{\"@id\":\"https:\/\/www.visit-ulcinj.com\/blog\/#\/schema\/person\/dcab619c614d3038751c63bc2aadc06d\"},\"description\":\"P\u00ebr arritjen e nj\u00eb harmonie mir\u00ebkuptimi p\u00ebr t\u00eb gjith\u00eb, Mal\u00ebsia p\u00ebrvet\u00ebsoi kodin moral, t\u00eb cilin e thithi nga librat e shenjt\u00eb , Bibla dhe Kur\u2019ani dhe ato\",\"breadcrumb\":{\"@id\":\"https:\/\/www.visit-ulcinj.com\/blog\/2009\/08\/07\/deshmi-e-dashamiresise-vellazeroreshembull-i-bashkejeteses\/#breadcrumb\"},\"inLanguage\":\"en-US\",\"potentialAction\":[{\"@type\":\"ReadAction\",\"target\":[\"https:\/\/www.visit-ulcinj.com\/blog\/2009\/08\/07\/deshmi-e-dashamiresise-vellazeroreshembull-i-bashkejeteses\/\"]}]},{\"@type\":\"BreadcrumbList\",\"@id\":\"https:\/\/www.visit-ulcinj.com\/blog\/2009\/08\/07\/deshmi-e-dashamiresise-vellazeroreshembull-i-bashkejeteses\/#breadcrumb\",\"itemListElement\":[{\"@type\":\"ListItem\",\"position\":1,\"name\":\"D\u00ebshmi e dashamir\u00ebsis\u00eb v\u00ebllaz\u00ebrore,Shembull i bashk\u00ebjetes\u00ebs\"}]},{\"@type\":\"Person\",\"@id\":\"https:\/\/www.visit-ulcinj.com\/blog\/#\/schema\/person\/dcab619c614d3038751c63bc2aadc06d\",\"name\":\"ulqini\",\"sameAs\":[\"http:\/\/www.visit-ulcinj.com\"],\"url\":\"https:\/\/www.visit-ulcinj.com\/blog\/author\/admin\/\"}]}<\/script>\n<!-- \/ Yoast SEO plugin. -->","yoast_head_json":{"title":"D\u00ebshmi e dashamir\u00ebsis\u00eb v\u00ebllaz\u00ebrore,Shembull i bashk\u00ebjetes\u00ebs - Lajme nga Ulqini","description":"P\u00ebr arritjen e nj\u00eb harmonie mir\u00ebkuptimi p\u00ebr t\u00eb gjith\u00eb, Mal\u00ebsia p\u00ebrvet\u00ebsoi kodin moral, t\u00eb cilin e thithi nga librat e shenjt\u00eb , Bibla dhe Kur\u2019ani dhe ato","robots":{"index":"index","follow":"follow","max-snippet":"max-snippet:-1","max-image-preview":"max-image-preview:large","max-video-preview":"max-video-preview:-1"},"canonical":"https:\/\/www.visit-ulcinj.com\/blog\/2009\/08\/07\/deshmi-e-dashamiresise-vellazeroreshembull-i-bashkejeteses\/","og_locale":"en_US","og_type":"article","og_title":"D\u00ebshmi e dashamir\u00ebsis\u00eb v\u00ebllaz\u00ebrore,Shembull i bashk\u00ebjetes\u00ebs - Lajme nga Ulqini","og_description":"P\u00ebr arritjen e nj\u00eb harmonie mir\u00ebkuptimi p\u00ebr t\u00eb gjith\u00eb, Mal\u00ebsia p\u00ebrvet\u00ebsoi kodin moral, t\u00eb cilin e thithi nga librat e shenjt\u00eb , Bibla dhe Kur\u2019ani dhe ato","og_url":"https:\/\/www.visit-ulcinj.com\/blog\/2009\/08\/07\/deshmi-e-dashamiresise-vellazeroreshembull-i-bashkejeteses\/","og_site_name":"Lajme nga Ulqini","article_published_time":"2009-08-07T12:46:02+00:00","article_modified_time":"2009-08-07T12:46:42+00:00","twitter_misc":{"Written by":"ulqini","Est. reading time":"6 minutes"},"schema":{"@context":"https:\/\/schema.org","@graph":[{"@type":"WebSite","@id":"https:\/\/www.visit-ulcinj.com\/blog\/#website","url":"https:\/\/www.visit-ulcinj.com\/blog\/","name":"Lajme nga Ulqini","description":"Lajme,Vijesti,Ulqini,Ulqin,Crna Gora,Mali i Zi","potentialAction":[{"@type":"SearchAction","target":{"@type":"EntryPoint","urlTemplate":"https:\/\/www.visit-ulcinj.com\/blog\/?s={search_term_string}"},"query-input":"required name=search_term_string"}],"inLanguage":"en-US"},{"@type":"WebPage","@id":"https:\/\/www.visit-ulcinj.com\/blog\/2009\/08\/07\/deshmi-e-dashamiresise-vellazeroreshembull-i-bashkejeteses\/#webpage","url":"https:\/\/www.visit-ulcinj.com\/blog\/2009\/08\/07\/deshmi-e-dashamiresise-vellazeroreshembull-i-bashkejeteses\/","name":"D\u00ebshmi e dashamir\u00ebsis\u00eb v\u00ebllaz\u00ebrore,Shembull i bashk\u00ebjetes\u00ebs - Lajme nga Ulqini","isPartOf":{"@id":"https:\/\/www.visit-ulcinj.com\/blog\/#website"},"datePublished":"2009-08-07T12:46:02+00:00","dateModified":"2009-08-07T12:46:42+00:00","author":{"@id":"https:\/\/www.visit-ulcinj.com\/blog\/#\/schema\/person\/dcab619c614d3038751c63bc2aadc06d"},"description":"P\u00ebr arritjen e nj\u00eb harmonie mir\u00ebkuptimi p\u00ebr t\u00eb gjith\u00eb, Mal\u00ebsia p\u00ebrvet\u00ebsoi kodin moral, t\u00eb cilin e thithi nga librat e shenjt\u00eb , Bibla dhe Kur\u2019ani dhe ato","breadcrumb":{"@id":"https:\/\/www.visit-ulcinj.com\/blog\/2009\/08\/07\/deshmi-e-dashamiresise-vellazeroreshembull-i-bashkejeteses\/#breadcrumb"},"inLanguage":"en-US","potentialAction":[{"@type":"ReadAction","target":["https:\/\/www.visit-ulcinj.com\/blog\/2009\/08\/07\/deshmi-e-dashamiresise-vellazeroreshembull-i-bashkejeteses\/"]}]},{"@type":"BreadcrumbList","@id":"https:\/\/www.visit-ulcinj.com\/blog\/2009\/08\/07\/deshmi-e-dashamiresise-vellazeroreshembull-i-bashkejeteses\/#breadcrumb","itemListElement":[{"@type":"ListItem","position":1,"name":"D\u00ebshmi e dashamir\u00ebsis\u00eb v\u00ebllaz\u00ebrore,Shembull i bashk\u00ebjetes\u00ebs"}]},{"@type":"Person","@id":"https:\/\/www.visit-ulcinj.com\/blog\/#\/schema\/person\/dcab619c614d3038751c63bc2aadc06d","name":"ulqini","sameAs":["http:\/\/www.visit-ulcinj.com"],"url":"https:\/\/www.visit-ulcinj.com\/blog\/author\/admin\/"}]}},"jetpack_featured_media_url":"","jetpack_sharing_enabled":true,"jetpack_shortlink":"https:\/\/wp.me\/pe6lTn-6jf","_links":{"self":[{"href":"https:\/\/www.visit-ulcinj.com\/blog\/wp-json\/wp\/v2\/posts\/24257"}],"collection":[{"href":"https:\/\/www.visit-ulcinj.com\/blog\/wp-json\/wp\/v2\/posts"}],"about":[{"href":"https:\/\/www.visit-ulcinj.com\/blog\/wp-json\/wp\/v2\/types\/post"}],"author":[{"embeddable":true,"href":"https:\/\/www.visit-ulcinj.com\/blog\/wp-json\/wp\/v2\/users\/1"}],"replies":[{"embeddable":true,"href":"https:\/\/www.visit-ulcinj.com\/blog\/wp-json\/wp\/v2\/comments?post=24257"}],"version-history":[{"count":0,"href":"https:\/\/www.visit-ulcinj.com\/blog\/wp-json\/wp\/v2\/posts\/24257\/revisions"}],"wp:attachment":[{"href":"https:\/\/www.visit-ulcinj.com\/blog\/wp-json\/wp\/v2\/media?parent=24257"}],"wp:term":[{"taxonomy":"category","embeddable":true,"href":"https:\/\/www.visit-ulcinj.com\/blog\/wp-json\/wp\/v2\/categories?post=24257"},{"taxonomy":"post_tag","embeddable":true,"href":"https:\/\/www.visit-ulcinj.com\/blog\/wp-json\/wp\/v2\/tags?post=24257"}],"curies":[{"name":"wp","href":"https:\/\/api.w.org\/{rel}","templated":true}]}}