{"id":24262,"date":"2009-08-07T15:38:43","date_gmt":"2009-08-07T13:38:43","guid":{"rendered":"http:\/\/www.visit-ulcinj.com\/blog\/?p=24262"},"modified":"2009-08-07T20:02:28","modified_gmt":"2009-08-07T18:02:28","slug":"organizohet-menifestimi-%e2%80%9cvera-2009%e2%80%9d-ne-kraje","status":"publish","type":"post","link":"https:\/\/www.visit-ulcinj.com\/blog\/2009\/08\/07\/organizohet-menifestimi-%e2%80%9cvera-2009%e2%80%9d-ne-kraje\/","title":{"rendered":"Organizohet menifestimi \u201cVera 2009\u201d n\u00eb Kraj\u00eb"},"content":{"rendered":"<p><strong><a href=\"http:\/\/www.visit-ulcinj.com\/blog\/wp-content\/uploads\/2009\/08\/Festa-e-Kraj\u00ebs-2009.jpg\"><img loading=\"lazy\" class=\"alignleft size-full wp-image-24263\" title=\"Festa e Kraj\u00ebs 2009\" src=\"http:\/\/www.visit-ulcinj.com\/blog\/wp-content\/uploads\/2009\/08\/Festa-e-Kraj\u00ebs-2009.jpg\" alt=\"Festa e Kraj\u00ebs 2009\" width=\"580\" height=\"393\" \/><\/a>Manifestim i tradicionales me bashk\u00ebkohoren<\/strong><br \/>\nEdhe k\u00ebsaj vere si edhe tash shtat\u00ebmb\u00ebdhjet\u00eb vjet me radh\u00eb n\u00eb Kraj\u00eb u mbajt manifestimi \u201cN\u00eb fillim t\u00eb ver\u00ebs\u201d 2009 \u2013 Dit\u00ebt e kultur\u00ebs dhe sportit n\u00eb Kraj\u00eb.<br \/>\nManifestimi i sivjetsh\u00ebm nisi t\u00eb m\u00ebrkur\u00ebn m\u00eb 15 korrik me nj\u00eb mbr\u00ebmje artistike kur u b\u00eb edhe hapja solemne e manifestimit. Pati k\u00ebnaq\u00ebsin\u00eb e posa\u00e7me q\u00eb hapjen ta b\u00ebj\u00eb kryetari i K\u00ebshillit organizativ t\u00eb manifestimit ekonomisti Kujtim Boci, nj\u00ebherit kryetar i FR t\u00eb Deg\u00ebs s\u00eb Kraj\u00ebs. Ai n\u00eb fjal\u00ebn e rastit nd\u00ebr t\u00eb tjera tha se K\u00ebshilli organizativ ka b\u00ebr\u00eb p\u00ebrpjekje q\u00eb manifestimi i sivjetsh\u00ebm t\u00eb jet\u00eb i begat\u00eb me p\u00ebrmbajtje t\u00eb larmishme kulturore e sportive. N\u00eb t\u00eb nj\u00ebjt\u00ebn koh\u00eb ai fal\u00ebnderoi edhe sponsor\u00ebt q\u00eb mund\u00ebsuan t\u00eb organizohet menifestimi \u201cVera 2009\u201d n\u00eb Kraj\u00eb.<br \/>\nPjes\u00ebmarr\u00ebsit e shumt\u00eb t\u00eb k\u00ebsaj mbr\u00ebmjeje p\u00ebr her\u00eb t\u00eb par\u00eb n\u00eb Kraj\u00eb pat\u00ebn rastin t\u00eb shohin p\u00ebr s\u00eb af\u00ebrmi nj\u00eb ekpozit\u00eb t\u00eb fotografis\u00eb artistike. K\u00ebt\u00eb k\u00ebnaq\u00ebsi atyre ua dhuroi fotografi amator Jenuz Gje\u00e7britaj me objektivin e fotoaparatit t\u00eb tij.<br \/>\nT\u00eb flas\u00ebsh p\u00ebr vlerat artistike t\u00eb fotografive t\u00eb ekspozuara duhet t\u00eb jesh profesionist n\u00eb k\u00ebt\u00eb l\u00ebm\u00eb, por s\u2019do mend se fotografit\u00eb e ekspzuara i kalojn\u00eb pa m\u00ebdyshje suazat e nj\u00eb amatori n\u00eb k\u00ebt\u00eb l\u00ebm t\u00eb artit pamor. Kjo ishte evidente gjithandej. Objektivi i aparatit t\u00eb Jenuzit ka fiksar dhe kapur pamje t\u00eb tilla q\u00eb syri jon\u00eb nuk mund t\u2019arrij\u00eb t\u2019i shoh\u00eb . Natyra e virgj\u00ebr, liqeni m\u00eb val\u00eb, lindja e dielli, muzgu, pejzazhe n\u00eb t\u00eb kat\u00ebr stin\u00ebt e vitit, pamje k\u00ebto t\u00eb fiksuara me syrin e mpreht\u00eb t\u00eb autorit, padyshim se jan\u00eb nj\u00eb arritje n\u00eb artin pamor t\u00eb imazheve statike. Secila fotografi e ekspozuar ka mesazhin e vet. Fryti i g\u00ebshtenj\u00ebs buz\u00ebqesh me dh\u00ebmb\u00ebt e fildisht\u00eb dhe me ngjyr\u00ebn e saj specifike. Duket se k\u00ebrkon m\u00ebshir\u00eb dhe lutet q\u00eb ta ruajm\u00eb, k\u00ebrkon t\u00eb mbet\u00ebt autoktone ashtu si\u00e7 ka qen\u00eb gjithmon\u00eb. Shumica e fotografive jan\u00eb most\u00ebr e natyr\u00ebs s\u00eb virgj\u00ebr t\u00eb n\u00ebnqiellit t\u00eb Rumis\u00eb. K\u00ebto imazhe t\u00eb mrekullueshme publiku i vler\u00ebsoi lart edhe nga vet\u00eb fakti se i dhuruan nj\u00eb k\u00ebnaq\u00ebsi shpirt\u00ebrore t\u00eb ve\u00e7ant\u00eb atij.<br \/>\nM\u00eb pastaj mbr\u00ebmja vazhdoi me promovimin e librit \u201cMotet\u201d t\u00eb autorit Ali Gje\u00e7britaj, p\u00ebrmbledhje kjo me poezi. Lidhur me p\u00ebrmbledhj\u00ebn fol\u00ebn Syme Kokaj, redaktore e librit, Hajredin Kova\u00e7i, recenzent dhe mr. Anton Goj\u00e7aj, shkrimtar dhe kritik letrar. Dashamir\u00ebt e fjal\u00ebs s\u00eb shkruar pat\u00ebn rastin q\u00eb t\u00eb d\u00ebgjojn\u00eb edhe disa poezi nga kjo p\u00ebrmbledhje t\u00eb interpretura p\u00ebr mrekulli nga moderatorja e mbr\u00ebmjes Teuta Gje\u00e7britaj dhe recituesja e njohur nga Kraja Jasmine Gjen\u00e7iqi. P\u00ebr dashamir\u00ebt e librit dhe t\u00eb letersis\u00eb n\u00eb p\u00ebrgjith\u00ebsi ishte promvimi i par\u00eb e nj\u00eb libri n\u00eb Kraj\u00eb gj\u00eb q\u00eb paraqet nj\u00eb evenimemt t\u00eb posa\u00e7em kulturor n\u00eb k\u00ebt\u00eb trev\u00eb me tradite n\u00eb rrafshin e letrave shqipe. I gjith\u00eb ky aktivitet u zhvillua n\u00eb Sht\u00ebpin\u00eb e Kultur\u00ebs n\u00eb Ostros.<br \/>\nMbr\u00ebmja e dyt\u00eb e \u201cDit\u00ebve t\u00eb kultur\u00ebs dhe t\u00eb sportit\u201d u mbjat t\u00eb premt\u00ebn m\u00eb 17 korrik po ashtu n\u00eb Sht\u00ebpin\u00eb e Kultur\u00ebs ku u shfaq komedia \u201c I biri i lugatit\u201d t\u00eb autorit Krist Berisha. Interpretun p\u00ebr mrekulli nx\u00ebn\u00ebsit e shkoll\u00ebs n\u00ebnt\u00ebvje\u00e7are \u201cGj. K. \u2013 Sk\u00ebnderbeu\u201d, an\u00ebtar\u00eb t\u00eb seksionit t\u00eb dram\u00ebs. Loja n\u00eb sken\u00eb e aktor\u00ebve t\u00eb rinj p\u00ebr nj\u00eb or\u00eb e gjysm\u00eb sa zgjati shfaqja e k\u00ebnaqi publikun e shumt\u00eb q\u00eb kishte mbushur sall\u00ebn. Krahas nx\u00ebn\u00ebs\u00ebve aktor\u00eb merit\u00eb t\u00eb madhe n\u00eb realizimin e k\u00ebsaj komedie ka Aishe Gje\u00e7britaj e cila e vuri n\u00eb sken\u00eb k\u00ebt\u00eb komedi. Kujtojm\u00eb se k\u00ebta nx\u00ebn\u00ebs brenda nj\u00eb viti me regjin\u00eb po ashtu t\u00eb profesoresh\u00ebs s\u00eb let\u00ebrsis\u00eb dhe gjuh\u00ebs shqipe q\u00eb e cek\u00ebm m\u00eb lart\u00eb kan\u00eb shfaqur me sukses edhe dy drama t\u00eb tjera \u201cHalili e Hajria\u201d t\u00eb Kol\u00eb Jakov\u00ebs dhe \u201cNuk vritet pranvera\u201d t\u00eb Fadil Kraj\u00ebs. S\u2019do mend se \u00ebsht\u00eb ky nj\u00eb aktivitet i madh i k\u00ebtij seksioni dhe i udh\u00ebheq\u00ebses s\u00eb tij.<br \/>\nDita e tret\u00eb e manifestimit kryesisht iu kushtua aktiviteteve sportive e q\u00eb k\u00ebsaj here dominuan sportet n\u00eb uj\u00eb, por nuk u lan\u00eb anash as sportet e tjera tradicionale dhe bashk\u00ebkohore.<br \/>\nKy aktivitet u mbajt n\u00eb Skje, sakt\u00ebsisht n\u00eb Mol\u00ebm e Hutajve, n\u00eb Liqenin e Shkodr\u00ebs, n\u00eb af\u00ebrsi t\u00eb pik\u00ebs kufitare t\u00eb dikurshme me Shqip\u00ebrin\u00eb. K\u00ebrcimet n\u00eb uj\u00eb nga lart\u00ebsia e molos, garat n\u00eb notim n\u00eb kategori t\u00eb ndryshme dhe stile t\u00eb ndryshme, lundrimi n\u00ebp\u00ebr Liqenin e Shkodr\u00ebs si dhe garat n\u00eb rremim me sule ishin karakteristikat e k\u00ebsaj dite. P\u00ebr fat t\u00eb mir\u00eb edhe koha t\u00eb diel\u00ebn m\u00eb 19. korik kur u mbajt ky aktivitet ishte e p\u00ebrshtatshme. Po n\u00eb k\u00ebt\u00eb dit\u00eb n\u00eb bregun e Liqenit t\u00eb Shkodr\u00ebs u mbajt nj\u00eb ligj\u00ebrat\u00eb nga ekologjia ku tem\u00eb boshte ishte: Mbrojtja e biodiversitetit t\u00eb Liqenit t\u00eb Shkodr\u00ebs dhe bregut t\u00eb tij. Lidhur me organizimin e k\u00ebsaj dite sa sportive aq edhe rekretative e relaksuese, pse jo edhe ekologjike merit\u00eb kan\u00eb Xhafer Cukaj dhe Samih Doda, aktivist\u00eb t\u00eb dalluar t\u00eb shum\u00eb aktiviteteve t\u00eb ngjashme n\u00eb Kraj\u00eb.<br \/>\nK\u00ebto tre aktivitete kulturore e sportive t\u00eb mir\u00ebfillta i paraprin\u00eb manifestimit qendror, atij tashm\u00eb tradicional q\u00eb rregullisht mbahet tash shtat\u00ebmbdhjet\u00eb vjet me radh.. E martja me 21 korrik ishte planifikuar nga K\u00ebshilli Organizativ p\u00ebr mbajtj\u00ebn e tij. Kjo koh\u00eb \u00ebsht\u00eb edhe m\u00eb e p\u00ebrshtatshmje p\u00ebr nj\u00eb manifestim t\u00eb till\u00eb edhe nga vet\u00eb fakti se edhe m\u00ebrgimtar\u00ebt e shumt\u00eb nga k\u00ebto an\u00eb pik\u00ebrisht n\u00eb k\u00ebt\u00eb koh\u00eb i kalojn\u00eb pushimet n\u00eb vendlindje. Zat\u00ebn edhe p\u00ebr k\u00ebt\u00eb organizatori viteve t\u00eb fundit manifestimin po e organizon n\u00eb korrik.<br \/>\nQ\u00eb nga per\u00ebndimi i diellit vargu i njerz\u00ebve ia m\u00ebsyn\u00eb vendit ku u mbajt manifestimi. Kolonat e veturave vinin nga t\u00eb dy krah\u00ebt q\u00eb shpiejn\u00eb p\u00ebr n\u00eb qend\u00ebr t\u00eb Kraj\u00ebs, Ostros. Nga \u00e7asti n\u00eb \u00e7ast terrenet e hapura sportive t\u00eb shkoll\u00ebs mbusheshin plot e p\u00ebrplot. Bina e stolisur me pamje nga vendbanimet e Kraj\u00ebs e zbukuroi eshe m\u00eb shum\u00eb ambientin e nat\u00ebs s\u00eb k\u00ebndshme verore n\u00eb Kraj\u00eb. Nuk ka gj\u00eb m\u00eb t\u00eb bukur se orkestrimi i mrekulluesh\u00ebm i dy t\u00eb rinjve kranjan\u00eb, Ilirit dhe Dardanit q\u00eb n\u00eb fillim me instrumente shqiptare presin manifestuesit. N\u00eb sken\u00eb ngjitet Teuta, kjo princesh\u00eb ilire q\u00eb me t\u00eb veretet\u00eb i shkon p\u00ebr shtati s\u00eb bashku me Ilirin dhe Dardanin k\u00ebsaj feste. P\u00ebrsh\u00ebndesin t\u00eb parnishmit Ali Gje\u00e7britaj, nj\u00ebri nga themeluesit e manifestimit qysh n\u00eb vitet e n\u00ebnt\u00ebdhjeta t\u00eb shekullit t\u00eb kaluar dhe fal\u00ebnderojn\u00eb t\u00eb gjith\u00eb ata q\u00eb gjat\u00eb gjith\u00eb k\u00ebtyre viteve dhan\u00eb kontributin e tyre n\u00eb organizimin e Fest\u00ebs s\u00eb Kraj\u00ebs. P\u00ebrmend ai edhe Rumin\u00eb dhe objektin e kish\u00ebs s\u00eb metalt n\u00eb maje t\u00eb saj\u00eb q\u00eb u vu me ndihm\u00ebn e helikpter\u00ebve t\u00eb Ushtris\u00eb serbo \u2013 malezeze m\u00eb 18.06.2005, nga kur edhe u privuan alpinist\u00ebt q\u00eb t\u00eb vizitojn\u00eb k\u00ebt\u00eb maj\u00eb t\u00eb bjeshk\u00ebs. N\u00eb sken\u00eb ngjitet deputeti Mehmet Bardhi i cili p\u00ebrg\u00ebzon organizatorin p\u00ebr organizimin e k\u00ebtij manifestimi. P\u00ebrsh\u00ebndet dhe uron t\u00eb gjith\u00eb ata q\u00eb kan\u00eb ardhur nga t\u00eb gjitha trevat shqiptare n\u00eb Mal t\u00eb Zi, nga diaspora, Shqip\u00ebria, Kosova. Deputeti Bardhi n\u00eb fjal\u00ebn e tij, mes tjerash k\u00ebrkon q\u00eb sa m\u00eb par\u00eb t\u00eb hiqet objekti metalt\u00eb i kish\u00ebs nga maja e Rumis\u00eb. Bardhi zotohet para mij\u00ebra manifestueseve se si edhe deri m\u00eb tash do t\u00eb angazhohet n\u00eb heqjen e k\u00ebtij objekti nga Rumia dhe deklaron se do ta \u00e7oj\u00eb n\u00eb vend k\u00ebrkes\u00ebn e popullit. Radh\u00ebn e ka pjesa arg\u00ebtuese e mbr\u00ebmjes. Moderatorja fton n\u00eb sken\u00eb Myzafer Koliqin, ai q\u00eb i dha shk\u00eblqimin manifestimit vite me radh\u00eb. Edhe sonte bilbili i Kraj\u00ebs ia nis e pari, si gjithmon\u00eb. K\u00ebng\u00ebt kushtuar Kraj\u00ebs, Taraboshit, Muriqit e nisin pjes\u00ebn muzikore t\u00eb mbr\u00ebmjes. Ting\u00ebllojn\u00eb bukur fjal\u00ebt Kraj\u00eb, Tarabosh, Smajl Sallaku, jemi v\u00ebll\u00ebz\u00ebr t\u00eb nj\u00eb gjaku, jo nuk ndahet v\u00ebllu me v\u00eblla &#8230;duartrokitje frenetike p\u00ebr k\u00ebng\u00ebtarin kranjan.<br \/>\nPrakalojn\u00eb m\u00eb pastaj k\u00ebng\u00ebtar\u00eb t\u00eb trevave shqiptare n\u00eb Mal t\u00eb Zi. K\u00ebnga e tyre p\u00ebrcillet me vall\u00ebzim t\u00eb t\u00eb rinjve dhe entuziaz\u00ebm. Pasojn\u00eb vallet e bukura t\u00eb p\u00ebrgatitur nga koreografi shkodran Aldo Nika, luajtur nga grupi i valleve t\u00eb shkoll\u00ebs n\u00eb Ostros. Vallja e fluturave dhe Po vjen nusja, padyshim se jan\u00eb nj\u00eb realizim i mrekulluesh\u00ebm i valltareve t\u00eb reja.<br \/>\nMysafir\u00eb special\u00eb t\u00eb mbr\u00ebmj\u00ebs ishin \u00c7iljeta Xhilaga dhe Sinan Hoxha. Dalja e tyre n\u00eb sken\u00eb zgjon entuziaz\u00ebm t\u00eb pap\u00ebrshkruar ndonj\u00ebher\u00eb n\u00eb Kraj\u00eb. K\u00ebng\u00ebt e k\u00ebnduara nga k\u00ebta artist\u00eb t\u00eb estrad\u00ebs publiku i duartroket gjat\u00eb, dy k\u00ebng\u00ebtar\u00ebt tiranas kan\u00eb ardhur nga kryeqyteti shqiptar n\u00eb Kraj\u00eb pik\u00ebrisht pasi kan\u00eb d\u00ebgjuar se n\u00eb Kraj\u00eb organizohet nj\u00eb fest\u00eb e till\u00eb. Artist\u00ebt tiranas u mahnit\u00ebn me bukurit\u00eb natyrore dhe u befasuan p\u00ebr t\u00eb mir\u00eb p\u00ebr mikpritjen e Krajan\u00ebve. Miku i tyre Zaim Lika me prejardhe nga Boboshti, e q\u00eb momentalisht sh\u00ebrben n\u00eb ambasad\u00ebn Franceze n\u00eb Tiran\u00eb ka merit\u00ebn m\u00eb t\u00eb madhe p\u00ebr pjes\u00ebmarrjen e Sinanit dhe \u00c7iljet\u00ebs n\u00eb manifestimin e Kraj\u00ebs. Nuk mungoi as k\u00ebnga shkodrane. Shkod\u00ebr locja gjithmon\u00eb ka qen\u00eb me Kraj\u00ebn. P\u00ebr k\u00ebt\u00eb u p\u00ebrkujdes k\u00ebng\u00ebtarja e re shkodrane Adelina Corraj n\u00ebn p\u00ebrcjelljen insrimentale t\u00eb profesorit Bardhyl Hysa.<br \/>\nK\u00ebnga dhe vallja shqipe u k\u00ebndua dhe u luajt deri pas mesnat\u00ebs. Nuk mbahet mend ndonj\u00ebher\u00eb q\u00eb n\u00eb nj\u00eb vend t\u00eb grumbullohen aq mynifestues si\u00e7 ndodhi k\u00ebsaj here.<br \/>\nT\u00eb gjith\u00eb pjes\u00ebmarr\u00ebsit u gostit\u00ebn me ushqim tradicional, me petulla, djath\u00eb, mjalt\u00eb si dhe me ushqime t\u00eb tjera bashk\u00ebkohore dhe tradicionale.<br \/>\nP\u00ebr k\u00ebt\u00eb merit\u00eb padyshim ka organizatori, LD n\u00eb MZ-Dega e Kraj\u00ebs, gjegj\u00ebsisht Forumi Rinor i deg\u00ebs n\u00eb Kraj\u00eb.<br \/>\n\u00c7far\u00eb t\u00eb thuhet n\u00eb fund?<br \/>\nNj\u00eb gj\u00eb \u00ebsht\u00eb m\u00eb s\u00eb evidente. Edhe n\u00eb trevat m\u00eb pak t\u00eb urbanizuara mund t\u00eb organizohet jet\u00eb kulturore. K\u00ebt\u00eb e d\u00ebshmoi edhe ky manifestim. E themi k\u00ebt\u00eb sepse ka mjaft argumente q\u00eb e vertetojn\u00eb k\u00ebt\u00eb. T\u00eb hap\u00ebsh nj\u00eb eksozit\u00eb, t\u00eb promovosh nj\u00eb lib\u00ebr, t\u00eb garosh n\u00eb notim, t\u00eb marrin pjes\u00eb k\u00ebng\u00ebtar\u00eb dhe artist\u00eb t\u00eb njohur t\u00eb estrad\u00ebs shqiptre, nd\u00ebr m\u00eb t\u00eb njohurit etj. \u00ebsht\u00eb padyshim nj\u00eb arritje e madhe n\u00eb kultivimin e tradit\u00ebs kulturore jo vet\u00ebm t\u00eb Kraj\u00ebs por edhe m\u00eb gjer\u00eb. Kjo edhe k\u00ebsaj here u arrit me aktivitet dhe pun\u00eb vet\u00ebmohuese t\u00eb t\u00eb gjith\u00eb atyre q\u00eb e duan artin dhe kultur\u00ebn dhe b\u00ebjn\u00eb p\u00ebrpjekje maksimale q\u00eb ta ruajn\u00eb dhe kultivojn\u00eb at\u00eb.<br \/>\nT\u00eb shtojm\u00eb n\u00eb fund se sponsor kryesor t\u00eb manifestimit t\u00eb sivjetsh\u00ebm ishin Lidhja Demokratike n\u00eb Mal t\u00eb Zi, Komuna e Tivarit shoqata atdhetare \u201cKraja\u201d me seli n\u00eb New York si dhe donator\u00eb t\u00eb tjer\u00eb nga Kraja, Tivari dhe Ulqini. Organizatori p\u00ebrzemersish i falenderon t\u00eb gjith\u00eb sepse pa ndihm\u00ebn e tyre nuk do ishte e mundur t\u00eb organizohej nj\u00eb manifestim i till\u00eb.<\/p>\n<p><strong>Ali Gje\u00e7britaj<br \/>\nKoha Javore<\/strong><\/p>\n<p><strong>\n\t\t<style type=\"text\/css\">\n\t\t\t#gallery-1 {\n\t\t\t\tmargin: auto;\n\t\t\t}\n\t\t\t#gallery-1 .gallery-item {\n\t\t\t\tfloat: left;\n\t\t\t\tmargin-top: 10px;\n\t\t\t\ttext-align: center;\n\t\t\t\twidth: 33%;\n\t\t\t}\n\t\t\t#gallery-1 img {\n\t\t\t\tborder: 2px solid #cfcfcf;\n\t\t\t}\n\t\t\t#gallery-1 .gallery-caption {\n\t\t\t\tmargin-left: 0;\n\t\t\t}\n\t\t\t\/* see gallery_shortcode() in wp-includes\/media.php *\/\n\t\t<\/style>\n\t\t<div id='gallery-1' class='gallery galleryid-24262 gallery-columns-3 gallery-size-thumbnail'><dl class='gallery-item'>\n\t\t\t<dt class='gallery-icon '>\n\t\t\t\t<a href='https:\/\/www.visit-ulcinj.com\/blog\/wp-content\/uploads\/2009\/08\/Festa-e-Kraj\u00c3\u00abs-2009.jpg'><img width=\"1\" height=\"1\" src=\"https:\/\/www.visit-ulcinj.com\/blog\/wp-content\/uploads\/2009\/08\/Festa-e-Kraj\u00c3\u00abs-2009.jpg\" class=\"attachment-thumbnail size-thumbnail\" alt=\"\" loading=\"lazy\" \/><\/a>\n\t\t\t<\/dt><\/dl><dl class='gallery-item'>\n\t\t\t<dt class='gallery-icon '>\n\t\t\t\t<a href='https:\/\/www.visit-ulcinj.com\/blog\/wp-content\/uploads\/2009\/08\/Festa-e-Kraj\u00c3\u00abs-2009.01.jpg'><img width=\"1\" height=\"1\" src=\"https:\/\/www.visit-ulcinj.com\/blog\/wp-content\/uploads\/2009\/08\/Festa-e-Kraj\u00c3\u00abs-2009.01.jpg\" class=\"attachment-thumbnail size-thumbnail\" alt=\"\" loading=\"lazy\" \/><\/a>\n\t\t\t<\/dt><\/dl><dl class='gallery-item'>\n\t\t\t<dt class='gallery-icon '>\n\t\t\t\t<a href='https:\/\/www.visit-ulcinj.com\/blog\/wp-content\/uploads\/2009\/08\/Festa-e-Kraj\u00c3\u00abs-2009.02.jpg'><img width=\"1\" height=\"1\" src=\"https:\/\/www.visit-ulcinj.com\/blog\/wp-content\/uploads\/2009\/08\/Festa-e-Kraj\u00c3\u00abs-2009.02.jpg\" class=\"attachment-thumbnail size-thumbnail\" alt=\"\" loading=\"lazy\" \/><\/a>\n\t\t\t<\/dt><\/dl><br style=\"clear: both\" \/><dl class='gallery-item'>\n\t\t\t<dt class='gallery-icon landscape'>\n\t\t\t\t<a href='https:\/\/www.visit-ulcinj.com\/blog\/wp-content\/uploads\/2009\/08\/Mehmet-Bardhi-ne-festen-e-Krajes-2009.jpg'><img width=\"150\" height=\"150\" src=\"https:\/\/www.visit-ulcinj.com\/blog\/wp-content\/uploads\/2009\/08\/Mehmet-Bardhi-ne-festen-e-Krajes-2009-150x150.jpg\" class=\"attachment-thumbnail size-thumbnail\" alt=\"\" loading=\"lazy\" \/><\/a>\n\t\t\t<\/dt><\/dl><dl class='gallery-item'>\n\t\t\t<dt class='gallery-icon landscape'>\n\t\t\t\t<a href='https:\/\/www.visit-ulcinj.com\/blog\/wp-content\/uploads\/2009\/08\/Mehmet-Bardhi-ne-festen-e-Krajes-2009.01.jpg'><img width=\"150\" height=\"150\" src=\"https:\/\/www.visit-ulcinj.com\/blog\/wp-content\/uploads\/2009\/08\/Mehmet-Bardhi-ne-festen-e-Krajes-2009.01-150x150.jpg\" class=\"attachment-thumbnail size-thumbnail\" alt=\"\" loading=\"lazy\" \/><\/a>\n\t\t\t<\/dt><\/dl><dl class='gallery-item'>\n\t\t\t<dt class='gallery-icon portrait'>\n\t\t\t\t<a href='https:\/\/www.visit-ulcinj.com\/blog\/wp-content\/uploads\/2009\/08\/Kadri-Sinani-ne-festen-e-Krajes-2009.01.jpg'><img width=\"150\" height=\"150\" src=\"https:\/\/www.visit-ulcinj.com\/blog\/wp-content\/uploads\/2009\/08\/Kadri-Sinani-ne-festen-e-Krajes-2009.01-150x150.jpg\" class=\"attachment-thumbnail size-thumbnail\" alt=\"\" loading=\"lazy\" \/><\/a>\n\t\t\t<\/dt><\/dl><br style=\"clear: both\" \/><dl class='gallery-item'>\n\t\t\t<dt class='gallery-icon portrait'>\n\t\t\t\t<a href='https:\/\/www.visit-ulcinj.com\/blog\/wp-content\/uploads\/2009\/08\/Kadri-Sinani-ne-festen-e-Krajes-2009.jpg'><img width=\"150\" height=\"150\" src=\"https:\/\/www.visit-ulcinj.com\/blog\/wp-content\/uploads\/2009\/08\/Kadri-Sinani-ne-festen-e-Krajes-2009-150x150.jpg\" class=\"attachment-thumbnail size-thumbnail\" alt=\"\" loading=\"lazy\" \/><\/a>\n\t\t\t<\/dt><\/dl><dl class='gallery-item'>\n\t\t\t<dt class='gallery-icon portrait'>\n\t\t\t\t<a href='https:\/\/www.visit-ulcinj.com\/blog\/wp-content\/uploads\/2009\/08\/Tahir-Tahiri.jpg'><img width=\"150\" height=\"150\" src=\"https:\/\/www.visit-ulcinj.com\/blog\/wp-content\/uploads\/2009\/08\/Tahir-Tahiri-150x150.jpg\" class=\"attachment-thumbnail size-thumbnail\" alt=\"\" loading=\"lazy\" \/><\/a>\n\t\t\t<\/dt><\/dl><dl class='gallery-item'>\n\t\t\t<dt class='gallery-icon portrait'>\n\t\t\t\t<a href='https:\/\/www.visit-ulcinj.com\/blog\/wp-content\/uploads\/2009\/08\/Tahir-Tahiri.1.jpg'><img width=\"150\" height=\"150\" src=\"https:\/\/www.visit-ulcinj.com\/blog\/wp-content\/uploads\/2009\/08\/Tahir-Tahiri.1-150x150.jpg\" class=\"attachment-thumbnail size-thumbnail\" alt=\"\" loading=\"lazy\" \/><\/a>\n\t\t\t<\/dt><\/dl><br style=\"clear: both\" \/><dl class='gallery-item'>\n\t\t\t<dt class='gallery-icon portrait'>\n\t\t\t\t<a href='https:\/\/www.visit-ulcinj.com\/blog\/wp-content\/uploads\/2009\/08\/Sinan-Hoxha-festa-e-krajes-2009.01.jpg'><img width=\"150\" height=\"150\" src=\"https:\/\/www.visit-ulcinj.com\/blog\/wp-content\/uploads\/2009\/08\/Sinan-Hoxha-festa-e-krajes-2009.01-150x150.jpg\" class=\"attachment-thumbnail size-thumbnail\" alt=\"\" loading=\"lazy\" \/><\/a>\n\t\t\t<\/dt><\/dl><dl class='gallery-item'>\n\t\t\t<dt class='gallery-icon landscape'>\n\t\t\t\t<a href='https:\/\/www.visit-ulcinj.com\/blog\/wp-content\/uploads\/2009\/08\/Sinan-Hoxha-festa-e-krajes-2009.jpg'><img width=\"150\" height=\"150\" src=\"https:\/\/www.visit-ulcinj.com\/blog\/wp-content\/uploads\/2009\/08\/Sinan-Hoxha-festa-e-krajes-2009-150x150.jpg\" class=\"attachment-thumbnail size-thumbnail\" alt=\"\" loading=\"lazy\" \/><\/a>\n\t\t\t<\/dt><\/dl><dl class='gallery-item'>\n\t\t\t<dt class='gallery-icon portrait'>\n\t\t\t\t<a href='https:\/\/www.visit-ulcinj.com\/blog\/wp-content\/uploads\/2009\/08\/Busti-i-Gjergj-Kastriot-Skenderbeu.1.jpg'><img width=\"150\" height=\"150\" src=\"https:\/\/www.visit-ulcinj.com\/blog\/wp-content\/uploads\/2009\/08\/Busti-i-Gjergj-Kastriot-Skenderbeu.1-150x150.jpg\" class=\"attachment-thumbnail size-thumbnail\" alt=\"\" loading=\"lazy\" \/><\/a>\n\t\t\t<\/dt><\/dl><br style=\"clear: both\" \/><dl class='gallery-item'>\n\t\t\t<dt class='gallery-icon landscape'>\n\t\t\t\t<a href='https:\/\/www.visit-ulcinj.com\/blog\/wp-content\/uploads\/2009\/08\/Busti-i-Gjergj-Kastriot-Skenderbeu.jpg'><img width=\"150\" height=\"150\" src=\"https:\/\/www.visit-ulcinj.com\/blog\/wp-content\/uploads\/2009\/08\/Busti-i-Gjergj-Kastriot-Skenderbeu-150x150.jpg\" class=\"attachment-thumbnail size-thumbnail\" alt=\"\" loading=\"lazy\" \/><\/a>\n\t\t\t<\/dt><\/dl><dl class='gallery-item'>\n\t\t\t<dt class='gallery-icon portrait'>\n\t\t\t\t<a href='https:\/\/www.visit-ulcinj.com\/blog\/wp-content\/uploads\/2009\/08\/Ciljeta-Xhilaga-ne-festen-e-Krajes-2009.jpg'><img width=\"150\" height=\"150\" src=\"https:\/\/www.visit-ulcinj.com\/blog\/wp-content\/uploads\/2009\/08\/Ciljeta-Xhilaga-ne-festen-e-Krajes-2009-150x150.jpg\" class=\"attachment-thumbnail size-thumbnail\" alt=\"\" loading=\"lazy\" \/><\/a>\n\t\t\t<\/dt><\/dl><dl class='gallery-item'>\n\t\t\t<dt class='gallery-icon portrait'>\n\t\t\t\t<a href='https:\/\/www.visit-ulcinj.com\/blog\/wp-content\/uploads\/2009\/08\/Ciljeta-Xhilaga-ne-festen-e-Krajes-2009.1.jpg'><img width=\"150\" height=\"150\" src=\"https:\/\/www.visit-ulcinj.com\/blog\/wp-content\/uploads\/2009\/08\/Ciljeta-Xhilaga-ne-festen-e-Krajes-2009.1-150x150.jpg\" class=\"attachment-thumbnail size-thumbnail\" alt=\"\" loading=\"lazy\" \/><\/a>\n\t\t\t<\/dt><\/dl><br style=\"clear: both\" \/><dl class='gallery-item'>\n\t\t\t<dt class='gallery-icon portrait'>\n\t\t\t\t<a href='https:\/\/www.visit-ulcinj.com\/blog\/wp-content\/uploads\/2009\/08\/Ciljeta-Xhilaga-ne-festen-e-Krajes-2009.2.jpg'><img width=\"150\" height=\"150\" src=\"https:\/\/www.visit-ulcinj.com\/blog\/wp-content\/uploads\/2009\/08\/Ciljeta-Xhilaga-ne-festen-e-Krajes-2009.2-150x150.jpg\" class=\"attachment-thumbnail size-thumbnail\" alt=\"\" loading=\"lazy\" \/><\/a>\n\t\t\t<\/dt><\/dl><dl class='gallery-item'>\n\t\t\t<dt class='gallery-icon portrait'>\n\t\t\t\t<a href='https:\/\/www.visit-ulcinj.com\/blog\/wp-content\/uploads\/2009\/08\/Ciljeta-Xhilaga-ne-festen-e-Krajes-2009.3.jpg'><img width=\"150\" height=\"150\" src=\"https:\/\/www.visit-ulcinj.com\/blog\/wp-content\/uploads\/2009\/08\/Ciljeta-Xhilaga-ne-festen-e-Krajes-2009.3-150x150.jpg\" class=\"attachment-thumbnail size-thumbnail\" alt=\"\" loading=\"lazy\" \/><\/a>\n\t\t\t<\/dt><\/dl><dl class='gallery-item'>\n\t\t\t<dt class='gallery-icon portrait'>\n\t\t\t\t<a href='https:\/\/www.visit-ulcinj.com\/blog\/wp-content\/uploads\/2009\/08\/Ciljeta-Xhilaga-ne-festen-e-Krajes-2009.4.jpg'><img width=\"150\" height=\"150\" src=\"https:\/\/www.visit-ulcinj.com\/blog\/wp-content\/uploads\/2009\/08\/Ciljeta-Xhilaga-ne-festen-e-Krajes-2009.4-150x150.jpg\" class=\"attachment-thumbnail size-thumbnail\" alt=\"\" loading=\"lazy\" \/><\/a>\n\t\t\t<\/dt><\/dl><br style=\"clear: both\" \/><dl class='gallery-item'>\n\t\t\t<dt class='gallery-icon portrait'>\n\t\t\t\t<a href='https:\/\/www.visit-ulcinj.com\/blog\/wp-content\/uploads\/2009\/08\/Ciljeta-Xhilaga-ne-festen-e-Krajes-2009.5.jpg'><img width=\"150\" height=\"150\" src=\"https:\/\/www.visit-ulcinj.com\/blog\/wp-content\/uploads\/2009\/08\/Ciljeta-Xhilaga-ne-festen-e-Krajes-2009.5-150x150.jpg\" class=\"attachment-thumbnail size-thumbnail\" alt=\"\" loading=\"lazy\" \/><\/a>\n\t\t\t<\/dt><\/dl><dl class='gallery-item'>\n\t\t\t<dt class='gallery-icon portrait'>\n\t\t\t\t<a href='https:\/\/www.visit-ulcinj.com\/blog\/wp-content\/uploads\/2009\/08\/Ciljeta-Xhilaga-ne-festen-e-Krajes-2009.6.jpg'><img width=\"150\" height=\"150\" src=\"https:\/\/www.visit-ulcinj.com\/blog\/wp-content\/uploads\/2009\/08\/Ciljeta-Xhilaga-ne-festen-e-Krajes-2009.6-150x150.jpg\" class=\"attachment-thumbnail size-thumbnail\" alt=\"\" loading=\"lazy\" \/><\/a>\n\t\t\t<\/dt><\/dl><dl class='gallery-item'>\n\t\t\t<dt class='gallery-icon portrait'>\n\t\t\t\t<a href='https:\/\/www.visit-ulcinj.com\/blog\/wp-content\/uploads\/2009\/08\/Ciljeta-Xhilaga-ne-festen-e-Krajes-2009.7.jpg'><img width=\"150\" height=\"150\" src=\"https:\/\/www.visit-ulcinj.com\/blog\/wp-content\/uploads\/2009\/08\/Ciljeta-Xhilaga-ne-festen-e-Krajes-2009.7-150x150.jpg\" class=\"attachment-thumbnail size-thumbnail\" alt=\"\" loading=\"lazy\" \/><\/a>\n\t\t\t<\/dt><\/dl><br style=\"clear: both\" \/><dl class='gallery-item'>\n\t\t\t<dt class='gallery-icon portrait'>\n\t\t\t\t<a href='https:\/\/www.visit-ulcinj.com\/blog\/wp-content\/uploads\/2009\/08\/Ciljeta-Xhilaga-ne-festen-e-Krajes-2009.9.jpg'><img width=\"150\" height=\"150\" src=\"https:\/\/www.visit-ulcinj.com\/blog\/wp-content\/uploads\/2009\/08\/Ciljeta-Xhilaga-ne-festen-e-Krajes-2009.9-150x150.jpg\" class=\"attachment-thumbnail size-thumbnail\" alt=\"\" loading=\"lazy\" \/><\/a>\n\t\t\t<\/dt><\/dl><dl class='gallery-item'>\n\t\t\t<dt class='gallery-icon portrait'>\n\t\t\t\t<a href='https:\/\/www.visit-ulcinj.com\/blog\/wp-content\/uploads\/2009\/08\/Ciljeta-Xhilaga-ne-festen-e-Krajes-2009.10.jpg'><img width=\"150\" height=\"150\" src=\"https:\/\/www.visit-ulcinj.com\/blog\/wp-content\/uploads\/2009\/08\/Ciljeta-Xhilaga-ne-festen-e-Krajes-2009.10-150x150.jpg\" class=\"attachment-thumbnail size-thumbnail\" alt=\"\" loading=\"lazy\" \/><\/a>\n\t\t\t<\/dt><\/dl><dl class='gallery-item'>\n\t\t\t<dt class='gallery-icon landscape'>\n\t\t\t\t<a href='https:\/\/www.visit-ulcinj.com\/blog\/wp-content\/uploads\/2009\/08\/Ciljeta-Xhilaga-ne-festen-e-Krajes-2009.11.jpg'><img width=\"150\" height=\"150\" src=\"https:\/\/www.visit-ulcinj.com\/blog\/wp-content\/uploads\/2009\/08\/Ciljeta-Xhilaga-ne-festen-e-Krajes-2009.11-150x150.jpg\" class=\"attachment-thumbnail size-thumbnail\" alt=\"\" loading=\"lazy\" \/><\/a>\n\t\t\t<\/dt><\/dl><br style=\"clear: both\" \/><dl class='gallery-item'>\n\t\t\t<dt class='gallery-icon portrait'>\n\t\t\t\t<a href='https:\/\/www.visit-ulcinj.com\/blog\/wp-content\/uploads\/2009\/08\/Ciljeta-Xhilaga-ne-festen-e-Krajes-2009.13.jpg'><img width=\"150\" height=\"150\" src=\"https:\/\/www.visit-ulcinj.com\/blog\/wp-content\/uploads\/2009\/08\/Ciljeta-Xhilaga-ne-festen-e-Krajes-2009.13-150x150.jpg\" class=\"attachment-thumbnail size-thumbnail\" alt=\"\" loading=\"lazy\" \/><\/a>\n\t\t\t<\/dt><\/dl><dl class='gallery-item'>\n\t\t\t<dt class='gallery-icon portrait'>\n\t\t\t\t<a href='https:\/\/www.visit-ulcinj.com\/blog\/wp-content\/uploads\/2009\/08\/Ciljeta-Xhilaga-ne-festen-e-Krajes-2009.15.jpg'><img width=\"150\" height=\"150\" src=\"https:\/\/www.visit-ulcinj.com\/blog\/wp-content\/uploads\/2009\/08\/Ciljeta-Xhilaga-ne-festen-e-Krajes-2009.15-150x150.jpg\" class=\"attachment-thumbnail size-thumbnail\" alt=\"\" loading=\"lazy\" \/><\/a>\n\t\t\t<\/dt><\/dl><dl class='gallery-item'>\n\t\t\t<dt class='gallery-icon portrait'>\n\t\t\t\t<a href='https:\/\/www.visit-ulcinj.com\/blog\/wp-content\/uploads\/2009\/08\/Ciljeta-Xhilaga-ne-festen-e-Krajes-2009.16.jpg'><img width=\"150\" height=\"150\" src=\"https:\/\/www.visit-ulcinj.com\/blog\/wp-content\/uploads\/2009\/08\/Ciljeta-Xhilaga-ne-festen-e-Krajes-2009.16-150x150.jpg\" class=\"attachment-thumbnail size-thumbnail\" alt=\"\" loading=\"lazy\" \/><\/a>\n\t\t\t<\/dt><\/dl><br style=\"clear: both\" \/><dl class='gallery-item'>\n\t\t\t<dt class='gallery-icon portrait'>\n\t\t\t\t<a href='https:\/\/www.visit-ulcinj.com\/blog\/wp-content\/uploads\/2009\/08\/Ciljeta-Xhilaga-ne-festen-e-Krajes-2009.17.jpg'><img width=\"150\" height=\"150\" src=\"https:\/\/www.visit-ulcinj.com\/blog\/wp-content\/uploads\/2009\/08\/Ciljeta-Xhilaga-ne-festen-e-Krajes-2009.17-150x150.jpg\" class=\"attachment-thumbnail size-thumbnail\" alt=\"\" loading=\"lazy\" \/><\/a>\n\t\t\t<\/dt><\/dl><dl class='gallery-item'>\n\t\t\t<dt class='gallery-icon portrait'>\n\t\t\t\t<a href='https:\/\/www.visit-ulcinj.com\/blog\/wp-content\/uploads\/2009\/08\/Ciljeta-Xhilaga-ne-festen-e-Krajes-2009.18.jpg'><img width=\"150\" height=\"150\" src=\"https:\/\/www.visit-ulcinj.com\/blog\/wp-content\/uploads\/2009\/08\/Ciljeta-Xhilaga-ne-festen-e-Krajes-2009.18-150x150.jpg\" class=\"attachment-thumbnail size-thumbnail\" alt=\"\" loading=\"lazy\" \/><\/a>\n\t\t\t<\/dt><\/dl><dl class='gallery-item'>\n\t\t\t<dt class='gallery-icon portrait'>\n\t\t\t\t<a href='https:\/\/www.visit-ulcinj.com\/blog\/wp-content\/uploads\/2009\/08\/Ciljeta-Xhilaga-ne-festen-e-Krajes-2009.19.jpg'><img width=\"150\" height=\"150\" src=\"https:\/\/www.visit-ulcinj.com\/blog\/wp-content\/uploads\/2009\/08\/Ciljeta-Xhilaga-ne-festen-e-Krajes-2009.19-150x150.jpg\" class=\"attachment-thumbnail size-thumbnail\" alt=\"\" loading=\"lazy\" \/><\/a>\n\t\t\t<\/dt><\/dl><br style=\"clear: both\" \/><dl class='gallery-item'>\n\t\t\t<dt class='gallery-icon portrait'>\n\t\t\t\t<a href='https:\/\/www.visit-ulcinj.com\/blog\/wp-content\/uploads\/2009\/08\/Ciljeta-Xhilaga-ne-festen-e-Krajes-2009.20.jpg'><img width=\"150\" height=\"150\" src=\"https:\/\/www.visit-ulcinj.com\/blog\/wp-content\/uploads\/2009\/08\/Ciljeta-Xhilaga-ne-festen-e-Krajes-2009.20-150x150.jpg\" class=\"attachment-thumbnail size-thumbnail\" alt=\"\" loading=\"lazy\" \/><\/a>\n\t\t\t<\/dt><\/dl><dl class='gallery-item'>\n\t\t\t<dt class='gallery-icon portrait'>\n\t\t\t\t<a href='https:\/\/www.visit-ulcinj.com\/blog\/wp-content\/uploads\/2009\/08\/Ciljeta-Xhilaga-ne-festen-e-Krajes-2009.21.jpg'><img width=\"150\" height=\"150\" src=\"https:\/\/www.visit-ulcinj.com\/blog\/wp-content\/uploads\/2009\/08\/Ciljeta-Xhilaga-ne-festen-e-Krajes-2009.21-150x150.jpg\" class=\"attachment-thumbnail size-thumbnail\" alt=\"\" loading=\"lazy\" \/><\/a>\n\t\t\t<\/dt><\/dl><dl class='gallery-item'>\n\t\t\t<dt class='gallery-icon portrait'>\n\t\t\t\t<a href='https:\/\/www.visit-ulcinj.com\/blog\/wp-content\/uploads\/2009\/08\/Ciljeta-Xhilaga-ne-festen-e-Krajes-2009.12.jpg'><img width=\"150\" height=\"150\" src=\"https:\/\/www.visit-ulcinj.com\/blog\/wp-content\/uploads\/2009\/08\/Ciljeta-Xhilaga-ne-festen-e-Krajes-2009.12-150x150.jpg\" class=\"attachment-thumbnail size-thumbnail\" alt=\"\" loading=\"lazy\" \/><\/a>\n\t\t\t<\/dt><\/dl><br style=\"clear: both\" \/>\n\t\t<\/div>\n<\/p>\n<p><\/strong><\/p>\n<p><strong> <\/strong><\/p>\n<p><strong> <\/strong><\/p>\n<p><strong><!--YouTube Error: bad URL entered--><br \/>\n<\/strong><\/p>\n","protected":false},"excerpt":{"rendered":"<p>Manifestim i tradicionales me bashk\u00ebkohoren Edhe k\u00ebsaj vere si edhe tash shtat\u00ebmb\u00ebdhjet\u00eb vjet me radh\u00eb n\u00eb Kraj\u00eb u mbajt manifestimi \u201cN\u00eb fillim t\u00eb ver\u00ebs\u201d 2009 \u2013 Dit\u00ebt e kultur\u00ebs dhe sportit n\u00eb Kraj\u00eb. Manifestimi i sivjetsh\u00ebm nisi t\u00eb m\u00ebrkur\u00ebn m\u00eb 15 korrik me nj\u00eb mbr\u00ebmje artistike kur u b\u00eb edhe hapja solemne e manifestimit. Pati [&hellip;]<\/p>\n","protected":false},"author":1,"featured_media":0,"comment_status":"open","ping_status":"closed","sticky":false,"template":"","format":"standard","meta":{"spay_email":"","jetpack_publicize_message":"","jetpack_is_tweetstorm":false,"jetpack_publicize_feature_enabled":true},"categories":[4],"tags":[12153,12152,2812,12154,5456,12150,6320,687,347,12149,12155,12151,12156,12157],"jetpack_publicize_connections":[],"yoast_head":"<!-- This site is optimized with the Yoast SEO plugin v19.1 - https:\/\/yoast.com\/wordpress\/plugins\/seo\/ -->\n<title>Organizohet menifestimi \u201cVera 2009\u201d n\u00eb Kraj\u00eb - Lajme nga Ulqini<\/title>\n<meta name=\"description\" content=\"Manifestim i tradicionales me bashk\u00ebkohoren Edhe k\u00ebsaj vere si edhe tash shtat\u00ebmb\u00ebdhjet\u00eb vjet me radh\u00eb n\u00eb Kraj\u00eb u mbajt manifestimi \u201cN\u00eb fillim t\u00eb ver\u00ebs\u201d\" \/>\n<meta name=\"robots\" content=\"index, follow, max-snippet:-1, max-image-preview:large, max-video-preview:-1\" \/>\n<link rel=\"canonical\" href=\"https:\/\/www.visit-ulcinj.com\/blog\/2009\/08\/07\/organizohet-menifestimi-\u201cvera-2009\u201d-ne-kraje\/\" \/>\n<meta property=\"og:locale\" content=\"en_US\" \/>\n<meta property=\"og:type\" content=\"article\" \/>\n<meta property=\"og:title\" content=\"Organizohet menifestimi \u201cVera 2009\u201d n\u00eb Kraj\u00eb - Lajme nga Ulqini\" \/>\n<meta property=\"og:description\" content=\"Manifestim i tradicionales me bashk\u00ebkohoren Edhe k\u00ebsaj vere si edhe tash shtat\u00ebmb\u00ebdhjet\u00eb vjet me radh\u00eb n\u00eb Kraj\u00eb u mbajt manifestimi \u201cN\u00eb fillim t\u00eb ver\u00ebs\u201d\" \/>\n<meta property=\"og:url\" content=\"https:\/\/www.visit-ulcinj.com\/blog\/2009\/08\/07\/organizohet-menifestimi-\u201cvera-2009\u201d-ne-kraje\/\" \/>\n<meta property=\"og:site_name\" content=\"Lajme nga Ulqini\" \/>\n<meta property=\"article:published_time\" content=\"2009-08-07T13:38:43+00:00\" \/>\n<meta property=\"article:modified_time\" content=\"2009-08-07T18:02:28+00:00\" \/>\n<meta property=\"og:image\" content=\"https:\/\/www.visit-ulcinj.com\/blog\/wp-content\/uploads\/2009\/08\/Festa-e-Kraj\u00c3\u00abs-2009.jpg\" \/>\n<meta name=\"twitter:label1\" content=\"Written by\" \/>\n\t<meta name=\"twitter:data1\" content=\"ulqini\" \/>\n\t<meta name=\"twitter:label2\" content=\"Est. reading time\" \/>\n\t<meta name=\"twitter:data2\" content=\"10 minutes\" \/>\n<script type=\"application\/ld+json\" class=\"yoast-schema-graph\">{\"@context\":\"https:\/\/schema.org\",\"@graph\":[{\"@type\":\"WebSite\",\"@id\":\"https:\/\/www.visit-ulcinj.com\/blog\/#website\",\"url\":\"https:\/\/www.visit-ulcinj.com\/blog\/\",\"name\":\"Lajme nga Ulqini\",\"description\":\"Lajme,Vijesti,Ulqini,Ulqin,Crna Gora,Mali i Zi\",\"potentialAction\":[{\"@type\":\"SearchAction\",\"target\":{\"@type\":\"EntryPoint\",\"urlTemplate\":\"https:\/\/www.visit-ulcinj.com\/blog\/?s={search_term_string}\"},\"query-input\":\"required name=search_term_string\"}],\"inLanguage\":\"en-US\"},{\"@type\":\"WebPage\",\"@id\":\"https:\/\/www.visit-ulcinj.com\/blog\/2009\/08\/07\/organizohet-menifestimi-%e2%80%9cvera-2009%e2%80%9d-ne-kraje\/#webpage\",\"url\":\"https:\/\/www.visit-ulcinj.com\/blog\/2009\/08\/07\/organizohet-menifestimi-%e2%80%9cvera-2009%e2%80%9d-ne-kraje\/\",\"name\":\"Organizohet menifestimi \u201cVera 2009\u201d n\u00eb Kraj\u00eb - Lajme nga Ulqini\",\"isPartOf\":{\"@id\":\"https:\/\/www.visit-ulcinj.com\/blog\/#website\"},\"datePublished\":\"2009-08-07T13:38:43+00:00\",\"dateModified\":\"2009-08-07T18:02:28+00:00\",\"author\":{\"@id\":\"https:\/\/www.visit-ulcinj.com\/blog\/#\/schema\/person\/dcab619c614d3038751c63bc2aadc06d\"},\"description\":\"Manifestim i tradicionales me bashk\u00ebkohoren Edhe k\u00ebsaj vere si edhe tash shtat\u00ebmb\u00ebdhjet\u00eb vjet me radh\u00eb n\u00eb Kraj\u00eb u mbajt manifestimi \u201cN\u00eb fillim t\u00eb ver\u00ebs\u201d\",\"breadcrumb\":{\"@id\":\"https:\/\/www.visit-ulcinj.com\/blog\/2009\/08\/07\/organizohet-menifestimi-%e2%80%9cvera-2009%e2%80%9d-ne-kraje\/#breadcrumb\"},\"inLanguage\":\"en-US\",\"potentialAction\":[{\"@type\":\"ReadAction\",\"target\":[\"https:\/\/www.visit-ulcinj.com\/blog\/2009\/08\/07\/organizohet-menifestimi-%e2%80%9cvera-2009%e2%80%9d-ne-kraje\/\"]}]},{\"@type\":\"BreadcrumbList\",\"@id\":\"https:\/\/www.visit-ulcinj.com\/blog\/2009\/08\/07\/organizohet-menifestimi-%e2%80%9cvera-2009%e2%80%9d-ne-kraje\/#breadcrumb\",\"itemListElement\":[{\"@type\":\"ListItem\",\"position\":1,\"name\":\"Organizohet menifestimi \u201cVera 2009\u201d n\u00eb Kraj\u00eb\"}]},{\"@type\":\"Person\",\"@id\":\"https:\/\/www.visit-ulcinj.com\/blog\/#\/schema\/person\/dcab619c614d3038751c63bc2aadc06d\",\"name\":\"ulqini\",\"sameAs\":[\"http:\/\/www.visit-ulcinj.com\"],\"url\":\"https:\/\/www.visit-ulcinj.com\/blog\/author\/admin\/\"}]}<\/script>\n<!-- \/ Yoast SEO plugin. -->","yoast_head_json":{"title":"Organizohet menifestimi \u201cVera 2009\u201d n\u00eb Kraj\u00eb - Lajme nga Ulqini","description":"Manifestim i tradicionales me bashk\u00ebkohoren Edhe k\u00ebsaj vere si edhe tash shtat\u00ebmb\u00ebdhjet\u00eb vjet me radh\u00eb n\u00eb Kraj\u00eb u mbajt manifestimi \u201cN\u00eb fillim t\u00eb ver\u00ebs\u201d","robots":{"index":"index","follow":"follow","max-snippet":"max-snippet:-1","max-image-preview":"max-image-preview:large","max-video-preview":"max-video-preview:-1"},"canonical":"https:\/\/www.visit-ulcinj.com\/blog\/2009\/08\/07\/organizohet-menifestimi-\u201cvera-2009\u201d-ne-kraje\/","og_locale":"en_US","og_type":"article","og_title":"Organizohet menifestimi \u201cVera 2009\u201d n\u00eb Kraj\u00eb - Lajme nga Ulqini","og_description":"Manifestim i tradicionales me bashk\u00ebkohoren Edhe k\u00ebsaj vere si edhe tash shtat\u00ebmb\u00ebdhjet\u00eb vjet me radh\u00eb n\u00eb Kraj\u00eb u mbajt manifestimi \u201cN\u00eb fillim t\u00eb ver\u00ebs\u201d","og_url":"https:\/\/www.visit-ulcinj.com\/blog\/2009\/08\/07\/organizohet-menifestimi-\u201cvera-2009\u201d-ne-kraje\/","og_site_name":"Lajme nga Ulqini","article_published_time":"2009-08-07T13:38:43+00:00","article_modified_time":"2009-08-07T18:02:28+00:00","og_image":[{"url":"https:\/\/www.visit-ulcinj.com\/blog\/wp-content\/uploads\/2009\/08\/Festa-e-Kraj\u00c3\u00abs-2009.jpg"}],"twitter_misc":{"Written by":"ulqini","Est. reading time":"10 minutes"},"schema":{"@context":"https:\/\/schema.org","@graph":[{"@type":"WebSite","@id":"https:\/\/www.visit-ulcinj.com\/blog\/#website","url":"https:\/\/www.visit-ulcinj.com\/blog\/","name":"Lajme nga Ulqini","description":"Lajme,Vijesti,Ulqini,Ulqin,Crna Gora,Mali i Zi","potentialAction":[{"@type":"SearchAction","target":{"@type":"EntryPoint","urlTemplate":"https:\/\/www.visit-ulcinj.com\/blog\/?s={search_term_string}"},"query-input":"required name=search_term_string"}],"inLanguage":"en-US"},{"@type":"WebPage","@id":"https:\/\/www.visit-ulcinj.com\/blog\/2009\/08\/07\/organizohet-menifestimi-%e2%80%9cvera-2009%e2%80%9d-ne-kraje\/#webpage","url":"https:\/\/www.visit-ulcinj.com\/blog\/2009\/08\/07\/organizohet-menifestimi-%e2%80%9cvera-2009%e2%80%9d-ne-kraje\/","name":"Organizohet menifestimi \u201cVera 2009\u201d n\u00eb Kraj\u00eb - Lajme nga Ulqini","isPartOf":{"@id":"https:\/\/www.visit-ulcinj.com\/blog\/#website"},"datePublished":"2009-08-07T13:38:43+00:00","dateModified":"2009-08-07T18:02:28+00:00","author":{"@id":"https:\/\/www.visit-ulcinj.com\/blog\/#\/schema\/person\/dcab619c614d3038751c63bc2aadc06d"},"description":"Manifestim i tradicionales me bashk\u00ebkohoren Edhe k\u00ebsaj vere si edhe tash shtat\u00ebmb\u00ebdhjet\u00eb vjet me radh\u00eb n\u00eb Kraj\u00eb u mbajt manifestimi \u201cN\u00eb fillim t\u00eb ver\u00ebs\u201d","breadcrumb":{"@id":"https:\/\/www.visit-ulcinj.com\/blog\/2009\/08\/07\/organizohet-menifestimi-%e2%80%9cvera-2009%e2%80%9d-ne-kraje\/#breadcrumb"},"inLanguage":"en-US","potentialAction":[{"@type":"ReadAction","target":["https:\/\/www.visit-ulcinj.com\/blog\/2009\/08\/07\/organizohet-menifestimi-%e2%80%9cvera-2009%e2%80%9d-ne-kraje\/"]}]},{"@type":"BreadcrumbList","@id":"https:\/\/www.visit-ulcinj.com\/blog\/2009\/08\/07\/organizohet-menifestimi-%e2%80%9cvera-2009%e2%80%9d-ne-kraje\/#breadcrumb","itemListElement":[{"@type":"ListItem","position":1,"name":"Organizohet menifestimi \u201cVera 2009\u201d n\u00eb Kraj\u00eb"}]},{"@type":"Person","@id":"https:\/\/www.visit-ulcinj.com\/blog\/#\/schema\/person\/dcab619c614d3038751c63bc2aadc06d","name":"ulqini","sameAs":["http:\/\/www.visit-ulcinj.com"],"url":"https:\/\/www.visit-ulcinj.com\/blog\/author\/admin\/"}]}},"jetpack_featured_media_url":"","jetpack_sharing_enabled":true,"jetpack_shortlink":"https:\/\/wp.me\/pe6lTn-6jk","_links":{"self":[{"href":"https:\/\/www.visit-ulcinj.com\/blog\/wp-json\/wp\/v2\/posts\/24262"}],"collection":[{"href":"https:\/\/www.visit-ulcinj.com\/blog\/wp-json\/wp\/v2\/posts"}],"about":[{"href":"https:\/\/www.visit-ulcinj.com\/blog\/wp-json\/wp\/v2\/types\/post"}],"author":[{"embeddable":true,"href":"https:\/\/www.visit-ulcinj.com\/blog\/wp-json\/wp\/v2\/users\/1"}],"replies":[{"embeddable":true,"href":"https:\/\/www.visit-ulcinj.com\/blog\/wp-json\/wp\/v2\/comments?post=24262"}],"version-history":[{"count":0,"href":"https:\/\/www.visit-ulcinj.com\/blog\/wp-json\/wp\/v2\/posts\/24262\/revisions"}],"wp:attachment":[{"href":"https:\/\/www.visit-ulcinj.com\/blog\/wp-json\/wp\/v2\/media?parent=24262"}],"wp:term":[{"taxonomy":"category","embeddable":true,"href":"https:\/\/www.visit-ulcinj.com\/blog\/wp-json\/wp\/v2\/categories?post=24262"},{"taxonomy":"post_tag","embeddable":true,"href":"https:\/\/www.visit-ulcinj.com\/blog\/wp-json\/wp\/v2\/tags?post=24262"}],"curies":[{"name":"wp","href":"https:\/\/api.w.org\/{rel}","templated":true}]}}