{"id":2427,"date":"2008-08-13T13:14:11","date_gmt":"2008-08-13T18:14:11","guid":{"rendered":"http:\/\/www.visit-ulcinj.com\/blog\/?p=2427"},"modified":"2008-08-13T13:14:11","modified_gmt":"2008-08-13T18:14:11","slug":"crna-gora-u-avgustu-priznaje-kosovo","status":"publish","type":"post","link":"https:\/\/www.visit-ulcinj.com\/blog\/2008\/08\/13\/crna-gora-u-avgustu-priznaje-kosovo\/","title":{"rendered":"Crna Gora u avgustu priznaje Kosovo?"},"content":{"rendered":"<p><a href=\"http:\/\/www.albanur.net\/foto\/INDEPENDENT_KOSOVO.jpg\"><img loading=\"lazy\" class=\"alignleft\" title=\"independet kosa\" src=\"http:\/\/www.albanur.net\/foto\/INDEPENDENT_KOSOVO.jpg\" alt=\"\" width=\"266\" height=\"267\" \/><\/a>Zapad je odlu?an u namjeri da stvori funkcionalnu dr\u017eavu Kosovo. Pravno posmatrano, stvari su gotovo zavr\u0161ene: nakon bri\u017eljivo odabranog tajminga progla\u0161enja nezavisnosti, usvajanja simbola i dono\u0161enja ustava, od naredne sedmice Kosovari ?e dobijati paso\u0161e dr\u017eave Kosovo.<\/p>\n<p><strong>TE\u017dI POSAO:<\/strong> Brisel \u017eeli da osigura razvoj kosovske ekonomije i podigne standard najsiroma\u0161nije zemlje u Evropi. Za to se ne \u0161tedi: Evropska komisija je na nedavno odr\u017eanoj donatorskoj konferenciji opredjelila za razvoj Kosova u naredne tri godine ?itavih pola milijarde eura! Jo\u0161 700 miliona eura obe?ale su najrazvijenije dr\u017eave svijeta. Naredne godine Kosovo ?e postati ?lan Svjetske banke, MMF-a i Svjetske trgovinske organizacije. O?ekuje se da ?e u avgustu i septembru krenuti \u201edrugi talas\u201c priznanja ove dr\u017eave. Signal ?e biti upu?en iz Va\u0161ingtona: kosovski predsjednik Fatmir Sejdiu i premijer Ha\u0161im Ta?i pozvani su da 21. jula posjete Bijelu ku?u. Amerikanci su jedinstveni u podr\u0161ci nezavisnosti Kosova: Barak Obama je poru?io Beogradu da \u201enjeguje dobre odnose sa susjednom dr\u017eavom Kosovo\u201c, a njegov suparnik na predstoje?im predsjedni?kim izborima u SAD D\u017eon Mekejn stari je prijatelj kosovskih Albanaca. ?lanovi Misije EULEKS-a po?eli su da pristi\u017eu na Kosovo. Ekipa od dvije hiljade eksperata raznih profila bi?e kompletirana u avgustu. Svi ovi potezi pokazuju da Brisel i Va\u0161ington stavljaju ta?ku na pretenzije Beograda da ikada vi\u0161e upravlja Kosovom pa i na mogu?nost da uzme makar njegov sjevernidio.<\/p>\n<p><strong>ZAVJET I INTERESI:<\/strong> Beograd je zate?en dinamikom stvaranja funkcionalne dr\u017eave Kosovo. Poziva se na suverenost, od svih tra\u017ei uzdr\u017eanost, donosi neobavezuju?e rezoluciije u tamo\u0161njoj Skup\u0161tini, povla?i ambasadore iz najzna?ajnijih zemalja svijeta, negoduje zbog kr\u0161enja rezolucija UN i dolaska \u201eokupacionih trupa\u201c EULEKS-a. Konstatuju?i da se radi o \u201epolitici forme\u201c, istori?ar i politi?ki analiti?ar iz Beograda ?edomir Anti? pi\u0161e u podgori?kom Danu da i \u201enova srpska Vlada nastavlja \u0161aradu koju niko ozbiljan vi\u0161e ne smatra dr\u017eavnom politikom prema Kosovu i Metohiji\u201c. ?ini se, da su i Srbi umorni od te pri?e. No, niko, barem javno, od zna?ajnih politi?kih lidera, ne \u017eeli da mu se pripi\u0161e \u201e\u017eig izdajnika Kosova\u201c i novog \u201eBrankovi?a\u201c. ?elnik Liberalno-demokratske partije ?eda Jovanovi? bi to prihvatio, ali on ima malu politi?ku snagu, a narod i mediji tra\u017ee ne\u0161to ve?e. Kako \u201ekapitalca\u201c nema ni na vidiku, kosovsko pitanje se nastoji dr\u017eati otvorenim tek u predizbornim kampanjama. U me?uvremenu se Srbija polako vra?a sebi, svojim interesima, obnovi zapu\u0161tenog dru\u0161tva i ruinirane privrede. Na obzorju se, dakle, pomalja nova, zrelija politika Beograda. U tome se ima puna podr\u0161ke Brisela, sada najzna?ajnijeg faktora u regionu. Francuski predsjednik Nikola Sarkozi rekao je da je \u201eSrbija prioritet predsjedavanja Francuske EU\u201c. Evropski komesar za pro\u0161irenje Oli Ren je poru?io: \u201eEU ne ide u Srbiji za katarzom, ve? za evolucijom\u201c.<\/p>\n<p><strong>EVOLUCIJA JE PO?ELA:<\/strong> Fijasko Ko\u0161tuni?ine stranke i radikala na posljednjim izborima pokazao je da srca bira?a u Srbiji, mo\u017eda, i dalje kucaju za Kosovo, ali da su razumom vi\u0161e okrenuti ekonomiji i Evropi. Evoluciju su pomogli i srpski tajkuni: oni odli?no znaju da je tr\u017ei\u0161te Rusije va\u017eno, ali da je tr\u017ei\u0161te EU i zemalja regiona va\u017enije. ?ak i sada gotovo tre?inu spoljnotrgovinske saradnje Kosovo ostvaruje sa Srbijom. Predsjednik Boris Tadi?, njegova Demokratska stranka i oko nje okupljene manje partije uspjele su u namjeri da problem Kosova podignu na ve?i nivo. \u201eI Kosovo i Evropa\u201c, slogan je sa kojim se nastupalo na izborima.<br \/>\nRETORIKA VOJINA, PRAKSA ?EDINA: Kako vi\u0161e nema prostora, resursa i vremena da se slijedi Milo\u0161evi?eva politika \u201espr\u017eene zemlje\u201c i Ko\u0161tuni?ina politika \u201edr\u017eanja sukoba niskog intenziteta u regionu Mitrovice\u201c, zvani?nici u Beogradu poja?anom retorikom poku\u0161avaju \u201ekupovati vrijeme\u201c i stabilizovati vlast. \u201eNama niko ni\u0161ta ne mo\u017ee prigovoriti za Kosovo, jer smo ga i oru\u017ejem branili\u201c, ka\u017ee zamjenik premijera i ministar unutra\u0161njih poslova Ivica Da?i?, dok novi predsjednik Vlade Mirko Cvetkovi? sve?ano izjavljujeda \u201eSrbija nikada ne?e priznati Kosovo\u201c. Ali, prihvatanjem Sporazuma o stabilizaciji i pridru\u017eivanju sa EU, nova srpska vlast ?e se i formalno odre?i suvereniteta nad Kosovom. Posva?ani radikali i grogirani Ko\u0161tuni?in DSS ?e optu\u017eiti vladaju?u ve?inu, posebno socijaliste, da su izdali Kosovo i \u201esvetu srpsku stvar\u201c. No, ?ak i Arkanov saborac Dragan Markovi? Palma hvali SSP, govori o investicijama i Evropi. Uspjeh za EU zna?i dosljedno slije?enje politike koja je prema Kosovu i \u201ezapadnom Balkanu\u201c zacrtana u Briselu. To je razumjela Hrvatska, zemlja koja je od svih dr\u017eava jugoisto?ne Evrope najbli\u017ea EU. Ona je priznala Kosovo, iako Vlada premijera Iva Sanadera ima ve?inu u Saboru sa Srpskom demokratskom strankom Milorada Pupovca. Evropski prioriteti Hrvatske i dr\u017eavne povlastice su za pragmati?nog Pupovca bili va\u017eniji od sentimenata prema Kosovu. Istu stvar EU tra\u017ei od Crne Gore. Iako se razumije istorijski kontekst odnosa sa Srbijom i unutra\u0161nja situacija u Crnoj Gori, Brisel \u017eeli da Podgorica slijedi zajedni?ku evropsku spoljnu politiku. \u201eTo ?e biti dodatni instrument da je Crna Gora ozbiljna na putu evropskih integracija i da sprovodi ono \u0161to je EU ve? odlu?ila o Kosovu\u201c, rekao je visoki funkcioner Vlade Slovenije Rade Genorio.<\/p>\n<p><strong>ROKADA:<\/strong> Kako su u Briselu odlu?ni da sprovedu naum i kako odli?no poznaju sve klju?ne aktere na politi?koj sceni \u201ezapadnog Balkana\u201c, znali su da je za biv\u0161eg crnogorskog premijera \u017deljka \u0160turanovi?a veliko isku\u0161enje da na \u201enejaka ple?a\u201c iznese proces priznanja Kosova u Crnoj Gori. Zato je ponovo na \u201evelika vrata\u201c vra?en Milo ?ukanovi?. U po?etku je bilo problema sa stavom Rusije. \u0160ef ruske diplomatije Sergej Lavrov je u rano prolje?e 2007. godine tra\u017eio da se Crna Gora solidari\u0161e sa Srbijom, ali su Evropljani, uz podr\u0161ku SAD, uspjeli da ohrabre Podgoricu (i Skoplje) i doka\u017eu Srbiji da u regionu nema nijedne zemlje koja podr\u017eava njenu politiku prema Kosovu. U zapadnim prijestonicama smatraju da bi Crna Gora priznanjem Kosova mogla doprinjeti br\u017eoj evoluciji stavova u Srbiji prema novoj kosovskoj realnosti. Najvi\u0161i funkcioner EU na Kosovu Piter Fejt je rekao da se u Briselu nadaju da ?e Crna Gora brzo donijetu odluku da prizna Kosovo. Navedeni evropski i dr\u017eavni kontekst, koji se u ovom trenutku prelama na pitanju Kosova, dovoljno se ne razumije i kod nekih gra?anskih stranaka. ?ukanovi? prepu\u0161tanje \u201eevropskog\u201c terena znala?ki koristi: petostruki crnogorski premijer ponovo je postao persona grata u Briselu, Parizu, pa ?ak i u Rimu!<br \/>\n<strong><br \/>\nODLUKA DONIJETA:<\/strong> Politi?ka odluka o priznanju Kosova u Crnoj Gori je ve? donijeta. Kako sesaznaje u provladinim krugovima u Podgorici, Crna Gora ?e priznati dr\u017eavu Kosovo u prvoj polovini avgusta. Obrazlo\u017eenje ?e biti kratko: javnosti ?e se poru?iti da Crna Gora slijedi svoje dr\u017eavne i evropske interese, te da \u017eeli da ima najbolje odnose sa Srbijom. Ve? su najavljeni protesti prosrpske opozicije koja procjenjuje da je to posljednja prilika za homogenizaciju Srba sa ciljem da se ta pozicija maksimalno iskoristi na predstoje?im izja\u0161njavanjima. Ali, bez pomo?i iz Beograda, gdje vi\u0161e ne stoluje njihov za\u0161titnik Ko\u0161tunica i sa retorikom iz \u201eantibirokratske revolucije\u201c, minorne su \u0161anse da ?e se, na vrelom podgori?kom asfaltu, ta?no 20 godina nakon \u201emitinga solidarnosti sa ugro\u017eenim Srbima na Kosovu\u201c, u Podgorici ponovo \u201edogoditi narod\u201c i \u201evlast okliznuti\u201c. Nespremne da uvide novu realnost na \u201ezapadnom Balkanu\u201c, projektovanu u Briselu, te stranke ?e kliziti u dalju izolaciju.<br \/>\nPriznanjem Kosova, vlast u Podgorici ?e mo?i da objavi da je njen kosovski ciklus zavr\u0161en.<br \/>\n<strong>Autor \/ Mustafa CANKA<br \/>\nIzvor \/ Monitor<\/strong><\/p>\n","protected":false},"excerpt":{"rendered":"<p><img loading=\"lazy\" class=\"alignleft\" title=\"independet kosa\" src=\"http:\/\/www.albanur.net\/foto\/INDEPENDENT_KOSOVO.jpg\" alt=\"\" width=\"140\" height=\"140\" \/><\/p>\n","protected":false},"author":1,"featured_media":0,"comment_status":"open","ping_status":"closed","sticky":false,"template":"","format":"standard","meta":{"spay_email":"","jetpack_publicize_message":"","jetpack_is_tweetstorm":false,"jetpack_publicize_feature_enabled":true},"categories":[5,1,14,12],"tags":[4322],"jetpack_publicize_connections":[],"yoast_head":"<!-- This site is optimized with the Yoast SEO plugin v19.1 - https:\/\/yoast.com\/wordpress\/plugins\/seo\/ -->\n<title>Crna Gora u avgustu priznaje Kosovo? - Lajme nga Ulqini<\/title>\n<meta name=\"robots\" content=\"index, follow, max-snippet:-1, max-image-preview:large, max-video-preview:-1\" \/>\n<link rel=\"canonical\" href=\"https:\/\/www.visit-ulcinj.com\/blog\/2008\/08\/13\/crna-gora-u-avgustu-priznaje-kosovo\/\" \/>\n<meta property=\"og:locale\" content=\"en_US\" \/>\n<meta property=\"og:type\" content=\"article\" \/>\n<meta property=\"og:title\" content=\"Crna Gora u avgustu priznaje Kosovo? - Lajme nga Ulqini\" \/>\n<meta property=\"og:url\" content=\"https:\/\/www.visit-ulcinj.com\/blog\/2008\/08\/13\/crna-gora-u-avgustu-priznaje-kosovo\/\" \/>\n<meta property=\"og:site_name\" content=\"Lajme nga Ulqini\" \/>\n<meta property=\"article:published_time\" content=\"2008-08-13T18:14:11+00:00\" \/>\n<meta property=\"og:image\" content=\"http:\/\/www.albanur.net\/foto\/INDEPENDENT_KOSOVO.jpg\" \/>\n<meta name=\"twitter:label1\" content=\"Written by\" \/>\n\t<meta name=\"twitter:data1\" content=\"ulqini\" \/>\n\t<meta name=\"twitter:label2\" content=\"Est. reading time\" \/>\n\t<meta name=\"twitter:data2\" content=\"7 minutes\" \/>\n<script type=\"application\/ld+json\" class=\"yoast-schema-graph\">{\"@context\":\"https:\/\/schema.org\",\"@graph\":[{\"@type\":\"WebSite\",\"@id\":\"https:\/\/www.visit-ulcinj.com\/blog\/#website\",\"url\":\"https:\/\/www.visit-ulcinj.com\/blog\/\",\"name\":\"Lajme nga Ulqini\",\"description\":\"Lajme,Vijesti,Ulqini,Ulqin,Crna Gora,Mali i Zi\",\"potentialAction\":[{\"@type\":\"SearchAction\",\"target\":{\"@type\":\"EntryPoint\",\"urlTemplate\":\"https:\/\/www.visit-ulcinj.com\/blog\/?s={search_term_string}\"},\"query-input\":\"required name=search_term_string\"}],\"inLanguage\":\"en-US\"},{\"@type\":\"ImageObject\",\"inLanguage\":\"en-US\",\"@id\":\"https:\/\/www.visit-ulcinj.com\/blog\/2008\/08\/13\/crna-gora-u-avgustu-priznaje-kosovo\/#primaryimage\",\"url\":\"http:\/\/www.albanur.net\/foto\/INDEPENDENT_KOSOVO.jpg\",\"contentUrl\":\"http:\/\/www.albanur.net\/foto\/INDEPENDENT_KOSOVO.jpg\"},{\"@type\":\"WebPage\",\"@id\":\"https:\/\/www.visit-ulcinj.com\/blog\/2008\/08\/13\/crna-gora-u-avgustu-priznaje-kosovo\/#webpage\",\"url\":\"https:\/\/www.visit-ulcinj.com\/blog\/2008\/08\/13\/crna-gora-u-avgustu-priznaje-kosovo\/\",\"name\":\"Crna Gora u avgustu priznaje Kosovo? - Lajme nga Ulqini\",\"isPartOf\":{\"@id\":\"https:\/\/www.visit-ulcinj.com\/blog\/#website\"},\"primaryImageOfPage\":{\"@id\":\"https:\/\/www.visit-ulcinj.com\/blog\/2008\/08\/13\/crna-gora-u-avgustu-priznaje-kosovo\/#primaryimage\"},\"datePublished\":\"2008-08-13T18:14:11+00:00\",\"dateModified\":\"2008-08-13T18:14:11+00:00\",\"author\":{\"@id\":\"https:\/\/www.visit-ulcinj.com\/blog\/#\/schema\/person\/dcab619c614d3038751c63bc2aadc06d\"},\"breadcrumb\":{\"@id\":\"https:\/\/www.visit-ulcinj.com\/blog\/2008\/08\/13\/crna-gora-u-avgustu-priznaje-kosovo\/#breadcrumb\"},\"inLanguage\":\"en-US\",\"potentialAction\":[{\"@type\":\"ReadAction\",\"target\":[\"https:\/\/www.visit-ulcinj.com\/blog\/2008\/08\/13\/crna-gora-u-avgustu-priznaje-kosovo\/\"]}]},{\"@type\":\"BreadcrumbList\",\"@id\":\"https:\/\/www.visit-ulcinj.com\/blog\/2008\/08\/13\/crna-gora-u-avgustu-priznaje-kosovo\/#breadcrumb\",\"itemListElement\":[{\"@type\":\"ListItem\",\"position\":1,\"name\":\"Crna Gora u avgustu priznaje Kosovo?\"}]},{\"@type\":\"Person\",\"@id\":\"https:\/\/www.visit-ulcinj.com\/blog\/#\/schema\/person\/dcab619c614d3038751c63bc2aadc06d\",\"name\":\"ulqini\",\"sameAs\":[\"http:\/\/www.visit-ulcinj.com\"],\"url\":\"https:\/\/www.visit-ulcinj.com\/blog\/author\/admin\/\"}]}<\/script>\n<!-- \/ Yoast SEO plugin. -->","yoast_head_json":{"title":"Crna Gora u avgustu priznaje Kosovo? - Lajme nga Ulqini","robots":{"index":"index","follow":"follow","max-snippet":"max-snippet:-1","max-image-preview":"max-image-preview:large","max-video-preview":"max-video-preview:-1"},"canonical":"https:\/\/www.visit-ulcinj.com\/blog\/2008\/08\/13\/crna-gora-u-avgustu-priznaje-kosovo\/","og_locale":"en_US","og_type":"article","og_title":"Crna Gora u avgustu priznaje Kosovo? - Lajme nga Ulqini","og_url":"https:\/\/www.visit-ulcinj.com\/blog\/2008\/08\/13\/crna-gora-u-avgustu-priznaje-kosovo\/","og_site_name":"Lajme nga Ulqini","article_published_time":"2008-08-13T18:14:11+00:00","og_image":[{"url":"http:\/\/www.albanur.net\/foto\/INDEPENDENT_KOSOVO.jpg"}],"twitter_misc":{"Written by":"ulqini","Est. reading time":"7 minutes"},"schema":{"@context":"https:\/\/schema.org","@graph":[{"@type":"WebSite","@id":"https:\/\/www.visit-ulcinj.com\/blog\/#website","url":"https:\/\/www.visit-ulcinj.com\/blog\/","name":"Lajme nga Ulqini","description":"Lajme,Vijesti,Ulqini,Ulqin,Crna Gora,Mali i Zi","potentialAction":[{"@type":"SearchAction","target":{"@type":"EntryPoint","urlTemplate":"https:\/\/www.visit-ulcinj.com\/blog\/?s={search_term_string}"},"query-input":"required name=search_term_string"}],"inLanguage":"en-US"},{"@type":"ImageObject","inLanguage":"en-US","@id":"https:\/\/www.visit-ulcinj.com\/blog\/2008\/08\/13\/crna-gora-u-avgustu-priznaje-kosovo\/#primaryimage","url":"http:\/\/www.albanur.net\/foto\/INDEPENDENT_KOSOVO.jpg","contentUrl":"http:\/\/www.albanur.net\/foto\/INDEPENDENT_KOSOVO.jpg"},{"@type":"WebPage","@id":"https:\/\/www.visit-ulcinj.com\/blog\/2008\/08\/13\/crna-gora-u-avgustu-priznaje-kosovo\/#webpage","url":"https:\/\/www.visit-ulcinj.com\/blog\/2008\/08\/13\/crna-gora-u-avgustu-priznaje-kosovo\/","name":"Crna Gora u avgustu priznaje Kosovo? - Lajme nga Ulqini","isPartOf":{"@id":"https:\/\/www.visit-ulcinj.com\/blog\/#website"},"primaryImageOfPage":{"@id":"https:\/\/www.visit-ulcinj.com\/blog\/2008\/08\/13\/crna-gora-u-avgustu-priznaje-kosovo\/#primaryimage"},"datePublished":"2008-08-13T18:14:11+00:00","dateModified":"2008-08-13T18:14:11+00:00","author":{"@id":"https:\/\/www.visit-ulcinj.com\/blog\/#\/schema\/person\/dcab619c614d3038751c63bc2aadc06d"},"breadcrumb":{"@id":"https:\/\/www.visit-ulcinj.com\/blog\/2008\/08\/13\/crna-gora-u-avgustu-priznaje-kosovo\/#breadcrumb"},"inLanguage":"en-US","potentialAction":[{"@type":"ReadAction","target":["https:\/\/www.visit-ulcinj.com\/blog\/2008\/08\/13\/crna-gora-u-avgustu-priznaje-kosovo\/"]}]},{"@type":"BreadcrumbList","@id":"https:\/\/www.visit-ulcinj.com\/blog\/2008\/08\/13\/crna-gora-u-avgustu-priznaje-kosovo\/#breadcrumb","itemListElement":[{"@type":"ListItem","position":1,"name":"Crna Gora u avgustu priznaje Kosovo?"}]},{"@type":"Person","@id":"https:\/\/www.visit-ulcinj.com\/blog\/#\/schema\/person\/dcab619c614d3038751c63bc2aadc06d","name":"ulqini","sameAs":["http:\/\/www.visit-ulcinj.com"],"url":"https:\/\/www.visit-ulcinj.com\/blog\/author\/admin\/"}]}},"jetpack_featured_media_url":"","jetpack_sharing_enabled":true,"jetpack_shortlink":"https:\/\/wp.me\/pe6lTn-D9","_links":{"self":[{"href":"https:\/\/www.visit-ulcinj.com\/blog\/wp-json\/wp\/v2\/posts\/2427"}],"collection":[{"href":"https:\/\/www.visit-ulcinj.com\/blog\/wp-json\/wp\/v2\/posts"}],"about":[{"href":"https:\/\/www.visit-ulcinj.com\/blog\/wp-json\/wp\/v2\/types\/post"}],"author":[{"embeddable":true,"href":"https:\/\/www.visit-ulcinj.com\/blog\/wp-json\/wp\/v2\/users\/1"}],"replies":[{"embeddable":true,"href":"https:\/\/www.visit-ulcinj.com\/blog\/wp-json\/wp\/v2\/comments?post=2427"}],"version-history":[{"count":0,"href":"https:\/\/www.visit-ulcinj.com\/blog\/wp-json\/wp\/v2\/posts\/2427\/revisions"}],"wp:attachment":[{"href":"https:\/\/www.visit-ulcinj.com\/blog\/wp-json\/wp\/v2\/media?parent=2427"}],"wp:term":[{"taxonomy":"category","embeddable":true,"href":"https:\/\/www.visit-ulcinj.com\/blog\/wp-json\/wp\/v2\/categories?post=2427"},{"taxonomy":"post_tag","embeddable":true,"href":"https:\/\/www.visit-ulcinj.com\/blog\/wp-json\/wp\/v2\/tags?post=2427"}],"curies":[{"name":"wp","href":"https:\/\/api.w.org\/{rel}","templated":true}]}}