{"id":24327,"date":"2009-08-09T15:18:51","date_gmt":"2009-08-09T13:18:51","guid":{"rendered":"http:\/\/www.visit-ulcinj.com\/blog\/?p=24327"},"modified":"2009-08-09T15:19:41","modified_gmt":"2009-08-09T13:19:41","slug":"poslanik-force-o-predstavljanju-albanske-manjine-u-skupstini","status":"publish","type":"post","link":"https:\/\/www.visit-ulcinj.com\/blog\/2009\/08\/09\/poslanik-force-o-predstavljanju-albanske-manjine-u-skupstini\/","title":{"rendered":"Poslanik Force o predstavljanju albanske manjine u skup\u0161tini"},"content":{"rendered":"<p><strong><a href=\"http:\/\/www.visit-ulcinj.com\/blog\/wp-content\/uploads\/2009\/08\/Poslanik-Force-Genci-Nimanbegu.jpg\"><img loading=\"lazy\" class=\"alignleft size-full wp-image-24328\" title=\"Politika\" src=\"http:\/\/www.visit-ulcinj.com\/blog\/wp-content\/uploads\/2009\/08\/Poslanik-Force-Genci-Nimanbegu.jpg\" alt=\"Politika\" width=\"421\" height=\"275\" \/><\/a>Posebna jedinica za nacionalne stranke<\/strong><br \/>\nPodgorica \u2013 Poslanik Force Genci Nimanbegu ocijenio je da bi posebna izborna jedinica za Albance bila najbolji model za predstavljanje te nacionalne manjine u Skup\u0161tini Crne Gore. Ocjenjuju?i da bi izborna jedinica trebalo da obuhvata mjesta u kojima su Albanci ve?ina, Nimanbegu poja\u0161njava da jedino takav model obezbje?uje prisustvo autenti?nih predstavnika te manjine u parlamentu.<br \/>\n\u201eU toj jedinici bi u?estvovale samo nacionalne stranke Albanaca i one bi dijelile mandate. Po modelu koji mi predla\u017eemo pravo da u?estvuju imale bi i ostale stranke, i one bi dobijale glasove, ali ne i mandate u toj jedinici. Ta analogija postoji i sada, ali treba da je potvrdi i Skup\u0161tina\u201c, smatra Nimanbegu.<\/p>\n<p>Prema va\u017ee?em zakonu o izboru poslanika i odbornika, poslanici koji predstavljaju Albance biraju se u posebnoj izbornoj jedinici, dok ostale manjine u?estvuju ravnopravno sa svim ostalim politi?kim partijama.<br \/>\nPo tom modelu iz albanske izborne jedinice dolazi pet poslanika, a u izbornoj trci ravnopravne su nacionalne i gra?anske stranke. U sada\u0161njem skup\u0161tinskom sazivu iz te uslovne izborne jedinice ?etvoro poslanika su iz albanskih nacionalnih stranaka i koalicija, dok je jedan iz Demokratske partije socijalista (DPS).<br \/>\nNimanbegu isti?e da Albanci kroz novi izborni model ne tra\u017ee ni\u0161ta posebno, ocjenjuju?i da kroz izmjene izbornog zakona ne bi smjeli da izgube ste?ena prava.<\/p>\n<p>On smatra da se pitanje svih manjina ne mo\u017ee rje\u0161avati na isti na?in, isti?u?i da ?e Albanci podr\u017eati ostale manjine u potrazi za modelom koji im odgovara. Poslanik Force tvrdi da je politi?ko predstavljanje manjina ekskluzivno pravo nacionalnih stranaka.<br \/>\n\u201ePostoje?i izborni model ne garantuje nijednoj partiji ulazak u parlament. To ipak zavisi od volje bira?a koji preko svojih nacionalih partija biraju svoje predstavnike\u201c, smatra on.<br \/>\nUstav Crne Gore u ?lanu 79 manjinama, izme?u ostalog, garantuje i autenti?nu zastupljenost u dr\u017eavnoj i lokalnim skup\u0161tinama, ali im va\u017ee?i izborni zakon to pravo ne garantuje. Za razliku od opozicionih albanskih partija, Demokratska unija Albanaca (DUA) ranije je tra\u017eila da se manjinama obezbijede garantovani mandati.<\/p>\n<p>Takav predlog, prema tvrdnjama ?elnika Bo\u0161nja?ke stranke, odgovara i Bo\u0161njacima. DUA i BS tra\u017eile su da se pitanje zastupljenosti manjina reguli\u0161e na osnovu zakona o manjinama, kojim je bilo predvi?eno da manjine koje ?ine preko pet odsto ukupnog stanovni\u0161tva imaju tri garantovana mandata, dok bi oni koje imaju manje od pet odsto imali po jedno garantovano poslani?ko mjesto u Skup\u0161tini Crne Gore. Nimanbegu tvrdi da albanske partije jo\u0161 nemaju konsenzus o izmjenama izbornog zakona.<br \/>\n\u201eDo sada nije postignut zajedni?ki stav o izbornom zakonodavstvu, ali sam siguran da je posebna izborna jedinica za Albance optimalno rje\u0161enje za sve partije. Zato o?ekujem da ?e opozicione albanske partije posti?i dogovor\u201c, smatra on.<br \/>\nSude?i prema najavama iz Skup\u0161tine Crne Gore, albanske partije ima?e jednog predstavnika u parlamentarnoj radnoj grupi koja je zadu\u017eena za uskla?ivanje izbornog zakona sa Ustavom.<\/p>\n<p>Iako je predsjednik Skup\u0161tine Ranko Krivokapi? nekoliko puta najavljivao da ?e izbrni zakon biti ura?en do jeseni, prema nezvani?nim najavama, radna grupa ?e po?eti da radi na izmjenama tek u septembru. Radna grupa formirana u pro\u0161lom sazivu ve? je dva puta probila rok za uskla?ivanje zakona sa Ustavom. Nakon \u0161to je probijen prvi rok od tri mjeseca, radna grupa je dobila jo\u0161 tri, da bi izmjena zakona kona?no bila oro?ena za oktobar ove godine. Negoduju?i \u0161to su parlamentarni izbori u martu bili odr\u017eani po starom zakonu, predstavnici OEBS-a kritikovali su vlast zbog ka\u0161njenja novog izbornog zakona.<br \/>\nNimanbegu smatra da se ovog puta uskla?ivanje zakona ne bi smjelo odlagati.<br \/>\n\u201eMe?unarodni standardi za dono\u0161enje izbornih pravila podrazumijevaju da se to u?ini u prvoj polovini skup\u0161tinskog mandata, a nikako pred same izbore. Zato, ukoliko vlast \u017eeli da uskladi izborno zakonodavstvo, mora biti ekspeditivnija, ali i da ispo\u0161tuje primjedbe Savjeta Evrope\u201c, smatra on.<br \/>\n<strong><br \/>\nNeka vlast ponudi dugoro?ni plan<\/strong><\/p>\n<p>Nimanbegu smatra da dr\u017eava nije dovoljno uradila na po\u0161tovanju ustavne odrednice koja manjinama garantuje procentualnu zastupljenost u dr\u017eavnim institucijama. On je kazao da o?ekuje da vlast Albancima ponudi dugoro?ni program kojim ?e ih integrisati u dru\u0161tvo.<br \/>\n\u201eMi te\u017eimo da se integri\u0161emo u sve crnogorske institucije. Iako to u?e\u0161?e treba da bude na osnovu proporcionalne zastupljenosti, sada\u0161nji nivo prisutnosti Albanaca na svim nivoima vlasti nije ni pribli\u017ean tom procentu. O?ekujemo da ?e dr\u017eava ponuditi poseban dugoro?ni program, koji ?e da unaprijedi polo\u017eaj i zastupljenost Albanaca. To se mo\u017ee posti?i prvenstveno visokostru?nim obrazovanjem mladih\u201c, smatra on.<br \/>\n<strong><br \/>\nSa. K.<br \/>\n<span style=\"text-decoration: underline;\"><a href=\"http:\/\/www.vijesti.cg.yu\/index.php?id=312635\" target=\"_blank\">Vijesti<\/a><\/span><\/strong><\/p>\n<!--YouTube Error: bad URL entered-->\n","protected":false},"excerpt":{"rendered":"<p>Posebna jedinica za nacionalne stranke Podgorica \u2013 Poslanik Force Genci Nimanbegu ocijenio je da bi posebna izborna jedinica za Albance bila najbolji model za predstavljanje te nacionalne manjine u Skup\u0161tini Crne Gore. Ocjenjuju?i da bi izborna jedinica trebalo da obuhvata mjesta u kojima su Albanci ve?ina, Nimanbegu poja\u0161njava da jedino takav model obezbje?uje prisustvo autenti?nih [&hellip;]<\/p>\n","protected":false},"author":1,"featured_media":0,"comment_status":"open","ping_status":"closed","sticky":false,"template":"","format":"standard","meta":{"spay_email":"","jetpack_publicize_message":"","jetpack_is_tweetstorm":false,"jetpack_publicize_feature_enabled":true},"categories":[8337],"tags":[12160,12158,12159,9586,12161,12162],"jetpack_publicize_connections":[],"yoast_head":"<!-- This site is optimized with the Yoast SEO plugin v19.1 - https:\/\/yoast.com\/wordpress\/plugins\/seo\/ -->\n<title>Poslanik Force o predstavljanju albanske manjine u skup\u0161tini - Lajme nga Ulqini<\/title>\n<meta name=\"description\" content=\"Posebna jedinica za nacionalne stranke Podgorica \u2013 Poslanik Force Genci Nimanbegu ocijenio je da bi posebna izborna jedinica za Albance bila najbolji\" \/>\n<meta name=\"robots\" content=\"index, follow, max-snippet:-1, max-image-preview:large, max-video-preview:-1\" \/>\n<link rel=\"canonical\" href=\"https:\/\/www.visit-ulcinj.com\/blog\/2009\/08\/09\/poslanik-force-o-predstavljanju-albanske-manjine-u-skupstini\/\" \/>\n<meta property=\"og:locale\" content=\"en_US\" \/>\n<meta property=\"og:type\" content=\"article\" \/>\n<meta property=\"og:title\" content=\"Poslanik Force o predstavljanju albanske manjine u skup\u0161tini - Lajme nga Ulqini\" \/>\n<meta property=\"og:description\" content=\"Posebna jedinica za nacionalne stranke Podgorica \u2013 Poslanik Force Genci Nimanbegu ocijenio je da bi posebna izborna jedinica za Albance bila najbolji\" \/>\n<meta property=\"og:url\" content=\"https:\/\/www.visit-ulcinj.com\/blog\/2009\/08\/09\/poslanik-force-o-predstavljanju-albanske-manjine-u-skupstini\/\" \/>\n<meta property=\"og:site_name\" content=\"Lajme nga Ulqini\" \/>\n<meta property=\"article:published_time\" content=\"2009-08-09T13:18:51+00:00\" \/>\n<meta property=\"article:modified_time\" content=\"2009-08-09T13:19:41+00:00\" \/>\n<meta property=\"og:image\" content=\"http:\/\/www.visit-ulcinj.com\/blog\/wp-content\/uploads\/2009\/08\/Poslanik-Force-Genci-Nimanbegu.jpg\" \/>\n<meta name=\"twitter:label1\" content=\"Written by\" \/>\n\t<meta name=\"twitter:data1\" content=\"ulqini\" \/>\n\t<meta name=\"twitter:label2\" content=\"Est. reading time\" \/>\n\t<meta name=\"twitter:data2\" content=\"4 minutes\" \/>\n<script type=\"application\/ld+json\" class=\"yoast-schema-graph\">{\"@context\":\"https:\/\/schema.org\",\"@graph\":[{\"@type\":\"WebSite\",\"@id\":\"https:\/\/www.visit-ulcinj.com\/blog\/#website\",\"url\":\"https:\/\/www.visit-ulcinj.com\/blog\/\",\"name\":\"Lajme nga Ulqini\",\"description\":\"Lajme,Vijesti,Ulqini,Ulqin,Crna Gora,Mali i Zi\",\"potentialAction\":[{\"@type\":\"SearchAction\",\"target\":{\"@type\":\"EntryPoint\",\"urlTemplate\":\"https:\/\/www.visit-ulcinj.com\/blog\/?s={search_term_string}\"},\"query-input\":\"required name=search_term_string\"}],\"inLanguage\":\"en-US\"},{\"@type\":\"ImageObject\",\"inLanguage\":\"en-US\",\"@id\":\"https:\/\/www.visit-ulcinj.com\/blog\/2009\/08\/09\/poslanik-force-o-predstavljanju-albanske-manjine-u-skupstini\/#primaryimage\",\"url\":\"https:\/\/www.visit-ulcinj.com\/blog\/wp-content\/uploads\/2009\/08\/Poslanik-Force-Genci-Nimanbegu.jpg\",\"contentUrl\":\"https:\/\/www.visit-ulcinj.com\/blog\/wp-content\/uploads\/2009\/08\/Poslanik-Force-Genci-Nimanbegu.jpg\",\"width\":\"290\",\"height\":\"190\"},{\"@type\":\"WebPage\",\"@id\":\"https:\/\/www.visit-ulcinj.com\/blog\/2009\/08\/09\/poslanik-force-o-predstavljanju-albanske-manjine-u-skupstini\/#webpage\",\"url\":\"https:\/\/www.visit-ulcinj.com\/blog\/2009\/08\/09\/poslanik-force-o-predstavljanju-albanske-manjine-u-skupstini\/\",\"name\":\"Poslanik Force o predstavljanju albanske manjine u skup\u0161tini - Lajme nga Ulqini\",\"isPartOf\":{\"@id\":\"https:\/\/www.visit-ulcinj.com\/blog\/#website\"},\"primaryImageOfPage\":{\"@id\":\"https:\/\/www.visit-ulcinj.com\/blog\/2009\/08\/09\/poslanik-force-o-predstavljanju-albanske-manjine-u-skupstini\/#primaryimage\"},\"datePublished\":\"2009-08-09T13:18:51+00:00\",\"dateModified\":\"2009-08-09T13:19:41+00:00\",\"author\":{\"@id\":\"https:\/\/www.visit-ulcinj.com\/blog\/#\/schema\/person\/dcab619c614d3038751c63bc2aadc06d\"},\"description\":\"Posebna jedinica za nacionalne stranke Podgorica \u2013 Poslanik Force Genci Nimanbegu ocijenio je da bi posebna izborna jedinica za Albance bila najbolji\",\"breadcrumb\":{\"@id\":\"https:\/\/www.visit-ulcinj.com\/blog\/2009\/08\/09\/poslanik-force-o-predstavljanju-albanske-manjine-u-skupstini\/#breadcrumb\"},\"inLanguage\":\"en-US\",\"potentialAction\":[{\"@type\":\"ReadAction\",\"target\":[\"https:\/\/www.visit-ulcinj.com\/blog\/2009\/08\/09\/poslanik-force-o-predstavljanju-albanske-manjine-u-skupstini\/\"]}]},{\"@type\":\"BreadcrumbList\",\"@id\":\"https:\/\/www.visit-ulcinj.com\/blog\/2009\/08\/09\/poslanik-force-o-predstavljanju-albanske-manjine-u-skupstini\/#breadcrumb\",\"itemListElement\":[{\"@type\":\"ListItem\",\"position\":1,\"name\":\"Poslanik Force o predstavljanju albanske manjine u skup\u0161tini\"}]},{\"@type\":\"Person\",\"@id\":\"https:\/\/www.visit-ulcinj.com\/blog\/#\/schema\/person\/dcab619c614d3038751c63bc2aadc06d\",\"name\":\"ulqini\",\"sameAs\":[\"http:\/\/www.visit-ulcinj.com\"],\"url\":\"https:\/\/www.visit-ulcinj.com\/blog\/author\/admin\/\"}]}<\/script>\n<!-- \/ Yoast SEO plugin. -->","yoast_head_json":{"title":"Poslanik Force o predstavljanju albanske manjine u skup\u0161tini - Lajme nga Ulqini","description":"Posebna jedinica za nacionalne stranke Podgorica \u2013 Poslanik Force Genci Nimanbegu ocijenio je da bi posebna izborna jedinica za Albance bila najbolji","robots":{"index":"index","follow":"follow","max-snippet":"max-snippet:-1","max-image-preview":"max-image-preview:large","max-video-preview":"max-video-preview:-1"},"canonical":"https:\/\/www.visit-ulcinj.com\/blog\/2009\/08\/09\/poslanik-force-o-predstavljanju-albanske-manjine-u-skupstini\/","og_locale":"en_US","og_type":"article","og_title":"Poslanik Force o predstavljanju albanske manjine u skup\u0161tini - Lajme nga Ulqini","og_description":"Posebna jedinica za nacionalne stranke Podgorica \u2013 Poslanik Force Genci Nimanbegu ocijenio je da bi posebna izborna jedinica za Albance bila najbolji","og_url":"https:\/\/www.visit-ulcinj.com\/blog\/2009\/08\/09\/poslanik-force-o-predstavljanju-albanske-manjine-u-skupstini\/","og_site_name":"Lajme nga Ulqini","article_published_time":"2009-08-09T13:18:51+00:00","article_modified_time":"2009-08-09T13:19:41+00:00","og_image":[{"url":"http:\/\/www.visit-ulcinj.com\/blog\/wp-content\/uploads\/2009\/08\/Poslanik-Force-Genci-Nimanbegu.jpg"}],"twitter_misc":{"Written by":"ulqini","Est. reading time":"4 minutes"},"schema":{"@context":"https:\/\/schema.org","@graph":[{"@type":"WebSite","@id":"https:\/\/www.visit-ulcinj.com\/blog\/#website","url":"https:\/\/www.visit-ulcinj.com\/blog\/","name":"Lajme nga Ulqini","description":"Lajme,Vijesti,Ulqini,Ulqin,Crna Gora,Mali i Zi","potentialAction":[{"@type":"SearchAction","target":{"@type":"EntryPoint","urlTemplate":"https:\/\/www.visit-ulcinj.com\/blog\/?s={search_term_string}"},"query-input":"required name=search_term_string"}],"inLanguage":"en-US"},{"@type":"ImageObject","inLanguage":"en-US","@id":"https:\/\/www.visit-ulcinj.com\/blog\/2009\/08\/09\/poslanik-force-o-predstavljanju-albanske-manjine-u-skupstini\/#primaryimage","url":"https:\/\/www.visit-ulcinj.com\/blog\/wp-content\/uploads\/2009\/08\/Poslanik-Force-Genci-Nimanbegu.jpg","contentUrl":"https:\/\/www.visit-ulcinj.com\/blog\/wp-content\/uploads\/2009\/08\/Poslanik-Force-Genci-Nimanbegu.jpg","width":"290","height":"190"},{"@type":"WebPage","@id":"https:\/\/www.visit-ulcinj.com\/blog\/2009\/08\/09\/poslanik-force-o-predstavljanju-albanske-manjine-u-skupstini\/#webpage","url":"https:\/\/www.visit-ulcinj.com\/blog\/2009\/08\/09\/poslanik-force-o-predstavljanju-albanske-manjine-u-skupstini\/","name":"Poslanik Force o predstavljanju albanske manjine u skup\u0161tini - Lajme nga Ulqini","isPartOf":{"@id":"https:\/\/www.visit-ulcinj.com\/blog\/#website"},"primaryImageOfPage":{"@id":"https:\/\/www.visit-ulcinj.com\/blog\/2009\/08\/09\/poslanik-force-o-predstavljanju-albanske-manjine-u-skupstini\/#primaryimage"},"datePublished":"2009-08-09T13:18:51+00:00","dateModified":"2009-08-09T13:19:41+00:00","author":{"@id":"https:\/\/www.visit-ulcinj.com\/blog\/#\/schema\/person\/dcab619c614d3038751c63bc2aadc06d"},"description":"Posebna jedinica za nacionalne stranke Podgorica \u2013 Poslanik Force Genci Nimanbegu ocijenio je da bi posebna izborna jedinica za Albance bila najbolji","breadcrumb":{"@id":"https:\/\/www.visit-ulcinj.com\/blog\/2009\/08\/09\/poslanik-force-o-predstavljanju-albanske-manjine-u-skupstini\/#breadcrumb"},"inLanguage":"en-US","potentialAction":[{"@type":"ReadAction","target":["https:\/\/www.visit-ulcinj.com\/blog\/2009\/08\/09\/poslanik-force-o-predstavljanju-albanske-manjine-u-skupstini\/"]}]},{"@type":"BreadcrumbList","@id":"https:\/\/www.visit-ulcinj.com\/blog\/2009\/08\/09\/poslanik-force-o-predstavljanju-albanske-manjine-u-skupstini\/#breadcrumb","itemListElement":[{"@type":"ListItem","position":1,"name":"Poslanik Force o predstavljanju albanske manjine u skup\u0161tini"}]},{"@type":"Person","@id":"https:\/\/www.visit-ulcinj.com\/blog\/#\/schema\/person\/dcab619c614d3038751c63bc2aadc06d","name":"ulqini","sameAs":["http:\/\/www.visit-ulcinj.com"],"url":"https:\/\/www.visit-ulcinj.com\/blog\/author\/admin\/"}]}},"jetpack_featured_media_url":"","jetpack_sharing_enabled":true,"jetpack_shortlink":"https:\/\/wp.me\/pe6lTn-6kn","_links":{"self":[{"href":"https:\/\/www.visit-ulcinj.com\/blog\/wp-json\/wp\/v2\/posts\/24327"}],"collection":[{"href":"https:\/\/www.visit-ulcinj.com\/blog\/wp-json\/wp\/v2\/posts"}],"about":[{"href":"https:\/\/www.visit-ulcinj.com\/blog\/wp-json\/wp\/v2\/types\/post"}],"author":[{"embeddable":true,"href":"https:\/\/www.visit-ulcinj.com\/blog\/wp-json\/wp\/v2\/users\/1"}],"replies":[{"embeddable":true,"href":"https:\/\/www.visit-ulcinj.com\/blog\/wp-json\/wp\/v2\/comments?post=24327"}],"version-history":[{"count":0,"href":"https:\/\/www.visit-ulcinj.com\/blog\/wp-json\/wp\/v2\/posts\/24327\/revisions"}],"wp:attachment":[{"href":"https:\/\/www.visit-ulcinj.com\/blog\/wp-json\/wp\/v2\/media?parent=24327"}],"wp:term":[{"taxonomy":"category","embeddable":true,"href":"https:\/\/www.visit-ulcinj.com\/blog\/wp-json\/wp\/v2\/categories?post=24327"},{"taxonomy":"post_tag","embeddable":true,"href":"https:\/\/www.visit-ulcinj.com\/blog\/wp-json\/wp\/v2\/tags?post=24327"}],"curies":[{"name":"wp","href":"https:\/\/api.w.org\/{rel}","templated":true}]}}