{"id":24340,"date":"2009-08-09T22:08:46","date_gmt":"2009-08-09T20:08:46","guid":{"rendered":"http:\/\/www.visit-ulcinj.com\/blog\/?p=24340"},"modified":"2009-08-09T22:09:33","modified_gmt":"2009-08-09T20:09:33","slug":"ne-ulqin-kosovari-ndihet-si-ne-kosove","status":"publish","type":"post","link":"https:\/\/www.visit-ulcinj.com\/blog\/2009\/08\/09\/ne-ulqin-kosovari-ndihet-si-ne-kosove\/","title":{"rendered":"N\u00eb Ulqin kosovar\u00ebt ndihet si n\u00eb Kosov\u00eb"},"content":{"rendered":"<p><strong><a href=\"http:\/\/www.visit-ulcinj.com\/blog\/wp-content\/uploads\/2009\/08\/plazhi-copakabana_ulqin_mali-i-zi.jpg\"><img loading=\"lazy\" class=\"alignleft size-full wp-image-24341\" title=\"plazhi-copakabana_ulqin_mali-i-zi\" src=\"http:\/\/www.visit-ulcinj.com\/blog\/wp-content\/uploads\/2009\/08\/plazhi-copakabana_ulqin_mali-i-zi.jpg\" alt=\"plazhi-copakabana_ulqin_mali-i-zi\" width=\"570\" height=\"400\" \/><\/a>T\u00eb ndihesh si n\u00eb tok\u00ebn t\u00ebnde<\/strong><\/p>\n<address>Jo larg detit n\u00eb r\u00ebr\u00eb ishin vendosur dhe renditeshin shtret\u00ebrit t\u00eb mbuluar me mbuloja n\u00eb forma ombrellash t\u00eb llojllojshme nga punonj\u00ebsit t\u00eb k\u00ebtij vendi bregdetar.<\/address>\n<p>N\u00eb pjes\u00ebn e dyt\u00eb t\u00eb qershorit shum\u00eb qytetar\u00eb nga Kosova, ia kishin m\u00ebsyr\u00eb bregdetit t\u00eb Ulqinit. Koha ishte me diell t\u00eb fort\u00eb. Gjat\u00eb rrug\u00ebtimit nga kufiri n\u00eb Kull\u00eb, drejt bregdetit n\u00eb fjal\u00eb, shkonin makina t\u00eb ndryshme me turist\u00eb nga Kosova. Edhe pse larg, turist\u00ebt nuk p\u00ebrtonin t\u00eb shkonin t\u00eb preheshin e qet\u00ebsoheshin n\u00eb det nga vapa e madhe dhe puna e p\u00ebrditshme q\u00eb b\u00ebn\u00eb. Udh\u00ebtimi i mundimsh\u00ebm mbi tet\u00eb or\u00ebsh harrohet kur arrihet n\u00eb Ulqin. Me t\u00eb zbardhur dita, turist\u00ebt kush m\u00eb her\u00ebt e kush m\u00eb von\u00eb, ia m\u00ebsyjn\u00eb plazhit t\u00eb Shtoit, q\u00eb nd\u00ebr turist\u00ebt quhet plazhi i madh dhe tek plazhi Rana i qytetit q\u00eb quhet plazhi vog\u00ebl. Jo larg detit n\u00eb r\u00ebr\u00eb ishin vendosur dhe renditeshin shtret\u00ebrit t\u00eb mbuluara me mbuloja n\u00eb forma ombrellash t\u00eb llojllojshme nga punonj\u00ebsit t\u00eb k\u00ebtij vendi bregdetar. Ulqini, p\u00ebrve\u00e7 r\u00ebr\u00ebs s\u00eb detit p\u00ebr pushuesit e vet\u00eb ofron edhe ujin dhe plazhin e liqenit t\u00eb qytetit t\u00eb vjet\u00ebr t\u00eb Shasi-t. Ulqini, ka nj\u00eb vij\u00eb bregdetare prej 32.7 kilometrave, prej t\u00eb cilave 18.10 kilometra jan\u00eb t\u00eb volitshme p\u00ebr plazh.<\/p>\n<p><strong>Ndihesh si n\u00eb Kosov\u00eb<\/strong><\/p>\n<p>Turist\u00ebt m\u00eb t\u00eb vendosur n\u00eb apartamente banimi, nis\u00ebn \u00e7do dit\u00eb drejt plazhit, vendosen n\u00eb shtret\u00ebr, p\u00ebr t\u00eb ikur nga vapa. Vlora 20 vje\u00e7are nga Istogu, me t\u00eb shpejt futet n\u00eb det p\u00ebr t\u2019iu shmangur vap\u00ebs s\u00eb madhe q\u00eb mbret\u00ebronte t\u00eb enjten n\u00eb Ulqin, at\u00eb e shoq\u00ebronin shok\u00ebt dhe koleg\u00ebt e saj p\u00ebr t\u2019u freskuar. Val\u00ebt e detit t\u00eb p\u00ebrkrahura nga era, l\u00ebviznin ujin drejt bregut, dukej sikur trazonin detin, derisa shum\u00eb turist\u00eb pushonin n\u00eb r\u00ebr\u00ebn p\u00ebrskaj e disa t\u00eb tjera b\u00ebnin not\u00eb n\u00eb det. Bregdetin e Ulqinit me rreth 28 mij\u00eb banor\u00eb, nuk mjafton vet\u00ebm ta shoh\u00ebsh, por edhe ta p\u00ebrjetosh. Shum\u00eb turist\u00eb shkojn\u00eb t\u00eb pushojn\u00eb, t\u00eb tjer\u00eb mundohen q\u00eb t\u00eb nd\u00ebrrojn\u00eb ngjyrat nga e bardha n\u00eb t\u00eb zez\u00eb. Plazhet n\u00eb fjal\u00eb ishin m\u00eb t\u00eb pastra. Xhevrija nga Prishtina, e cila kishte ardhur p\u00ebr kat\u00ebr dit\u00eb, p\u00ebshp\u00ebriste se nuk \u00ebsht\u00eb b\u00ebr\u00eb ndonj\u00eb fantazm\u00eb, p\u00ebrve\u00e7 disa ndryshime t\u00eb vogla. Ai shprehet i k\u00ebnaqur me kushtet q\u00eb jan\u00eb b\u00ebr\u00eb p\u00ebr k\u00ebt\u00eb sezon, duke shpresuar q\u00eb p\u00ebrs\u00ebri t\u00eb jet\u00eb n\u00eb Ulqin. Gjat\u00eb disa dit\u00ebve t\u00eb q\u00ebndrimit n\u00eb Ulqin nj\u00eb gj\u00eb q\u00eb na ra n\u00eb sy ishte p\u00ebrshtypja e kryetarit t\u00eb Ulqinit, G\u00ebzim Hajdinaga, i cili gjat\u00eb t\u00ebr\u00eb koh\u00ebs ecte pa roja, pa vozit\u00ebs e eskorta, sikur q\u00eb nuk ndodh te ne. Ai vet\u00ebm ngiste makin\u00ebn dhe pa p\u00ebrcjellje. Kjo ishte nj\u00eb p\u00ebrshtypje interesante e turist\u00ebve nga Kosova t\u00eb cil\u00ebt habiteshin me lirin\u00eb aq t\u00eb madhe t\u00eb nj\u00eb kryetari t\u00eb nj\u00eb komune. Kryetari i Komun\u00ebs s\u00eb Ulqinit, turist\u00ebve nga Kosova i uron mir\u00ebseardhje n\u00eb Ulqinin q\u00eb thot\u00eb ai \u201cton\u00eb dhe t\u00eb tyre\u201d. Sipas tij, qytetar\u00ebt e Kosov\u00ebs si gjithnj\u00eb duan t\u00eb jen\u00eb n\u00eb Ulqin. K\u00ebto dit\u00eb kishin nisur p\u00ebrgatitjet p\u00ebr pritjen e mbi 100 mij\u00eb turist\u00ebve. Punonj\u00ebs rregullonin shtret\u00ebrit dhe mbulojat buz\u00eb detit, p\u00ebr t\u00eb pritur fluksin e turist\u00ebve, disa anije ishin t\u00eb ndaluar dhe val\u00ebt merrnin hovin drejt bregut. I pari i Ulqinit, thot\u00eb se kan\u00eb b\u00ebr\u00eb p\u00ebrgatitjet, secilit mysafir\u00eb lokalet e shumta do t\u2019i l\u00ebn\u00eb p\u00ebrshtypje t\u00eb shumta. N\u00eb krahasim me sezonet e kaluara sivjet pak kushtet jan\u00eb m\u00eb t\u00eb mira, po ashtu edhe siguria. Po ashtu edhe hotelet e privatizuar kan\u00eb b\u00ebr\u00eb p\u00ebrgatitjet e duhura, p\u00ebr pushuesit, pa l\u00ebn\u00eb anash edhe qindra sht\u00ebpit\u00eb private q\u00eb jan\u00eb shpateve t\u00eb k\u00ebtij qyteti. Derisa drekonim, nikoqiri, kryetari G\u00ebzim Hajdinaga p\u00ebshp\u00ebriste se Ulqini ka numrin rekord t\u00eb shtret\u00ebrve.<\/p>\n<p><strong>Qyteti i rinis\u00eb<\/strong><\/p>\n<p>\u00c7do turist\u00eb nga Kosova \u00ebsht\u00eb i sigurt t\u00eb q\u00ebndroi k\u00ebtu. Hotel Mediterani, Llolla, Doll\u00e7ina, restorantet Hollegro, Grand, Copacabana e lokalet tjera hoteliere, ku \u00e7mimet nuk jan\u00eb edhe t\u00eb ul\u00ebta p\u00ebr standardin ton\u00eb. Derisa Agron Ibrahimi, ishte n\u00eb det, nj\u00eb ulqinak tregonte se sivjet do t\u00eb ket\u00eb diell me tep\u00ebr se vitet e kaluara. Turist\u00ebt k\u00ebrkojn\u00eb kushte edhe m\u00eb t\u00eb mira se q\u00eb jan\u00eb. Gjat\u00eb muajit qershor nuk kishte transport p\u00ebr l\u00ebvizjen e turist\u00ebve nga plazhi e Shtoit (e madhe) n\u00eb drejtim t\u00eb plazhit Rana t\u00eb qytetit. Turist\u00ebt detyroheshin q\u00eb t\u00eb l\u00ebviznin me taksi p\u00ebr shkak t\u00eb munges\u00ebs s\u00eb autobus\u00ebve urban. Po sa e merreshin vesh taksist\u00ebt se \u00ebsht\u00eb klient i tij nga Kryetari i Ulqinit G\u00ebzim Hajdinaga, gjat\u00eb bashk\u00ebbisedimit, tha se Ulqini \u00ebsht\u00eb qytet i rinis\u00eb q\u00eb jeton nj\u00ebzet e kat\u00ebr or\u00eb. Nuk ka nat\u00eb q\u00eb nuk do t\u00eb ket\u00eb ndonj\u00eb aktivitet kulturor. Nd\u00ebrsa n\u00eb restorante do t\u00eb dominojn\u00eb k\u00ebng\u00ebtar\u00ebt nga Kosova e trevat shqiptare. Qyteti jeton nj\u00ebzet e kat\u00ebr or\u00eb. Jeta kulturore e turizmi jan\u00eb t\u00eb bashkuara. Kryepushtetari i Ulqinit, tha se kan\u00eb b\u00ebr\u00eb p\u00ebrpjekje maksimale q\u00eb sezoni veror t\u00eb jet\u00eb i p\u00ebrgatitur mir\u00eb, duke ditur se numri i mysafir\u00ebve q\u00eb do t\u00eb vijn\u00eb n\u00eb Ulqin gjat\u00eb k\u00ebsaj sezone do t\u00eb jet\u00eb mjaft i madh. Ashtu si thoshte kryetari se Ulqini sivjet \u00ebsht\u00eb m\u00eb i past\u00ebr, m\u00eb i furnizuar m\u00eb uji, m\u00eb i ndri\u00e7uar, m\u00eb i gjelb\u00ebruar, i bashkohej k\u00ebtij mendimi edhe Avdyli. P\u00ebr nga qet\u00ebsia dhe siguria Ulqini, do t\u00eb jet\u00eb n\u00eb nivelin e duhur. Ulqini, \u00ebsht\u00eb destinacion i sigurt p\u00ebr t\u00eb gjith\u00eb shqiptar\u00ebt e sidomos vizitor\u00ebt nga Kosova. Edhe n\u00eb k\u00ebt\u00eb sezon sikurse edhe t\u00eb kaluarat, p\u00ebrve\u00e7 kushteve dallojn\u00eb shum\u00eb edhe \u00e7mimet. As sivjet nuk do t\u00eb mungoj kultura dhe muzika, ku pritet t\u00eb ket\u00eb nj\u00eb varg manifestimesh, ku jan\u00eb ftuar edhe njer\u00ebzit e kultur\u00ebs, artit e k\u00ebng\u00ebs edhe nga Kosova dhe qyteti i Ulqinit do t\u00eb jehoj\u00eb dhe do t\u2019i bashkoj\u00eb shqiptar\u00ebt nga t\u00eb gjitha trevat. Turizmi, kultura, arti dhe gjith\u00e7ka tjet\u00ebr do t\u2019i mbledh edhe sivjet shqiptar\u00ebt nga t\u00eb gjitha viset n\u00eb Ulqin. Pronari i plazhit \u201cToni Grill\u201d, Luz Nikolla, i cili ishte nga Gjakova, ka th\u00ebn\u00eb se e kan\u00eb p\u00ebr borxh q\u00eb t\u2019i presin sa m\u00eb mir\u00eb qytetar\u00ebt nga Kosova. Kjo plazh e bukur dhe e past\u00ebr posedon edhe restorantin. Sipas tij, \u00e7mimet n\u00eb k\u00ebt\u00eb plazh do t\u00eb zbresin 20 deri n\u00eb 30 p\u00ebr qind.<\/p>\n<p><strong>\u00c7mimet si m\u00eb par\u00eb<\/strong><\/p>\n<p>N\u00eb k\u00ebt\u00eb sezon veror, Ulqini \u00ebsht\u00eb i p\u00ebrgatitur p\u00ebr 100 mij\u00eb turist\u00eb nga t\u00eb gjitha vende dhe \u00e7ka e dallon ky vit nga 2008-ta, \u00ebsht\u00eb se n\u00eb k\u00ebt\u00eb sezon ka zbritje t\u00eb \u00e7mimeve prej 20 deri 30 p\u00ebr qind, thon\u00eb pronar\u00ebt e hoteleve dhe restauranteve n\u00eb Ulqin. G\u00ebzim Hajdinaga, kryater i Komun\u00ebs s\u00eb Ulqinit, thot\u00eb se aktivitetet dhe risit\u00eb q\u00eb i presin mysafir\u00ebt k\u00ebt\u00eb ver\u00eb, jan\u00eb \u00e7mimet q\u00eb kan\u00eb p\u00ebsuar nj\u00eb r\u00ebnije. Ai u b\u00ebri thirje kosovar\u00ebve q\u00eb Ulqinin ta ken\u00eb si destinacion t\u00eb tyrin jo vet\u00ebm gjat\u00eb stin\u00ebs s\u00eb ver\u00ebs, por edhe gjat\u00eb sezonit turistik pasi sipas tij mesatarisht \u00e7mimet n\u00eb k\u00ebt\u00eb vit kan\u00eb p\u00ebsuar r\u00ebnije 30 p\u00ebr qind. Ai tha se turizmi \u00ebsht\u00eb dega kryesore ekonomike e Ulqinit. Nd\u00ebrsa n\u00eb treg, testorante, hotele, cafiteri, byrektore dhe gjelltore nuk u vrejet zbritje e \u00e7mimeve ashtu si thoshin pushtetar\u00ebt se 20 deri 30 p\u00ebr qind ka zbritje. Nj\u00eb nat\u00eb banimi n\u00eb hotelin Dollcino kushton 50 deri 70 euro, derisa n\u00eb t\u00eb tjerat, sillet nga 40 deri n\u00eb 75 euro. Edhe n\u00eb sht\u00ebpi private banimi p\u00ebr nj\u00eb nat\u00eb kushton nga 7 deri n\u00eb 15 euro, p\u00ebr nj\u00eb person. Nj\u00eb uji mineral n\u00eb nj\u00eb cafiteri af\u00ebr plazhit t\u00eb vog\u00ebl kushton hiq m\u00eb pak se 1 euro. Po ashtu edhe produktet tjera ushqimore si byrekat, gjellrat, pijet dhe disa zarzavate tjera ishin me \u00e7mime bukur t\u00eb larta. Po ashtu edhe shtretrit me ambrella ne plazhe ishin t\u00eb larta. Dy shtreter me nj\u00eb ambrell kushton 5 euro, dmth nuk ka zbritje, k\u00ebto \u00e7mime kan\u00eb qen\u00eb edhe n\u00eb vitin e kaluar. Pronari i hotelit \u201cLlolla\u201d, Muslim Llolla, pranon se \u00e7mimet nuk kan\u00eb ndryshuar ende, por ato do t\u00eb zbresin n\u00eb muajin korrik, kur edhe \u00ebsht\u00eb numri m\u00eb i madh\u00eb i pushuesve. Pronari i plazhit \u201cToni Grill\u201d, Luz Nikolla, i cili ishte nga Gjakova, ka th\u00ebn\u00eb se e kan\u00eb p\u00ebr borxh q\u00eb t\u2019i presin sa m\u00eb mir\u00eb turist\u00ebt nga Kosova. Kjo plazh e bukur dhe e past\u00ebr posedon edhe restorantin. Sipas tij, \u00e7mimet n\u00eb k\u00ebt\u00eb plazh do t\u00eb zbresin 20 deri n\u00eb 30 p\u00ebr qind. Nikolla thot\u00eb se nd\u00ebrtimi i autostrad\u00ebs n\u00eb Durr\u00ebs nuk na bon t\u00eb brengosemi p\u00ebr mosardhjen e turist\u00ebve nga Kosova. Por, ajo q\u00eb na b\u00ebn\u00eb t\u00eb brengosemi \u00ebsht\u00eb kriza financiare e cila e ka prekur Ulqinin n\u00eb m\u00ebnyr\u00eb indirekte.<\/p>\n<p><strong>Ismail Shabani<br \/>\nBota Sot<\/strong><\/p>\n<div><object width=\"580\" height=\"391\"><param name=\"movie\" value=\"http:\/\/www.dailymotion.com\/swf\/x9m4v6_bukuria-ulqinit-beach-ulqini-ulcinj_travel&#038;autoPlay=1&#038;related=1\"><\/param><param name=\"allowFullScreen\" value=\"true\"><\/param><param name=\"allowScriptAccess\" value=\"always\"><\/param><\/object><\/p>\n","protected":false},"excerpt":{"rendered":"<p>T\u00eb ndihesh si n\u00eb tok\u00ebn t\u00ebnde Jo larg detit n\u00eb r\u00ebr\u00eb ishin vendosur dhe renditeshin shtret\u00ebrit t\u00eb mbuluar me mbuloja n\u00eb forma ombrellash t\u00eb llojllojshme nga punonj\u00ebsit t\u00eb k\u00ebtij vendi bregdetar. N\u00eb pjes\u00ebn e dyt\u00eb t\u00eb qershorit shum\u00eb qytetar\u00eb nga Kosova, ia kishin m\u00ebsyr\u00eb bregdetit t\u00eb Ulqinit. Koha ishte me diell t\u00eb fort\u00eb. Gjat\u00eb rrug\u00ebtimit [&hellip;]<\/p>\n","protected":false},"author":1,"featured_media":0,"comment_status":"open","ping_status":"closed","sticky":false,"template":"","format":"standard","meta":{"spay_email":"","jetpack_publicize_message":"","jetpack_is_tweetstorm":false,"jetpack_publicize_feature_enabled":true},"categories":[15],"tags":[49,95,18],"jetpack_publicize_connections":[],"yoast_head":"<!-- This site is optimized with the Yoast SEO plugin v19.1 - https:\/\/yoast.com\/wordpress\/plugins\/seo\/ -->\n<title>N\u00eb Ulqin kosovar\u00ebt ndihet si n\u00eb Kosov\u00eb - Lajme nga Ulqini<\/title>\n<meta name=\"description\" content=\"T\u00eb ndihesh si n\u00eb tok\u00ebn t\u00ebnde Jo larg detit n\u00eb r\u00ebr\u00eb ishin vendosur dhe renditeshin shtret\u00ebrit t\u00eb mbuluar me mbuloja n\u00eb forma ombrellash t\u00eb llojllojshme nga\" \/>\n<meta name=\"robots\" content=\"index, follow, max-snippet:-1, max-image-preview:large, max-video-preview:-1\" \/>\n<link rel=\"canonical\" href=\"https:\/\/www.visit-ulcinj.com\/blog\/2009\/08\/09\/ne-ulqin-kosovari-ndihet-si-ne-kosove\/\" \/>\n<meta property=\"og:locale\" content=\"en_US\" \/>\n<meta property=\"og:type\" content=\"article\" \/>\n<meta property=\"og:title\" content=\"N\u00eb Ulqin kosovar\u00ebt ndihet si n\u00eb Kosov\u00eb - Lajme nga Ulqini\" \/>\n<meta property=\"og:description\" content=\"T\u00eb ndihesh si n\u00eb tok\u00ebn t\u00ebnde Jo larg detit n\u00eb r\u00ebr\u00eb ishin vendosur dhe renditeshin shtret\u00ebrit t\u00eb mbuluar me mbuloja n\u00eb forma ombrellash t\u00eb llojllojshme nga\" \/>\n<meta property=\"og:url\" content=\"https:\/\/www.visit-ulcinj.com\/blog\/2009\/08\/09\/ne-ulqin-kosovari-ndihet-si-ne-kosove\/\" \/>\n<meta property=\"og:site_name\" content=\"Lajme nga Ulqini\" \/>\n<meta property=\"article:published_time\" content=\"2009-08-09T20:08:46+00:00\" \/>\n<meta property=\"article:modified_time\" content=\"2009-08-09T20:09:33+00:00\" \/>\n<meta property=\"og:image\" content=\"http:\/\/www.visit-ulcinj.com\/blog\/wp-content\/uploads\/2009\/08\/plazhi-copakabana_ulqin_mali-i-zi.jpg\" \/>\n<meta name=\"twitter:label1\" content=\"Written by\" \/>\n\t<meta name=\"twitter:data1\" content=\"ulqini\" \/>\n\t<meta name=\"twitter:label2\" content=\"Est. reading time\" \/>\n\t<meta name=\"twitter:data2\" content=\"8 minutes\" \/>\n<script type=\"application\/ld+json\" class=\"yoast-schema-graph\">{\"@context\":\"https:\/\/schema.org\",\"@graph\":[{\"@type\":\"WebSite\",\"@id\":\"https:\/\/www.visit-ulcinj.com\/blog\/#website\",\"url\":\"https:\/\/www.visit-ulcinj.com\/blog\/\",\"name\":\"Lajme nga Ulqini\",\"description\":\"Lajme,Vijesti,Ulqini,Ulqin,Crna Gora,Mali i Zi\",\"potentialAction\":[{\"@type\":\"SearchAction\",\"target\":{\"@type\":\"EntryPoint\",\"urlTemplate\":\"https:\/\/www.visit-ulcinj.com\/blog\/?s={search_term_string}\"},\"query-input\":\"required name=search_term_string\"}],\"inLanguage\":\"en-US\"},{\"@type\":\"ImageObject\",\"inLanguage\":\"en-US\",\"@id\":\"https:\/\/www.visit-ulcinj.com\/blog\/2009\/08\/09\/ne-ulqin-kosovari-ndihet-si-ne-kosove\/#primaryimage\",\"url\":\"https:\/\/www.visit-ulcinj.com\/blog\/wp-content\/uploads\/2009\/08\/plazhi-copakabana_ulqin_mali-i-zi.jpg\",\"contentUrl\":\"https:\/\/www.visit-ulcinj.com\/blog\/wp-content\/uploads\/2009\/08\/plazhi-copakabana_ulqin_mali-i-zi.jpg\",\"width\":\"800\",\"height\":\"600\"},{\"@type\":\"WebPage\",\"@id\":\"https:\/\/www.visit-ulcinj.com\/blog\/2009\/08\/09\/ne-ulqin-kosovari-ndihet-si-ne-kosove\/#webpage\",\"url\":\"https:\/\/www.visit-ulcinj.com\/blog\/2009\/08\/09\/ne-ulqin-kosovari-ndihet-si-ne-kosove\/\",\"name\":\"N\u00eb Ulqin kosovar\u00ebt ndihet si n\u00eb Kosov\u00eb - Lajme nga Ulqini\",\"isPartOf\":{\"@id\":\"https:\/\/www.visit-ulcinj.com\/blog\/#website\"},\"primaryImageOfPage\":{\"@id\":\"https:\/\/www.visit-ulcinj.com\/blog\/2009\/08\/09\/ne-ulqin-kosovari-ndihet-si-ne-kosove\/#primaryimage\"},\"datePublished\":\"2009-08-09T20:08:46+00:00\",\"dateModified\":\"2009-08-09T20:09:33+00:00\",\"author\":{\"@id\":\"https:\/\/www.visit-ulcinj.com\/blog\/#\/schema\/person\/dcab619c614d3038751c63bc2aadc06d\"},\"description\":\"T\u00eb ndihesh si n\u00eb tok\u00ebn t\u00ebnde Jo larg detit n\u00eb r\u00ebr\u00eb ishin vendosur dhe renditeshin shtret\u00ebrit t\u00eb mbuluar me mbuloja n\u00eb forma ombrellash t\u00eb llojllojshme nga\",\"breadcrumb\":{\"@id\":\"https:\/\/www.visit-ulcinj.com\/blog\/2009\/08\/09\/ne-ulqin-kosovari-ndihet-si-ne-kosove\/#breadcrumb\"},\"inLanguage\":\"en-US\",\"potentialAction\":[{\"@type\":\"ReadAction\",\"target\":[\"https:\/\/www.visit-ulcinj.com\/blog\/2009\/08\/09\/ne-ulqin-kosovari-ndihet-si-ne-kosove\/\"]}]},{\"@type\":\"BreadcrumbList\",\"@id\":\"https:\/\/www.visit-ulcinj.com\/blog\/2009\/08\/09\/ne-ulqin-kosovari-ndihet-si-ne-kosove\/#breadcrumb\",\"itemListElement\":[{\"@type\":\"ListItem\",\"position\":1,\"name\":\"N\u00eb Ulqin kosovar\u00ebt ndihet si n\u00eb Kosov\u00eb\"}]},{\"@type\":\"Person\",\"@id\":\"https:\/\/www.visit-ulcinj.com\/blog\/#\/schema\/person\/dcab619c614d3038751c63bc2aadc06d\",\"name\":\"ulqini\",\"sameAs\":[\"http:\/\/www.visit-ulcinj.com\"],\"url\":\"https:\/\/www.visit-ulcinj.com\/blog\/author\/admin\/\"}]}<\/script>\n<!-- \/ Yoast SEO plugin. -->","yoast_head_json":{"title":"N\u00eb Ulqin kosovar\u00ebt ndihet si n\u00eb Kosov\u00eb - Lajme nga Ulqini","description":"T\u00eb ndihesh si n\u00eb tok\u00ebn t\u00ebnde Jo larg detit n\u00eb r\u00ebr\u00eb ishin vendosur dhe renditeshin shtret\u00ebrit t\u00eb mbuluar me mbuloja n\u00eb forma ombrellash t\u00eb llojllojshme nga","robots":{"index":"index","follow":"follow","max-snippet":"max-snippet:-1","max-image-preview":"max-image-preview:large","max-video-preview":"max-video-preview:-1"},"canonical":"https:\/\/www.visit-ulcinj.com\/blog\/2009\/08\/09\/ne-ulqin-kosovari-ndihet-si-ne-kosove\/","og_locale":"en_US","og_type":"article","og_title":"N\u00eb Ulqin kosovar\u00ebt ndihet si n\u00eb Kosov\u00eb - Lajme nga Ulqini","og_description":"T\u00eb ndihesh si n\u00eb tok\u00ebn t\u00ebnde Jo larg detit n\u00eb r\u00ebr\u00eb ishin vendosur dhe renditeshin shtret\u00ebrit t\u00eb mbuluar me mbuloja n\u00eb forma ombrellash t\u00eb llojllojshme nga","og_url":"https:\/\/www.visit-ulcinj.com\/blog\/2009\/08\/09\/ne-ulqin-kosovari-ndihet-si-ne-kosove\/","og_site_name":"Lajme nga Ulqini","article_published_time":"2009-08-09T20:08:46+00:00","article_modified_time":"2009-08-09T20:09:33+00:00","og_image":[{"url":"http:\/\/www.visit-ulcinj.com\/blog\/wp-content\/uploads\/2009\/08\/plazhi-copakabana_ulqin_mali-i-zi.jpg"}],"twitter_misc":{"Written by":"ulqini","Est. reading time":"8 minutes"},"schema":{"@context":"https:\/\/schema.org","@graph":[{"@type":"WebSite","@id":"https:\/\/www.visit-ulcinj.com\/blog\/#website","url":"https:\/\/www.visit-ulcinj.com\/blog\/","name":"Lajme nga Ulqini","description":"Lajme,Vijesti,Ulqini,Ulqin,Crna Gora,Mali i Zi","potentialAction":[{"@type":"SearchAction","target":{"@type":"EntryPoint","urlTemplate":"https:\/\/www.visit-ulcinj.com\/blog\/?s={search_term_string}"},"query-input":"required name=search_term_string"}],"inLanguage":"en-US"},{"@type":"ImageObject","inLanguage":"en-US","@id":"https:\/\/www.visit-ulcinj.com\/blog\/2009\/08\/09\/ne-ulqin-kosovari-ndihet-si-ne-kosove\/#primaryimage","url":"https:\/\/www.visit-ulcinj.com\/blog\/wp-content\/uploads\/2009\/08\/plazhi-copakabana_ulqin_mali-i-zi.jpg","contentUrl":"https:\/\/www.visit-ulcinj.com\/blog\/wp-content\/uploads\/2009\/08\/plazhi-copakabana_ulqin_mali-i-zi.jpg","width":"800","height":"600"},{"@type":"WebPage","@id":"https:\/\/www.visit-ulcinj.com\/blog\/2009\/08\/09\/ne-ulqin-kosovari-ndihet-si-ne-kosove\/#webpage","url":"https:\/\/www.visit-ulcinj.com\/blog\/2009\/08\/09\/ne-ulqin-kosovari-ndihet-si-ne-kosove\/","name":"N\u00eb Ulqin kosovar\u00ebt ndihet si n\u00eb Kosov\u00eb - Lajme nga Ulqini","isPartOf":{"@id":"https:\/\/www.visit-ulcinj.com\/blog\/#website"},"primaryImageOfPage":{"@id":"https:\/\/www.visit-ulcinj.com\/blog\/2009\/08\/09\/ne-ulqin-kosovari-ndihet-si-ne-kosove\/#primaryimage"},"datePublished":"2009-08-09T20:08:46+00:00","dateModified":"2009-08-09T20:09:33+00:00","author":{"@id":"https:\/\/www.visit-ulcinj.com\/blog\/#\/schema\/person\/dcab619c614d3038751c63bc2aadc06d"},"description":"T\u00eb ndihesh si n\u00eb tok\u00ebn t\u00ebnde Jo larg detit n\u00eb r\u00ebr\u00eb ishin vendosur dhe renditeshin shtret\u00ebrit t\u00eb mbuluar me mbuloja n\u00eb forma ombrellash t\u00eb llojllojshme nga","breadcrumb":{"@id":"https:\/\/www.visit-ulcinj.com\/blog\/2009\/08\/09\/ne-ulqin-kosovari-ndihet-si-ne-kosove\/#breadcrumb"},"inLanguage":"en-US","potentialAction":[{"@type":"ReadAction","target":["https:\/\/www.visit-ulcinj.com\/blog\/2009\/08\/09\/ne-ulqin-kosovari-ndihet-si-ne-kosove\/"]}]},{"@type":"BreadcrumbList","@id":"https:\/\/www.visit-ulcinj.com\/blog\/2009\/08\/09\/ne-ulqin-kosovari-ndihet-si-ne-kosove\/#breadcrumb","itemListElement":[{"@type":"ListItem","position":1,"name":"N\u00eb Ulqin kosovar\u00ebt ndihet si n\u00eb Kosov\u00eb"}]},{"@type":"Person","@id":"https:\/\/www.visit-ulcinj.com\/blog\/#\/schema\/person\/dcab619c614d3038751c63bc2aadc06d","name":"ulqini","sameAs":["http:\/\/www.visit-ulcinj.com"],"url":"https:\/\/www.visit-ulcinj.com\/blog\/author\/admin\/"}]}},"jetpack_featured_media_url":"","jetpack_sharing_enabled":true,"jetpack_shortlink":"https:\/\/wp.me\/pe6lTn-6kA","_links":{"self":[{"href":"https:\/\/www.visit-ulcinj.com\/blog\/wp-json\/wp\/v2\/posts\/24340"}],"collection":[{"href":"https:\/\/www.visit-ulcinj.com\/blog\/wp-json\/wp\/v2\/posts"}],"about":[{"href":"https:\/\/www.visit-ulcinj.com\/blog\/wp-json\/wp\/v2\/types\/post"}],"author":[{"embeddable":true,"href":"https:\/\/www.visit-ulcinj.com\/blog\/wp-json\/wp\/v2\/users\/1"}],"replies":[{"embeddable":true,"href":"https:\/\/www.visit-ulcinj.com\/blog\/wp-json\/wp\/v2\/comments?post=24340"}],"version-history":[{"count":0,"href":"https:\/\/www.visit-ulcinj.com\/blog\/wp-json\/wp\/v2\/posts\/24340\/revisions"}],"wp:attachment":[{"href":"https:\/\/www.visit-ulcinj.com\/blog\/wp-json\/wp\/v2\/media?parent=24340"}],"wp:term":[{"taxonomy":"category","embeddable":true,"href":"https:\/\/www.visit-ulcinj.com\/blog\/wp-json\/wp\/v2\/categories?post=24340"},{"taxonomy":"post_tag","embeddable":true,"href":"https:\/\/www.visit-ulcinj.com\/blog\/wp-json\/wp\/v2\/tags?post=24340"}],"curies":[{"name":"wp","href":"https:\/\/api.w.org\/{rel}","templated":true}]}}