{"id":24361,"date":"2009-08-09T23:33:15","date_gmt":"2009-08-09T21:33:15","guid":{"rendered":"http:\/\/www.visit-ulcinj.com\/blog\/?p=24361"},"modified":"2009-08-09T23:33:15","modified_gmt":"2009-08-09T21:33:15","slug":"formimi-i-klubit-do-te-faktorizoje-perfaqesimin-e-shqiptareve","status":"publish","type":"post","link":"https:\/\/www.visit-ulcinj.com\/blog\/2009\/08\/09\/formimi-i-klubit-do-te-faktorizoje-perfaqesimin-e-shqiptareve\/","title":{"rendered":"Formimi i Klubit do t\u00eb faktorizoj\u00eb p\u00ebrfaq\u00ebsimin e shqiptar\u00ebve"},"content":{"rendered":"<p><a href=\"http:\/\/www.visit-ulcinj.com\/blog\/wp-content\/uploads\/2009\/08\/ali-rexha.jpg\"><img loading=\"lazy\" class=\"alignleft size-full wp-image-24362\" title=\"ali-rexha\" src=\"http:\/\/www.visit-ulcinj.com\/blog\/wp-content\/uploads\/2009\/08\/ali-rexha.jpg\" alt=\"ali-rexha\" width=\"330\" height=\"347\" \/><\/a>Edhe pse n\u00eb Zgjedhjet Parlamentare t\u00eb Malit t\u00eb Zi shqiptar\u00ebt n\u00eb m\u00ebnyr\u00eb masive u p\u00ebrcaktuan p\u00ebr partit\u00eb nacionale, p\u00ebr fat t\u00eb keq, bazuar n\u00eb rrjedhat e fundit t\u00eb Kuvendit Republikan, po shihen mang\u00ebsi n\u00eb perfaq\u00ebsimin e interesave t\u00eb shqiptar\u00ebve. Kjo u pa n\u00eb seanc\u00ebn e fundit t\u00eb Kuvendit, pik\u00ebrisht gjat\u00eb \u201eor\u00ebs ministrore\u201c ku deputet\u00ebt shqiptar\u00eb nuk i parashtruan asnj\u00eb pyetje Kryeministrit duke krijuar k\u00ebshtu p\u00ebrshtypjen se shqiptar\u00ebt i kan\u00eb zgjedhur te gjitha problemet e veta dhe nuk kan\u00eb asnj\u00eb v\u00ebrejtje p\u00ebr pun\u00ebn e deritanishme t\u00eb Qeveris\u00eb.<br \/>\nPse ndodh kjo? P\u00ebr ata q\u00eb jan\u00eb m\u00eb pak t\u00eb informuar, cekim se kjo ndodh p\u00ebr arsye t\u00eb mosformimit t\u00eb klubit t\u00eb deputet\u00ebve shqiptar\u00eb, ngase sipas Rregullores s\u00eb pun\u00ebs t\u00eb Kuvendit, t\u00eb drejt\u00eb p\u00ebr t\u00eb shtruar pyetje kryeministrit kan\u00eb vet\u00ebm klubet e deputet\u00ebve, e jo deputeti ve\u00e7mas. Kjo do t\u00eb thot\u00eb se deputet\u00ebt shqipatar\u00eb n\u00ebse nuk e formojn\u00eb klubin e tyre, at\u00ebher\u00eb p\u00ebrpos atyre pyetjeve t\u00eb parashtruara gjat\u00eb em\u00ebrimit t\u00eb mandatarit, edhe n\u00eb t\u00eb ardhmen, pa formuar klubin e tyre, nuk do t\u00eb ken\u00eb t\u00eb drejt\u00eb t`i parashtrojn\u00eb asnj\u00eb pyetje kryeministrit!<br \/>\nPPD u t\u00ebrheq v\u00ebrejtjen deputet\u00ebve shqiptar\u00eb q\u00eb me mir\u00ebkuptim t\u00eb arrijn\u00eb nj\u00eb marr\u00ebveshje nd\u00ebrpartiake dhe t\u00eb formojn\u00eb sa m\u00eb par\u00eb klubin e tyre. P\u00ebrndryshe, n\u00ebse ia lejojn\u00eb vetes q\u00eb edhe m\u00eb tutje t\u00eb punojn\u00eb t\u00eb pavarur (lexo: p\u00ebr\u00e7ar\u00eb) dhe jasht\u00eb Rregullores s\u00eb pun\u00ebs s\u00eb Kuvendit do t\u00eb rr\u00ebshqasin n\u00eb poltronizma dhe do t\u00eb punojn\u00eb n\u00eb sh\u00ebrbim t\u00eb qeveris\u00eb n\u00eb m\u00ebnyr\u00eb t\u00eb kusht\u00ebzuar. K\u00ebt\u00eb bindje e mb\u00ebshtesim duke analizuar rastin e fundit t\u00eb em\u00ebrimit t\u00eb deputetit Hollaj p\u00ebr an\u00ebtar t\u00eb Komisionit p\u00ebr integrime&#8230;. me propozim te deputetit, Bardhi. Kjo kandidatur\u00eb u p\u00ebrkrah edhe nga gisht\u00ebrinjt\u00eb e \u00abDPS-SDP\u00bb edhe pse rregullorja e Kuvendit nuk lejon nj\u00eb gj\u00eb t\u00eb till\u00eb p\u00ebr shkak t\u00eb munges\u00ebs s\u00eb Klubit shqiptar. Kjo shkelje e rregullores, gjegj\u00ebsisht p\u00ebrkrahje me siguri do t\u00eb ket\u00eb \u00e7mimin e vet si psh. vot\u00eb e sigurt\u00eb n\u00eb pun\u00ebn e komisionit te udh\u00ebhequr nga partia n\u00eb pushtet. Se kjo nuk \u00ebsht\u00eb krejt\u00ebsisht konstatim hipotetik d\u00ebshmojn\u00eb edhe disa shkrime n\u00eb media.<br \/>\nMendojm\u00eb se mosformimi i klubit t\u00eb p\u00ebrbashk\u00ebt t\u00eb deputet\u00ebve shqiptar\u00eb hedh drit\u00eb n\u00eb defektet e pariparushme, t\u00eb pakt\u00ebn deri tani, t\u00eb subjekteve nacionale t\u00eb cilat \u00e7uan n\u00eb pamundsin\u00eb e krijimit t\u00eb koalicionit gjith\u00ebshqiptar, ose t\u00eb pakt\u00ebn q\u00eb shqiptar\u00ebt t\u00eb shkonin n\u00eb dy apo m\u00eb s\u00eb shumti tri kolona, gj\u00eb q\u00eb do t\u00eb ishte m\u00eb frytdh\u00ebn\u00ebse p\u00ebr p\u00ebrfaq\u00ebsim t\u00eb denj\u00eb. Formimi i Klubit do t\u00eb faktorizoj\u00eb p\u00ebrfaq\u00ebsimin e shqiptar\u00ebve n\u00eb Kuvendin e Malit t\u00eb Zi dhe m\u00eb gjer\u00eb.<br \/>\nPo ashtu, t\u00ebrheqim verejtjen se edhe K\u00ebshilli Nacional i Shqiptar\u00ebve ka mang\u00ebsi t\u00eb shumta, dhe si forum i qeveris\u00eb me mandat zgjedhor nuk reflekton drejt realitetin e ri; andaj, ky forum medoemos do te duhet t\u00eb rizgjidhet. PPD \u00ebsht\u00eb e mendimit se p\u00ebr k\u00ebt\u00eb \u00e7\u00ebshtje duhet t\u00eb inicohen tryeza t\u00eb rumbullakta p\u00ebr t\u00eb tejkaluar problemin e paraqitur me K\u00ebshillin Nacional nt\u00eb Shqiptar\u00ebve m\u00ebnyr\u00eb q\u00eb t\u00eb fitohet nj\u00eb p\u00ebrfaqsim meritor.<br \/>\n(autori \u00ebsht\u00eb kryetar i PPD-s\u00eb)<\/p>\n<p><strong>Ali Rexha<br \/>\nKoha Javore<\/strong><\/p>\n","protected":false},"excerpt":{"rendered":"<p>Edhe pse n\u00eb Zgjedhjet Parlamentare t\u00eb Malit t\u00eb Zi shqiptar\u00ebt n\u00eb m\u00ebnyr\u00eb masive u p\u00ebrcaktuan p\u00ebr partit\u00eb nacionale, p\u00ebr fat t\u00eb keq, bazuar n\u00eb rrjedhat e fundit t\u00eb Kuvendit Republikan, po shihen mang\u00ebsi n\u00eb perfaq\u00ebsimin e interesave t\u00eb shqiptar\u00ebve. Kjo u pa n\u00eb seanc\u00ebn e fundit t\u00eb Kuvendit, pik\u00ebrisht gjat\u00eb \u201eor\u00ebs ministrore\u201c ku deputet\u00ebt shqiptar\u00eb [&hellip;]<\/p>\n","protected":false},"author":1,"featured_media":0,"comment_status":"open","ping_status":"closed","sticky":false,"template":"","format":"standard","meta":{"spay_email":"","jetpack_publicize_message":"","jetpack_is_tweetstorm":false,"jetpack_publicize_feature_enabled":true},"categories":[12],"tags":[8027,2700,95,200,18],"jetpack_publicize_connections":[],"yoast_head":"<!-- This site is optimized with the Yoast SEO plugin v19.1 - https:\/\/yoast.com\/wordpress\/plugins\/seo\/ -->\n<title>Formimi i Klubit do t\u00eb faktorizoj\u00eb p\u00ebrfaq\u00ebsimin e shqiptar\u00ebve - Lajme nga Ulqini<\/title>\n<meta name=\"description\" content=\"Edhe pse n\u00eb Zgjedhjet Parlamentare t\u00eb Malit t\u00eb Zi shqiptar\u00ebt n\u00eb m\u00ebnyr\u00eb masive u p\u00ebrcaktuan p\u00ebr partit\u00eb nacionale, p\u00ebr fat t\u00eb keq, bazuar n\u00eb rrjedhat e\" \/>\n<meta name=\"robots\" content=\"index, follow, max-snippet:-1, max-image-preview:large, max-video-preview:-1\" \/>\n<link rel=\"canonical\" href=\"https:\/\/www.visit-ulcinj.com\/blog\/2009\/08\/09\/formimi-i-klubit-do-te-faktorizoje-perfaqesimin-e-shqiptareve\/\" \/>\n<meta property=\"og:locale\" content=\"en_US\" \/>\n<meta property=\"og:type\" content=\"article\" \/>\n<meta property=\"og:title\" content=\"Formimi i Klubit do t\u00eb faktorizoj\u00eb p\u00ebrfaq\u00ebsimin e shqiptar\u00ebve - Lajme nga Ulqini\" \/>\n<meta property=\"og:description\" content=\"Edhe pse n\u00eb Zgjedhjet Parlamentare t\u00eb Malit t\u00eb Zi shqiptar\u00ebt n\u00eb m\u00ebnyr\u00eb masive u p\u00ebrcaktuan p\u00ebr partit\u00eb nacionale, p\u00ebr fat t\u00eb keq, bazuar n\u00eb rrjedhat e\" \/>\n<meta property=\"og:url\" content=\"https:\/\/www.visit-ulcinj.com\/blog\/2009\/08\/09\/formimi-i-klubit-do-te-faktorizoje-perfaqesimin-e-shqiptareve\/\" \/>\n<meta property=\"og:site_name\" content=\"Lajme nga Ulqini\" \/>\n<meta property=\"article:published_time\" content=\"2009-08-09T21:33:15+00:00\" \/>\n<meta property=\"og:image\" content=\"http:\/\/www.visit-ulcinj.com\/blog\/wp-content\/uploads\/2009\/08\/ali-rexha.jpg\" \/>\n<meta name=\"twitter:label1\" content=\"Written by\" \/>\n\t<meta name=\"twitter:data1\" content=\"ulqini\" \/>\n\t<meta name=\"twitter:label2\" content=\"Est. reading time\" \/>\n\t<meta name=\"twitter:data2\" content=\"3 minutes\" \/>\n<script type=\"application\/ld+json\" class=\"yoast-schema-graph\">{\"@context\":\"https:\/\/schema.org\",\"@graph\":[{\"@type\":\"WebSite\",\"@id\":\"https:\/\/www.visit-ulcinj.com\/blog\/#website\",\"url\":\"https:\/\/www.visit-ulcinj.com\/blog\/\",\"name\":\"Lajme nga Ulqini\",\"description\":\"Lajme,Vijesti,Ulqini,Ulqin,Crna Gora,Mali i Zi\",\"potentialAction\":[{\"@type\":\"SearchAction\",\"target\":{\"@type\":\"EntryPoint\",\"urlTemplate\":\"https:\/\/www.visit-ulcinj.com\/blog\/?s={search_term_string}\"},\"query-input\":\"required name=search_term_string\"}],\"inLanguage\":\"en-US\"},{\"@type\":\"ImageObject\",\"inLanguage\":\"en-US\",\"@id\":\"https:\/\/www.visit-ulcinj.com\/blog\/2009\/08\/09\/formimi-i-klubit-do-te-faktorizoje-perfaqesimin-e-shqiptareve\/#primaryimage\",\"url\":\"https:\/\/www.visit-ulcinj.com\/blog\/wp-content\/uploads\/2009\/08\/ali-rexha.jpg\",\"contentUrl\":\"https:\/\/www.visit-ulcinj.com\/blog\/wp-content\/uploads\/2009\/08\/ali-rexha.jpg\",\"width\":\"240\",\"height\":\"253\"},{\"@type\":\"WebPage\",\"@id\":\"https:\/\/www.visit-ulcinj.com\/blog\/2009\/08\/09\/formimi-i-klubit-do-te-faktorizoje-perfaqesimin-e-shqiptareve\/#webpage\",\"url\":\"https:\/\/www.visit-ulcinj.com\/blog\/2009\/08\/09\/formimi-i-klubit-do-te-faktorizoje-perfaqesimin-e-shqiptareve\/\",\"name\":\"Formimi i Klubit do t\u00eb faktorizoj\u00eb p\u00ebrfaq\u00ebsimin e shqiptar\u00ebve - Lajme nga Ulqini\",\"isPartOf\":{\"@id\":\"https:\/\/www.visit-ulcinj.com\/blog\/#website\"},\"primaryImageOfPage\":{\"@id\":\"https:\/\/www.visit-ulcinj.com\/blog\/2009\/08\/09\/formimi-i-klubit-do-te-faktorizoje-perfaqesimin-e-shqiptareve\/#primaryimage\"},\"datePublished\":\"2009-08-09T21:33:15+00:00\",\"dateModified\":\"2009-08-09T21:33:15+00:00\",\"author\":{\"@id\":\"https:\/\/www.visit-ulcinj.com\/blog\/#\/schema\/person\/dcab619c614d3038751c63bc2aadc06d\"},\"description\":\"Edhe pse n\u00eb Zgjedhjet Parlamentare t\u00eb Malit t\u00eb Zi shqiptar\u00ebt n\u00eb m\u00ebnyr\u00eb masive u p\u00ebrcaktuan p\u00ebr partit\u00eb nacionale, p\u00ebr fat t\u00eb keq, bazuar n\u00eb rrjedhat e\",\"breadcrumb\":{\"@id\":\"https:\/\/www.visit-ulcinj.com\/blog\/2009\/08\/09\/formimi-i-klubit-do-te-faktorizoje-perfaqesimin-e-shqiptareve\/#breadcrumb\"},\"inLanguage\":\"en-US\",\"potentialAction\":[{\"@type\":\"ReadAction\",\"target\":[\"https:\/\/www.visit-ulcinj.com\/blog\/2009\/08\/09\/formimi-i-klubit-do-te-faktorizoje-perfaqesimin-e-shqiptareve\/\"]}]},{\"@type\":\"BreadcrumbList\",\"@id\":\"https:\/\/www.visit-ulcinj.com\/blog\/2009\/08\/09\/formimi-i-klubit-do-te-faktorizoje-perfaqesimin-e-shqiptareve\/#breadcrumb\",\"itemListElement\":[{\"@type\":\"ListItem\",\"position\":1,\"name\":\"Formimi i Klubit do t\u00eb faktorizoj\u00eb p\u00ebrfaq\u00ebsimin e shqiptar\u00ebve\"}]},{\"@type\":\"Person\",\"@id\":\"https:\/\/www.visit-ulcinj.com\/blog\/#\/schema\/person\/dcab619c614d3038751c63bc2aadc06d\",\"name\":\"ulqini\",\"sameAs\":[\"http:\/\/www.visit-ulcinj.com\"],\"url\":\"https:\/\/www.visit-ulcinj.com\/blog\/author\/admin\/\"}]}<\/script>\n<!-- \/ Yoast SEO plugin. -->","yoast_head_json":{"title":"Formimi i Klubit do t\u00eb faktorizoj\u00eb p\u00ebrfaq\u00ebsimin e shqiptar\u00ebve - Lajme nga Ulqini","description":"Edhe pse n\u00eb Zgjedhjet Parlamentare t\u00eb Malit t\u00eb Zi shqiptar\u00ebt n\u00eb m\u00ebnyr\u00eb masive u p\u00ebrcaktuan p\u00ebr partit\u00eb nacionale, p\u00ebr fat t\u00eb keq, bazuar n\u00eb rrjedhat e","robots":{"index":"index","follow":"follow","max-snippet":"max-snippet:-1","max-image-preview":"max-image-preview:large","max-video-preview":"max-video-preview:-1"},"canonical":"https:\/\/www.visit-ulcinj.com\/blog\/2009\/08\/09\/formimi-i-klubit-do-te-faktorizoje-perfaqesimin-e-shqiptareve\/","og_locale":"en_US","og_type":"article","og_title":"Formimi i Klubit do t\u00eb faktorizoj\u00eb p\u00ebrfaq\u00ebsimin e shqiptar\u00ebve - Lajme nga Ulqini","og_description":"Edhe pse n\u00eb Zgjedhjet Parlamentare t\u00eb Malit t\u00eb Zi shqiptar\u00ebt n\u00eb m\u00ebnyr\u00eb masive u p\u00ebrcaktuan p\u00ebr partit\u00eb nacionale, p\u00ebr fat t\u00eb keq, bazuar n\u00eb rrjedhat e","og_url":"https:\/\/www.visit-ulcinj.com\/blog\/2009\/08\/09\/formimi-i-klubit-do-te-faktorizoje-perfaqesimin-e-shqiptareve\/","og_site_name":"Lajme nga Ulqini","article_published_time":"2009-08-09T21:33:15+00:00","og_image":[{"url":"http:\/\/www.visit-ulcinj.com\/blog\/wp-content\/uploads\/2009\/08\/ali-rexha.jpg"}],"twitter_misc":{"Written by":"ulqini","Est. reading time":"3 minutes"},"schema":{"@context":"https:\/\/schema.org","@graph":[{"@type":"WebSite","@id":"https:\/\/www.visit-ulcinj.com\/blog\/#website","url":"https:\/\/www.visit-ulcinj.com\/blog\/","name":"Lajme nga Ulqini","description":"Lajme,Vijesti,Ulqini,Ulqin,Crna Gora,Mali i Zi","potentialAction":[{"@type":"SearchAction","target":{"@type":"EntryPoint","urlTemplate":"https:\/\/www.visit-ulcinj.com\/blog\/?s={search_term_string}"},"query-input":"required name=search_term_string"}],"inLanguage":"en-US"},{"@type":"ImageObject","inLanguage":"en-US","@id":"https:\/\/www.visit-ulcinj.com\/blog\/2009\/08\/09\/formimi-i-klubit-do-te-faktorizoje-perfaqesimin-e-shqiptareve\/#primaryimage","url":"https:\/\/www.visit-ulcinj.com\/blog\/wp-content\/uploads\/2009\/08\/ali-rexha.jpg","contentUrl":"https:\/\/www.visit-ulcinj.com\/blog\/wp-content\/uploads\/2009\/08\/ali-rexha.jpg","width":"240","height":"253"},{"@type":"WebPage","@id":"https:\/\/www.visit-ulcinj.com\/blog\/2009\/08\/09\/formimi-i-klubit-do-te-faktorizoje-perfaqesimin-e-shqiptareve\/#webpage","url":"https:\/\/www.visit-ulcinj.com\/blog\/2009\/08\/09\/formimi-i-klubit-do-te-faktorizoje-perfaqesimin-e-shqiptareve\/","name":"Formimi i Klubit do t\u00eb faktorizoj\u00eb p\u00ebrfaq\u00ebsimin e shqiptar\u00ebve - Lajme nga Ulqini","isPartOf":{"@id":"https:\/\/www.visit-ulcinj.com\/blog\/#website"},"primaryImageOfPage":{"@id":"https:\/\/www.visit-ulcinj.com\/blog\/2009\/08\/09\/formimi-i-klubit-do-te-faktorizoje-perfaqesimin-e-shqiptareve\/#primaryimage"},"datePublished":"2009-08-09T21:33:15+00:00","dateModified":"2009-08-09T21:33:15+00:00","author":{"@id":"https:\/\/www.visit-ulcinj.com\/blog\/#\/schema\/person\/dcab619c614d3038751c63bc2aadc06d"},"description":"Edhe pse n\u00eb Zgjedhjet Parlamentare t\u00eb Malit t\u00eb Zi shqiptar\u00ebt n\u00eb m\u00ebnyr\u00eb masive u p\u00ebrcaktuan p\u00ebr partit\u00eb nacionale, p\u00ebr fat t\u00eb keq, bazuar n\u00eb rrjedhat e","breadcrumb":{"@id":"https:\/\/www.visit-ulcinj.com\/blog\/2009\/08\/09\/formimi-i-klubit-do-te-faktorizoje-perfaqesimin-e-shqiptareve\/#breadcrumb"},"inLanguage":"en-US","potentialAction":[{"@type":"ReadAction","target":["https:\/\/www.visit-ulcinj.com\/blog\/2009\/08\/09\/formimi-i-klubit-do-te-faktorizoje-perfaqesimin-e-shqiptareve\/"]}]},{"@type":"BreadcrumbList","@id":"https:\/\/www.visit-ulcinj.com\/blog\/2009\/08\/09\/formimi-i-klubit-do-te-faktorizoje-perfaqesimin-e-shqiptareve\/#breadcrumb","itemListElement":[{"@type":"ListItem","position":1,"name":"Formimi i Klubit do t\u00eb faktorizoj\u00eb p\u00ebrfaq\u00ebsimin e shqiptar\u00ebve"}]},{"@type":"Person","@id":"https:\/\/www.visit-ulcinj.com\/blog\/#\/schema\/person\/dcab619c614d3038751c63bc2aadc06d","name":"ulqini","sameAs":["http:\/\/www.visit-ulcinj.com"],"url":"https:\/\/www.visit-ulcinj.com\/blog\/author\/admin\/"}]}},"jetpack_featured_media_url":"","jetpack_sharing_enabled":true,"jetpack_shortlink":"https:\/\/wp.me\/pe6lTn-6kV","_links":{"self":[{"href":"https:\/\/www.visit-ulcinj.com\/blog\/wp-json\/wp\/v2\/posts\/24361"}],"collection":[{"href":"https:\/\/www.visit-ulcinj.com\/blog\/wp-json\/wp\/v2\/posts"}],"about":[{"href":"https:\/\/www.visit-ulcinj.com\/blog\/wp-json\/wp\/v2\/types\/post"}],"author":[{"embeddable":true,"href":"https:\/\/www.visit-ulcinj.com\/blog\/wp-json\/wp\/v2\/users\/1"}],"replies":[{"embeddable":true,"href":"https:\/\/www.visit-ulcinj.com\/blog\/wp-json\/wp\/v2\/comments?post=24361"}],"version-history":[{"count":0,"href":"https:\/\/www.visit-ulcinj.com\/blog\/wp-json\/wp\/v2\/posts\/24361\/revisions"}],"wp:attachment":[{"href":"https:\/\/www.visit-ulcinj.com\/blog\/wp-json\/wp\/v2\/media?parent=24361"}],"wp:term":[{"taxonomy":"category","embeddable":true,"href":"https:\/\/www.visit-ulcinj.com\/blog\/wp-json\/wp\/v2\/categories?post=24361"},{"taxonomy":"post_tag","embeddable":true,"href":"https:\/\/www.visit-ulcinj.com\/blog\/wp-json\/wp\/v2\/tags?post=24361"}],"curies":[{"name":"wp","href":"https:\/\/api.w.org\/{rel}","templated":true}]}}