{"id":24364,"date":"2009-08-10T08:32:43","date_gmt":"2009-08-10T06:32:43","guid":{"rendered":"http:\/\/www.visit-ulcinj.com\/blog\/?p=24364"},"modified":"2009-08-10T08:51:02","modified_gmt":"2009-08-10T06:51:02","slug":"turisticka-posjeta-u-crnoj-gori-dostigla-vrhunac","status":"publish","type":"post","link":"https:\/\/www.visit-ulcinj.com\/blog\/2009\/08\/10\/turisticka-posjeta-u-crnoj-gori-dostigla-vrhunac\/","title":{"rendered":"Turisti?ka posjeta u crnoj gori dostigla vrhunac"},"content":{"rendered":"<p><strong><a href=\"http:\/\/www.visit-ulcinj.com\/blog\/wp-content\/uploads\/2009\/08\/Mala-Plaza-Ulcinj1.jpg\"><img loading=\"lazy\" class=\"alignleft size-full wp-image-24366\" title=\"Mala Plaza Ulcinj\" src=\"http:\/\/www.visit-ulcinj.com\/blog\/wp-content\/uploads\/2009\/08\/Mala-Plaza-Ulcinj1.jpg\" alt=\"Mala Plaza Ulcinj\" width=\"580\" height=\"400\" \/><\/a>Sezona u zenitu<\/strong><br \/>\nCrnogorsko primorje, 9. avgusta &#8211; Kolone automobila i autobusa, veliki broj motocikala na saobra?ajnicama koje povezuju unutra\u0161njost Crne Gore sa Primorjem, bile su prava slika protekla dva dana. Poja?ana frekfencija na moru, gu\u017eva na \u017deljezni?koj stanici u Baru i u zra?nim lukama u Tivtu i Podgorici tako?e su obilje\u017eili dane vikenda. Ista slika se ponovila i danas, kada je dodatno zabilje\u017eena invazija na pla\u017ee, ?emu je poseban doprinos dalo veoma toplo vrijeme, koje jedino apsolutno pogoduje turizmu i ovoj godini globalne ekonomske krize.<\/p>\n<p>Prizori na pla\u017eama i njihovim prilazima, kao i na prostorima za parkiranje, more koje je izgledalo kao proklju?ali lonac, najbolji su pokazatelji da je avgust mjesec kada se ne biraju sredstva i na?ini da se stigne do mora. Sve to, kao i zvani?na statistika, prema kojoj u Crnoj Gori boravi oko 110.000 registrovanih turista (uz bar jo\u0161 toliko gostiju koji se ne tretiraju kao turisti), \u0161to je za pet procenata vi\u0161e nego u isto vrijeme pro\u0161le godine, potvr?uju da je ovogodi\u0161nja turisti?ka sezona ovoga vikenda dostigla svoj zenit.<\/p>\n<p>Budva je i ovoga ljeta glavna meta turista i svojevrsni turisti?ki epicentar na na\u0161oj obali, pa su se za ljetovanje u na\u0161oj metropoli odlu?ili najbrojniji turisti, te tako ona ovih dana pru\u017ea gostoprimstvo polovini od broja turista koji ljetuju u Crnoj Gori.<\/p>\n<p>Pored tradicionalno najvjernijih i najbrojnijih turista iz Srbije, ovih avgustovskih dana u na\u0161a ljetovali\u0161ta, uz goste iz regiona, Rusije i zapadnoevropskih zemalja, u ne\u0161to ve?em broju sti\u017eu Italijani, koji su, po tradiciji, prije devet dana krenuli na njihov ?uveni godi\u0161nji odmor -feragosto.<\/p>\n<p><strong>N. Perkovi?<br \/>\n<a href=\"http:\/\/www.pobjeda.co.me\/citanje.php?datum=2009-08-10&amp;id=169149\" target=\"_blank\">Pobjeda<\/p>\n<div><object width=\"580\" height=\"386\"><param name=\"movie\" value=\"http:\/\/www.dailymotion.com\/swf\/xa1jp1_mcm-beach-ulcinj-ulqini-montenegro_travel&#038;autoPlay=1&#038;related=1\"><\/param><param name=\"allowFullScreen\" value=\"true\"><\/param><param name=\"allowScriptAccess\" value=\"always\"><\/param><\/object><\/p>\n","protected":false},"excerpt":{"rendered":"<p>Sezona u zenitu Crnogorsko primorje, 9. avgusta &#8211; Kolone automobila i autobusa, veliki broj motocikala na saobra?ajnicama koje povezuju unutra\u0161njost Crne Gore sa Primorjem, bile su prava slika protekla dva dana. Poja?ana frekfencija na moru, gu\u017eva na \u017deljezni?koj stanici u Baru i u zra?nim lukama u Tivtu i Podgorici tako?e su obilje\u017eili dane vikenda. Ista [&hellip;]<\/p>\n","protected":false},"author":1,"featured_media":0,"comment_status":"open","ping_status":"closed","sticky":false,"template":"","format":"standard","meta":{"spay_email":"","jetpack_publicize_message":"","jetpack_is_tweetstorm":false,"jetpack_publicize_feature_enabled":true},"categories":[8337],"tags":[21,2756,19],"jetpack_publicize_connections":[],"yoast_head":"<!-- This site is optimized with the Yoast SEO plugin v19.1 - https:\/\/yoast.com\/wordpress\/plugins\/seo\/ -->\n<title>Turisti?ka posjeta u crnoj gori dostigla vrhunac - Lajme nga Ulqini<\/title>\n<meta name=\"description\" content=\"Sezona u zenitu Crnogorsko primorje, 9. avgusta - Kolone automobila i autobusa, veliki broj motocikala na saobra?ajnicama koje povezuju unutra\u0161njost Crne\" \/>\n<meta name=\"robots\" content=\"index, follow, max-snippet:-1, max-image-preview:large, max-video-preview:-1\" \/>\n<link rel=\"canonical\" href=\"https:\/\/www.visit-ulcinj.com\/blog\/2009\/08\/10\/turisticka-posjeta-u-crnoj-gori-dostigla-vrhunac\/\" \/>\n<meta property=\"og:locale\" content=\"en_US\" \/>\n<meta property=\"og:type\" content=\"article\" \/>\n<meta property=\"og:title\" content=\"Turisti?ka posjeta u crnoj gori dostigla vrhunac - Lajme nga Ulqini\" \/>\n<meta property=\"og:description\" content=\"Sezona u zenitu Crnogorsko primorje, 9. avgusta - Kolone automobila i autobusa, veliki broj motocikala na saobra?ajnicama koje povezuju unutra\u0161njost Crne\" \/>\n<meta property=\"og:url\" content=\"https:\/\/www.visit-ulcinj.com\/blog\/2009\/08\/10\/turisticka-posjeta-u-crnoj-gori-dostigla-vrhunac\/\" \/>\n<meta property=\"og:site_name\" content=\"Lajme nga Ulqini\" \/>\n<meta property=\"article:published_time\" content=\"2009-08-10T06:32:43+00:00\" \/>\n<meta property=\"article:modified_time\" content=\"2009-08-10T06:51:02+00:00\" \/>\n<meta property=\"og:image\" content=\"http:\/\/www.visit-ulcinj.com\/blog\/wp-content\/uploads\/2009\/08\/Mala-Plaza-Ulcinj1.jpg\" \/>\n<meta name=\"twitter:label1\" content=\"Written by\" \/>\n\t<meta name=\"twitter:data1\" content=\"ulqini\" \/>\n\t<meta name=\"twitter:label2\" content=\"Est. reading time\" \/>\n\t<meta name=\"twitter:data2\" content=\"1 minute\" \/>\n<script type=\"application\/ld+json\" class=\"yoast-schema-graph\">{\"@context\":\"https:\/\/schema.org\",\"@graph\":[{\"@type\":\"WebSite\",\"@id\":\"https:\/\/www.visit-ulcinj.com\/blog\/#website\",\"url\":\"https:\/\/www.visit-ulcinj.com\/blog\/\",\"name\":\"Lajme nga Ulqini\",\"description\":\"Lajme,Vijesti,Ulqini,Ulqin,Crna Gora,Mali i Zi\",\"potentialAction\":[{\"@type\":\"SearchAction\",\"target\":{\"@type\":\"EntryPoint\",\"urlTemplate\":\"https:\/\/www.visit-ulcinj.com\/blog\/?s={search_term_string}\"},\"query-input\":\"required name=search_term_string\"}],\"inLanguage\":\"en-US\"},{\"@type\":\"ImageObject\",\"inLanguage\":\"en-US\",\"@id\":\"https:\/\/www.visit-ulcinj.com\/blog\/2009\/08\/10\/turisticka-posjeta-u-crnoj-gori-dostigla-vrhunac\/#primaryimage\",\"url\":\"https:\/\/www.visit-ulcinj.com\/blog\/wp-content\/uploads\/2009\/08\/Mala-Plaza-Ulcinj1.jpg\",\"contentUrl\":\"https:\/\/www.visit-ulcinj.com\/blog\/wp-content\/uploads\/2009\/08\/Mala-Plaza-Ulcinj1.jpg\",\"width\":\"1022\",\"height\":\"575\"},{\"@type\":\"WebPage\",\"@id\":\"https:\/\/www.visit-ulcinj.com\/blog\/2009\/08\/10\/turisticka-posjeta-u-crnoj-gori-dostigla-vrhunac\/#webpage\",\"url\":\"https:\/\/www.visit-ulcinj.com\/blog\/2009\/08\/10\/turisticka-posjeta-u-crnoj-gori-dostigla-vrhunac\/\",\"name\":\"Turisti?ka posjeta u crnoj gori dostigla vrhunac - Lajme nga Ulqini\",\"isPartOf\":{\"@id\":\"https:\/\/www.visit-ulcinj.com\/blog\/#website\"},\"primaryImageOfPage\":{\"@id\":\"https:\/\/www.visit-ulcinj.com\/blog\/2009\/08\/10\/turisticka-posjeta-u-crnoj-gori-dostigla-vrhunac\/#primaryimage\"},\"datePublished\":\"2009-08-10T06:32:43+00:00\",\"dateModified\":\"2009-08-10T06:51:02+00:00\",\"author\":{\"@id\":\"https:\/\/www.visit-ulcinj.com\/blog\/#\/schema\/person\/dcab619c614d3038751c63bc2aadc06d\"},\"description\":\"Sezona u zenitu Crnogorsko primorje, 9. avgusta - Kolone automobila i autobusa, veliki broj motocikala na saobra?ajnicama koje povezuju unutra\u0161njost Crne\",\"breadcrumb\":{\"@id\":\"https:\/\/www.visit-ulcinj.com\/blog\/2009\/08\/10\/turisticka-posjeta-u-crnoj-gori-dostigla-vrhunac\/#breadcrumb\"},\"inLanguage\":\"en-US\",\"potentialAction\":[{\"@type\":\"ReadAction\",\"target\":[\"https:\/\/www.visit-ulcinj.com\/blog\/2009\/08\/10\/turisticka-posjeta-u-crnoj-gori-dostigla-vrhunac\/\"]}]},{\"@type\":\"BreadcrumbList\",\"@id\":\"https:\/\/www.visit-ulcinj.com\/blog\/2009\/08\/10\/turisticka-posjeta-u-crnoj-gori-dostigla-vrhunac\/#breadcrumb\",\"itemListElement\":[{\"@type\":\"ListItem\",\"position\":1,\"name\":\"Turisti?ka posjeta u crnoj gori dostigla vrhunac\"}]},{\"@type\":\"Person\",\"@id\":\"https:\/\/www.visit-ulcinj.com\/blog\/#\/schema\/person\/dcab619c614d3038751c63bc2aadc06d\",\"name\":\"ulqini\",\"sameAs\":[\"http:\/\/www.visit-ulcinj.com\"],\"url\":\"https:\/\/www.visit-ulcinj.com\/blog\/author\/admin\/\"}]}<\/script>\n<!-- \/ Yoast SEO plugin. -->","yoast_head_json":{"title":"Turisti?ka posjeta u crnoj gori dostigla vrhunac - Lajme nga Ulqini","description":"Sezona u zenitu Crnogorsko primorje, 9. avgusta - Kolone automobila i autobusa, veliki broj motocikala na saobra?ajnicama koje povezuju unutra\u0161njost Crne","robots":{"index":"index","follow":"follow","max-snippet":"max-snippet:-1","max-image-preview":"max-image-preview:large","max-video-preview":"max-video-preview:-1"},"canonical":"https:\/\/www.visit-ulcinj.com\/blog\/2009\/08\/10\/turisticka-posjeta-u-crnoj-gori-dostigla-vrhunac\/","og_locale":"en_US","og_type":"article","og_title":"Turisti?ka posjeta u crnoj gori dostigla vrhunac - Lajme nga Ulqini","og_description":"Sezona u zenitu Crnogorsko primorje, 9. avgusta - Kolone automobila i autobusa, veliki broj motocikala na saobra?ajnicama koje povezuju unutra\u0161njost Crne","og_url":"https:\/\/www.visit-ulcinj.com\/blog\/2009\/08\/10\/turisticka-posjeta-u-crnoj-gori-dostigla-vrhunac\/","og_site_name":"Lajme nga Ulqini","article_published_time":"2009-08-10T06:32:43+00:00","article_modified_time":"2009-08-10T06:51:02+00:00","og_image":[{"url":"http:\/\/www.visit-ulcinj.com\/blog\/wp-content\/uploads\/2009\/08\/Mala-Plaza-Ulcinj1.jpg"}],"twitter_misc":{"Written by":"ulqini","Est. reading time":"1 minute"},"schema":{"@context":"https:\/\/schema.org","@graph":[{"@type":"WebSite","@id":"https:\/\/www.visit-ulcinj.com\/blog\/#website","url":"https:\/\/www.visit-ulcinj.com\/blog\/","name":"Lajme nga Ulqini","description":"Lajme,Vijesti,Ulqini,Ulqin,Crna Gora,Mali i Zi","potentialAction":[{"@type":"SearchAction","target":{"@type":"EntryPoint","urlTemplate":"https:\/\/www.visit-ulcinj.com\/blog\/?s={search_term_string}"},"query-input":"required name=search_term_string"}],"inLanguage":"en-US"},{"@type":"ImageObject","inLanguage":"en-US","@id":"https:\/\/www.visit-ulcinj.com\/blog\/2009\/08\/10\/turisticka-posjeta-u-crnoj-gori-dostigla-vrhunac\/#primaryimage","url":"https:\/\/www.visit-ulcinj.com\/blog\/wp-content\/uploads\/2009\/08\/Mala-Plaza-Ulcinj1.jpg","contentUrl":"https:\/\/www.visit-ulcinj.com\/blog\/wp-content\/uploads\/2009\/08\/Mala-Plaza-Ulcinj1.jpg","width":"1022","height":"575"},{"@type":"WebPage","@id":"https:\/\/www.visit-ulcinj.com\/blog\/2009\/08\/10\/turisticka-posjeta-u-crnoj-gori-dostigla-vrhunac\/#webpage","url":"https:\/\/www.visit-ulcinj.com\/blog\/2009\/08\/10\/turisticka-posjeta-u-crnoj-gori-dostigla-vrhunac\/","name":"Turisti?ka posjeta u crnoj gori dostigla vrhunac - Lajme nga Ulqini","isPartOf":{"@id":"https:\/\/www.visit-ulcinj.com\/blog\/#website"},"primaryImageOfPage":{"@id":"https:\/\/www.visit-ulcinj.com\/blog\/2009\/08\/10\/turisticka-posjeta-u-crnoj-gori-dostigla-vrhunac\/#primaryimage"},"datePublished":"2009-08-10T06:32:43+00:00","dateModified":"2009-08-10T06:51:02+00:00","author":{"@id":"https:\/\/www.visit-ulcinj.com\/blog\/#\/schema\/person\/dcab619c614d3038751c63bc2aadc06d"},"description":"Sezona u zenitu Crnogorsko primorje, 9. avgusta - Kolone automobila i autobusa, veliki broj motocikala na saobra?ajnicama koje povezuju unutra\u0161njost Crne","breadcrumb":{"@id":"https:\/\/www.visit-ulcinj.com\/blog\/2009\/08\/10\/turisticka-posjeta-u-crnoj-gori-dostigla-vrhunac\/#breadcrumb"},"inLanguage":"en-US","potentialAction":[{"@type":"ReadAction","target":["https:\/\/www.visit-ulcinj.com\/blog\/2009\/08\/10\/turisticka-posjeta-u-crnoj-gori-dostigla-vrhunac\/"]}]},{"@type":"BreadcrumbList","@id":"https:\/\/www.visit-ulcinj.com\/blog\/2009\/08\/10\/turisticka-posjeta-u-crnoj-gori-dostigla-vrhunac\/#breadcrumb","itemListElement":[{"@type":"ListItem","position":1,"name":"Turisti?ka posjeta u crnoj gori dostigla vrhunac"}]},{"@type":"Person","@id":"https:\/\/www.visit-ulcinj.com\/blog\/#\/schema\/person\/dcab619c614d3038751c63bc2aadc06d","name":"ulqini","sameAs":["http:\/\/www.visit-ulcinj.com"],"url":"https:\/\/www.visit-ulcinj.com\/blog\/author\/admin\/"}]}},"jetpack_featured_media_url":"","jetpack_sharing_enabled":true,"jetpack_shortlink":"https:\/\/wp.me\/pe6lTn-6kY","_links":{"self":[{"href":"https:\/\/www.visit-ulcinj.com\/blog\/wp-json\/wp\/v2\/posts\/24364"}],"collection":[{"href":"https:\/\/www.visit-ulcinj.com\/blog\/wp-json\/wp\/v2\/posts"}],"about":[{"href":"https:\/\/www.visit-ulcinj.com\/blog\/wp-json\/wp\/v2\/types\/post"}],"author":[{"embeddable":true,"href":"https:\/\/www.visit-ulcinj.com\/blog\/wp-json\/wp\/v2\/users\/1"}],"replies":[{"embeddable":true,"href":"https:\/\/www.visit-ulcinj.com\/blog\/wp-json\/wp\/v2\/comments?post=24364"}],"version-history":[{"count":0,"href":"https:\/\/www.visit-ulcinj.com\/blog\/wp-json\/wp\/v2\/posts\/24364\/revisions"}],"wp:attachment":[{"href":"https:\/\/www.visit-ulcinj.com\/blog\/wp-json\/wp\/v2\/media?parent=24364"}],"wp:term":[{"taxonomy":"category","embeddable":true,"href":"https:\/\/www.visit-ulcinj.com\/blog\/wp-json\/wp\/v2\/categories?post=24364"},{"taxonomy":"post_tag","embeddable":true,"href":"https:\/\/www.visit-ulcinj.com\/blog\/wp-json\/wp\/v2\/tags?post=24364"}],"curies":[{"name":"wp","href":"https:\/\/api.w.org\/{rel}","templated":true}]}}