{"id":24373,"date":"2009-08-10T10:22:13","date_gmt":"2009-08-10T08:22:13","guid":{"rendered":"http:\/\/www.visit-ulcinj.com\/blog\/?p=24373"},"modified":"2010-10-11T17:55:43","modified_gmt":"2010-10-11T15:55:43","slug":"bardhi-projekt-ligji-kontestues-per-shkak-te-statusit","status":"publish","type":"post","link":"https:\/\/www.visit-ulcinj.com\/blog\/2009\/08\/10\/bardhi-projekt-ligji-kontestues-per-shkak-te-statusit\/","title":{"rendered":"Bardhi: Projekt Ligji kontestues p\u00ebr shkak t\u00eb statusit"},"content":{"rendered":"<address><strong><a href=\"http:\/\/www.visit-ulcinj.com\/blog\/wp-content\/uploads\/2009\/08\/Mehmet-Bardhi_Kryetari-i-LD-n\u00c3\u00ab-MZ1.jpg\"><img loading=\"lazy\" class=\"alignleft size-full wp-image-24375\" title=\"Mehmet Bardhi_Kryetari i LD n\u00eb MZ\" src=\"http:\/\/www.visit-ulcinj.com\/blog\/wp-content\/uploads\/2009\/08\/Mehmet-Bardhi_Kryetari-i-LD-n\u00c3\u00ab-MZ1.jpg\" alt=\"\" width=\"300\" height=\"420\" \/><\/a>Kryetari i LD n\u00eb MZ Mehmet Bardhi thot\u00eb se ligji mbi organizimin territorial duhet t\u00eb siguroj\u00eb decentralizim m\u00eb t\u00eb madh t\u00eb pushtetit.<\/strong><\/address>\n<p>Lidhja Demokratike n\u00eb Mal t\u00eb Zi angazhohet p\u00ebr decentralizimin e pushtetit<br \/>\nKryetari i LD n\u00eb MZ Mehmet Bardhi thot\u00eb se ligji mbi organizimin territorial duhet t\u00eb siguroj\u00eb decentralizim m\u00eb t\u00eb madh t\u00eb pushtetit<br \/>\nLidhja Demokratike n\u00eb Mal t\u00eb Zi angazhohet p\u00ebr decentralizimin e pushtetit, p\u00ebr \u00e7\u2019gj\u00eb do t\u00eb duhej t\u00eb kontribuonte mjaft Ligji adekuat mbi organizimin territorial t\u00eb Malit t\u00eb Zi, ka vler\u00ebsuar kryetari i k\u00ebsaj partie, Mehmet Bardhi.<br \/>\n\u201cLigji i cili merret me ndarjen territoriale t\u00eb komunave do t\u00eb duhej t\u00eb siguroj\u00eb organizimin demokratik t\u00eb territoreve t\u00eb caktuara t\u00eb cilat kan\u00eb disa specifika t\u00eb veta, q\u00eb nga ato ekonomike e deri tek ato nacionale\u201d, ka th\u00ebn\u00eb ai p\u00ebr agjencin\u00eb Mina.<br \/>\nSipas tij, LD n\u00eb MZ konteston Projekt Ligjin mbi organizimin territorial n\u00eb radh\u00eb t\u00eb par\u00eb p\u00ebr shkak t\u00eb statusit t\u00eb komun\u00ebs s\u00eb Tuzit.<br \/>\n\u201cNuk do t\u00eb d\u00ebshironim q\u00eb ajo t\u00eb jet\u00eb komun\u00eb urbane, por statusi i saj duhet t\u00eb jet\u00eb ndryshe. Ajo \u00ebsht\u00eb tani komun\u00eb urbane e cila \u00ebsht\u00eb komun\u00eb, kurse n\u00eb realitet nuk \u00ebsht\u00eb\u201d, ka sqaruar ai.<br \/>\nAi ka th\u00ebn\u00eb se me Projekt Ligj jan\u00eb parashikuar risi q\u00eb kan\u00eb t\u00eb b\u00ebjn\u00eb me zgjedhjen e kryetarit t\u00eb Komun\u00ebs, t\u00eb cilat LD n\u00eb MZ i p\u00ebrkrah.<br \/>\nBardhi konsideron se marr\u00ebdh\u00ebniet demokratike n\u00eb Mal t\u00eb Zi nuk jan\u00eb ende t\u00eb zhvilluara n\u00eb at\u00eb mas\u00eb n\u00eb m\u00ebnyr\u00eb q\u00eb kryetarin e komun\u00ebs ta zgjedhin drejtp\u00ebrdrejt qytetar\u00ebt.<br \/>\n\u201cAt\u00eb duhet ta zgjedhin strukturat p\u00ebrkat\u00ebse n\u00eb m\u00ebnyr\u00eb q\u00eb t\u00eb mund t\u00eb shkarkohet m\u00eb leht\u00eb n\u00ebse nuk i plot\u00ebson t\u00eb gjitha detyrimet ligjore\u201d, ka th\u00ebn\u00eb ai.<\/p>\n<p><strong><br \/>\nKohapress<\/strong><\/p>\n<p><strong><!--YouTube Error: bad URL entered--><br \/>\n<\/strong><\/p>\n","protected":false},"excerpt":{"rendered":"<p>Kryetari i LD n\u00eb MZ Mehmet Bardhi thot\u00eb se ligji mbi organizimin territorial duhet t\u00eb siguroj\u00eb decentralizim m\u00eb t\u00eb madh t\u00eb pushtetit. Lidhja Demokratike n\u00eb Mal t\u00eb Zi angazhohet p\u00ebr decentralizimin e pushtetit Kryetari i LD n\u00eb MZ Mehmet Bardhi thot\u00eb se ligji mbi organizimin territorial duhet t\u00eb siguroj\u00eb decentralizim m\u00eb t\u00eb madh t\u00eb pushtetit [&hellip;]<\/p>\n","protected":false},"author":1,"featured_media":0,"comment_status":"open","ping_status":"closed","sticky":false,"template":"","format":"standard","meta":{"spay_email":"","jetpack_publicize_message":"","jetpack_is_tweetstorm":false,"jetpack_publicize_feature_enabled":true},"categories":[1],"tags":[12171,12170,687,12172],"jetpack_publicize_connections":[],"yoast_head":"<!-- This site is optimized with the Yoast SEO plugin v19.1 - https:\/\/yoast.com\/wordpress\/plugins\/seo\/ -->\n<title>Bardhi: Projekt Ligji kontestues p\u00ebr shkak t\u00eb statusit - Lajme nga Ulqini<\/title>\n<meta name=\"description\" content=\"Kryetari i LD n\u00eb MZ Mehmet Bardhi thot\u00eb se ligji mbi organizimin territorial duhet t\u00eb siguroj\u00eb decentralizim m\u00eb t\u00eb madh t\u00eb pushtetit.Lidhja Demokratike n\u00eb\" \/>\n<meta name=\"robots\" content=\"index, follow, max-snippet:-1, max-image-preview:large, max-video-preview:-1\" \/>\n<link rel=\"canonical\" href=\"https:\/\/www.visit-ulcinj.com\/blog\/2009\/08\/10\/bardhi-projekt-ligji-kontestues-per-shkak-te-statusit\/\" \/>\n<meta property=\"og:locale\" content=\"en_US\" \/>\n<meta property=\"og:type\" content=\"article\" \/>\n<meta property=\"og:title\" content=\"Bardhi: Projekt Ligji kontestues p\u00ebr shkak t\u00eb statusit - Lajme nga Ulqini\" \/>\n<meta property=\"og:description\" content=\"Kryetari i LD n\u00eb MZ Mehmet Bardhi thot\u00eb se ligji mbi organizimin territorial duhet t\u00eb siguroj\u00eb decentralizim m\u00eb t\u00eb madh t\u00eb pushtetit.Lidhja Demokratike n\u00eb\" \/>\n<meta property=\"og:url\" content=\"https:\/\/www.visit-ulcinj.com\/blog\/2009\/08\/10\/bardhi-projekt-ligji-kontestues-per-shkak-te-statusit\/\" \/>\n<meta property=\"og:site_name\" content=\"Lajme nga Ulqini\" \/>\n<meta property=\"article:published_time\" content=\"2009-08-10T08:22:13+00:00\" \/>\n<meta property=\"article:modified_time\" content=\"2010-10-11T15:55:43+00:00\" \/>\n<meta name=\"twitter:label1\" content=\"Written by\" \/>\n\t<meta name=\"twitter:data1\" content=\"ulqini\" \/>\n\t<meta name=\"twitter:label2\" content=\"Est. reading time\" \/>\n\t<meta name=\"twitter:data2\" content=\"2 minutes\" \/>\n<script type=\"application\/ld+json\" class=\"yoast-schema-graph\">{\"@context\":\"https:\/\/schema.org\",\"@graph\":[{\"@type\":\"WebSite\",\"@id\":\"https:\/\/www.visit-ulcinj.com\/blog\/#website\",\"url\":\"https:\/\/www.visit-ulcinj.com\/blog\/\",\"name\":\"Lajme nga Ulqini\",\"description\":\"Lajme,Vijesti,Ulqini,Ulqin,Crna Gora,Mali i Zi\",\"potentialAction\":[{\"@type\":\"SearchAction\",\"target\":{\"@type\":\"EntryPoint\",\"urlTemplate\":\"https:\/\/www.visit-ulcinj.com\/blog\/?s={search_term_string}\"},\"query-input\":\"required name=search_term_string\"}],\"inLanguage\":\"en-US\"},{\"@type\":\"WebPage\",\"@id\":\"https:\/\/www.visit-ulcinj.com\/blog\/2009\/08\/10\/bardhi-projekt-ligji-kontestues-per-shkak-te-statusit\/#webpage\",\"url\":\"https:\/\/www.visit-ulcinj.com\/blog\/2009\/08\/10\/bardhi-projekt-ligji-kontestues-per-shkak-te-statusit\/\",\"name\":\"Bardhi: Projekt Ligji kontestues p\u00ebr shkak t\u00eb statusit - Lajme nga Ulqini\",\"isPartOf\":{\"@id\":\"https:\/\/www.visit-ulcinj.com\/blog\/#website\"},\"datePublished\":\"2009-08-10T08:22:13+00:00\",\"dateModified\":\"2010-10-11T15:55:43+00:00\",\"author\":{\"@id\":\"https:\/\/www.visit-ulcinj.com\/blog\/#\/schema\/person\/dcab619c614d3038751c63bc2aadc06d\"},\"description\":\"Kryetari i LD n\u00eb MZ Mehmet Bardhi thot\u00eb se ligji mbi organizimin territorial duhet t\u00eb siguroj\u00eb decentralizim m\u00eb t\u00eb madh t\u00eb pushtetit.Lidhja Demokratike n\u00eb\",\"breadcrumb\":{\"@id\":\"https:\/\/www.visit-ulcinj.com\/blog\/2009\/08\/10\/bardhi-projekt-ligji-kontestues-per-shkak-te-statusit\/#breadcrumb\"},\"inLanguage\":\"en-US\",\"potentialAction\":[{\"@type\":\"ReadAction\",\"target\":[\"https:\/\/www.visit-ulcinj.com\/blog\/2009\/08\/10\/bardhi-projekt-ligji-kontestues-per-shkak-te-statusit\/\"]}]},{\"@type\":\"BreadcrumbList\",\"@id\":\"https:\/\/www.visit-ulcinj.com\/blog\/2009\/08\/10\/bardhi-projekt-ligji-kontestues-per-shkak-te-statusit\/#breadcrumb\",\"itemListElement\":[{\"@type\":\"ListItem\",\"position\":1,\"name\":\"Bardhi: Projekt Ligji kontestues p\u00ebr shkak t\u00eb statusit\"}]},{\"@type\":\"Person\",\"@id\":\"https:\/\/www.visit-ulcinj.com\/blog\/#\/schema\/person\/dcab619c614d3038751c63bc2aadc06d\",\"name\":\"ulqini\",\"sameAs\":[\"http:\/\/www.visit-ulcinj.com\"],\"url\":\"https:\/\/www.visit-ulcinj.com\/blog\/author\/admin\/\"}]}<\/script>\n<!-- \/ Yoast SEO plugin. -->","yoast_head_json":{"title":"Bardhi: Projekt Ligji kontestues p\u00ebr shkak t\u00eb statusit - Lajme nga Ulqini","description":"Kryetari i LD n\u00eb MZ Mehmet Bardhi thot\u00eb se ligji mbi organizimin territorial duhet t\u00eb siguroj\u00eb decentralizim m\u00eb t\u00eb madh t\u00eb pushtetit.Lidhja Demokratike n\u00eb","robots":{"index":"index","follow":"follow","max-snippet":"max-snippet:-1","max-image-preview":"max-image-preview:large","max-video-preview":"max-video-preview:-1"},"canonical":"https:\/\/www.visit-ulcinj.com\/blog\/2009\/08\/10\/bardhi-projekt-ligji-kontestues-per-shkak-te-statusit\/","og_locale":"en_US","og_type":"article","og_title":"Bardhi: Projekt Ligji kontestues p\u00ebr shkak t\u00eb statusit - Lajme nga Ulqini","og_description":"Kryetari i LD n\u00eb MZ Mehmet Bardhi thot\u00eb se ligji mbi organizimin territorial duhet t\u00eb siguroj\u00eb decentralizim m\u00eb t\u00eb madh t\u00eb pushtetit.Lidhja Demokratike n\u00eb","og_url":"https:\/\/www.visit-ulcinj.com\/blog\/2009\/08\/10\/bardhi-projekt-ligji-kontestues-per-shkak-te-statusit\/","og_site_name":"Lajme nga Ulqini","article_published_time":"2009-08-10T08:22:13+00:00","article_modified_time":"2010-10-11T15:55:43+00:00","twitter_misc":{"Written by":"ulqini","Est. reading time":"2 minutes"},"schema":{"@context":"https:\/\/schema.org","@graph":[{"@type":"WebSite","@id":"https:\/\/www.visit-ulcinj.com\/blog\/#website","url":"https:\/\/www.visit-ulcinj.com\/blog\/","name":"Lajme nga Ulqini","description":"Lajme,Vijesti,Ulqini,Ulqin,Crna Gora,Mali i Zi","potentialAction":[{"@type":"SearchAction","target":{"@type":"EntryPoint","urlTemplate":"https:\/\/www.visit-ulcinj.com\/blog\/?s={search_term_string}"},"query-input":"required name=search_term_string"}],"inLanguage":"en-US"},{"@type":"WebPage","@id":"https:\/\/www.visit-ulcinj.com\/blog\/2009\/08\/10\/bardhi-projekt-ligji-kontestues-per-shkak-te-statusit\/#webpage","url":"https:\/\/www.visit-ulcinj.com\/blog\/2009\/08\/10\/bardhi-projekt-ligji-kontestues-per-shkak-te-statusit\/","name":"Bardhi: Projekt Ligji kontestues p\u00ebr shkak t\u00eb statusit - Lajme nga Ulqini","isPartOf":{"@id":"https:\/\/www.visit-ulcinj.com\/blog\/#website"},"datePublished":"2009-08-10T08:22:13+00:00","dateModified":"2010-10-11T15:55:43+00:00","author":{"@id":"https:\/\/www.visit-ulcinj.com\/blog\/#\/schema\/person\/dcab619c614d3038751c63bc2aadc06d"},"description":"Kryetari i LD n\u00eb MZ Mehmet Bardhi thot\u00eb se ligji mbi organizimin territorial duhet t\u00eb siguroj\u00eb decentralizim m\u00eb t\u00eb madh t\u00eb pushtetit.Lidhja Demokratike n\u00eb","breadcrumb":{"@id":"https:\/\/www.visit-ulcinj.com\/blog\/2009\/08\/10\/bardhi-projekt-ligji-kontestues-per-shkak-te-statusit\/#breadcrumb"},"inLanguage":"en-US","potentialAction":[{"@type":"ReadAction","target":["https:\/\/www.visit-ulcinj.com\/blog\/2009\/08\/10\/bardhi-projekt-ligji-kontestues-per-shkak-te-statusit\/"]}]},{"@type":"BreadcrumbList","@id":"https:\/\/www.visit-ulcinj.com\/blog\/2009\/08\/10\/bardhi-projekt-ligji-kontestues-per-shkak-te-statusit\/#breadcrumb","itemListElement":[{"@type":"ListItem","position":1,"name":"Bardhi: Projekt Ligji kontestues p\u00ebr shkak t\u00eb statusit"}]},{"@type":"Person","@id":"https:\/\/www.visit-ulcinj.com\/blog\/#\/schema\/person\/dcab619c614d3038751c63bc2aadc06d","name":"ulqini","sameAs":["http:\/\/www.visit-ulcinj.com"],"url":"https:\/\/www.visit-ulcinj.com\/blog\/author\/admin\/"}]}},"jetpack_featured_media_url":"","jetpack_sharing_enabled":true,"jetpack_shortlink":"https:\/\/wp.me\/pe6lTn-6l7","_links":{"self":[{"href":"https:\/\/www.visit-ulcinj.com\/blog\/wp-json\/wp\/v2\/posts\/24373"}],"collection":[{"href":"https:\/\/www.visit-ulcinj.com\/blog\/wp-json\/wp\/v2\/posts"}],"about":[{"href":"https:\/\/www.visit-ulcinj.com\/blog\/wp-json\/wp\/v2\/types\/post"}],"author":[{"embeddable":true,"href":"https:\/\/www.visit-ulcinj.com\/blog\/wp-json\/wp\/v2\/users\/1"}],"replies":[{"embeddable":true,"href":"https:\/\/www.visit-ulcinj.com\/blog\/wp-json\/wp\/v2\/comments?post=24373"}],"version-history":[{"count":0,"href":"https:\/\/www.visit-ulcinj.com\/blog\/wp-json\/wp\/v2\/posts\/24373\/revisions"}],"wp:attachment":[{"href":"https:\/\/www.visit-ulcinj.com\/blog\/wp-json\/wp\/v2\/media?parent=24373"}],"wp:term":[{"taxonomy":"category","embeddable":true,"href":"https:\/\/www.visit-ulcinj.com\/blog\/wp-json\/wp\/v2\/categories?post=24373"},{"taxonomy":"post_tag","embeddable":true,"href":"https:\/\/www.visit-ulcinj.com\/blog\/wp-json\/wp\/v2\/tags?post=24373"}],"curies":[{"name":"wp","href":"https:\/\/api.w.org\/{rel}","templated":true}]}}