{"id":2438,"date":"2008-08-13T15:24:51","date_gmt":"2008-08-13T20:24:51","guid":{"rendered":"http:\/\/www.visit-ulcinj.com\/blog\/?p=2438"},"modified":"2008-08-13T15:24:51","modified_gmt":"2008-08-13T20:24:51","slug":"komunalne-takse-u-ulcinju-najvise-u-crnoj-gori","status":"publish","type":"post","link":"https:\/\/www.visit-ulcinj.com\/blog\/2008\/08\/13\/komunalne-takse-u-ulcinju-najvise-u-crnoj-gori\/","title":{"rendered":"Komunalne takse u Ulcinju najvi\u0161e u Crnoj Gori"},"content":{"rendered":"<p><a href=\"http:\/\/www.ulqini.de\/Foto\/Amblemi_Ulqinit2.jpg\"><img loading=\"lazy\" class=\"alignleft\" src=\"http:\/\/www.ulqini.de\/Foto\/Amblemi_Ulqinit2.jpg\" alt=\"\" width=\"150\" height=\"177\" \/><\/a><strong>Meka za milionere <\/strong><br \/>\nNekome sa strane, manje upu?enom, moglo bi izgledati: sve je luksuz u Ulcinju. Ovaj se zaklju?ak name?e iz uporedne analize koju je izradila Ulcinj biznis asocijacija (UBA). Tako, na primjer, mjese?na tarifa za kori\u0161?enje prostora na javnim povr\u0161inama ili ispred ugostiteljskih objekata u poslovne svrhe po metru kvadratnom u Ulcinju iznosi 165 eura, \u0161to je 16 puta vi\u0161e nego u Herceg-Novom, 13,8 puta vi\u0161e nego u Baru ili 5,5 puta vi\u0161e nego u Budvi. Ako bi se uzela u obzir dnevna tarifa koju treba platiti za postavljanje kamp &#8211; ku?ice, onda bi se mogao ste?i i utisak da Ulcinj oskudijeva u prostoru. Jer, za takav \u201eluksuz\u201c neophodno je dnevno pla?ati po sedam eura, \u0161to je sedam puta vi\u0161e nego u Budvi i u Herceg-Novom ili za ?ak 15 puta vi\u0161e nego u susjednom Baru.<br \/>\n<strong> PRIVREDNICI NEGODUJU I \u2013 PLA?AJU:<\/strong><a href=\"http:\/\/www.visit-ulcinj.com\/blog\/wp-content\/uploads\/2008\/03\/uba-2.jpg\"><img loading=\"lazy\" class=\"alignright size-medium wp-image-1059\" title=\"UBA_ULCINJ\" src=\"http:\/\/www.visit-ulcinj.com\/blog\/wp-content\/uploads\/2008\/03\/uba-2.jpg\" alt=\"\" width=\"113\" height=\"175\" \/><\/a><br \/>\n\u201eIako je Crna Gora odlu?ila da omogu?i op\u0161tinama da same prihoduju na osnovu komunalnih taksi, op\u0161tina je du\u017ena da njihovom visinom stimuli\u0161e razvoj, a ne da dodatno optereti preduzetni\u0161tvo i biznis\u201c, navodi se u analizi ulcinjskih preduzetnika i sugeri\u0161e da je neophodno da se tarife za lokalne komunalne takse dovedu na nivo koji ?e omogu?iti br\u017ei razvoj privrede Ulcinja. Konstatuju?i da se ove takse neselektivno primjenjuju i da mogu biti izvor korupcije u organima lokalne samouprave, menad\u017eer UBA-e Valdet Ad\u017eemovi? za Monitor ka\u017ee da ne razumije za\u0161to su u Ulcinju ovako visoke tarife. \u201eDali smo mi toliko ispred ostalih op\u0161tina u Crnoj Gori, da li ove takse stimuli\u0161u razvoj preduzetni\u0161tva, zar nije dovoljno biznis barijera da bi nam se sada postavljale nove\u201c, pita se on i isti?e da je ova organizacija, na zahtjev op\u0161tinskih slu\u017ebi, uputila svoju analizu op\u0161tinskom Sekretarijatu za finansije. Ali, dok u lokalnoj samoupravi jo\u0161 analiziraju, mjere i premjeravaju, gra?ani i privrednici negoduju &#8211; i pla?aju.<br \/>\n<a href=\"http:\/\/www.visit-ulcinj.com\/blog\/wp-content\/uploads\/2008\/06\/velika-plaza_ulcinj_montenegro1.jpg\"><img loading=\"lazy\" class=\"size-medium wp-image-1914 alignleft\" title=\"velika plaza_ulcinj_montenegro\" src=\"http:\/\/www.visit-ulcinj.com\/blog\/wp-content\/uploads\/2008\/06\/velika-plaza_ulcinj_montenegro1.jpg\" alt=\"\" width=\"216\" height=\"189\" \/><\/a><strong> NISKE NADOKNADE ZA ZEMLJI\u0160TE:<\/strong><br \/>\nOp\u0161tina je pripremila prijedlog odluke o naknadi za kori\u0161?enje gradskog gra?evinskog zemlji\u0161ta. Ako se, u predlo\u017eenoj forrmi usvoji ta odluka, potencijalni investitori u hotelske, stambene i poslovne objekte \u201ena pjeni od mora\u201c u Ulcinju pla?a?e najni\u017ee naknade u Crnoj Gori. One ?e, u prosjeku, biti tri do ?etiri puta ni\u017ee nego u ostalim gradovima na Crnogorskom primorju. To sugeri\u0161e zaklju?ak da op\u0161tina \u017eeli da stimuli\u0161e razvoj turisti?ke i hotelske industrije. To je hvale vrijedan prijedlog i napor. Ali, kako je infrastruktura u Ulcinju dotrajala, neadekvatna i nedovoljna da podmiri potrebe \u017eitelja i njihovihgostiju, to zna?i da ?e, uglavnom, gra?ani finansirati njenu obnovu. \u201e\u017delimo razvoj i investicije, posebno u turizam, ali ne da sve pla?aju gra?ani i privreda\u201c, kazao je Ad\u017eemovi?. Nije zabilje\u017eeno nigdje u svijetu da siroma\u0161ni mje\u0161tani finansiraju multimilionere, \u0161eike kojima je, kako ka\u017eu, granica nebo, one koji samo prenamjenom planova dobijaju milijardu eura. Ra?unica pokazuje da bi, ukoliko se ovaj prijedlog o naknadi za ure?enje gra?evinskog zemlji\u0161ta usvoji u lokalnom Parlamentu, op\u0161tina Ulcinj u narednih desetak godina mogla ostati bez nekoliko stotina miliona eura bud\u017eetskih prihoda. Valjda je logi?no da od bu?no najavljenih \u201einvesticija stolje?a strate\u0161kih partnera\u201c i, naravno, doma?ih tajkuna u Veliku pla\u017eu, Adu, Valdanos i Solanu, korist imaju svi stanovnici Ulcinja. Stariji stanovnici ovog grada znaju da je nekada\u0161nji gigant, kasnije o?erupano Hotelsko-turisti?ko preduze?e Ulcinjska rivijera, bukvalno gradilo i izgradilo Ulcinj i ?itavu njegovu infrastrukturu. Ovako, uz nedostatak urbanisti?kih planova i niske naknade za ure?enje zemlji\u0161ta, Ulcinj ?e ostati siroma\u0161na op\u0161tina sa najve?im turisti?kim resursima u Crnoj Gori.<br \/>\n<strong>Autor \/ Mustafa CANKA<br \/>\nIzvor \/ Monitor<\/strong><\/p>\n<!-- vimeo error: not a vimeo video -->\n","protected":false},"excerpt":{"rendered":"<p><img loading=\"lazy\" class=\"alignleft\" src=\"http:\/\/www.ulqini.de\/Foto\/Amblemi_Ulqinit2.jpg\" alt=\"\" width=\"140\" height=\"140\" \/><\/p>\n","protected":false},"author":1,"featured_media":0,"comment_status":"open","ping_status":"closed","sticky":false,"template":"","format":"standard","meta":{"spay_email":"","jetpack_publicize_message":"","jetpack_is_tweetstorm":false,"jetpack_publicize_feature_enabled":true},"categories":[8,10,12],"tags":[2219,4326],"jetpack_publicize_connections":[],"yoast_head":"<!-- This site is optimized with the Yoast SEO plugin v19.1 - https:\/\/yoast.com\/wordpress\/plugins\/seo\/ -->\n<title>Komunalne takse u Ulcinju najvi\u0161e u Crnoj Gori - Lajme nga Ulqini<\/title>\n<meta name=\"robots\" content=\"index, follow, max-snippet:-1, max-image-preview:large, max-video-preview:-1\" \/>\n<link rel=\"canonical\" href=\"https:\/\/www.visit-ulcinj.com\/blog\/2008\/08\/13\/komunalne-takse-u-ulcinju-najvise-u-crnoj-gori\/\" \/>\n<meta property=\"og:locale\" content=\"en_US\" \/>\n<meta property=\"og:type\" content=\"article\" \/>\n<meta property=\"og:title\" content=\"Komunalne takse u Ulcinju najvi\u0161e u Crnoj Gori - Lajme nga Ulqini\" \/>\n<meta property=\"og:url\" content=\"https:\/\/www.visit-ulcinj.com\/blog\/2008\/08\/13\/komunalne-takse-u-ulcinju-najvise-u-crnoj-gori\/\" \/>\n<meta property=\"og:site_name\" content=\"Lajme nga Ulqini\" \/>\n<meta property=\"article:published_time\" content=\"2008-08-13T20:24:51+00:00\" \/>\n<meta property=\"og:image\" content=\"http:\/\/www.ulqini.de\/Foto\/Amblemi_Ulqinit2.jpg\" \/>\n<meta name=\"twitter:label1\" content=\"Written by\" \/>\n\t<meta name=\"twitter:data1\" content=\"ulqini\" \/>\n\t<meta name=\"twitter:label2\" content=\"Est. reading time\" \/>\n\t<meta name=\"twitter:data2\" content=\"3 minutes\" \/>\n<script type=\"application\/ld+json\" class=\"yoast-schema-graph\">{\"@context\":\"https:\/\/schema.org\",\"@graph\":[{\"@type\":\"WebSite\",\"@id\":\"https:\/\/www.visit-ulcinj.com\/blog\/#website\",\"url\":\"https:\/\/www.visit-ulcinj.com\/blog\/\",\"name\":\"Lajme nga Ulqini\",\"description\":\"Lajme,Vijesti,Ulqini,Ulqin,Crna Gora,Mali i Zi\",\"potentialAction\":[{\"@type\":\"SearchAction\",\"target\":{\"@type\":\"EntryPoint\",\"urlTemplate\":\"https:\/\/www.visit-ulcinj.com\/blog\/?s={search_term_string}\"},\"query-input\":\"required name=search_term_string\"}],\"inLanguage\":\"en-US\"},{\"@type\":\"ImageObject\",\"inLanguage\":\"en-US\",\"@id\":\"https:\/\/www.visit-ulcinj.com\/blog\/2008\/08\/13\/komunalne-takse-u-ulcinju-najvise-u-crnoj-gori\/#primaryimage\",\"url\":\"http:\/\/www.ulqini.de\/Foto\/Amblemi_Ulqinit2.jpg\",\"contentUrl\":\"http:\/\/www.ulqini.de\/Foto\/Amblemi_Ulqinit2.jpg\"},{\"@type\":\"WebPage\",\"@id\":\"https:\/\/www.visit-ulcinj.com\/blog\/2008\/08\/13\/komunalne-takse-u-ulcinju-najvise-u-crnoj-gori\/#webpage\",\"url\":\"https:\/\/www.visit-ulcinj.com\/blog\/2008\/08\/13\/komunalne-takse-u-ulcinju-najvise-u-crnoj-gori\/\",\"name\":\"Komunalne takse u Ulcinju najvi\u0161e u Crnoj Gori - Lajme nga Ulqini\",\"isPartOf\":{\"@id\":\"https:\/\/www.visit-ulcinj.com\/blog\/#website\"},\"primaryImageOfPage\":{\"@id\":\"https:\/\/www.visit-ulcinj.com\/blog\/2008\/08\/13\/komunalne-takse-u-ulcinju-najvise-u-crnoj-gori\/#primaryimage\"},\"datePublished\":\"2008-08-13T20:24:51+00:00\",\"dateModified\":\"2008-08-13T20:24:51+00:00\",\"author\":{\"@id\":\"https:\/\/www.visit-ulcinj.com\/blog\/#\/schema\/person\/dcab619c614d3038751c63bc2aadc06d\"},\"breadcrumb\":{\"@id\":\"https:\/\/www.visit-ulcinj.com\/blog\/2008\/08\/13\/komunalne-takse-u-ulcinju-najvise-u-crnoj-gori\/#breadcrumb\"},\"inLanguage\":\"en-US\",\"potentialAction\":[{\"@type\":\"ReadAction\",\"target\":[\"https:\/\/www.visit-ulcinj.com\/blog\/2008\/08\/13\/komunalne-takse-u-ulcinju-najvise-u-crnoj-gori\/\"]}]},{\"@type\":\"BreadcrumbList\",\"@id\":\"https:\/\/www.visit-ulcinj.com\/blog\/2008\/08\/13\/komunalne-takse-u-ulcinju-najvise-u-crnoj-gori\/#breadcrumb\",\"itemListElement\":[{\"@type\":\"ListItem\",\"position\":1,\"name\":\"Komunalne takse u Ulcinju najvi\u0161e u Crnoj Gori\"}]},{\"@type\":\"Person\",\"@id\":\"https:\/\/www.visit-ulcinj.com\/blog\/#\/schema\/person\/dcab619c614d3038751c63bc2aadc06d\",\"name\":\"ulqini\",\"sameAs\":[\"http:\/\/www.visit-ulcinj.com\"],\"url\":\"https:\/\/www.visit-ulcinj.com\/blog\/author\/admin\/\"}]}<\/script>\n<!-- \/ Yoast SEO plugin. -->","yoast_head_json":{"title":"Komunalne takse u Ulcinju najvi\u0161e u Crnoj Gori - Lajme nga Ulqini","robots":{"index":"index","follow":"follow","max-snippet":"max-snippet:-1","max-image-preview":"max-image-preview:large","max-video-preview":"max-video-preview:-1"},"canonical":"https:\/\/www.visit-ulcinj.com\/blog\/2008\/08\/13\/komunalne-takse-u-ulcinju-najvise-u-crnoj-gori\/","og_locale":"en_US","og_type":"article","og_title":"Komunalne takse u Ulcinju najvi\u0161e u Crnoj Gori - Lajme nga Ulqini","og_url":"https:\/\/www.visit-ulcinj.com\/blog\/2008\/08\/13\/komunalne-takse-u-ulcinju-najvise-u-crnoj-gori\/","og_site_name":"Lajme nga Ulqini","article_published_time":"2008-08-13T20:24:51+00:00","og_image":[{"url":"http:\/\/www.ulqini.de\/Foto\/Amblemi_Ulqinit2.jpg"}],"twitter_misc":{"Written by":"ulqini","Est. reading time":"3 minutes"},"schema":{"@context":"https:\/\/schema.org","@graph":[{"@type":"WebSite","@id":"https:\/\/www.visit-ulcinj.com\/blog\/#website","url":"https:\/\/www.visit-ulcinj.com\/blog\/","name":"Lajme nga Ulqini","description":"Lajme,Vijesti,Ulqini,Ulqin,Crna Gora,Mali i Zi","potentialAction":[{"@type":"SearchAction","target":{"@type":"EntryPoint","urlTemplate":"https:\/\/www.visit-ulcinj.com\/blog\/?s={search_term_string}"},"query-input":"required name=search_term_string"}],"inLanguage":"en-US"},{"@type":"ImageObject","inLanguage":"en-US","@id":"https:\/\/www.visit-ulcinj.com\/blog\/2008\/08\/13\/komunalne-takse-u-ulcinju-najvise-u-crnoj-gori\/#primaryimage","url":"http:\/\/www.ulqini.de\/Foto\/Amblemi_Ulqinit2.jpg","contentUrl":"http:\/\/www.ulqini.de\/Foto\/Amblemi_Ulqinit2.jpg"},{"@type":"WebPage","@id":"https:\/\/www.visit-ulcinj.com\/blog\/2008\/08\/13\/komunalne-takse-u-ulcinju-najvise-u-crnoj-gori\/#webpage","url":"https:\/\/www.visit-ulcinj.com\/blog\/2008\/08\/13\/komunalne-takse-u-ulcinju-najvise-u-crnoj-gori\/","name":"Komunalne takse u Ulcinju najvi\u0161e u Crnoj Gori - Lajme nga Ulqini","isPartOf":{"@id":"https:\/\/www.visit-ulcinj.com\/blog\/#website"},"primaryImageOfPage":{"@id":"https:\/\/www.visit-ulcinj.com\/blog\/2008\/08\/13\/komunalne-takse-u-ulcinju-najvise-u-crnoj-gori\/#primaryimage"},"datePublished":"2008-08-13T20:24:51+00:00","dateModified":"2008-08-13T20:24:51+00:00","author":{"@id":"https:\/\/www.visit-ulcinj.com\/blog\/#\/schema\/person\/dcab619c614d3038751c63bc2aadc06d"},"breadcrumb":{"@id":"https:\/\/www.visit-ulcinj.com\/blog\/2008\/08\/13\/komunalne-takse-u-ulcinju-najvise-u-crnoj-gori\/#breadcrumb"},"inLanguage":"en-US","potentialAction":[{"@type":"ReadAction","target":["https:\/\/www.visit-ulcinj.com\/blog\/2008\/08\/13\/komunalne-takse-u-ulcinju-najvise-u-crnoj-gori\/"]}]},{"@type":"BreadcrumbList","@id":"https:\/\/www.visit-ulcinj.com\/blog\/2008\/08\/13\/komunalne-takse-u-ulcinju-najvise-u-crnoj-gori\/#breadcrumb","itemListElement":[{"@type":"ListItem","position":1,"name":"Komunalne takse u Ulcinju najvi\u0161e u Crnoj Gori"}]},{"@type":"Person","@id":"https:\/\/www.visit-ulcinj.com\/blog\/#\/schema\/person\/dcab619c614d3038751c63bc2aadc06d","name":"ulqini","sameAs":["http:\/\/www.visit-ulcinj.com"],"url":"https:\/\/www.visit-ulcinj.com\/blog\/author\/admin\/"}]}},"jetpack_featured_media_url":"","jetpack_sharing_enabled":true,"jetpack_shortlink":"https:\/\/wp.me\/pe6lTn-Dk","_links":{"self":[{"href":"https:\/\/www.visit-ulcinj.com\/blog\/wp-json\/wp\/v2\/posts\/2438"}],"collection":[{"href":"https:\/\/www.visit-ulcinj.com\/blog\/wp-json\/wp\/v2\/posts"}],"about":[{"href":"https:\/\/www.visit-ulcinj.com\/blog\/wp-json\/wp\/v2\/types\/post"}],"author":[{"embeddable":true,"href":"https:\/\/www.visit-ulcinj.com\/blog\/wp-json\/wp\/v2\/users\/1"}],"replies":[{"embeddable":true,"href":"https:\/\/www.visit-ulcinj.com\/blog\/wp-json\/wp\/v2\/comments?post=2438"}],"version-history":[{"count":0,"href":"https:\/\/www.visit-ulcinj.com\/blog\/wp-json\/wp\/v2\/posts\/2438\/revisions"}],"wp:attachment":[{"href":"https:\/\/www.visit-ulcinj.com\/blog\/wp-json\/wp\/v2\/media?parent=2438"}],"wp:term":[{"taxonomy":"category","embeddable":true,"href":"https:\/\/www.visit-ulcinj.com\/blog\/wp-json\/wp\/v2\/categories?post=2438"},{"taxonomy":"post_tag","embeddable":true,"href":"https:\/\/www.visit-ulcinj.com\/blog\/wp-json\/wp\/v2\/tags?post=2438"}],"curies":[{"name":"wp","href":"https:\/\/api.w.org\/{rel}","templated":true}]}}