{"id":24383,"date":"2009-08-10T10:56:40","date_gmt":"2009-08-10T08:56:40","guid":{"rendered":"http:\/\/www.visit-ulcinj.com\/blog\/?p=24383"},"modified":"2009-08-10T10:57:18","modified_gmt":"2009-08-10T08:57:18","slug":"forca-e-re-demokratike-ka-reaguar-pas-mosmbajtjes-se-seances-se-kuvendit-te-komunes-se-ulqinit","status":"publish","type":"post","link":"https:\/\/www.visit-ulcinj.com\/blog\/2009\/08\/10\/forca-e-re-demokratike-ka-reaguar-pas-mosmbajtjes-se-seances-se-kuvendit-te-komunes-se-ulqinit\/","title":{"rendered":"Forca e Re Demokratike ka reaguar pas mosmbajtjes s\u00eb seanc\u00ebs s\u00eb Kuvendit t\u00eb Komun\u00ebs s\u00eb Ulqinit"},"content":{"rendered":"<p><strong><a href=\"http:\/\/www.visit-ulcinj.com\/blog\/wp-content\/uploads\/2009\/08\/Forca-e-Re-Demokratike_ulqin.jpg\"><img loading=\"lazy\" class=\"alignleft size-full wp-image-24384\" title=\"Forca e Re Demokratike_ulqin\" src=\"http:\/\/www.visit-ulcinj.com\/blog\/wp-content\/uploads\/2009\/08\/Forca-e-Re-Demokratike_ulqin.jpg\" alt=\"Forca e Re Demokratike_ulqin\" width=\"358\" height=\"344\" srcset=\"https:\/\/www.visit-ulcinj.com\/blog\/wp-content\/uploads\/2009\/08\/Forca-e-Re-Demokratike_ulqin.jpg 500w, https:\/\/www.visit-ulcinj.com\/blog\/wp-content\/uploads\/2009\/08\/Forca-e-Re-Demokratike_ulqin-300x288.jpg 300w\" sizes=\"(max-width: 358px) 100vw, 358px\" \/><\/a>Vazhdon agonia e pushtetit<\/strong><br \/>\nUlqin \u2013 Forca e Re Demokratike ka reaguar pas mosmbajtjes s\u00eb seanc\u00ebs s\u00eb Kuvendit t\u00eb Komun\u00ebs s\u00eb Ulqinit p\u00ebr shkak t\u00eb mossigurimit t\u00eb kuorumit nga ana e shumic\u00ebs n\u00eb Kuvend.A :\u201cKoalicioni n\u00eb pushtet n\u00eb Kuvendin e Komun\u00ebs s\u00eb Ulqinit muaj me radh\u00eb nuk \u00ebsht\u00eb n\u00eb gjendje t\u00eb siguroj\u00eb pranin\u00eb e k\u00ebshilltar\u00ebve t\u00eb tij n\u00eb mbledhjet e kuvendit. T\u00eb kat\u00ebrt\u00ebn her\u00eb me radh\u00eb kjo mbledhje po shtyhet p\u00ebr shkak t\u00eb munges\u00ebs s\u00eb kuorumit. Kjo qart\u00eb tregon se problemet e brendshme dhe konfliktet n\u00eb k\u00ebt\u00eb koalicion jan\u00eb rritur deri n\u00eb at\u00eb mas\u00eb sa q\u00eb bllokojn\u00eb pun\u00ebn e Kuvendit Komunal. K\u00ebsaj i ka kontribuar edhe mosfunksionimi dhe mosshkatht\u00ebsia e ekzekutivit e cila me muaj nuk i kryen obligimet financiare ndaj nd\u00ebrmarrjeve publike t\u00eb cilave nuk u paguajn\u00eb obligimet e parapara me buxhet\u201d, thuhet n\u00eb kumtes\u00ebn p\u00ebr opinion t\u00eb Klubit t\u00eb K\u00ebshilltar\u00ebve t\u00eb Forc\u00ebs n\u00eb Kuvendin e Komun\u00ebs s\u00eb Ulqinit.<br \/>\nSipas k\u00ebsaj partie, \u201ck\u00ebto probleme do t\u00eb rriten edhe m\u00eb tep\u00ebr deri n\u00eb fund t\u00eb vitit duke marr\u00eb parasysh faktin se buxheti komunal n\u00eb gjasht\u00eb muajt e par\u00eb \u00ebsht\u00eb realizuar vet\u00ebm 7.5 p\u00ebr qind, gjegj\u00ebsisht 1.2 milion t\u00eb ardhura burimore n\u00eb raport me 16 milion\u00eb t\u00eb parapar\u00eb me buxhetin e vitit 2009\u201d.<br \/>\n\u201cKjo qytetar\u00ebt e Komun\u00ebs s\u00eb Ulqinit do t\u2019i bie n\u00eb situat\u00eb edhe m\u00eb t\u00eb v\u00ebshtir\u00eb ekonomike\u201d, thuhet n\u00eb kumtes\u00eb.<br \/>\nKlubi i k\u00ebshilltar\u00ebve t\u00eb Forc\u00ebs thekson se n\u00eb periudh\u00ebn e kaluar kan\u00eb siguruar kuorum duke treguar n\u00eb k\u00ebt\u00eb m\u00ebnyr\u00eb p\u00ebrgjegj\u00ebsi ndaj votuesve \u201cedhe pse ishim t\u00eb vet\u00ebdijsh\u00ebm n\u00eb problemet e pushtetit aktual\u201d dhe p\u00ebrkund\u00ebr faktit se k\u00ebshilltar\u00ebve t\u00eb k\u00ebsaj partie \u201cme vite nuk u mund\u00ebsohen kushte pune, as an\u00ebtar\u00ebsi n\u00eb k\u00ebshillat e nd\u00ebrmarrjet publike dhe k\u00ebshillat e Kuvendit\u201d.<br \/>\n\u201cKoalicioni n\u00eb pushtet e b\u00ebn k\u00ebt\u00eb sepse nuk don kontroll t\u00eb funksionimit t\u00eb nd\u00ebrmarrjeve publike si dhe kontroll p\u00ebr shpenzimin e mjeteve buxhetore\u201d, thuhet n\u00eb kumtes\u00eb.<br \/>\nKlubi i K\u00ebshilltar\u00ebve t\u00eb Forc\u00ebs thekson se \u201cfatkeq\u00ebsisht ka pritur q\u00eb kjo shumic\u00eb e pap\u00ebrgjegjshme t\u2019u kthehet interesave t\u00eb qytetar\u00ebve dhe komun\u00ebs, q\u00eb t\u2019u mund\u00ebsohet prezenca e k\u00ebshilltar\u00ebve t\u00eb vet. Por m\u00eb kot, problemet e brendshme n\u00eb koalicion me k\u00ebt\u00eb kan\u00eb kulminuar\u201d, thuhet n\u00eb kumtes\u00eb.<br \/>\n<strong>Kohapress<\/strong><\/p>\n<p><strong><!--YouTube Error: bad URL entered--><br \/>\n<\/strong><\/p>\n","protected":false},"excerpt":{"rendered":"<p>Vazhdon agonia e pushtetit Ulqin \u2013 Forca e Re Demokratike ka reaguar pas mosmbajtjes s\u00eb seanc\u00ebs s\u00eb Kuvendit t\u00eb Komun\u00ebs s\u00eb Ulqinit p\u00ebr shkak t\u00eb mossigurimit t\u00eb kuorumit nga ana e shumic\u00ebs n\u00eb Kuvend.A :\u201cKoalicioni n\u00eb pushtet n\u00eb Kuvendin e Komun\u00ebs s\u00eb Ulqinit muaj me radh\u00eb nuk \u00ebsht\u00eb n\u00eb gjendje t\u00eb siguroj\u00eb pranin\u00eb e k\u00ebshilltar\u00ebve [&hellip;]<\/p>\n","protected":false},"author":1,"featured_media":0,"comment_status":"open","ping_status":"closed","sticky":false,"template":"","format":"standard","meta":{"spay_email":"","jetpack_publicize_message":"","jetpack_is_tweetstorm":false,"jetpack_publicize_feature_enabled":true},"categories":[1],"tags":[874,872],"jetpack_publicize_connections":[],"yoast_head":"<!-- This site is optimized with the Yoast SEO plugin v19.1 - https:\/\/yoast.com\/wordpress\/plugins\/seo\/ -->\n<title>Forca e Re Demokratike ka reaguar pas mosmbajtjes s\u00eb seanc\u00ebs s\u00eb Kuvendit t\u00eb Komun\u00ebs s\u00eb Ulqinit - Lajme nga Ulqini<\/title>\n<meta name=\"description\" content=\"Vazhdon agonia e pushtetit Ulqin \u2013 Forca e Re Demokratike ka reaguar pas mosmbajtjes s\u00eb seanc\u00ebs s\u00eb Kuvendit t\u00eb Komun\u00ebs s\u00eb Ulqinit p\u00ebr shkak t\u00eb\" \/>\n<meta name=\"robots\" content=\"index, follow, max-snippet:-1, max-image-preview:large, max-video-preview:-1\" \/>\n<link rel=\"canonical\" href=\"https:\/\/www.visit-ulcinj.com\/blog\/2009\/08\/10\/forca-e-re-demokratike-ka-reaguar-pas-mosmbajtjes-se-seances-se-kuvendit-te-komunes-se-ulqinit\/\" \/>\n<meta property=\"og:locale\" content=\"en_US\" \/>\n<meta property=\"og:type\" content=\"article\" \/>\n<meta property=\"og:title\" content=\"Forca e Re Demokratike ka reaguar pas mosmbajtjes s\u00eb seanc\u00ebs s\u00eb Kuvendit t\u00eb Komun\u00ebs s\u00eb Ulqinit - Lajme nga Ulqini\" \/>\n<meta property=\"og:description\" content=\"Vazhdon agonia e pushtetit Ulqin \u2013 Forca e Re Demokratike ka reaguar pas mosmbajtjes s\u00eb seanc\u00ebs s\u00eb Kuvendit t\u00eb Komun\u00ebs s\u00eb Ulqinit p\u00ebr shkak t\u00eb\" \/>\n<meta property=\"og:url\" content=\"https:\/\/www.visit-ulcinj.com\/blog\/2009\/08\/10\/forca-e-re-demokratike-ka-reaguar-pas-mosmbajtjes-se-seances-se-kuvendit-te-komunes-se-ulqinit\/\" \/>\n<meta property=\"og:site_name\" content=\"Lajme nga Ulqini\" \/>\n<meta property=\"article:published_time\" content=\"2009-08-10T08:56:40+00:00\" \/>\n<meta property=\"article:modified_time\" content=\"2009-08-10T08:57:18+00:00\" \/>\n<meta property=\"og:image\" content=\"http:\/\/www.visit-ulcinj.com\/blog\/wp-content\/uploads\/2009\/08\/Forca-e-Re-Demokratike_ulqin.jpg\" \/>\n<meta name=\"twitter:label1\" content=\"Written by\" \/>\n\t<meta name=\"twitter:data1\" content=\"ulqini\" \/>\n\t<meta name=\"twitter:label2\" content=\"Est. reading time\" \/>\n\t<meta name=\"twitter:data2\" content=\"2 minutes\" \/>\n<script type=\"application\/ld+json\" class=\"yoast-schema-graph\">{\"@context\":\"https:\/\/schema.org\",\"@graph\":[{\"@type\":\"WebSite\",\"@id\":\"https:\/\/www.visit-ulcinj.com\/blog\/#website\",\"url\":\"https:\/\/www.visit-ulcinj.com\/blog\/\",\"name\":\"Lajme nga Ulqini\",\"description\":\"Lajme,Vijesti,Ulqini,Ulqin,Crna Gora,Mali i Zi\",\"potentialAction\":[{\"@type\":\"SearchAction\",\"target\":{\"@type\":\"EntryPoint\",\"urlTemplate\":\"https:\/\/www.visit-ulcinj.com\/blog\/?s={search_term_string}\"},\"query-input\":\"required name=search_term_string\"}],\"inLanguage\":\"en-US\"},{\"@type\":\"ImageObject\",\"inLanguage\":\"en-US\",\"@id\":\"https:\/\/www.visit-ulcinj.com\/blog\/2009\/08\/10\/forca-e-re-demokratike-ka-reaguar-pas-mosmbajtjes-se-seances-se-kuvendit-te-komunes-se-ulqinit\/#primaryimage\",\"url\":\"https:\/\/www.visit-ulcinj.com\/blog\/wp-content\/uploads\/2009\/08\/Forca-e-Re-Demokratike_ulqin.jpg\",\"contentUrl\":\"https:\/\/www.visit-ulcinj.com\/blog\/wp-content\/uploads\/2009\/08\/Forca-e-Re-Demokratike_ulqin.jpg\",\"width\":\"500\",\"height\":\"481\"},{\"@type\":\"WebPage\",\"@id\":\"https:\/\/www.visit-ulcinj.com\/blog\/2009\/08\/10\/forca-e-re-demokratike-ka-reaguar-pas-mosmbajtjes-se-seances-se-kuvendit-te-komunes-se-ulqinit\/#webpage\",\"url\":\"https:\/\/www.visit-ulcinj.com\/blog\/2009\/08\/10\/forca-e-re-demokratike-ka-reaguar-pas-mosmbajtjes-se-seances-se-kuvendit-te-komunes-se-ulqinit\/\",\"name\":\"Forca e Re Demokratike ka reaguar pas mosmbajtjes s\u00eb seanc\u00ebs s\u00eb Kuvendit t\u00eb Komun\u00ebs s\u00eb Ulqinit - Lajme nga Ulqini\",\"isPartOf\":{\"@id\":\"https:\/\/www.visit-ulcinj.com\/blog\/#website\"},\"primaryImageOfPage\":{\"@id\":\"https:\/\/www.visit-ulcinj.com\/blog\/2009\/08\/10\/forca-e-re-demokratike-ka-reaguar-pas-mosmbajtjes-se-seances-se-kuvendit-te-komunes-se-ulqinit\/#primaryimage\"},\"datePublished\":\"2009-08-10T08:56:40+00:00\",\"dateModified\":\"2009-08-10T08:57:18+00:00\",\"author\":{\"@id\":\"https:\/\/www.visit-ulcinj.com\/blog\/#\/schema\/person\/dcab619c614d3038751c63bc2aadc06d\"},\"description\":\"Vazhdon agonia e pushtetit Ulqin \u2013 Forca e Re Demokratike ka reaguar pas mosmbajtjes s\u00eb seanc\u00ebs s\u00eb Kuvendit t\u00eb Komun\u00ebs s\u00eb Ulqinit p\u00ebr shkak t\u00eb\",\"breadcrumb\":{\"@id\":\"https:\/\/www.visit-ulcinj.com\/blog\/2009\/08\/10\/forca-e-re-demokratike-ka-reaguar-pas-mosmbajtjes-se-seances-se-kuvendit-te-komunes-se-ulqinit\/#breadcrumb\"},\"inLanguage\":\"en-US\",\"potentialAction\":[{\"@type\":\"ReadAction\",\"target\":[\"https:\/\/www.visit-ulcinj.com\/blog\/2009\/08\/10\/forca-e-re-demokratike-ka-reaguar-pas-mosmbajtjes-se-seances-se-kuvendit-te-komunes-se-ulqinit\/\"]}]},{\"@type\":\"BreadcrumbList\",\"@id\":\"https:\/\/www.visit-ulcinj.com\/blog\/2009\/08\/10\/forca-e-re-demokratike-ka-reaguar-pas-mosmbajtjes-se-seances-se-kuvendit-te-komunes-se-ulqinit\/#breadcrumb\",\"itemListElement\":[{\"@type\":\"ListItem\",\"position\":1,\"name\":\"Forca e Re Demokratike ka reaguar pas mosmbajtjes s\u00eb seanc\u00ebs s\u00eb Kuvendit t\u00eb Komun\u00ebs s\u00eb Ulqinit\"}]},{\"@type\":\"Person\",\"@id\":\"https:\/\/www.visit-ulcinj.com\/blog\/#\/schema\/person\/dcab619c614d3038751c63bc2aadc06d\",\"name\":\"ulqini\",\"sameAs\":[\"http:\/\/www.visit-ulcinj.com\"],\"url\":\"https:\/\/www.visit-ulcinj.com\/blog\/author\/admin\/\"}]}<\/script>\n<!-- \/ Yoast SEO plugin. -->","yoast_head_json":{"title":"Forca e Re Demokratike ka reaguar pas mosmbajtjes s\u00eb seanc\u00ebs s\u00eb Kuvendit t\u00eb Komun\u00ebs s\u00eb Ulqinit - Lajme nga Ulqini","description":"Vazhdon agonia e pushtetit Ulqin \u2013 Forca e Re Demokratike ka reaguar pas mosmbajtjes s\u00eb seanc\u00ebs s\u00eb Kuvendit t\u00eb Komun\u00ebs s\u00eb Ulqinit p\u00ebr shkak t\u00eb","robots":{"index":"index","follow":"follow","max-snippet":"max-snippet:-1","max-image-preview":"max-image-preview:large","max-video-preview":"max-video-preview:-1"},"canonical":"https:\/\/www.visit-ulcinj.com\/blog\/2009\/08\/10\/forca-e-re-demokratike-ka-reaguar-pas-mosmbajtjes-se-seances-se-kuvendit-te-komunes-se-ulqinit\/","og_locale":"en_US","og_type":"article","og_title":"Forca e Re Demokratike ka reaguar pas mosmbajtjes s\u00eb seanc\u00ebs s\u00eb Kuvendit t\u00eb Komun\u00ebs s\u00eb Ulqinit - Lajme nga Ulqini","og_description":"Vazhdon agonia e pushtetit Ulqin \u2013 Forca e Re Demokratike ka reaguar pas mosmbajtjes s\u00eb seanc\u00ebs s\u00eb Kuvendit t\u00eb Komun\u00ebs s\u00eb Ulqinit p\u00ebr shkak t\u00eb","og_url":"https:\/\/www.visit-ulcinj.com\/blog\/2009\/08\/10\/forca-e-re-demokratike-ka-reaguar-pas-mosmbajtjes-se-seances-se-kuvendit-te-komunes-se-ulqinit\/","og_site_name":"Lajme nga Ulqini","article_published_time":"2009-08-10T08:56:40+00:00","article_modified_time":"2009-08-10T08:57:18+00:00","og_image":[{"url":"http:\/\/www.visit-ulcinj.com\/blog\/wp-content\/uploads\/2009\/08\/Forca-e-Re-Demokratike_ulqin.jpg"}],"twitter_misc":{"Written by":"ulqini","Est. reading time":"2 minutes"},"schema":{"@context":"https:\/\/schema.org","@graph":[{"@type":"WebSite","@id":"https:\/\/www.visit-ulcinj.com\/blog\/#website","url":"https:\/\/www.visit-ulcinj.com\/blog\/","name":"Lajme nga Ulqini","description":"Lajme,Vijesti,Ulqini,Ulqin,Crna Gora,Mali i Zi","potentialAction":[{"@type":"SearchAction","target":{"@type":"EntryPoint","urlTemplate":"https:\/\/www.visit-ulcinj.com\/blog\/?s={search_term_string}"},"query-input":"required name=search_term_string"}],"inLanguage":"en-US"},{"@type":"ImageObject","inLanguage":"en-US","@id":"https:\/\/www.visit-ulcinj.com\/blog\/2009\/08\/10\/forca-e-re-demokratike-ka-reaguar-pas-mosmbajtjes-se-seances-se-kuvendit-te-komunes-se-ulqinit\/#primaryimage","url":"https:\/\/www.visit-ulcinj.com\/blog\/wp-content\/uploads\/2009\/08\/Forca-e-Re-Demokratike_ulqin.jpg","contentUrl":"https:\/\/www.visit-ulcinj.com\/blog\/wp-content\/uploads\/2009\/08\/Forca-e-Re-Demokratike_ulqin.jpg","width":"500","height":"481"},{"@type":"WebPage","@id":"https:\/\/www.visit-ulcinj.com\/blog\/2009\/08\/10\/forca-e-re-demokratike-ka-reaguar-pas-mosmbajtjes-se-seances-se-kuvendit-te-komunes-se-ulqinit\/#webpage","url":"https:\/\/www.visit-ulcinj.com\/blog\/2009\/08\/10\/forca-e-re-demokratike-ka-reaguar-pas-mosmbajtjes-se-seances-se-kuvendit-te-komunes-se-ulqinit\/","name":"Forca e Re Demokratike ka reaguar pas mosmbajtjes s\u00eb seanc\u00ebs s\u00eb Kuvendit t\u00eb Komun\u00ebs s\u00eb Ulqinit - Lajme nga Ulqini","isPartOf":{"@id":"https:\/\/www.visit-ulcinj.com\/blog\/#website"},"primaryImageOfPage":{"@id":"https:\/\/www.visit-ulcinj.com\/blog\/2009\/08\/10\/forca-e-re-demokratike-ka-reaguar-pas-mosmbajtjes-se-seances-se-kuvendit-te-komunes-se-ulqinit\/#primaryimage"},"datePublished":"2009-08-10T08:56:40+00:00","dateModified":"2009-08-10T08:57:18+00:00","author":{"@id":"https:\/\/www.visit-ulcinj.com\/blog\/#\/schema\/person\/dcab619c614d3038751c63bc2aadc06d"},"description":"Vazhdon agonia e pushtetit Ulqin \u2013 Forca e Re Demokratike ka reaguar pas mosmbajtjes s\u00eb seanc\u00ebs s\u00eb Kuvendit t\u00eb Komun\u00ebs s\u00eb Ulqinit p\u00ebr shkak t\u00eb","breadcrumb":{"@id":"https:\/\/www.visit-ulcinj.com\/blog\/2009\/08\/10\/forca-e-re-demokratike-ka-reaguar-pas-mosmbajtjes-se-seances-se-kuvendit-te-komunes-se-ulqinit\/#breadcrumb"},"inLanguage":"en-US","potentialAction":[{"@type":"ReadAction","target":["https:\/\/www.visit-ulcinj.com\/blog\/2009\/08\/10\/forca-e-re-demokratike-ka-reaguar-pas-mosmbajtjes-se-seances-se-kuvendit-te-komunes-se-ulqinit\/"]}]},{"@type":"BreadcrumbList","@id":"https:\/\/www.visit-ulcinj.com\/blog\/2009\/08\/10\/forca-e-re-demokratike-ka-reaguar-pas-mosmbajtjes-se-seances-se-kuvendit-te-komunes-se-ulqinit\/#breadcrumb","itemListElement":[{"@type":"ListItem","position":1,"name":"Forca e Re Demokratike ka reaguar pas mosmbajtjes s\u00eb seanc\u00ebs s\u00eb Kuvendit t\u00eb Komun\u00ebs s\u00eb Ulqinit"}]},{"@type":"Person","@id":"https:\/\/www.visit-ulcinj.com\/blog\/#\/schema\/person\/dcab619c614d3038751c63bc2aadc06d","name":"ulqini","sameAs":["http:\/\/www.visit-ulcinj.com"],"url":"https:\/\/www.visit-ulcinj.com\/blog\/author\/admin\/"}]}},"jetpack_featured_media_url":"","jetpack_sharing_enabled":true,"jetpack_shortlink":"https:\/\/wp.me\/pe6lTn-6lh","_links":{"self":[{"href":"https:\/\/www.visit-ulcinj.com\/blog\/wp-json\/wp\/v2\/posts\/24383"}],"collection":[{"href":"https:\/\/www.visit-ulcinj.com\/blog\/wp-json\/wp\/v2\/posts"}],"about":[{"href":"https:\/\/www.visit-ulcinj.com\/blog\/wp-json\/wp\/v2\/types\/post"}],"author":[{"embeddable":true,"href":"https:\/\/www.visit-ulcinj.com\/blog\/wp-json\/wp\/v2\/users\/1"}],"replies":[{"embeddable":true,"href":"https:\/\/www.visit-ulcinj.com\/blog\/wp-json\/wp\/v2\/comments?post=24383"}],"version-history":[{"count":0,"href":"https:\/\/www.visit-ulcinj.com\/blog\/wp-json\/wp\/v2\/posts\/24383\/revisions"}],"wp:attachment":[{"href":"https:\/\/www.visit-ulcinj.com\/blog\/wp-json\/wp\/v2\/media?parent=24383"}],"wp:term":[{"taxonomy":"category","embeddable":true,"href":"https:\/\/www.visit-ulcinj.com\/blog\/wp-json\/wp\/v2\/categories?post=24383"},{"taxonomy":"post_tag","embeddable":true,"href":"https:\/\/www.visit-ulcinj.com\/blog\/wp-json\/wp\/v2\/tags?post=24383"}],"curies":[{"name":"wp","href":"https:\/\/api.w.org\/{rel}","templated":true}]}}