{"id":24388,"date":"2009-08-10T11:48:05","date_gmt":"2009-08-10T09:48:05","guid":{"rendered":"http:\/\/www.visit-ulcinj.com\/blog\/?p=24388"},"modified":"2009-08-10T11:48:58","modified_gmt":"2009-08-10T09:48:58","slug":"kush-po-gjuan-me-gure-kosovaret","status":"publish","type":"post","link":"https:\/\/www.visit-ulcinj.com\/blog\/2009\/08\/10\/kush-po-gjuan-me-gure-kosovaret\/","title":{"rendered":"Kush po gjuan me gur\u00eb Kosovar\u00ebt"},"content":{"rendered":"<p><a href=\"http:\/\/www.visit-ulcinj.com\/blog\/wp-content\/uploads\/2009\/08\/Pushimet-ne-Ulqin_Mali-i-Zi.jpg\"><img loading=\"lazy\" class=\"alignleft size-full wp-image-24389\" title=\"Pushimet ne Ulqin_Mali i Zi\" src=\"http:\/\/www.visit-ulcinj.com\/blog\/wp-content\/uploads\/2009\/08\/Pushimet-ne-Ulqin_Mali-i-Zi.jpg\" alt=\"Pushimet ne Ulqin_Mali i Zi\" width=\"580\" height=\"400\" \/><\/a>\u00cbsht\u00eb m\u00eb se e qart\u00eb se nuk mund t\u00eb cil\u00ebsohet \u201cpushim\u201d p\u00ebr turist\u00ebt q\u00eb vijn\u00eb p\u00ebr t\u00eb kaluar pushimet n\u00eb Mal t\u00eb Zi dhe t\u00eb shoq\u00ebrohen nga policia deri te destinacioni i sigurt. Vet\u00eb fakti se p\u00ebr shkak t\u00eb siguris\u00eb s\u00eb tyre autobus\u00ebt jan\u00eb t\u00eb detyruar t\u00eb udh\u00ebtojn\u00eb n\u00eb kolon\u00eb, t\u00eb shoq\u00ebruar nga policia, krijon frik\u00eb dhe pasiguri te turist\u00ebt<br \/>\nKaluan dy vjet nga rasti kur disa vandal\u00eb sulmuan autobusin e agjencis\u00eb \u201cBarileva\u201d n\u00eb linj\u00ebn Ulqin-Prishtin\u00eb, me \u00e7\u2019rast i thyen xhamat dhe i k\u00ebrc\u00ebnuan udh\u00ebtar\u00ebt me shkopinj t\u00eb bejzbollit. N\u00eb k\u00ebt\u00eb autobus ndodheshin shum\u00eb student\u00eb shqiptar\u00eb q\u00eb studiojn\u00eb n\u00eb Kosov\u00eb. Se \u00e7far\u00eb po ndodhte n\u00eb ndales\u00ebn e Bio\u00e7\u00ebs, p\u00ebrmes celularit m\u00eb njoftuan familjar\u00ebt e mi q\u00eb po udh\u00ebtonin me autobus. Kjo ishte arsyeja q\u00eb un\u00eb isha i pranish\u00ebm n\u00eb momentin kur policia i ndaloi k\u00ebta vandal\u00eb q\u00eb thyen autobusin.<br \/>\nN\u00eb shkrimin e para dy viteve, t\u00eb publikuar n\u00eb gazet\u00ebn \u201cKoha javore\u201d, rastin n\u00eb fjal\u00eb e quajta\u201cFenomen i gjuajtjes me gur\u00eb\u201d, ku k\u00ebrkova q\u00eb organet kompetente t\u00eb ngrejn\u00eb aktakuz\u00eb p\u00ebr k\u00ebta persona dhe t\u00eb tjer\u00ebt q\u00eb kishin gjuajtur me gur\u00eb autobusat me targa t\u00eb Kosov\u00ebs q\u00eb transportojn\u00eb turist\u00ebt e shumt\u00eb nga Kosova.<br \/>\nPor p\u00ebr faktin se aktet e gjuajtjes me gur\u00eb dita dit\u00ebs jan\u00eb duke u p\u00ebrs\u00ebritur, nd\u00ebrsa ende nuk kemi nj\u00eb p\u00ebrgjigje t\u00eb fort\u00eb t\u00eb shtetit p\u00ebr zbardhjen e rasteve n\u00eb fjal\u00eb ndalimin e personave q\u00eb kryejn\u00eb krime t\u00eb tilla, ky realitet zbeh duksh\u00ebm efikasitetin e organeve q\u00eb ruajn\u00eb rendin kushtetues dhe sigurin\u00eb n\u00eb vend. Rastet e k\u00ebtilla tani nuk mund t\u2019i quajm\u00eb m\u00eb rast\u00ebsi, por jan\u00eb nj\u00eb realitet dhe si t\u00eb tilla mund t\u00eb quhen dukuri negative e shoq\u00ebris\u00eb malazeze. Kjo dukuri jo vet\u00ebm se d\u00ebmton r\u00ebnd\u00eb imazhin e nj\u00eb vendi q\u00eb e promovon veten si destinacion atraktiv dhe t\u00eb sigurt p\u00ebr turist\u00eb, por d\u00ebmton r\u00ebnd\u00eb edhe zhvillimin ekonomik dhe perspektiv\u00ebn e vendit i cili t\u00eb ardhurat m\u00eb t\u00eb m\u00ebdha pret t\u2019i siguroj\u00eb pik\u00ebrisht nga turizmi.<br \/>\n\u00cbsht\u00eb m\u00eb se e qart\u00eb se nuk mund t\u00eb cil\u00ebsohet \u201cpushim\u201d p\u00ebr turist\u00ebt q\u00eb vijn\u00eb p\u00ebr t\u00eb kaluar pushimet n\u00eb Mal t\u00eb Zi dhe t\u00eb shoq\u00ebrohen nga policia deri te destinacioni i sigurt. Vet\u00eb fakti se p\u00ebr shkak t\u00eb siguris\u00eb s\u00eb tyre autobus\u00ebt jan\u00eb t\u00eb detyruar t\u00eb udh\u00ebtojn\u00eb n\u00eb kolon\u00eb, t\u00eb shoq\u00ebruar nga policia, krijon frik\u00eb dhe pasiguri te turist\u00ebt.<br \/>\nEdhe pse n\u00eb k\u00ebt\u00eb sezon turistik Ulqini dhe qytetet e tjera bregdetare n\u00eb Mal t\u00eb Zi sh\u00ebnojn\u00eb r\u00ebnie t\u00eb theksuar t\u00eb turist\u00ebve n\u00eb planin e p\u00ebrgjithsh\u00ebm nacional, duket se Ulqini \u00ebsht\u00eb destinacioni m\u00eb i prekur nga dukuria e gjuajtjes me gur\u00eb duke qen\u00eb se \u00ebsht\u00eb evidente q\u00eb gjuhen me gur\u00eb vet\u00ebm autobus\u00ebt me targa kosovare. Shkak p\u00ebr k\u00ebt\u00eb mund t\u00eb jet\u00eb urrejtja dhe paragjykimimet e krijuara ndaj shqiptar\u00ebve te disa individ\u00eb n\u00eb t\u00eb kaluar\u00ebn apo edhe nj\u00eb akt i organizuar me synim t\u00eb caktuar p\u00ebr t\u00eb d\u00ebmtuar zhvillimin e Ulqinit si vendi m\u00eb me perspektiv\u00eb n\u00eb Mal t\u00eb Zi, pasi q\u00eb \u00ebsht\u00eb e natyrshme q\u00eb kjo do t\u00eb reflektohet negativisht n\u00eb fluksin e turist\u00ebve q\u00eb duan t\u00eb vizitojn\u00eb Ulqinin, si dhe vet\u00eb zhvillimin e k\u00ebtij qyteti.<br \/>\nNormalisht k\u00ebto jan\u00eb supozime, por t\u00eb gjitha q\u00ebndrojn\u00eb p\u00ebrderisa k\u00ebto raste po ndodhin n\u00eb realitet, n\u00eb nj\u00eb shtet i cili diti t\u00eb p\u00ebrgjigjej shum\u00eb ashp\u00ebr dhe me vendosm\u00ebri ndaj shqiptar\u00ebve n\u00eb rastin e aksionit policor \u201cFluturimi i Shqiponj\u00ebs\u201d megjith\u00ebse ata nuk thyen asnj\u00eb xham apo rrezikuan dike. N\u00eb rastin n\u00eb fjal\u00eb pati shum\u00eb arrestime t\u00eb publikuara, ngritje akuzash dhe procese gjyq\u00ebsore. Nga ana tjet\u00ebr, edhe pse kemi raste t\u00eb p\u00ebrs\u00ebritura t\u00eb krimeve q\u00eb shkaktojn\u00eb d\u00ebme materiale konkrete, por edhe ndikojn\u00eb duksh\u00ebm n\u00eb keq\u00ebsimin e zhvillimit ekonomik t\u00eb vendit dhe krijojn\u00eb frik\u00eb dhe pa siguri, ndaj k\u00ebtyre rasteve kriminogjene ende nuk kemi persona t\u00eb paraburgosur, ngritje akuzash dhe zhvillime t\u00eb proceseve gjyq\u00ebsore ndaj personave, tanim\u00eb fantaz\u00ebm, q\u00eb gjuajn\u00eb autobus\u00ebt me turist\u00eb shqiptar\u00eb.<br \/>\nPrandaj nga kjo mund t\u00eb lindin disa pyetje? Kush jan\u00eb k\u00ebta persona q\u00eb gjuajn\u00eb me gur\u00eb? Pse nuk zbulohen dhe publikohen emrat e tyre dhe kund\u00ebr tyre t\u00eb ngriten aktakuza sipas ligjit? Pse nuk sanksionohet kjo dukuri nga ana e shtetit dhe organeve kompetente? Pse nuk kemi nj\u00eb p\u00ebrgjigje t\u00eb vendosur dhe adekuate t\u00eb shtetit p\u00ebr t\u00eb parandaluar dhe \u00e7rr\u00ebnjosur k\u00ebt\u00eb dukuri e cila r\u00ebndon mbi imazhin e nj\u00eb shoq\u00ebrie q\u00eb pretendon t\u00eb integrohet n\u00eb Europ\u00eb?<br \/>\nN\u00eb k\u00ebto dhe shum\u00eb pyetje t\u00eb tjera, u munduam t\u00eb marrim p\u00ebrgjigje nga organet kompetente. Por p\u00ebrkund\u00ebr p\u00ebrpjekjeve tona, duke qen\u00eb se nuk arrit\u00ebm t\u00eb kontaktojm\u00eb personat p\u00ebrgjegj\u00ebs, nuk pat\u00ebm mund\u00ebsi t\u00eb marrim informacione m\u00eb t\u00eb holl\u00ebsishme lidhur me rastet n\u00eb fjal\u00eb.<br \/>\nTurist\u00ebt kosovar\u00eb t\u00eb cil\u00ebt p\u00ebr shkaqe t\u00eb frik\u00ebs dhe t\u00eb ndjen\u00ebs s\u00eb pasiguris\u00eb apo t\u00eb keqtrajtimeve gjat\u00eb rrug\u00ebs p\u00ebr n\u00eb Ulqin ndoshta k\u00ebt\u00eb vit vendosen t\u00eb mos i kalojn\u00eb pushimet n\u00eb plazhet tona me q\u00ebllim q\u00eb t\u2019i evitojn\u00eb rastet e pak\u00ebndshme q\u00eb i sjell ky aks rrugor. Ata tani kan\u00eb mund\u00ebsi t\u00eb udh\u00ebtojn\u00eb p\u00ebr n\u00eb Ulqin edhe p\u00ebrmes rrug\u00ebs komb\u00ebtare Kuk\u00ebs-Durr\u00ebs dhe m\u00eb pas p\u00ebrmes vendkalimit kufitar t\u00eb Sukubin\u00ebs, si rrug\u00eb m\u00eb e sigurt drejt destinacionit tanim\u00eb tradicional t\u00eb Ulqinit. N\u00eb k\u00ebt\u00eb m\u00ebyr\u00eb do t\u00eb p\u00ebrfitojm\u00eb t\u00eb gjith\u00eb dhe Ulqinit do t\u2019i rikthehet p\u00ebrs\u00ebri po i nj\u00ebjti shk\u00eblqim si destinacion m\u00eb i preferuar, q\u00eb ofron m\u00eb s\u00eb shumti n\u00eb bregdetin malazez.<br \/>\nUlqini dhe ulqinak\u00ebt e meritojn\u00eb t\u2019u jepet edhe nj\u00eb shans q\u00eb t\u00eb d\u00ebshmojn\u00eb se jan\u00eb lider\u00eb t\u00eb v\u00ebrtet\u00eb sa i p\u00ebrket mikpritjes dhe organizimit t\u00eb sezonit turistik, n\u00eb ve\u00e7anti p\u00ebr turist\u00ebt shqiptar\u00eb dhe gjerman\u00eb t\u00eb cil\u00ebt vite me radh\u00eb ishin adhurues t\u00eb plazheve t\u00eb bregdetit m\u00eb t\u00eb bukur n\u00eb Mal t\u00eb Zi, si\u00e7 din t\u00eb jet\u00eb vet\u00ebm bregdeti i Uqinit.<br \/>\n<strong>Muhamed Gjokaj<br \/>\nKoha Javore<\/strong><\/p>\n<p><strong>[flv width=&#8221;580&#8243; height=&#8221;380&#8243;]http:\/\/shqiphost.top-channel.tv\/18754796\/flv\/kronika\/ulqin.flv[\/flv]<\/strong><\/p>\n","protected":false},"excerpt":{"rendered":"<p>\u00cbsht\u00eb m\u00eb se e qart\u00eb se nuk mund t\u00eb cil\u00ebsohet \u201cpushim\u201d p\u00ebr turist\u00ebt q\u00eb vijn\u00eb p\u00ebr t\u00eb kaluar pushimet n\u00eb Mal t\u00eb Zi dhe t\u00eb shoq\u00ebrohen nga policia deri te destinacioni i sigurt. Vet\u00eb fakti se p\u00ebr shkak t\u00eb siguris\u00eb s\u00eb tyre autobus\u00ebt jan\u00eb t\u00eb detyruar t\u00eb udh\u00ebtojn\u00eb n\u00eb kolon\u00eb, t\u00eb shoq\u00ebruar nga policia, krijon [&hellip;]<\/p>\n","protected":false},"author":1,"featured_media":0,"comment_status":"open","ping_status":"closed","sticky":false,"template":"","format":"standard","meta":{"spay_email":"","jetpack_publicize_message":"","jetpack_is_tweetstorm":false,"jetpack_publicize_feature_enabled":true},"categories":[13],"tags":[49,325,95,12174,18],"jetpack_publicize_connections":[],"yoast_head":"<!-- This site is optimized with the Yoast SEO plugin v19.1 - https:\/\/yoast.com\/wordpress\/plugins\/seo\/ -->\n<title>Kush po gjuan me gur\u00eb Kosovar\u00ebt - Lajme nga Ulqini<\/title>\n<meta name=\"description\" content=\"\u00cbsht\u00eb m\u00eb se e qart\u00eb se nuk mund t\u00eb cil\u00ebsohet \u201cpushim\u201d p\u00ebr turist\u00ebt q\u00eb vijn\u00eb p\u00ebr t\u00eb kaluar pushimet n\u00eb Mal t\u00eb Zi dhe t\u00eb shoq\u00ebrohen nga policia deri te\" \/>\n<meta name=\"robots\" content=\"index, follow, max-snippet:-1, max-image-preview:large, max-video-preview:-1\" \/>\n<link rel=\"canonical\" href=\"https:\/\/www.visit-ulcinj.com\/blog\/2009\/08\/10\/kush-po-gjuan-me-gure-kosovaret\/\" \/>\n<meta property=\"og:locale\" content=\"en_US\" \/>\n<meta property=\"og:type\" content=\"article\" \/>\n<meta property=\"og:title\" content=\"Kush po gjuan me gur\u00eb Kosovar\u00ebt - Lajme nga Ulqini\" \/>\n<meta property=\"og:description\" content=\"\u00cbsht\u00eb m\u00eb se e qart\u00eb se nuk mund t\u00eb cil\u00ebsohet \u201cpushim\u201d p\u00ebr turist\u00ebt q\u00eb vijn\u00eb p\u00ebr t\u00eb kaluar pushimet n\u00eb Mal t\u00eb Zi dhe t\u00eb shoq\u00ebrohen nga policia deri te\" \/>\n<meta property=\"og:url\" content=\"https:\/\/www.visit-ulcinj.com\/blog\/2009\/08\/10\/kush-po-gjuan-me-gure-kosovaret\/\" \/>\n<meta property=\"og:site_name\" content=\"Lajme nga Ulqini\" \/>\n<meta property=\"article:published_time\" content=\"2009-08-10T09:48:05+00:00\" \/>\n<meta property=\"article:modified_time\" content=\"2009-08-10T09:48:58+00:00\" \/>\n<meta property=\"og:image\" content=\"http:\/\/www.visit-ulcinj.com\/blog\/wp-content\/uploads\/2009\/08\/Pushimet-ne-Ulqin_Mali-i-Zi.jpg\" \/>\n<meta name=\"twitter:label1\" content=\"Written by\" \/>\n\t<meta name=\"twitter:data1\" content=\"ulqini\" \/>\n\t<meta name=\"twitter:label2\" content=\"Est. reading time\" \/>\n\t<meta name=\"twitter:data2\" content=\"5 minutes\" \/>\n<script type=\"application\/ld+json\" class=\"yoast-schema-graph\">{\"@context\":\"https:\/\/schema.org\",\"@graph\":[{\"@type\":\"WebSite\",\"@id\":\"https:\/\/www.visit-ulcinj.com\/blog\/#website\",\"url\":\"https:\/\/www.visit-ulcinj.com\/blog\/\",\"name\":\"Lajme nga Ulqini\",\"description\":\"Lajme,Vijesti,Ulqini,Ulqin,Crna Gora,Mali i Zi\",\"potentialAction\":[{\"@type\":\"SearchAction\",\"target\":{\"@type\":\"EntryPoint\",\"urlTemplate\":\"https:\/\/www.visit-ulcinj.com\/blog\/?s={search_term_string}\"},\"query-input\":\"required name=search_term_string\"}],\"inLanguage\":\"en-US\"},{\"@type\":\"ImageObject\",\"inLanguage\":\"en-US\",\"@id\":\"https:\/\/www.visit-ulcinj.com\/blog\/2009\/08\/10\/kush-po-gjuan-me-gure-kosovaret\/#primaryimage\",\"url\":\"https:\/\/www.visit-ulcinj.com\/blog\/wp-content\/uploads\/2009\/08\/Pushimet-ne-Ulqin_Mali-i-Zi.jpg\",\"contentUrl\":\"https:\/\/www.visit-ulcinj.com\/blog\/wp-content\/uploads\/2009\/08\/Pushimet-ne-Ulqin_Mali-i-Zi.jpg\",\"width\":\"744\",\"height\":\"556\"},{\"@type\":\"WebPage\",\"@id\":\"https:\/\/www.visit-ulcinj.com\/blog\/2009\/08\/10\/kush-po-gjuan-me-gure-kosovaret\/#webpage\",\"url\":\"https:\/\/www.visit-ulcinj.com\/blog\/2009\/08\/10\/kush-po-gjuan-me-gure-kosovaret\/\",\"name\":\"Kush po gjuan me gur\u00eb Kosovar\u00ebt - Lajme nga Ulqini\",\"isPartOf\":{\"@id\":\"https:\/\/www.visit-ulcinj.com\/blog\/#website\"},\"primaryImageOfPage\":{\"@id\":\"https:\/\/www.visit-ulcinj.com\/blog\/2009\/08\/10\/kush-po-gjuan-me-gure-kosovaret\/#primaryimage\"},\"datePublished\":\"2009-08-10T09:48:05+00:00\",\"dateModified\":\"2009-08-10T09:48:58+00:00\",\"author\":{\"@id\":\"https:\/\/www.visit-ulcinj.com\/blog\/#\/schema\/person\/dcab619c614d3038751c63bc2aadc06d\"},\"description\":\"\u00cbsht\u00eb m\u00eb se e qart\u00eb se nuk mund t\u00eb cil\u00ebsohet \u201cpushim\u201d p\u00ebr turist\u00ebt q\u00eb vijn\u00eb p\u00ebr t\u00eb kaluar pushimet n\u00eb Mal t\u00eb Zi dhe t\u00eb shoq\u00ebrohen nga policia deri te\",\"breadcrumb\":{\"@id\":\"https:\/\/www.visit-ulcinj.com\/blog\/2009\/08\/10\/kush-po-gjuan-me-gure-kosovaret\/#breadcrumb\"},\"inLanguage\":\"en-US\",\"potentialAction\":[{\"@type\":\"ReadAction\",\"target\":[\"https:\/\/www.visit-ulcinj.com\/blog\/2009\/08\/10\/kush-po-gjuan-me-gure-kosovaret\/\"]}]},{\"@type\":\"BreadcrumbList\",\"@id\":\"https:\/\/www.visit-ulcinj.com\/blog\/2009\/08\/10\/kush-po-gjuan-me-gure-kosovaret\/#breadcrumb\",\"itemListElement\":[{\"@type\":\"ListItem\",\"position\":1,\"name\":\"Kush po gjuan me gur\u00eb Kosovar\u00ebt\"}]},{\"@type\":\"Person\",\"@id\":\"https:\/\/www.visit-ulcinj.com\/blog\/#\/schema\/person\/dcab619c614d3038751c63bc2aadc06d\",\"name\":\"ulqini\",\"sameAs\":[\"http:\/\/www.visit-ulcinj.com\"],\"url\":\"https:\/\/www.visit-ulcinj.com\/blog\/author\/admin\/\"}]}<\/script>\n<!-- \/ Yoast SEO plugin. -->","yoast_head_json":{"title":"Kush po gjuan me gur\u00eb Kosovar\u00ebt - Lajme nga Ulqini","description":"\u00cbsht\u00eb m\u00eb se e qart\u00eb se nuk mund t\u00eb cil\u00ebsohet \u201cpushim\u201d p\u00ebr turist\u00ebt q\u00eb vijn\u00eb p\u00ebr t\u00eb kaluar pushimet n\u00eb Mal t\u00eb Zi dhe t\u00eb shoq\u00ebrohen nga policia deri te","robots":{"index":"index","follow":"follow","max-snippet":"max-snippet:-1","max-image-preview":"max-image-preview:large","max-video-preview":"max-video-preview:-1"},"canonical":"https:\/\/www.visit-ulcinj.com\/blog\/2009\/08\/10\/kush-po-gjuan-me-gure-kosovaret\/","og_locale":"en_US","og_type":"article","og_title":"Kush po gjuan me gur\u00eb Kosovar\u00ebt - Lajme nga Ulqini","og_description":"\u00cbsht\u00eb m\u00eb se e qart\u00eb se nuk mund t\u00eb cil\u00ebsohet \u201cpushim\u201d p\u00ebr turist\u00ebt q\u00eb vijn\u00eb p\u00ebr t\u00eb kaluar pushimet n\u00eb Mal t\u00eb Zi dhe t\u00eb shoq\u00ebrohen nga policia deri te","og_url":"https:\/\/www.visit-ulcinj.com\/blog\/2009\/08\/10\/kush-po-gjuan-me-gure-kosovaret\/","og_site_name":"Lajme nga Ulqini","article_published_time":"2009-08-10T09:48:05+00:00","article_modified_time":"2009-08-10T09:48:58+00:00","og_image":[{"url":"http:\/\/www.visit-ulcinj.com\/blog\/wp-content\/uploads\/2009\/08\/Pushimet-ne-Ulqin_Mali-i-Zi.jpg"}],"twitter_misc":{"Written by":"ulqini","Est. reading time":"5 minutes"},"schema":{"@context":"https:\/\/schema.org","@graph":[{"@type":"WebSite","@id":"https:\/\/www.visit-ulcinj.com\/blog\/#website","url":"https:\/\/www.visit-ulcinj.com\/blog\/","name":"Lajme nga Ulqini","description":"Lajme,Vijesti,Ulqini,Ulqin,Crna Gora,Mali i Zi","potentialAction":[{"@type":"SearchAction","target":{"@type":"EntryPoint","urlTemplate":"https:\/\/www.visit-ulcinj.com\/blog\/?s={search_term_string}"},"query-input":"required name=search_term_string"}],"inLanguage":"en-US"},{"@type":"ImageObject","inLanguage":"en-US","@id":"https:\/\/www.visit-ulcinj.com\/blog\/2009\/08\/10\/kush-po-gjuan-me-gure-kosovaret\/#primaryimage","url":"https:\/\/www.visit-ulcinj.com\/blog\/wp-content\/uploads\/2009\/08\/Pushimet-ne-Ulqin_Mali-i-Zi.jpg","contentUrl":"https:\/\/www.visit-ulcinj.com\/blog\/wp-content\/uploads\/2009\/08\/Pushimet-ne-Ulqin_Mali-i-Zi.jpg","width":"744","height":"556"},{"@type":"WebPage","@id":"https:\/\/www.visit-ulcinj.com\/blog\/2009\/08\/10\/kush-po-gjuan-me-gure-kosovaret\/#webpage","url":"https:\/\/www.visit-ulcinj.com\/blog\/2009\/08\/10\/kush-po-gjuan-me-gure-kosovaret\/","name":"Kush po gjuan me gur\u00eb Kosovar\u00ebt - Lajme nga Ulqini","isPartOf":{"@id":"https:\/\/www.visit-ulcinj.com\/blog\/#website"},"primaryImageOfPage":{"@id":"https:\/\/www.visit-ulcinj.com\/blog\/2009\/08\/10\/kush-po-gjuan-me-gure-kosovaret\/#primaryimage"},"datePublished":"2009-08-10T09:48:05+00:00","dateModified":"2009-08-10T09:48:58+00:00","author":{"@id":"https:\/\/www.visit-ulcinj.com\/blog\/#\/schema\/person\/dcab619c614d3038751c63bc2aadc06d"},"description":"\u00cbsht\u00eb m\u00eb se e qart\u00eb se nuk mund t\u00eb cil\u00ebsohet \u201cpushim\u201d p\u00ebr turist\u00ebt q\u00eb vijn\u00eb p\u00ebr t\u00eb kaluar pushimet n\u00eb Mal t\u00eb Zi dhe t\u00eb shoq\u00ebrohen nga policia deri te","breadcrumb":{"@id":"https:\/\/www.visit-ulcinj.com\/blog\/2009\/08\/10\/kush-po-gjuan-me-gure-kosovaret\/#breadcrumb"},"inLanguage":"en-US","potentialAction":[{"@type":"ReadAction","target":["https:\/\/www.visit-ulcinj.com\/blog\/2009\/08\/10\/kush-po-gjuan-me-gure-kosovaret\/"]}]},{"@type":"BreadcrumbList","@id":"https:\/\/www.visit-ulcinj.com\/blog\/2009\/08\/10\/kush-po-gjuan-me-gure-kosovaret\/#breadcrumb","itemListElement":[{"@type":"ListItem","position":1,"name":"Kush po gjuan me gur\u00eb Kosovar\u00ebt"}]},{"@type":"Person","@id":"https:\/\/www.visit-ulcinj.com\/blog\/#\/schema\/person\/dcab619c614d3038751c63bc2aadc06d","name":"ulqini","sameAs":["http:\/\/www.visit-ulcinj.com"],"url":"https:\/\/www.visit-ulcinj.com\/blog\/author\/admin\/"}]}},"jetpack_featured_media_url":"","jetpack_sharing_enabled":true,"jetpack_shortlink":"https:\/\/wp.me\/pe6lTn-6lm","_links":{"self":[{"href":"https:\/\/www.visit-ulcinj.com\/blog\/wp-json\/wp\/v2\/posts\/24388"}],"collection":[{"href":"https:\/\/www.visit-ulcinj.com\/blog\/wp-json\/wp\/v2\/posts"}],"about":[{"href":"https:\/\/www.visit-ulcinj.com\/blog\/wp-json\/wp\/v2\/types\/post"}],"author":[{"embeddable":true,"href":"https:\/\/www.visit-ulcinj.com\/blog\/wp-json\/wp\/v2\/users\/1"}],"replies":[{"embeddable":true,"href":"https:\/\/www.visit-ulcinj.com\/blog\/wp-json\/wp\/v2\/comments?post=24388"}],"version-history":[{"count":0,"href":"https:\/\/www.visit-ulcinj.com\/blog\/wp-json\/wp\/v2\/posts\/24388\/revisions"}],"wp:attachment":[{"href":"https:\/\/www.visit-ulcinj.com\/blog\/wp-json\/wp\/v2\/media?parent=24388"}],"wp:term":[{"taxonomy":"category","embeddable":true,"href":"https:\/\/www.visit-ulcinj.com\/blog\/wp-json\/wp\/v2\/categories?post=24388"},{"taxonomy":"post_tag","embeddable":true,"href":"https:\/\/www.visit-ulcinj.com\/blog\/wp-json\/wp\/v2\/tags?post=24388"}],"curies":[{"name":"wp","href":"https:\/\/api.w.org\/{rel}","templated":true}]}}