{"id":24394,"date":"2009-08-10T12:12:24","date_gmt":"2009-08-10T10:12:24","guid":{"rendered":"http:\/\/www.visit-ulcinj.com\/blog\/?p=24394"},"modified":"2009-08-10T12:13:10","modified_gmt":"2009-08-10T10:13:10","slug":"deti-adriatik-pleherishte","status":"publish","type":"post","link":"https:\/\/www.visit-ulcinj.com\/blog\/2009\/08\/10\/deti-adriatik-pleherishte\/","title":{"rendered":"Deti Adriatik pleh\u00ebrisht\u00eb"},"content":{"rendered":"<p><strong><a href=\"http:\/\/www.visit-ulcinj.com\/blog\/wp-content\/uploads\/2009\/08\/hedhurinat-ne-detin-adriatik.jpg\"><img loading=\"lazy\" class=\"alignleft size-full wp-image-24395\" title=\"hedhurinat ne detin adriatik\" src=\"http:\/\/www.visit-ulcinj.com\/blog\/wp-content\/uploads\/2009\/08\/hedhurinat-ne-detin-adriatik.jpg\" alt=\"hedhurinat ne detin adriatik\" width=\"570\" height=\"360\" \/><\/a>T\u00ebr\u00eb hedhurinat hidhen n\u00eb det<\/strong><br \/>\nP\u00ebr fat t\u00eb keq, analizat kan\u00eb treguar se uji i detit edhe n\u00eb plazhet tona m\u00eb t\u00eb njohura nuk \u00ebsht\u00eb n\u00eb cil\u00ebsin\u00eb e k\u00ebnaqshme. Dhe ky fakt nuk e habit ask\u00ebnd, n\u00ebse dihet se gjat\u00eb 25 viteve t\u00eb shkuara jo vet\u00ebm q\u00eb nuk ka patur investime t\u00eb r\u00ebnd\u00ebsishme n\u00eb zgjerimin e rrjetit infrastrukturor t\u00eb kanalizimit, por edhe mir\u00ebmbajtja e rrjetit ekzistues ka qen\u00eb reduktuar n\u00eb minimum.<br \/>\nNj\u00eb ekip nd\u00ebrkomb\u00ebtar i ekspert\u00ebve i cili vitin e kaluar hulumtoi p\u00ebrb\u00ebrjen e faun\u00ebs s\u00eb thell\u00ebsirave detare n\u00eb pjes\u00ebt m\u00eb t\u00eb thella t\u00eb ult\u00ebsir\u00ebs s\u00eb Adriatikut Jugor ndeshi n\u00eb papast\u00ebrtin\u00eb e tmerrshme t\u00eb k\u00ebsaj pjese t\u00eb Adriatikut. N\u00eb thell\u00ebsin\u00eb prej 1100 deri n\u00eb 1200 metra nuk jan\u00eb gjetur lloje e zakonshme t\u00eb peshqve, por nj\u00eb sasi e madhe e hedhurinave, n\u00eb radh\u00eb t\u00eb par\u00eb e shisheve dhe qeseve plastike. Kjo hap\u00ebsir\u00eb, nga Palagruzha deri n\u00eb Otrant, \u00ebsht\u00eb duke u shnd\u00ebrruar n\u00eb nj\u00eb pleh\u00ebrishte t\u00eb v\u00ebrtet\u00eb me pasoja t\u00eb rrezikshme p\u00ebr faun\u00ebn, pohojn\u00eb specialist\u00ebt e Institutit t\u00eb Oqeanografis\u00eb nga Spliti. Kur dihet q\u00eb p\u00ebr shp\u00ebrb\u00ebrjen e vet\u00ebm nj\u00eb shisheje plastike nevojiten t\u00eb pakt\u00ebn 400 vjet, del qart\u00eb se hedhurinat q\u00eb grumbullohen n\u00eb fundin e detit, p\u00ebr shkak t\u00eb pakujdesis\u00eb dhe neglizhenc\u00ebs s\u00eb njeriut, jan\u00eb bomb\u00eb ekonomike potenciale.<br \/>\nP\u00ebr fat t\u00eb keq, analizat kan\u00eb treguar se uji i detit edhe n\u00eb plazhet tona m\u00eb t\u00eb njohura nuk \u00ebsht\u00eb n\u00eb cil\u00ebsin\u00eb e k\u00ebnaqshme. Dhe ky fakt nuk e habit ask\u00ebnd, n\u00ebse dihet se gjat\u00eb 25 viteve t\u00eb shkuara jo vet\u00ebm q\u00eb nuk ka patur investime t\u00eb r\u00ebnd\u00ebsishme n\u00eb zgjerimin e rrjetit infrastrukturor t\u00eb kanalizimit, por edhe mir\u00ebmbajtja e rrjetit ekzistues ka qen\u00eb reduktuar n\u00eb minimum. P\u00ebrqindja e ky\u00e7jeve n\u00eb rrjetin e kanalizimit \u00ebsht\u00eb relativisht e ul\u00ebt dhe ka t\u00eb b\u00ebj\u00eb kryesisht me b\u00ebrtham\u00ebn e ngusht\u00eb urbane t\u00eb Ulqinit, \u00e7ka do t\u00eb thot\u00eb vet\u00ebm pak mbi gjysm\u00ebn e familjeve.<br \/>\n<a href=\"http:\/\/www.visit-ulcinj.com\/blog\/wp-content\/uploads\/2009\/08\/hedhurinat-ne-detin-adriatik.1.jpg\"><img loading=\"lazy\" class=\"alignleft size-full wp-image-24396\" title=\"hedhurinat ne detin adriatik.1\" src=\"http:\/\/www.visit-ulcinj.com\/blog\/wp-content\/uploads\/2009\/08\/hedhurinat-ne-detin-adriatik.1.jpg\" alt=\"hedhurinat ne detin adriatik.1\" width=\"282\" height=\"358\" srcset=\"https:\/\/www.visit-ulcinj.com\/blog\/wp-content\/uploads\/2009\/08\/hedhurinat-ne-detin-adriatik.1.jpg 282w, https:\/\/www.visit-ulcinj.com\/blog\/wp-content\/uploads\/2009\/08\/hedhurinat-ne-detin-adriatik.1-236x300.jpg 236w\" sizes=\"(max-width: 282px) 100vw, 282px\" \/><\/a>Ky \u00ebsht\u00eb nj\u00ebri nga shkaqet kryesore q\u00eb kanali i Port Milen\u00ebs, dikur vendi m\u00eb i r\u00ebnd\u00ebsish\u00ebm i shum\u00ebzimit t\u00eb peshqve n\u00eb Mesdhe, ndodhet n\u00eb gjendje t\u00eb tmerrshme. Po ashtu, t\u00eb gjitha gryk\u00ebderdhjet e kanalizimit nga 350 sht\u00ebpiza, vila dhe restorante n\u00eb Bun\u00eb derdhen drejtp\u00ebrs\u00ebdrejti n\u00eb lum\u00eb, k\u00ebshtu q\u00eb n\u00eb gryk\u00ebn e Bun\u00ebs nuk rekomandohet larja. Kurse n\u00eb plazhet e Ulqinit p\u00ebrmes lumit Mora\u00e7a, Liqenit t\u00eb Shkodr\u00ebs dhe Bun\u00ebs arrijn\u00eb edhe hedhurinat nga Shkodra dhe Podgorica. \u00cbsht\u00eb problem i madh q\u00eb spitali i Shkodr\u00ebs nj\u00eb pjes\u00eb t\u00eb hedhurinave mjek\u00ebsore i hedh n\u00eb Liqenin e Shkodr\u00ebs, k\u00ebshtu q\u00eb shpesh\u00ebher\u00eb n\u00eb Ad\u00eb, n\u00eb Plazhin e Madh dhe n\u00eb Plazhin e Vog\u00ebl mund t\u00eb gjenden shiringa, injekcione dhe aparate p\u00ebr marrjen e infuzionit.<br \/>\nRreth pes\u00eb mij\u00eb vila dhe sht\u00ebpi n\u00eb Shtoj nuk kan\u00eb ky\u00e7je n\u00eb rrjetin e kanalizimit dhe p\u00ebr k\u00ebt\u00eb arsye fekalet derdhen n\u00eb gropa septike! Kjo gjendje po zgjat\u00eb me dekada t\u00eb t\u00ebra, k\u00ebshtu q\u00eb mund\u00ebsia q\u00eb \u00e7do gj\u00eb t\u00eb \u201cshp\u00ebrthej\u00eb\u201d \u00ebsht\u00eb vazhdimisht e pranishme.<br \/>\nInstitucionet shtet\u00ebrore dhe komunale nuk merren n\u00eb m\u00ebnyr\u00eb sistematike me statistik\u00ebn e ndotjes s\u00eb detit dhe t\u00eb rripit bregdetar gjat\u00eb stin\u00ebs turistike, kurse vler\u00ebsimet e sh\u00ebrbimeve komunale dhe t\u00eb shoqatave ekologjike flasin se gjat\u00eb stin\u00ebs turistike ndotja rritet prej kat\u00ebr deri dhjet\u00eb her\u00eb (var\u00ebsisht nga numri i turist\u00ebve).<br \/>\nSido q\u00eb t\u00eb jet\u00eb, n\u00eb bot\u00eb nuk \u00ebsht\u00eb m\u00eb problem t\u00eb nd\u00ebrtosh kolektor apo t\u00eb organizosh grumbullimin e hedhurinave. Aq m\u00eb tep\u00ebr, k\u00ebtu nuk mund t\u00eb fitohet. \u00cbsht\u00eb problem t\u00eb nd\u00ebrtohet vet\u00ebdija p\u00ebr domosdoshm\u00ebrin\u00eb e mbrojtjes dhe t\u00eb ruajtjes s\u00eb ambientit t\u00eb jetes\u00ebs. Do t\u00eb ishte gj\u00eb e mir\u00eb dhe e dobishme q\u00eb kjo t\u00eb kuptohet edhe n\u00eb shtetin ekologjik dhe turistik t\u00eb Malit t\u00eb Zi edhe n\u00eb qytetin ton\u00eb t\u00eb mrekulluesh\u00ebm, n\u00eb m\u00ebnyr\u00eb q\u00eb t\u00eb vendosej \u201cpaqja me natyr\u00ebn\u201d, p\u00ebrkat\u00ebsisht t\u00eb ruhet deti yn\u00eb, liqenet dhe lumenjt\u00eb tan\u00eb dhe t\u00eb ruhet \u201czhvillimi i q\u00ebndruesh\u00ebm\u201d.<\/p>\n<p><strong>Mustafa Canka<br \/>\nKoha Javore<\/strong><\/p>\n<p><strong><!--YouTube Error: bad URL entered--><br \/>\n<\/strong><\/p>\n","protected":false},"excerpt":{"rendered":"<p>T\u00ebr\u00eb hedhurinat hidhen n\u00eb det P\u00ebr fat t\u00eb keq, analizat kan\u00eb treguar se uji i detit edhe n\u00eb plazhet tona m\u00eb t\u00eb njohura nuk \u00ebsht\u00eb n\u00eb cil\u00ebsin\u00eb e k\u00ebnaqshme. Dhe ky fakt nuk e habit ask\u00ebnd, n\u00ebse dihet se gjat\u00eb 25 viteve t\u00eb shkuara jo vet\u00ebm q\u00eb nuk ka patur investime t\u00eb r\u00ebnd\u00ebsishme n\u00eb zgjerimin [&hellip;]<\/p>\n","protected":false},"author":1,"featured_media":0,"comment_status":"open","ping_status":"closed","sticky":false,"template":"","format":"standard","meta":{"spay_email":"","jetpack_publicize_message":"","jetpack_is_tweetstorm":false,"jetpack_publicize_feature_enabled":true},"categories":[13],"tags":[562,12175,12176],"jetpack_publicize_connections":[],"yoast_head":"<!-- This site is optimized with the Yoast SEO plugin v19.1 - https:\/\/yoast.com\/wordpress\/plugins\/seo\/ -->\n<title>Deti Adriatik pleh\u00ebrisht\u00eb - Lajme nga Ulqini<\/title>\n<meta name=\"description\" content=\"T\u00ebr\u00eb hedhurinat hidhen n\u00eb det P\u00ebr fat t\u00eb keq, analizat kan\u00eb treguar se uji i detit edhe n\u00eb plazhet tona m\u00eb t\u00eb njohura nuk \u00ebsht\u00eb n\u00eb cil\u00ebsin\u00eb e k\u00ebnaqshme.\" \/>\n<meta name=\"robots\" content=\"index, follow, max-snippet:-1, max-image-preview:large, max-video-preview:-1\" \/>\n<link rel=\"canonical\" href=\"https:\/\/www.visit-ulcinj.com\/blog\/2009\/08\/10\/deti-adriatik-pleherishte\/\" \/>\n<meta property=\"og:locale\" content=\"en_US\" \/>\n<meta property=\"og:type\" content=\"article\" \/>\n<meta property=\"og:title\" content=\"Deti Adriatik pleh\u00ebrisht\u00eb - Lajme nga Ulqini\" \/>\n<meta property=\"og:description\" content=\"T\u00ebr\u00eb hedhurinat hidhen n\u00eb det P\u00ebr fat t\u00eb keq, analizat kan\u00eb treguar se uji i detit edhe n\u00eb plazhet tona m\u00eb t\u00eb njohura nuk \u00ebsht\u00eb n\u00eb cil\u00ebsin\u00eb e k\u00ebnaqshme.\" \/>\n<meta property=\"og:url\" content=\"https:\/\/www.visit-ulcinj.com\/blog\/2009\/08\/10\/deti-adriatik-pleherishte\/\" \/>\n<meta property=\"og:site_name\" content=\"Lajme nga Ulqini\" \/>\n<meta property=\"article:published_time\" content=\"2009-08-10T10:12:24+00:00\" \/>\n<meta property=\"article:modified_time\" content=\"2009-08-10T10:13:10+00:00\" \/>\n<meta property=\"og:image\" content=\"http:\/\/www.visit-ulcinj.com\/blog\/wp-content\/uploads\/2009\/08\/hedhurinat-ne-detin-adriatik.jpg\" \/>\n<meta name=\"twitter:label1\" content=\"Written by\" \/>\n\t<meta name=\"twitter:data1\" content=\"ulqini\" \/>\n\t<meta name=\"twitter:label2\" content=\"Est. reading time\" \/>\n\t<meta name=\"twitter:data2\" content=\"4 minutes\" \/>\n<script type=\"application\/ld+json\" class=\"yoast-schema-graph\">{\"@context\":\"https:\/\/schema.org\",\"@graph\":[{\"@type\":\"WebSite\",\"@id\":\"https:\/\/www.visit-ulcinj.com\/blog\/#website\",\"url\":\"https:\/\/www.visit-ulcinj.com\/blog\/\",\"name\":\"Lajme nga Ulqini\",\"description\":\"Lajme,Vijesti,Ulqini,Ulqin,Crna Gora,Mali i Zi\",\"potentialAction\":[{\"@type\":\"SearchAction\",\"target\":{\"@type\":\"EntryPoint\",\"urlTemplate\":\"https:\/\/www.visit-ulcinj.com\/blog\/?s={search_term_string}\"},\"query-input\":\"required name=search_term_string\"}],\"inLanguage\":\"en-US\"},{\"@type\":\"ImageObject\",\"inLanguage\":\"en-US\",\"@id\":\"https:\/\/www.visit-ulcinj.com\/blog\/2009\/08\/10\/deti-adriatik-pleherishte\/#primaryimage\",\"url\":\"https:\/\/www.visit-ulcinj.com\/blog\/wp-content\/uploads\/2009\/08\/hedhurinat-ne-detin-adriatik.jpg\",\"contentUrl\":\"https:\/\/www.visit-ulcinj.com\/blog\/wp-content\/uploads\/2009\/08\/hedhurinat-ne-detin-adriatik.jpg\",\"width\":\"550\",\"height\":\"360\"},{\"@type\":\"WebPage\",\"@id\":\"https:\/\/www.visit-ulcinj.com\/blog\/2009\/08\/10\/deti-adriatik-pleherishte\/#webpage\",\"url\":\"https:\/\/www.visit-ulcinj.com\/blog\/2009\/08\/10\/deti-adriatik-pleherishte\/\",\"name\":\"Deti Adriatik pleh\u00ebrisht\u00eb - Lajme nga Ulqini\",\"isPartOf\":{\"@id\":\"https:\/\/www.visit-ulcinj.com\/blog\/#website\"},\"primaryImageOfPage\":{\"@id\":\"https:\/\/www.visit-ulcinj.com\/blog\/2009\/08\/10\/deti-adriatik-pleherishte\/#primaryimage\"},\"datePublished\":\"2009-08-10T10:12:24+00:00\",\"dateModified\":\"2009-08-10T10:13:10+00:00\",\"author\":{\"@id\":\"https:\/\/www.visit-ulcinj.com\/blog\/#\/schema\/person\/dcab619c614d3038751c63bc2aadc06d\"},\"description\":\"T\u00ebr\u00eb hedhurinat hidhen n\u00eb det P\u00ebr fat t\u00eb keq, analizat kan\u00eb treguar se uji i detit edhe n\u00eb plazhet tona m\u00eb t\u00eb njohura nuk \u00ebsht\u00eb n\u00eb cil\u00ebsin\u00eb e k\u00ebnaqshme.\",\"breadcrumb\":{\"@id\":\"https:\/\/www.visit-ulcinj.com\/blog\/2009\/08\/10\/deti-adriatik-pleherishte\/#breadcrumb\"},\"inLanguage\":\"en-US\",\"potentialAction\":[{\"@type\":\"ReadAction\",\"target\":[\"https:\/\/www.visit-ulcinj.com\/blog\/2009\/08\/10\/deti-adriatik-pleherishte\/\"]}]},{\"@type\":\"BreadcrumbList\",\"@id\":\"https:\/\/www.visit-ulcinj.com\/blog\/2009\/08\/10\/deti-adriatik-pleherishte\/#breadcrumb\",\"itemListElement\":[{\"@type\":\"ListItem\",\"position\":1,\"name\":\"Deti Adriatik pleh\u00ebrisht\u00eb\"}]},{\"@type\":\"Person\",\"@id\":\"https:\/\/www.visit-ulcinj.com\/blog\/#\/schema\/person\/dcab619c614d3038751c63bc2aadc06d\",\"name\":\"ulqini\",\"sameAs\":[\"http:\/\/www.visit-ulcinj.com\"],\"url\":\"https:\/\/www.visit-ulcinj.com\/blog\/author\/admin\/\"}]}<\/script>\n<!-- \/ Yoast SEO plugin. -->","yoast_head_json":{"title":"Deti Adriatik pleh\u00ebrisht\u00eb - Lajme nga Ulqini","description":"T\u00ebr\u00eb hedhurinat hidhen n\u00eb det P\u00ebr fat t\u00eb keq, analizat kan\u00eb treguar se uji i detit edhe n\u00eb plazhet tona m\u00eb t\u00eb njohura nuk \u00ebsht\u00eb n\u00eb cil\u00ebsin\u00eb e k\u00ebnaqshme.","robots":{"index":"index","follow":"follow","max-snippet":"max-snippet:-1","max-image-preview":"max-image-preview:large","max-video-preview":"max-video-preview:-1"},"canonical":"https:\/\/www.visit-ulcinj.com\/blog\/2009\/08\/10\/deti-adriatik-pleherishte\/","og_locale":"en_US","og_type":"article","og_title":"Deti Adriatik pleh\u00ebrisht\u00eb - Lajme nga Ulqini","og_description":"T\u00ebr\u00eb hedhurinat hidhen n\u00eb det P\u00ebr fat t\u00eb keq, analizat kan\u00eb treguar se uji i detit edhe n\u00eb plazhet tona m\u00eb t\u00eb njohura nuk \u00ebsht\u00eb n\u00eb cil\u00ebsin\u00eb e k\u00ebnaqshme.","og_url":"https:\/\/www.visit-ulcinj.com\/blog\/2009\/08\/10\/deti-adriatik-pleherishte\/","og_site_name":"Lajme nga Ulqini","article_published_time":"2009-08-10T10:12:24+00:00","article_modified_time":"2009-08-10T10:13:10+00:00","og_image":[{"url":"http:\/\/www.visit-ulcinj.com\/blog\/wp-content\/uploads\/2009\/08\/hedhurinat-ne-detin-adriatik.jpg"}],"twitter_misc":{"Written by":"ulqini","Est. reading time":"4 minutes"},"schema":{"@context":"https:\/\/schema.org","@graph":[{"@type":"WebSite","@id":"https:\/\/www.visit-ulcinj.com\/blog\/#website","url":"https:\/\/www.visit-ulcinj.com\/blog\/","name":"Lajme nga Ulqini","description":"Lajme,Vijesti,Ulqini,Ulqin,Crna Gora,Mali i Zi","potentialAction":[{"@type":"SearchAction","target":{"@type":"EntryPoint","urlTemplate":"https:\/\/www.visit-ulcinj.com\/blog\/?s={search_term_string}"},"query-input":"required name=search_term_string"}],"inLanguage":"en-US"},{"@type":"ImageObject","inLanguage":"en-US","@id":"https:\/\/www.visit-ulcinj.com\/blog\/2009\/08\/10\/deti-adriatik-pleherishte\/#primaryimage","url":"https:\/\/www.visit-ulcinj.com\/blog\/wp-content\/uploads\/2009\/08\/hedhurinat-ne-detin-adriatik.jpg","contentUrl":"https:\/\/www.visit-ulcinj.com\/blog\/wp-content\/uploads\/2009\/08\/hedhurinat-ne-detin-adriatik.jpg","width":"550","height":"360"},{"@type":"WebPage","@id":"https:\/\/www.visit-ulcinj.com\/blog\/2009\/08\/10\/deti-adriatik-pleherishte\/#webpage","url":"https:\/\/www.visit-ulcinj.com\/blog\/2009\/08\/10\/deti-adriatik-pleherishte\/","name":"Deti Adriatik pleh\u00ebrisht\u00eb - Lajme nga Ulqini","isPartOf":{"@id":"https:\/\/www.visit-ulcinj.com\/blog\/#website"},"primaryImageOfPage":{"@id":"https:\/\/www.visit-ulcinj.com\/blog\/2009\/08\/10\/deti-adriatik-pleherishte\/#primaryimage"},"datePublished":"2009-08-10T10:12:24+00:00","dateModified":"2009-08-10T10:13:10+00:00","author":{"@id":"https:\/\/www.visit-ulcinj.com\/blog\/#\/schema\/person\/dcab619c614d3038751c63bc2aadc06d"},"description":"T\u00ebr\u00eb hedhurinat hidhen n\u00eb det P\u00ebr fat t\u00eb keq, analizat kan\u00eb treguar se uji i detit edhe n\u00eb plazhet tona m\u00eb t\u00eb njohura nuk \u00ebsht\u00eb n\u00eb cil\u00ebsin\u00eb e k\u00ebnaqshme.","breadcrumb":{"@id":"https:\/\/www.visit-ulcinj.com\/blog\/2009\/08\/10\/deti-adriatik-pleherishte\/#breadcrumb"},"inLanguage":"en-US","potentialAction":[{"@type":"ReadAction","target":["https:\/\/www.visit-ulcinj.com\/blog\/2009\/08\/10\/deti-adriatik-pleherishte\/"]}]},{"@type":"BreadcrumbList","@id":"https:\/\/www.visit-ulcinj.com\/blog\/2009\/08\/10\/deti-adriatik-pleherishte\/#breadcrumb","itemListElement":[{"@type":"ListItem","position":1,"name":"Deti Adriatik pleh\u00ebrisht\u00eb"}]},{"@type":"Person","@id":"https:\/\/www.visit-ulcinj.com\/blog\/#\/schema\/person\/dcab619c614d3038751c63bc2aadc06d","name":"ulqini","sameAs":["http:\/\/www.visit-ulcinj.com"],"url":"https:\/\/www.visit-ulcinj.com\/blog\/author\/admin\/"}]}},"jetpack_featured_media_url":"","jetpack_sharing_enabled":true,"jetpack_shortlink":"https:\/\/wp.me\/pe6lTn-6ls","_links":{"self":[{"href":"https:\/\/www.visit-ulcinj.com\/blog\/wp-json\/wp\/v2\/posts\/24394"}],"collection":[{"href":"https:\/\/www.visit-ulcinj.com\/blog\/wp-json\/wp\/v2\/posts"}],"about":[{"href":"https:\/\/www.visit-ulcinj.com\/blog\/wp-json\/wp\/v2\/types\/post"}],"author":[{"embeddable":true,"href":"https:\/\/www.visit-ulcinj.com\/blog\/wp-json\/wp\/v2\/users\/1"}],"replies":[{"embeddable":true,"href":"https:\/\/www.visit-ulcinj.com\/blog\/wp-json\/wp\/v2\/comments?post=24394"}],"version-history":[{"count":0,"href":"https:\/\/www.visit-ulcinj.com\/blog\/wp-json\/wp\/v2\/posts\/24394\/revisions"}],"wp:attachment":[{"href":"https:\/\/www.visit-ulcinj.com\/blog\/wp-json\/wp\/v2\/media?parent=24394"}],"wp:term":[{"taxonomy":"category","embeddable":true,"href":"https:\/\/www.visit-ulcinj.com\/blog\/wp-json\/wp\/v2\/categories?post=24394"},{"taxonomy":"post_tag","embeddable":true,"href":"https:\/\/www.visit-ulcinj.com\/blog\/wp-json\/wp\/v2\/tags?post=24394"}],"curies":[{"name":"wp","href":"https:\/\/api.w.org\/{rel}","templated":true}]}}