{"id":24406,"date":"2009-08-10T13:33:50","date_gmt":"2009-08-10T11:33:50","guid":{"rendered":"http:\/\/www.visit-ulcinj.com\/blog\/?p=24406"},"modified":"2009-08-12T20:10:52","modified_gmt":"2009-08-12T18:10:52","slug":"silver-korda-bejtexhiu-i-fundit-i-ulqinit","status":"publish","type":"post","link":"https:\/\/www.visit-ulcinj.com\/blog\/2009\/08\/10\/silver-korda-bejtexhiu-i-fundit-i-ulqinit\/","title":{"rendered":"Silver Korda; Bejtexhiu i fundit i Ulqinit"},"content":{"rendered":"<p><strong><a href=\"http:\/\/www.visit-ulcinj.com\/blog\/wp-content\/uploads\/2009\/08\/silver-korda.jpg\"><img loading=\"lazy\" class=\"alignleft size-full wp-image-24410\" title=\"silver korda\" src=\"http:\/\/www.visit-ulcinj.com\/blog\/wp-content\/uploads\/2009\/08\/silver-korda.jpg\" alt=\"silver korda\" width=\"580\" height=\"380\" \/><\/a><a href=\"http:\/\/www.visit-ulcinj.com\/blog\/wp-content\/uploads\/2009\/08\/Bejte-te-Silver-Korders-jam-ba-me-m\u2019qa-ne-pece-te-zeze.jpg\"><img loading=\"lazy\" class=\"alignleft size-medium wp-image-24465\" title=\"Bejte te Silver Korders jam ba me m\u2019qa ne pece te zeze\" src=\"http:\/\/www.visit-ulcinj.com\/blog\/wp-content\/uploads\/2009\/08\/Bejte-te-Silver-Korders-jam-ba-me-m\u2019qa-ne-pece-te-zeze-185x300.jpg\" alt=\"Bejte te Silver Korders jam ba me m\u2019qa ne pece te zeze\" width=\"263\" height=\"436\" \/><\/a>Mbi librin m\u00eb t\u00eb ri me bejte t\u00eb Silver Kord\u00ebs \u201cjam ba me m\u2019qa n\u00eb pec\u00eb t\u00eb zez\u00eb<\/strong><br \/>\nNdon\u00ebse i larguar tash tri dekada nga vendlindja, Silver Korda nga Ulqini \u00ebsht\u00eb larguar vet\u00ebm fizikisht, sepse me bot\u00ebn e tij shpirt\u00ebrore \u00ebsht\u00eb vazhdimisht n\u00eb Ulqin. Dhe se \u00ebsht\u00eb i till\u00eb d\u00ebshmon edhe ky botim me qasjen dhe trajtimin origjinal t\u00eb \u00e7\u00ebshtjeve p\u00ebrkat\u00ebse. Sepse duke qen\u00eb n\u00eb emigrim, ai e ndien m\u00eb tep\u00ebr se kurrkush munges\u00ebn e qytetit t\u00eb tij t\u00eb lindjes.<br \/>\nOpinioni i gjer\u00eb e ka t\u00eb njohur se let\u00ebrsia e bejtexhinjve n\u00eb hap\u00ebsir\u00ebn shqiptare daton nga shek. XVIII e m\u00eb pas, dhe se origjina e saj \u00ebsht\u00eb nga kultura orientale. Si e till\u00eb ajo \u00ebsht\u00eb b\u00ebr\u00eb pjes\u00eb e fondit t\u00eb kultur\u00ebs s\u00eb popullit ton\u00eb.<br \/>\nFjala bejt\u00eb rrjedh nga fjala turke q\u00eb n\u00eb shqip do t\u00eb thot\u00eb \u201cvjersh\u00eb\u201d. Te let\u00ebrsia e bejtexhinjve gjeti shprehje fryma laike e m\u00eb pas ajo fetare. Nj\u00eb krijimtari e till\u00eb u ngulit n\u00eb hap\u00ebsir\u00ebn shqiptare, fillimisht n\u00eb qytetet m\u00eb t\u00eb zhvilluara shqiptare t\u00eb koh\u00ebs si Berati, Elbasani, Shkodra, Prishtina, Gjakova etj. Bejtexhinjt\u00eb shqiptar\u00eb e shkruanin shqipen me alfabet arab, ndon\u00ebse gjuha e tyre ishte me ndikime nga gjuha turke, arabe e persiane.<br \/>\nP\u00ebr koh\u00ebn e tyre bejtexhinjt\u00eb kishin rolin e poet\u00ebve, madje ata kan\u00eb pasur ndikim m\u00eb pas te poet\u00ebt e njohur t\u00eb let\u00ebrsis\u00eb shqiptare. Sidoqoft\u00eb, p\u00ebr koh\u00ebn ata kan\u00eb luajtur misionin e tyre, nd\u00ebrsa m\u00eb pas jan\u00eb zbehur, duke mbetur si relikte n\u00eb mjedise t\u00eb caktuara.<br \/>\nN\u00eb ket\u00eb aspekt rast specifik paraqet qyteti i Shkodr\u00ebs sepse ata jan\u00eb b\u00ebr\u00eb pjes\u00eb e humorit, q\u00eb n\u00eb ket\u00eb frym\u00eb pasqyrohen edhe n\u00eb estrad\u00ebn e qytetit.<br \/>\nN\u00eb grupin e k\u00ebtyre krijuesve b\u00ebn pjes\u00eb edhe Silver Korda i cili merret me nj\u00eb krijimtari letrare e cila \u00ebsht\u00eb specifike jo vet\u00ebm p\u00ebr Ulqinin, por edhe p\u00ebr t\u00ebr\u00eb let\u00ebrsin\u00eb shqiptare.<br \/>\nDuke pasur parasysh tradit\u00ebn e tij familjare, ai ka trash\u00ebguar k\u00ebt\u00eb gjen n\u00eb m\u00ebnyr\u00ebn m\u00eb t\u00eb mir\u00eb duke qen\u00eb transmetuesi m\u00eb besnik i saj. Dhe nga nj\u00eb fond i till\u00eb, ai adhuruesve t\u00eb bejteve iu prezantohet me botimin m\u00eb t\u00eb ri me titull \u201cJam ba me m\u2019qa n\u00eb pec\u00eb t\u00eb zez\u00eb\u201d.<br \/>\nNuk ka dilem\u00eb se libri m\u00eb i ri \u00ebsht\u00eb rezultat i nj\u00eb p\u00ebrvoje dhe pune krijuese disavje\u00e7are, duke iu sjellur lexuesve nj\u00eb botim origjinal nga ky lloj i let\u00ebrsis\u00eb.<br \/>\nNdon\u00ebse i larguar tash tri dekada nga vendlindja, ai nga Ulqini \u00ebsht\u00eb larguar vet\u00ebm fizikisht, sepse me bot\u00ebn e tij shpirt\u00ebrore \u00ebsht\u00eb vazhdimisht n\u00eb Ulqin. Dhe se \u00ebsht\u00eb i till\u00eb d\u00ebshmon edhe ky botim me qasjen dhe trajtimin origjinal t\u00eb \u00e7\u00ebshtjeve p\u00ebrkat\u00ebse.<br \/>\nSepse duke qen\u00eb n\u00eb emigrim ai e ndien m\u00eb tep\u00ebr se kurrkush munges\u00ebn e qytetit t\u00eb tij t\u00eb lindjes. Dhe nga nj\u00eb nostalgji e till\u00eb, ai me intuit\u00ebn e tij krijuese nuk ka q\u00ebndruar statik, por vazhdimisht ka medituar dhe ofruar krijime t\u00eb reja nga kjo gam\u00eb e let\u00ebrsis\u00eb. Dhe nuk ka dilem\u00eb se di\u00e7ka t\u00eb till\u00eb ka mundur t\u00eb ofroj\u00eb vet\u00ebm individi i cili pas pasionit ka edhe gjenin krijues.<br \/>\n<a href=\"http:\/\/www.visit-ulcinj.com\/blog\/wp-content\/uploads\/2009\/08\/Silver-Korda_ulqin.jpg\"><img loading=\"lazy\" class=\"alignleft size-full wp-image-24407\" title=\"Silver Korda_ulqin\" src=\"http:\/\/www.visit-ulcinj.com\/blog\/wp-content\/uploads\/2009\/08\/Silver-Korda_ulqin.jpg\" alt=\"Silver Korda_ulqin\" width=\"169\" height=\"226\" \/><\/a>Pasi ky lloj i let\u00ebrsis\u00eb pothuajse \u00ebsht\u00eb n\u00eb zhdukje e sip\u00ebr dhe si e till\u00eb p\u00ebr koh\u00ebn e ka luajtur misionin e saj, nuk gabojm\u00eb n\u00ebse themi se Silver Korda \u00ebsht\u00eb autori i fundit i bejtexhinjve jo vet\u00ebm n\u00eb Ulqin, por ndoshta edhe n\u00eb t\u00ebr\u00eb hap\u00ebsir\u00ebn mbar\u00ebkomb\u00ebtare.<br \/>\nDuke lexuar bejtet e k\u00ebtij botimi, por edhe t\u00eb tjerat nga Silver Korda, njeriu ndien nj\u00eb far\u00eb relaksimi shpirt\u00ebror, madje nuk gabojm\u00eb n\u00ebse themi se ato jan\u00eb nj\u00eb lloj terapie e ve\u00e7ant\u00eb mjek\u00ebsore. Sepse, \u00e7\u00ebshtjet e trajtuara p\u00ebrfshijn\u00eb nj\u00eb gam\u00eb t\u00eb gjer\u00eb temash, duke kritikuar individ\u00eb apo dukuri t\u00eb ndryshme shoq\u00ebrore t\u00eb aktualitetit ton\u00eb me mjete shpreh\u00ebse figurative.<br \/>\nN\u00eb fund them me bindje t\u00eb plot\u00eb se k\u00ebto bejte jan\u00eb mesazhe p\u00ebr ata q\u00eb din\u00eb t\u2019i kuptojn\u00eb, p\u00ebr nj\u00eb p\u00ebrdorim m\u00eb t\u00eb gjat\u00eb. Si i till\u00eb ky lib\u00ebr pasuron fondin e botimeve t\u00eb krijuesve t\u00eb vendlindjes dhe do t\u00eb lexohet me endje nga t\u00eb gjith\u00eb dashamir\u00ebt e fjal\u00ebs s\u00eb shkruar.<\/p>\n<p><strong>Dr.Nail Draga<br \/>\nKoha Javore<\/strong><\/p>\n","protected":false},"excerpt":{"rendered":"<p>Mbi librin m\u00eb t\u00eb ri me bejte t\u00eb Silver Kord\u00ebs \u201cjam ba me m\u2019qa n\u00eb pec\u00eb t\u00eb zez\u00eb Ndon\u00ebse i larguar tash tri dekada nga vendlindja, Silver Korda nga Ulqini \u00ebsht\u00eb larguar vet\u00ebm fizikisht, sepse me bot\u00ebn e tij shpirt\u00ebrore \u00ebsht\u00eb vazhdimisht n\u00eb Ulqin. Dhe se \u00ebsht\u00eb i till\u00eb d\u00ebshmon edhe ky botim me qasjen [&hellip;]<\/p>\n","protected":false},"author":1,"featured_media":0,"comment_status":"open","ping_status":"closed","sticky":false,"template":"","format":"standard","meta":{"spay_email":"","jetpack_publicize_message":"","jetpack_is_tweetstorm":false,"jetpack_publicize_feature_enabled":true},"categories":[4],"tags":[12180,12178,12179,95,9592,200],"jetpack_publicize_connections":[],"yoast_head":"<!-- This site is optimized with the Yoast SEO plugin v19.1 - https:\/\/yoast.com\/wordpress\/plugins\/seo\/ -->\n<title>Silver Korda; Bejtexhiu i fundit i Ulqinit - Lajme nga Ulqini<\/title>\n<meta name=\"description\" content=\"Mbi librin m\u00eb t\u00eb ri me bejte t\u00eb Silver Kord\u00ebs \u201cjam ba me m\u2019qa n\u00eb pec\u00eb t\u00eb zez\u00eb Ndon\u00ebse i larguar tash tri dekada nga vendlindja, Silver Korda nga Ulqini\" \/>\n<meta name=\"robots\" content=\"index, follow, max-snippet:-1, max-image-preview:large, max-video-preview:-1\" \/>\n<link rel=\"canonical\" href=\"https:\/\/www.visit-ulcinj.com\/blog\/2009\/08\/10\/silver-korda-bejtexhiu-i-fundit-i-ulqinit\/\" \/>\n<meta property=\"og:locale\" content=\"en_US\" \/>\n<meta property=\"og:type\" content=\"article\" \/>\n<meta property=\"og:title\" content=\"Silver Korda; Bejtexhiu i fundit i Ulqinit - Lajme nga Ulqini\" \/>\n<meta property=\"og:description\" content=\"Mbi librin m\u00eb t\u00eb ri me bejte t\u00eb Silver Kord\u00ebs \u201cjam ba me m\u2019qa n\u00eb pec\u00eb t\u00eb zez\u00eb Ndon\u00ebse i larguar tash tri dekada nga vendlindja, Silver Korda nga Ulqini\" \/>\n<meta property=\"og:url\" content=\"https:\/\/www.visit-ulcinj.com\/blog\/2009\/08\/10\/silver-korda-bejtexhiu-i-fundit-i-ulqinit\/\" \/>\n<meta property=\"og:site_name\" content=\"Lajme nga Ulqini\" \/>\n<meta property=\"article:published_time\" content=\"2009-08-10T11:33:50+00:00\" \/>\n<meta property=\"article:modified_time\" content=\"2009-08-12T18:10:52+00:00\" \/>\n<meta property=\"og:image\" content=\"http:\/\/www.visit-ulcinj.com\/blog\/wp-content\/uploads\/2009\/08\/silver-korda.jpg\" \/>\n<meta name=\"twitter:label1\" content=\"Written by\" \/>\n\t<meta name=\"twitter:data1\" content=\"ulqini\" \/>\n\t<meta name=\"twitter:label2\" content=\"Est. reading time\" \/>\n\t<meta name=\"twitter:data2\" content=\"4 minutes\" \/>\n<script type=\"application\/ld+json\" class=\"yoast-schema-graph\">{\"@context\":\"https:\/\/schema.org\",\"@graph\":[{\"@type\":\"WebSite\",\"@id\":\"https:\/\/www.visit-ulcinj.com\/blog\/#website\",\"url\":\"https:\/\/www.visit-ulcinj.com\/blog\/\",\"name\":\"Lajme nga Ulqini\",\"description\":\"Lajme,Vijesti,Ulqini,Ulqin,Crna Gora,Mali i Zi\",\"potentialAction\":[{\"@type\":\"SearchAction\",\"target\":{\"@type\":\"EntryPoint\",\"urlTemplate\":\"https:\/\/www.visit-ulcinj.com\/blog\/?s={search_term_string}\"},\"query-input\":\"required name=search_term_string\"}],\"inLanguage\":\"en-US\"},{\"@type\":\"ImageObject\",\"inLanguage\":\"en-US\",\"@id\":\"https:\/\/www.visit-ulcinj.com\/blog\/2009\/08\/10\/silver-korda-bejtexhiu-i-fundit-i-ulqinit\/#primaryimage\",\"url\":\"https:\/\/www.visit-ulcinj.com\/blog\/wp-content\/uploads\/2009\/08\/silver-korda.jpg\",\"contentUrl\":\"https:\/\/www.visit-ulcinj.com\/blog\/wp-content\/uploads\/2009\/08\/silver-korda.jpg\",\"width\":\"1021\",\"height\":\"575\"},{\"@type\":\"WebPage\",\"@id\":\"https:\/\/www.visit-ulcinj.com\/blog\/2009\/08\/10\/silver-korda-bejtexhiu-i-fundit-i-ulqinit\/#webpage\",\"url\":\"https:\/\/www.visit-ulcinj.com\/blog\/2009\/08\/10\/silver-korda-bejtexhiu-i-fundit-i-ulqinit\/\",\"name\":\"Silver Korda; Bejtexhiu i fundit i Ulqinit - Lajme nga Ulqini\",\"isPartOf\":{\"@id\":\"https:\/\/www.visit-ulcinj.com\/blog\/#website\"},\"primaryImageOfPage\":{\"@id\":\"https:\/\/www.visit-ulcinj.com\/blog\/2009\/08\/10\/silver-korda-bejtexhiu-i-fundit-i-ulqinit\/#primaryimage\"},\"datePublished\":\"2009-08-10T11:33:50+00:00\",\"dateModified\":\"2009-08-12T18:10:52+00:00\",\"author\":{\"@id\":\"https:\/\/www.visit-ulcinj.com\/blog\/#\/schema\/person\/dcab619c614d3038751c63bc2aadc06d\"},\"description\":\"Mbi librin m\u00eb t\u00eb ri me bejte t\u00eb Silver Kord\u00ebs \u201cjam ba me m\u2019qa n\u00eb pec\u00eb t\u00eb zez\u00eb Ndon\u00ebse i larguar tash tri dekada nga vendlindja, Silver Korda nga Ulqini\",\"breadcrumb\":{\"@id\":\"https:\/\/www.visit-ulcinj.com\/blog\/2009\/08\/10\/silver-korda-bejtexhiu-i-fundit-i-ulqinit\/#breadcrumb\"},\"inLanguage\":\"en-US\",\"potentialAction\":[{\"@type\":\"ReadAction\",\"target\":[\"https:\/\/www.visit-ulcinj.com\/blog\/2009\/08\/10\/silver-korda-bejtexhiu-i-fundit-i-ulqinit\/\"]}]},{\"@type\":\"BreadcrumbList\",\"@id\":\"https:\/\/www.visit-ulcinj.com\/blog\/2009\/08\/10\/silver-korda-bejtexhiu-i-fundit-i-ulqinit\/#breadcrumb\",\"itemListElement\":[{\"@type\":\"ListItem\",\"position\":1,\"name\":\"Silver Korda; Bejtexhiu i fundit i Ulqinit\"}]},{\"@type\":\"Person\",\"@id\":\"https:\/\/www.visit-ulcinj.com\/blog\/#\/schema\/person\/dcab619c614d3038751c63bc2aadc06d\",\"name\":\"ulqini\",\"sameAs\":[\"http:\/\/www.visit-ulcinj.com\"],\"url\":\"https:\/\/www.visit-ulcinj.com\/blog\/author\/admin\/\"}]}<\/script>\n<!-- \/ Yoast SEO plugin. -->","yoast_head_json":{"title":"Silver Korda; Bejtexhiu i fundit i Ulqinit - Lajme nga Ulqini","description":"Mbi librin m\u00eb t\u00eb ri me bejte t\u00eb Silver Kord\u00ebs \u201cjam ba me m\u2019qa n\u00eb pec\u00eb t\u00eb zez\u00eb Ndon\u00ebse i larguar tash tri dekada nga vendlindja, Silver Korda nga Ulqini","robots":{"index":"index","follow":"follow","max-snippet":"max-snippet:-1","max-image-preview":"max-image-preview:large","max-video-preview":"max-video-preview:-1"},"canonical":"https:\/\/www.visit-ulcinj.com\/blog\/2009\/08\/10\/silver-korda-bejtexhiu-i-fundit-i-ulqinit\/","og_locale":"en_US","og_type":"article","og_title":"Silver Korda; Bejtexhiu i fundit i Ulqinit - Lajme nga Ulqini","og_description":"Mbi librin m\u00eb t\u00eb ri me bejte t\u00eb Silver Kord\u00ebs \u201cjam ba me m\u2019qa n\u00eb pec\u00eb t\u00eb zez\u00eb Ndon\u00ebse i larguar tash tri dekada nga vendlindja, Silver Korda nga Ulqini","og_url":"https:\/\/www.visit-ulcinj.com\/blog\/2009\/08\/10\/silver-korda-bejtexhiu-i-fundit-i-ulqinit\/","og_site_name":"Lajme nga Ulqini","article_published_time":"2009-08-10T11:33:50+00:00","article_modified_time":"2009-08-12T18:10:52+00:00","og_image":[{"url":"http:\/\/www.visit-ulcinj.com\/blog\/wp-content\/uploads\/2009\/08\/silver-korda.jpg"}],"twitter_misc":{"Written by":"ulqini","Est. reading time":"4 minutes"},"schema":{"@context":"https:\/\/schema.org","@graph":[{"@type":"WebSite","@id":"https:\/\/www.visit-ulcinj.com\/blog\/#website","url":"https:\/\/www.visit-ulcinj.com\/blog\/","name":"Lajme nga Ulqini","description":"Lajme,Vijesti,Ulqini,Ulqin,Crna Gora,Mali i Zi","potentialAction":[{"@type":"SearchAction","target":{"@type":"EntryPoint","urlTemplate":"https:\/\/www.visit-ulcinj.com\/blog\/?s={search_term_string}"},"query-input":"required name=search_term_string"}],"inLanguage":"en-US"},{"@type":"ImageObject","inLanguage":"en-US","@id":"https:\/\/www.visit-ulcinj.com\/blog\/2009\/08\/10\/silver-korda-bejtexhiu-i-fundit-i-ulqinit\/#primaryimage","url":"https:\/\/www.visit-ulcinj.com\/blog\/wp-content\/uploads\/2009\/08\/silver-korda.jpg","contentUrl":"https:\/\/www.visit-ulcinj.com\/blog\/wp-content\/uploads\/2009\/08\/silver-korda.jpg","width":"1021","height":"575"},{"@type":"WebPage","@id":"https:\/\/www.visit-ulcinj.com\/blog\/2009\/08\/10\/silver-korda-bejtexhiu-i-fundit-i-ulqinit\/#webpage","url":"https:\/\/www.visit-ulcinj.com\/blog\/2009\/08\/10\/silver-korda-bejtexhiu-i-fundit-i-ulqinit\/","name":"Silver Korda; Bejtexhiu i fundit i Ulqinit - Lajme nga Ulqini","isPartOf":{"@id":"https:\/\/www.visit-ulcinj.com\/blog\/#website"},"primaryImageOfPage":{"@id":"https:\/\/www.visit-ulcinj.com\/blog\/2009\/08\/10\/silver-korda-bejtexhiu-i-fundit-i-ulqinit\/#primaryimage"},"datePublished":"2009-08-10T11:33:50+00:00","dateModified":"2009-08-12T18:10:52+00:00","author":{"@id":"https:\/\/www.visit-ulcinj.com\/blog\/#\/schema\/person\/dcab619c614d3038751c63bc2aadc06d"},"description":"Mbi librin m\u00eb t\u00eb ri me bejte t\u00eb Silver Kord\u00ebs \u201cjam ba me m\u2019qa n\u00eb pec\u00eb t\u00eb zez\u00eb Ndon\u00ebse i larguar tash tri dekada nga vendlindja, Silver Korda nga Ulqini","breadcrumb":{"@id":"https:\/\/www.visit-ulcinj.com\/blog\/2009\/08\/10\/silver-korda-bejtexhiu-i-fundit-i-ulqinit\/#breadcrumb"},"inLanguage":"en-US","potentialAction":[{"@type":"ReadAction","target":["https:\/\/www.visit-ulcinj.com\/blog\/2009\/08\/10\/silver-korda-bejtexhiu-i-fundit-i-ulqinit\/"]}]},{"@type":"BreadcrumbList","@id":"https:\/\/www.visit-ulcinj.com\/blog\/2009\/08\/10\/silver-korda-bejtexhiu-i-fundit-i-ulqinit\/#breadcrumb","itemListElement":[{"@type":"ListItem","position":1,"name":"Silver Korda; Bejtexhiu i fundit i Ulqinit"}]},{"@type":"Person","@id":"https:\/\/www.visit-ulcinj.com\/blog\/#\/schema\/person\/dcab619c614d3038751c63bc2aadc06d","name":"ulqini","sameAs":["http:\/\/www.visit-ulcinj.com"],"url":"https:\/\/www.visit-ulcinj.com\/blog\/author\/admin\/"}]}},"jetpack_featured_media_url":"","jetpack_sharing_enabled":true,"jetpack_shortlink":"https:\/\/wp.me\/pe6lTn-6lE","_links":{"self":[{"href":"https:\/\/www.visit-ulcinj.com\/blog\/wp-json\/wp\/v2\/posts\/24406"}],"collection":[{"href":"https:\/\/www.visit-ulcinj.com\/blog\/wp-json\/wp\/v2\/posts"}],"about":[{"href":"https:\/\/www.visit-ulcinj.com\/blog\/wp-json\/wp\/v2\/types\/post"}],"author":[{"embeddable":true,"href":"https:\/\/www.visit-ulcinj.com\/blog\/wp-json\/wp\/v2\/users\/1"}],"replies":[{"embeddable":true,"href":"https:\/\/www.visit-ulcinj.com\/blog\/wp-json\/wp\/v2\/comments?post=24406"}],"version-history":[{"count":0,"href":"https:\/\/www.visit-ulcinj.com\/blog\/wp-json\/wp\/v2\/posts\/24406\/revisions"}],"wp:attachment":[{"href":"https:\/\/www.visit-ulcinj.com\/blog\/wp-json\/wp\/v2\/media?parent=24406"}],"wp:term":[{"taxonomy":"category","embeddable":true,"href":"https:\/\/www.visit-ulcinj.com\/blog\/wp-json\/wp\/v2\/categories?post=24406"},{"taxonomy":"post_tag","embeddable":true,"href":"https:\/\/www.visit-ulcinj.com\/blog\/wp-json\/wp\/v2\/tags?post=24406"}],"curies":[{"name":"wp","href":"https:\/\/api.w.org\/{rel}","templated":true}]}}