{"id":24415,"date":"2009-08-10T21:25:39","date_gmt":"2009-08-10T19:25:39","guid":{"rendered":"http:\/\/www.visit-ulcinj.com\/blog\/?p=24415"},"modified":"2009-08-10T21:25:39","modified_gmt":"2009-08-10T19:25:39","slug":"rozi-klip-te-nxehte-ne-jaht-luksoz-me-reperin-noizy","status":"publish","type":"post","link":"https:\/\/www.visit-ulcinj.com\/blog\/2009\/08\/10\/rozi-klip-te-nxehte-ne-jaht-luksoz-me-reperin-noizy\/","title":{"rendered":"Rozi, klip t\u00eb nxeht\u00eb n\u00eb jaht luksoz me reperin Noizy"},"content":{"rendered":"<p><a href=\"http:\/\/www.visit-ulcinj.com\/blog\/wp-content\/uploads\/2009\/08\/Rozana-Radi.jpg\"><img loading=\"lazy\" class=\"alignleft size-full wp-image-24416\" title=\"Rozana Radi\" src=\"http:\/\/www.visit-ulcinj.com\/blog\/wp-content\/uploads\/2009\/08\/Rozana-Radi.jpg\" alt=\"Rozana Radi\" width=\"570\" height=\"400\" \/><\/a>Me nj\u00eb veshje shum\u00eb t\u00eb ve\u00e7ant\u00eb q\u00eb her\u00eb duket si siren\u00eb dhe her\u00eb si zonjush\u00eb aristokrate do t\u00eb shfaqet n\u00eb klipin m\u00eb t\u00eb ri, xhirimet e t\u00eb cilit sapo kan\u00eb p\u00ebrfunduar n\u00eb Maqedoni. Edhe k\u00ebt\u00eb her\u00eb nj\u00eb bashk\u00ebpunim interesant i Rozana Radit me reperin bukurosh, q\u00eb njihet si Noizy m\u00eb k\u00ebng\u00ebn \u201cMr. Yesterday\u201d.<br \/>\n<a href=\"http:\/\/www.visit-ulcinj.com\/blog\/wp-content\/uploads\/2009\/08\/Rozana-Radi.1.jpg\"><img loading=\"lazy\" class=\"alignleft size-full wp-image-24417\" title=\"Rozana Radi.1\" src=\"http:\/\/www.visit-ulcinj.com\/blog\/wp-content\/uploads\/2009\/08\/Rozana-Radi.1.jpg\" alt=\"Rozana Radi.1\" width=\"570\" height=\"400\" \/><\/a><\/p>\n<p>Momenti m\u00eb i bukur i klipit \u00ebsht\u00eb xhirimi i dy artist\u00ebve n\u00eb nj\u00eb jaht luksoz. Pas bashk\u00ebpunimit t\u00eb nj\u00eb viti m\u00eb par\u00eb m\u00eb k\u00ebng\u00ebn \u201cFly\u201d, dy k\u00ebng\u00ebtar\u00ebt i rikthehen bashk\u00ebpunimit. K\u00ebnga me tekst t\u00eb Avni Qahilit e Noizy, dhe muzik\u00eb t\u00eb Adi Hil\u00ebs ka p\u00ebrfunduar e pritet t\u00eb transmetohet pas dy jav\u00ebsh n\u00eb ekranet muz-ikore. Dy k\u00ebng\u00ebtar\u00ebt sapo kan\u00eb p\u00ebrfunduar dit\u00eb xhirimesh krejt\u00ebsisht t\u00eb ve\u00e7anta. K\u00ebnga ka nj\u00eb fabul q\u00eb dy k\u00ebng\u00ebtar\u00ebt e kan\u00eb ideuar p\u00ebr nj\u00eb ver\u00eb t\u00eb nxeht\u00eb.<br \/>\n<a href=\"http:\/\/www.visit-ulcinj.com\/blog\/wp-content\/uploads\/2009\/08\/Rozana-Radi.2.jpg\"><img loading=\"lazy\" class=\"alignleft size-full wp-image-24418\" title=\"Rozana Radi.2\" src=\"http:\/\/www.visit-ulcinj.com\/blog\/wp-content\/uploads\/2009\/08\/Rozana-Radi.2.jpg\" alt=\"Rozana Radi.2\" width=\"570\" height=\"341\" \/><\/a><br \/>\n\u00cbsht\u00eb nj\u00eb klip shum\u00eb \u201chot dhe q\u00eb e ndiej q\u00eb do p\u00eblqehet shum\u00eb\u201d, ka pohuar Noizy. Ky \u00ebsht\u00eb rast i ve\u00e7ant\u00eb kur dy k\u00ebng\u00ebtar\u00eb e p\u00ebrs\u00ebrisin bashk\u00ebpunim e tyre, p\u00ebr t\u00eb dytin vit, pas suksesit me k\u00ebng\u00ebn \u201cFly\u201d. K\u00ebsaj here Noizy k\u00ebndon n\u00eb stilin e tij regea shqip. K\u00ebnga ka nj\u00eb tekst ku flitet p\u00ebr ish t\u00eb dashurin e vajz\u00ebs protagoniste, i cili p\u00ebr t\u2019i r\u00ebn\u00eb n\u00eb sy shet mend sikur ka shum\u00eb para edhe pse bota \u00ebsht\u00eb n\u00eb kriz\u00eb ekonomike. Por mos prisni ndjeshm\u00ebrin\u00eb dhe romanticitetin q\u00eb solli klipi \u201cFly\u201d, ku dy k\u00ebng\u00ebtar\u00ebt u pan\u00eb shum\u00eb romantik\u00eb n\u00eb nj\u00eb breg deti. Ata po projektojn\u00eb nj\u00eb k\u00ebng\u00eb 100 p\u00ebr qind hit, q\u00eb nis me nj\u00eb tip vall\u00ebzimi regea. Rozi n\u00eb k\u00ebt\u00eb klip shfaqet si Jenifer Lopez shqiptare, me forma t\u00eb mira trupore dhe karakter t\u00eb fort\u00eb.<br \/>\n<a href=\"http:\/\/www.visit-ulcinj.com\/blog\/wp-content\/uploads\/2009\/08\/Rozana-Radi.3.jpg\"><img loading=\"lazy\" class=\"alignleft size-full wp-image-24419\" title=\"Rozana Radi.3\" src=\"http:\/\/www.visit-ulcinj.com\/blog\/wp-content\/uploads\/2009\/08\/Rozana-Radi.3.jpg\" alt=\"Rozana Radi.3\" width=\"570\" height=\"341\" \/><\/a><br \/>\nM\u00ebnyra e k\u00ebndimit \u00ebsht\u00eb e stilit amerikan, nd\u00ebrsa marr\u00ebdh\u00ebnia mes tyre shum\u00eb ekspresive. Noizy \u00ebsht\u00eb nj\u00eb nga k\u00ebng\u00ebtar\u00ebt m\u00eb t\u00eb rinj n\u00eb tregun e muzik\u00ebs rap. Ai sapo ka p\u00ebrfunduar albumin \u201cPak m\u00eb ndryshe\u201d, ku t\u00eb gjitha k\u00ebng\u00ebt sjellin muzik\u00ebn e rrug\u00ebs m\u00eb tekstet e krijuara nga vet\u00eb ai. N\u00eb klipin \u201cFly\u201d, ai b\u00ebri shum\u00eb p\u00ebrshtypje me pamjen e ve\u00e7ant\u00eb dhe sidomos linjat e trupit, t\u00eb nj\u00eb ish-boksieri n\u00eb Lond\u00ebr. Nd\u00ebrsa Rozana, e cila e ka pohuar gjithnj\u00eb se profesion t\u00eb saj ka aktrimin, nuk mungon me klipet e reja me fabula interesante. Disa jav\u00eb m\u00eb par\u00eb ajo festoi 30 vjetorin, n\u00eb nj\u00eb fest\u00eb krejt\u00ebsisht familjare. Nd\u00ebrkoh\u00eb q\u00eb ashtu si k\u00ebng\u00ebtaret e tjera, ver\u00ebn e ka nj\u00eb periudh\u00eb koncertesh nga nj\u00eb qytet n\u00eb tjetrin.<\/p>\n<p><strong><br \/>\nPanorama Plus<br \/>\n<!--YouTube Error: bad URL entered--><\/strong><\/p>\n","protected":false},"excerpt":{"rendered":"<p>Me nj\u00eb veshje shum\u00eb t\u00eb ve\u00e7ant\u00eb q\u00eb her\u00eb duket si siren\u00eb dhe her\u00eb si zonjush\u00eb aristokrate do t\u00eb shfaqet n\u00eb klipin m\u00eb t\u00eb ri, xhirimet e t\u00eb cilit sapo kan\u00eb p\u00ebrfunduar n\u00eb Maqedoni. Edhe k\u00ebt\u00eb her\u00eb nj\u00eb bashk\u00ebpunim interesant i Rozana Radit me reperin bukurosh, q\u00eb njihet si Noizy m\u00eb k\u00ebng\u00ebn \u201cMr. Yesterday\u201d. Momenti m\u00eb [&hellip;]<\/p>\n","protected":false},"author":1,"featured_media":0,"comment_status":"open","ping_status":"closed","sticky":false,"template":"","format":"standard","meta":{"spay_email":"","jetpack_publicize_message":"","jetpack_is_tweetstorm":false,"jetpack_publicize_feature_enabled":true},"categories":[1],"tags":[12181,4964],"jetpack_publicize_connections":[],"yoast_head":"<!-- This site is optimized with the Yoast SEO plugin v19.1 - https:\/\/yoast.com\/wordpress\/plugins\/seo\/ -->\n<title>Rozi, klip t\u00eb nxeht\u00eb n\u00eb jaht luksoz me reperin Noizy - Lajme nga Ulqini<\/title>\n<meta name=\"description\" content=\"Me nj\u00eb veshje shum\u00eb t\u00eb ve\u00e7ant\u00eb q\u00eb her\u00eb duket si siren\u00eb dhe her\u00eb si zonjush\u00eb aristokrate do t\u00eb shfaqet n\u00eb klipin m\u00eb t\u00eb ri, xhirimet e t\u00eb cilit sapo kan\u00eb\" \/>\n<meta name=\"robots\" content=\"index, follow, max-snippet:-1, max-image-preview:large, max-video-preview:-1\" \/>\n<link rel=\"canonical\" href=\"https:\/\/www.visit-ulcinj.com\/blog\/2009\/08\/10\/rozi-klip-te-nxehte-ne-jaht-luksoz-me-reperin-noizy\/\" \/>\n<meta property=\"og:locale\" content=\"en_US\" \/>\n<meta property=\"og:type\" content=\"article\" \/>\n<meta property=\"og:title\" content=\"Rozi, klip t\u00eb nxeht\u00eb n\u00eb jaht luksoz me reperin Noizy - Lajme nga Ulqini\" \/>\n<meta property=\"og:description\" content=\"Me nj\u00eb veshje shum\u00eb t\u00eb ve\u00e7ant\u00eb q\u00eb her\u00eb duket si siren\u00eb dhe her\u00eb si zonjush\u00eb aristokrate do t\u00eb shfaqet n\u00eb klipin m\u00eb t\u00eb ri, xhirimet e t\u00eb cilit sapo kan\u00eb\" \/>\n<meta property=\"og:url\" content=\"https:\/\/www.visit-ulcinj.com\/blog\/2009\/08\/10\/rozi-klip-te-nxehte-ne-jaht-luksoz-me-reperin-noizy\/\" \/>\n<meta property=\"og:site_name\" content=\"Lajme nga Ulqini\" \/>\n<meta property=\"article:published_time\" content=\"2009-08-10T19:25:39+00:00\" \/>\n<meta property=\"og:image\" content=\"http:\/\/www.visit-ulcinj.com\/blog\/wp-content\/uploads\/2009\/08\/Rozana-Radi.jpg\" \/>\n<meta name=\"twitter:label1\" content=\"Written by\" \/>\n\t<meta name=\"twitter:data1\" content=\"ulqini\" \/>\n\t<meta name=\"twitter:label2\" content=\"Est. reading time\" \/>\n\t<meta name=\"twitter:data2\" content=\"2 minutes\" \/>\n<script type=\"application\/ld+json\" class=\"yoast-schema-graph\">{\"@context\":\"https:\/\/schema.org\",\"@graph\":[{\"@type\":\"WebSite\",\"@id\":\"https:\/\/www.visit-ulcinj.com\/blog\/#website\",\"url\":\"https:\/\/www.visit-ulcinj.com\/blog\/\",\"name\":\"Lajme nga Ulqini\",\"description\":\"Lajme,Vijesti,Ulqini,Ulqin,Crna Gora,Mali i Zi\",\"potentialAction\":[{\"@type\":\"SearchAction\",\"target\":{\"@type\":\"EntryPoint\",\"urlTemplate\":\"https:\/\/www.visit-ulcinj.com\/blog\/?s={search_term_string}\"},\"query-input\":\"required name=search_term_string\"}],\"inLanguage\":\"en-US\"},{\"@type\":\"ImageObject\",\"inLanguage\":\"en-US\",\"@id\":\"https:\/\/www.visit-ulcinj.com\/blog\/2009\/08\/10\/rozi-klip-te-nxehte-ne-jaht-luksoz-me-reperin-noizy\/#primaryimage\",\"url\":\"https:\/\/www.visit-ulcinj.com\/blog\/wp-content\/uploads\/2009\/08\/Rozana-Radi.jpg\",\"contentUrl\":\"https:\/\/www.visit-ulcinj.com\/blog\/wp-content\/uploads\/2009\/08\/Rozana-Radi.jpg\",\"width\":\"530\",\"height\":\"460\"},{\"@type\":\"WebPage\",\"@id\":\"https:\/\/www.visit-ulcinj.com\/blog\/2009\/08\/10\/rozi-klip-te-nxehte-ne-jaht-luksoz-me-reperin-noizy\/#webpage\",\"url\":\"https:\/\/www.visit-ulcinj.com\/blog\/2009\/08\/10\/rozi-klip-te-nxehte-ne-jaht-luksoz-me-reperin-noizy\/\",\"name\":\"Rozi, klip t\u00eb nxeht\u00eb n\u00eb jaht luksoz me reperin Noizy - Lajme nga Ulqini\",\"isPartOf\":{\"@id\":\"https:\/\/www.visit-ulcinj.com\/blog\/#website\"},\"primaryImageOfPage\":{\"@id\":\"https:\/\/www.visit-ulcinj.com\/blog\/2009\/08\/10\/rozi-klip-te-nxehte-ne-jaht-luksoz-me-reperin-noizy\/#primaryimage\"},\"datePublished\":\"2009-08-10T19:25:39+00:00\",\"dateModified\":\"2009-08-10T19:25:39+00:00\",\"author\":{\"@id\":\"https:\/\/www.visit-ulcinj.com\/blog\/#\/schema\/person\/dcab619c614d3038751c63bc2aadc06d\"},\"description\":\"Me nj\u00eb veshje shum\u00eb t\u00eb ve\u00e7ant\u00eb q\u00eb her\u00eb duket si siren\u00eb dhe her\u00eb si zonjush\u00eb aristokrate do t\u00eb shfaqet n\u00eb klipin m\u00eb t\u00eb ri, xhirimet e t\u00eb cilit sapo kan\u00eb\",\"breadcrumb\":{\"@id\":\"https:\/\/www.visit-ulcinj.com\/blog\/2009\/08\/10\/rozi-klip-te-nxehte-ne-jaht-luksoz-me-reperin-noizy\/#breadcrumb\"},\"inLanguage\":\"en-US\",\"potentialAction\":[{\"@type\":\"ReadAction\",\"target\":[\"https:\/\/www.visit-ulcinj.com\/blog\/2009\/08\/10\/rozi-klip-te-nxehte-ne-jaht-luksoz-me-reperin-noizy\/\"]}]},{\"@type\":\"BreadcrumbList\",\"@id\":\"https:\/\/www.visit-ulcinj.com\/blog\/2009\/08\/10\/rozi-klip-te-nxehte-ne-jaht-luksoz-me-reperin-noizy\/#breadcrumb\",\"itemListElement\":[{\"@type\":\"ListItem\",\"position\":1,\"name\":\"Rozi, klip t\u00eb nxeht\u00eb n\u00eb jaht luksoz me reperin Noizy\"}]},{\"@type\":\"Person\",\"@id\":\"https:\/\/www.visit-ulcinj.com\/blog\/#\/schema\/person\/dcab619c614d3038751c63bc2aadc06d\",\"name\":\"ulqini\",\"sameAs\":[\"http:\/\/www.visit-ulcinj.com\"],\"url\":\"https:\/\/www.visit-ulcinj.com\/blog\/author\/admin\/\"}]}<\/script>\n<!-- \/ Yoast SEO plugin. -->","yoast_head_json":{"title":"Rozi, klip t\u00eb nxeht\u00eb n\u00eb jaht luksoz me reperin Noizy - Lajme nga Ulqini","description":"Me nj\u00eb veshje shum\u00eb t\u00eb ve\u00e7ant\u00eb q\u00eb her\u00eb duket si siren\u00eb dhe her\u00eb si zonjush\u00eb aristokrate do t\u00eb shfaqet n\u00eb klipin m\u00eb t\u00eb ri, xhirimet e t\u00eb cilit sapo kan\u00eb","robots":{"index":"index","follow":"follow","max-snippet":"max-snippet:-1","max-image-preview":"max-image-preview:large","max-video-preview":"max-video-preview:-1"},"canonical":"https:\/\/www.visit-ulcinj.com\/blog\/2009\/08\/10\/rozi-klip-te-nxehte-ne-jaht-luksoz-me-reperin-noizy\/","og_locale":"en_US","og_type":"article","og_title":"Rozi, klip t\u00eb nxeht\u00eb n\u00eb jaht luksoz me reperin Noizy - Lajme nga Ulqini","og_description":"Me nj\u00eb veshje shum\u00eb t\u00eb ve\u00e7ant\u00eb q\u00eb her\u00eb duket si siren\u00eb dhe her\u00eb si zonjush\u00eb aristokrate do t\u00eb shfaqet n\u00eb klipin m\u00eb t\u00eb ri, xhirimet e t\u00eb cilit sapo kan\u00eb","og_url":"https:\/\/www.visit-ulcinj.com\/blog\/2009\/08\/10\/rozi-klip-te-nxehte-ne-jaht-luksoz-me-reperin-noizy\/","og_site_name":"Lajme nga Ulqini","article_published_time":"2009-08-10T19:25:39+00:00","og_image":[{"url":"http:\/\/www.visit-ulcinj.com\/blog\/wp-content\/uploads\/2009\/08\/Rozana-Radi.jpg"}],"twitter_misc":{"Written by":"ulqini","Est. reading time":"2 minutes"},"schema":{"@context":"https:\/\/schema.org","@graph":[{"@type":"WebSite","@id":"https:\/\/www.visit-ulcinj.com\/blog\/#website","url":"https:\/\/www.visit-ulcinj.com\/blog\/","name":"Lajme nga Ulqini","description":"Lajme,Vijesti,Ulqini,Ulqin,Crna Gora,Mali i Zi","potentialAction":[{"@type":"SearchAction","target":{"@type":"EntryPoint","urlTemplate":"https:\/\/www.visit-ulcinj.com\/blog\/?s={search_term_string}"},"query-input":"required name=search_term_string"}],"inLanguage":"en-US"},{"@type":"ImageObject","inLanguage":"en-US","@id":"https:\/\/www.visit-ulcinj.com\/blog\/2009\/08\/10\/rozi-klip-te-nxehte-ne-jaht-luksoz-me-reperin-noizy\/#primaryimage","url":"https:\/\/www.visit-ulcinj.com\/blog\/wp-content\/uploads\/2009\/08\/Rozana-Radi.jpg","contentUrl":"https:\/\/www.visit-ulcinj.com\/blog\/wp-content\/uploads\/2009\/08\/Rozana-Radi.jpg","width":"530","height":"460"},{"@type":"WebPage","@id":"https:\/\/www.visit-ulcinj.com\/blog\/2009\/08\/10\/rozi-klip-te-nxehte-ne-jaht-luksoz-me-reperin-noizy\/#webpage","url":"https:\/\/www.visit-ulcinj.com\/blog\/2009\/08\/10\/rozi-klip-te-nxehte-ne-jaht-luksoz-me-reperin-noizy\/","name":"Rozi, klip t\u00eb nxeht\u00eb n\u00eb jaht luksoz me reperin Noizy - Lajme nga Ulqini","isPartOf":{"@id":"https:\/\/www.visit-ulcinj.com\/blog\/#website"},"primaryImageOfPage":{"@id":"https:\/\/www.visit-ulcinj.com\/blog\/2009\/08\/10\/rozi-klip-te-nxehte-ne-jaht-luksoz-me-reperin-noizy\/#primaryimage"},"datePublished":"2009-08-10T19:25:39+00:00","dateModified":"2009-08-10T19:25:39+00:00","author":{"@id":"https:\/\/www.visit-ulcinj.com\/blog\/#\/schema\/person\/dcab619c614d3038751c63bc2aadc06d"},"description":"Me nj\u00eb veshje shum\u00eb t\u00eb ve\u00e7ant\u00eb q\u00eb her\u00eb duket si siren\u00eb dhe her\u00eb si zonjush\u00eb aristokrate do t\u00eb shfaqet n\u00eb klipin m\u00eb t\u00eb ri, xhirimet e t\u00eb cilit sapo kan\u00eb","breadcrumb":{"@id":"https:\/\/www.visit-ulcinj.com\/blog\/2009\/08\/10\/rozi-klip-te-nxehte-ne-jaht-luksoz-me-reperin-noizy\/#breadcrumb"},"inLanguage":"en-US","potentialAction":[{"@type":"ReadAction","target":["https:\/\/www.visit-ulcinj.com\/blog\/2009\/08\/10\/rozi-klip-te-nxehte-ne-jaht-luksoz-me-reperin-noizy\/"]}]},{"@type":"BreadcrumbList","@id":"https:\/\/www.visit-ulcinj.com\/blog\/2009\/08\/10\/rozi-klip-te-nxehte-ne-jaht-luksoz-me-reperin-noizy\/#breadcrumb","itemListElement":[{"@type":"ListItem","position":1,"name":"Rozi, klip t\u00eb nxeht\u00eb n\u00eb jaht luksoz me reperin Noizy"}]},{"@type":"Person","@id":"https:\/\/www.visit-ulcinj.com\/blog\/#\/schema\/person\/dcab619c614d3038751c63bc2aadc06d","name":"ulqini","sameAs":["http:\/\/www.visit-ulcinj.com"],"url":"https:\/\/www.visit-ulcinj.com\/blog\/author\/admin\/"}]}},"jetpack_featured_media_url":"","jetpack_sharing_enabled":true,"jetpack_shortlink":"https:\/\/wp.me\/pe6lTn-6lN","_links":{"self":[{"href":"https:\/\/www.visit-ulcinj.com\/blog\/wp-json\/wp\/v2\/posts\/24415"}],"collection":[{"href":"https:\/\/www.visit-ulcinj.com\/blog\/wp-json\/wp\/v2\/posts"}],"about":[{"href":"https:\/\/www.visit-ulcinj.com\/blog\/wp-json\/wp\/v2\/types\/post"}],"author":[{"embeddable":true,"href":"https:\/\/www.visit-ulcinj.com\/blog\/wp-json\/wp\/v2\/users\/1"}],"replies":[{"embeddable":true,"href":"https:\/\/www.visit-ulcinj.com\/blog\/wp-json\/wp\/v2\/comments?post=24415"}],"version-history":[{"count":0,"href":"https:\/\/www.visit-ulcinj.com\/blog\/wp-json\/wp\/v2\/posts\/24415\/revisions"}],"wp:attachment":[{"href":"https:\/\/www.visit-ulcinj.com\/blog\/wp-json\/wp\/v2\/media?parent=24415"}],"wp:term":[{"taxonomy":"category","embeddable":true,"href":"https:\/\/www.visit-ulcinj.com\/blog\/wp-json\/wp\/v2\/categories?post=24415"},{"taxonomy":"post_tag","embeddable":true,"href":"https:\/\/www.visit-ulcinj.com\/blog\/wp-json\/wp\/v2\/tags?post=24415"}],"curies":[{"name":"wp","href":"https:\/\/api.w.org\/{rel}","templated":true}]}}